{"id":10163,"date":"2023-03-23T19:55:02","date_gmt":"2023-03-23T18:55:02","guid":{"rendered":"https:\/\/br.tereos.com\/pt-pt\/?post_type=rse_news&#038;p=10163"},"modified":"2023-10-09T19:57:16","modified_gmt":"2023-10-09T17:57:16","slug":"dia-mundial-da-agua","status":"publish","type":"rse_news","link":"https:\/\/br.tereos.com\/pt-pt\/csr-news\/dia-mundial-da-agua\/","title":{"rendered":"Dia Mundial da \u00c1gua"},"author":278,"featured_media":10166,"template":"","categories":[],"class_list":["post-10163","rse_news","type-rse_news","status-publish","has-post-thumbnail","hentry"],"acf":{"cover_image":10166,"cover_clone":{"cover_image":10166},"headline":"Tereos realiza a\u00e7\u00e3o de recupera\u00e7\u00e3o de nascente em Monte Azul Paulista.","headline_clone":{"headline":"Tereos realiza a\u00e7\u00e3o de recupera\u00e7\u00e3o de nascente em Monte Azul Paulista."},"has_anchors":false,"sections":[{"acf_fc_layout":"rich_text","anchor_title":"","text":"<p>Para comemorar o Dia Mundial da \u00c1gua, celebrado no dia 22 de mar\u00e7o, a Tereos realizou uma a\u00e7\u00e3o de recupera\u00e7\u00e3o de nascentes na regi\u00e3o de Monte Azul Paulista, em um afluente do rio Cachoeirinha.<\/p>\n<p>Durante a a\u00e7\u00e3o, colaboradores da empresa e estudantes da escola municipal Coronel Aureliano Junqueira Franco plantaram 200 mudas no entorno da nascente.<\/p>\n"},{"acf_fc_layout":"media","anchor_title":"","type":"slider","video":"","image":false,"caption":"","is_downloadable":false,"items":[{"image":10164,"caption":"","is_downloadable":false},{"image":10165,"caption":"","is_downloadable":false}]},{"acf_fc_layout":"title_text","anchor_title":"","title":"Projeto Olhos D\u2019\u00c1gua ","text":"<p>A Tereos conta com um projeto chamado \u201cOlhos D\u2019\u00c1gua\u201d, que visa a recupera\u00e7\u00e3o de nascentes pr\u00f3ximas \u00e0s unidades industriais da companhia. O projeto promove a preserva\u00e7\u00e3o ambiental das nascentes e, em benef\u00edcio, traz maior infiltra\u00e7\u00e3o da \u00e1gua de chuva, possibilitando mais disponibilidade h\u00eddrica e promovendo o aumento da biodiversidade nas \u00e1reas de preserva\u00e7\u00e3o.<\/p>\n"}],"flexible_editorial_clone":{"has_anchors":false,"sections":[{"acf_fc_layout":"rich_text","anchor_title":"","text":"<p>Para comemorar o Dia Mundial da \u00c1gua, celebrado no dia 22 de mar\u00e7o, a Tereos realizou uma a\u00e7\u00e3o de recupera\u00e7\u00e3o de nascentes na regi\u00e3o de Monte Azul Paulista, em um afluente do rio Cachoeirinha.<\/p>\n<p>Durante a a\u00e7\u00e3o, colaboradores da empresa e estudantes da escola municipal Coronel Aureliano Junqueira Franco plantaram 200 mudas no entorno da nascente.<\/p>\n"},{"acf_fc_layout":"media","anchor_title":"","type":"slider","video":"","image":false,"caption":"","is_downloadable":false,"items":[{"image":10164,"caption":"","is_downloadable":false},{"image":10165,"caption":"","is_downloadable":false}]},{"acf_fc_layout":"title_text","anchor_title":"","title":"Projeto Olhos D\u2019\u00c1gua ","text":"<p>A Tereos conta com um projeto chamado \u201cOlhos D\u2019\u00c1gua\u201d, que visa a recupera\u00e7\u00e3o de nascentes pr\u00f3ximas \u00e0s unidades industriais da companhia. O projeto promove a preserva\u00e7\u00e3o ambiental das nascentes e, em benef\u00edcio, traz maior infiltra\u00e7\u00e3o da \u00e1gua de chuva, possibilitando mais disponibilidade h\u00eddrica e promovendo o aumento da biodiversidade nas \u00e1reas de preserva\u00e7\u00e3o.<\/p>\n"}]}},"yoast_head":"<!-- This site is optimized with the Yoast SEO plugin v23.7 - https:\/\/yoast.com\/wordpress\/plugins\/seo\/ -->\n<title>Dia Mundial da \u00c1gua - Brasil<\/title>\n<meta name=\"robots\" content=\"index, follow, max-snippet:-1, max-image-preview:large, max-video-preview:-1\" \/>\n<link rel=\"canonical\" href=\"https:\/\/br.tereos.com\/pt-pt\/csr-news\/dia-mundial-da-agua\/\" \/>\n<meta property=\"og:locale\" content=\"pt_PT\" \/>\n<meta property=\"og:type\" content=\"article\" \/>\n<meta property=\"og:title\" content=\"Dia Mundial da \u00c1gua - Brasil\" \/>\n<meta property=\"og:url\" content=\"https:\/\/br.tereos.com\/pt-pt\/csr-news\/dia-mundial-da-agua\/\" \/>\n<meta property=\"og:site_name\" content=\"Brasil\" \/>\n<meta property=\"article:modified_time\" content=\"2023-10-09T17:57:16+00:00\" \/>\n<meta property=\"og:image\" content=\"https:\/\/www.tereos.com\/app\/uploads\/sites\/7\/2023\/10\/acao-fazendo-acontecer-dia-da-agua-3.jpg\" \/>\n\t<meta property=\"og:image:width\" content=\"2160\" \/>\n\t<meta property=\"og:image:height\" content=\"1440\" \/>\n\t<meta property=\"og:image:type\" content=\"image\/jpeg\" \/>\n<meta name=\"twitter:card\" content=\"summary_large_image\" \/>\n<script type=\"application\/ld+json\" class=\"yoast-schema-graph\">{\"@context\":\"https:\/\/schema.org\",\"@graph\":[{\"@type\":\"WebPage\",\"@id\":\"https:\/\/br.tereos.com\/pt-pt\/csr-news\/dia-mundial-da-agua\/\",\"url\":\"https:\/\/br.tereos.com\/pt-pt\/csr-news\/dia-mundial-da-agua\/\",\"name\":\"Dia Mundial da \u00c1gua - Brasil\",\"isPartOf\":{\"@id\":\"https:\/\/br.tereos.com\/pt-pt\/#website\"},\"primaryImageOfPage\":{\"@id\":\"https:\/\/br.tereos.com\/pt-pt\/csr-news\/dia-mundial-da-agua\/#primaryimage\"},\"image\":{\"@id\":\"https:\/\/br.tereos.com\/pt-pt\/csr-news\/dia-mundial-da-agua\/#primaryimage\"},\"thumbnailUrl\":\"https:\/\/www.tereos.com\/app\/uploads\/sites\/7\/2023\/10\/acao-fazendo-acontecer-dia-da-agua-3.jpg\",\"datePublished\":\"2023-03-23T18:55:02+00:00\",\"dateModified\":\"2023-10-09T17:57:16+00:00\",\"breadcrumb\":{\"@id\":\"https:\/\/br.tereos.com\/pt-pt\/csr-news\/dia-mundial-da-agua\/#breadcrumb\"},\"inLanguage\":\"pt-PT\",\"potentialAction\":[{\"@type\":\"ReadAction\",\"target\":[\"https:\/\/br.tereos.com\/pt-pt\/csr-news\/dia-mundial-da-agua\/\"]}]},{\"@type\":\"ImageObject\",\"inLanguage\":\"pt-PT\",\"@id\":\"https:\/\/br.tereos.com\/pt-pt\/csr-news\/dia-mundial-da-agua\/#primaryimage\",\"url\":\"https:\/\/www.tereos.com\/app\/uploads\/sites\/7\/2023\/10\/acao-fazendo-acontecer-dia-da-agua-3.jpg\",\"contentUrl\":\"https:\/\/www.tereos.com\/app\/uploads\/sites\/7\/2023\/10\/acao-fazendo-acontecer-dia-da-agua-3.jpg\",\"width\":2160,\"height\":1440},{\"@type\":\"BreadcrumbList\",\"@id\":\"https:\/\/br.tereos.com\/pt-pt\/csr-news\/dia-mundial-da-agua\/#breadcrumb\",\"itemListElement\":[{\"@type\":\"ListItem\",\"position\":1,\"name\":\"Home\",\"item\":\"https:\/\/br.tereos.com\/pt-pt\/\"},{\"@type\":\"ListItem\",\"position\":2,\"name\":\"Dia Mundial da \u00c1gua\"}]},{\"@type\":\"WebSite\",\"@id\":\"https:\/\/br.tereos.com\/pt-pt\/#website\",\"url\":\"https:\/\/br.tereos.com\/pt-pt\/\",\"name\":\"Brasil\",\"description\":\"Un site utilisant WordPress\",\"potentialAction\":[{\"@type\":\"SearchAction\",\"target\":{\"@type\":\"EntryPoint\",\"urlTemplate\":\"https:\/\/br.tereos.com\/pt-pt\/?s={search_term_string}\"},\"query-input\":{\"@type\":\"PropertyValueSpecification\",\"valueRequired\":true,\"valueName\":\"search_term_string\"}}],\"inLanguage\":\"pt-PT\"}]}<\/script>\n<!-- \/ Yoast SEO plugin. -->","yoast_head_json":{"title":"Dia Mundial da \u00c1gua - Brasil","robots":{"index":"index","follow":"follow","max-snippet":"max-snippet:-1","max-image-preview":"max-image-preview:large","max-video-preview":"max-video-preview:-1"},"canonical":"https:\/\/br.tereos.com\/pt-pt\/csr-news\/dia-mundial-da-agua\/","og_locale":"pt_PT","og_type":"article","og_title":"Dia Mundial da \u00c1gua - Brasil","og_url":"https:\/\/br.tereos.com\/pt-pt\/csr-news\/dia-mundial-da-agua\/","og_site_name":"Brasil","article_modified_time":"2023-10-09T17:57:16+00:00","og_image":[{"width":2160,"height":1440,"url":"https:\/\/www.tereos.com\/app\/uploads\/sites\/7\/2023\/10\/acao-fazendo-acontecer-dia-da-agua-3.jpg","type":"image\/jpeg"}],"twitter_card":"summary_large_image","schema":{"@context":"https:\/\/schema.org","@graph":[{"@type":"WebPage","@id":"https:\/\/br.tereos.com\/pt-pt\/csr-news\/dia-mundial-da-agua\/","url":"https:\/\/br.tereos.com\/pt-pt\/csr-news\/dia-mundial-da-agua\/","name":"Dia Mundial da \u00c1gua - Brasil","isPartOf":{"@id":"https:\/\/br.tereos.com\/pt-pt\/#website"},"primaryImageOfPage":{"@id":"https:\/\/br.tereos.com\/pt-pt\/csr-news\/dia-mundial-da-agua\/#primaryimage"},"image":{"@id":"https:\/\/br.tereos.com\/pt-pt\/csr-news\/dia-mundial-da-agua\/#primaryimage"},"thumbnailUrl":"https:\/\/www.tereos.com\/app\/uploads\/sites\/7\/2023\/10\/acao-fazendo-acontecer-dia-da-agua-3.jpg","datePublished":"2023-03-23T18:55:02+00:00","dateModified":"2023-10-09T17:57:16+00:00","breadcrumb":{"@id":"https:\/\/br.tereos.com\/pt-pt\/csr-news\/dia-mundial-da-agua\/#breadcrumb"},"inLanguage":"pt-PT","potentialAction":[{"@type":"ReadAction","target":["https:\/\/br.tereos.com\/pt-pt\/csr-news\/dia-mundial-da-agua\/"]}]},{"@type":"ImageObject","inLanguage":"pt-PT","@id":"https:\/\/br.tereos.com\/pt-pt\/csr-news\/dia-mundial-da-agua\/#primaryimage","url":"https:\/\/www.tereos.com\/app\/uploads\/sites\/7\/2023\/10\/acao-fazendo-acontecer-dia-da-agua-3.jpg","contentUrl":"https:\/\/www.tereos.com\/app\/uploads\/sites\/7\/2023\/10\/acao-fazendo-acontecer-dia-da-agua-3.jpg","width":2160,"height":1440},{"@type":"BreadcrumbList","@id":"https:\/\/br.tereos.com\/pt-pt\/csr-news\/dia-mundial-da-agua\/#breadcrumb","itemListElement":[{"@type":"ListItem","position":1,"name":"Home","item":"https:\/\/br.tereos.com\/pt-pt\/"},{"@type":"ListItem","position":2,"name":"Dia Mundial da \u00c1gua"}]},{"@type":"WebSite","@id":"https:\/\/br.tereos.com\/pt-pt\/#website","url":"https:\/\/br.tereos.com\/pt-pt\/","name":"Brasil","description":"Un site utilisant WordPress","potentialAction":[{"@type":"SearchAction","target":{"@type":"EntryPoint","urlTemplate":"https:\/\/br.tereos.com\/pt-pt\/?s={search_term_string}"},"query-input":{"@type":"PropertyValueSpecification","valueRequired":true,"valueName":"search_term_string"}}],"inLanguage":"pt-PT"}]}},"_links":{"self":[{"href":"https:\/\/br.tereos.com\/pt-pt\/wp-json\/wp\/v2\/rse-news\/10163"}],"collection":[{"href":"https:\/\/br.tereos.com\/pt-pt\/wp-json\/wp\/v2\/rse-news"}],"about":[{"href":"https:\/\/br.tereos.com\/pt-pt\/wp-json\/wp\/v2\/types\/rse_news"}],"author":[{"embeddable":true,"href":"https:\/\/br.tereos.com\/pt-pt\/wp-json\/wp\/v2\/users\/278"}],"version-history":[{"count":1,"href":"https:\/\/br.tereos.com\/pt-pt\/wp-json\/wp\/v2\/rse-news\/10163\/revisions"}],"predecessor-version":[{"id":10167,"href":"https:\/\/br.tereos.com\/pt-pt\/wp-json\/wp\/v2\/rse-news\/10163\/revisions\/10167"}],"wp:featuredmedia":[{"embeddable":true,"href":"https:\/\/br.tereos.com\/pt-pt\/wp-json\/wp\/v2\/media\/10166"}],"wp:attachment":[{"href":"https:\/\/br.tereos.com\/pt-pt\/wp-json\/wp\/v2\/media?parent=10163"}],"wp:term":[{"taxonomy":"category","embeddable":true,"href":"https:\/\/br.tereos.com\/pt-pt\/wp-json\/wp\/v2\/categories?post=10163"}],"curies":[{"name":"wp","href":"https:\/\/api.w.org\/{rel}","templated":true}]}}