{"id":10151,"date":"2023-10-06T21:18:07","date_gmt":"2023-10-06T19:18:07","guid":{"rendered":"https:\/\/br.tereos.com\/pt-pt\/?post_type=rse_news&#038;p=10151"},"modified":"2023-10-06T21:18:07","modified_gmt":"2023-10-06T19:18:07","slug":"biodiversidade","status":"publish","type":"rse_news","link":"https:\/\/br.tereos.com\/pt-pt\/csr-news\/biodiversidade\/","title":{"rendered":"Biodiversidade"},"author":278,"featured_media":10158,"template":"","categories":[],"class_list":["post-10151","rse_news","type-rse_news","status-publish","has-post-thumbnail","hentry"],"acf":{"cover_image":10158,"cover_clone":{"cover_image":10158},"headline":"Tereos investe em iniciativas para ampliar conhecimento sobre a import\u00e2ncia das abelhas.","headline_clone":{"headline":"Tereos investe em iniciativas para ampliar conhecimento sobre a import\u00e2ncia das abelhas."},"has_anchors":false,"sections":[{"acf_fc_layout":"rich_text","anchor_title":"","text":"<p>De acordo com dados da ONU (Organiza\u00e7\u00e3o das Na\u00e7\u00f5es Unidas), as abelhas s\u00e3o respons\u00e1veis por 73% da poliniza\u00e7\u00e3o das plantas cultivadas. Dessa forma, a Tereos investe, h\u00e1 3 anos, em a\u00e7\u00f5es como levantamento de colmeias nos entornos das unidades, al\u00e9m de a\u00e7\u00f5es de educa\u00e7\u00e3o ambiental, orienta\u00e7\u00f5es e treinamentos para apicultores.<\/p>\n"},{"acf_fc_layout":"title_text","anchor_title":"","title":"Educa\u00e7\u00e3o ambiental","text":"<p>Em abril deste ano, a empresa realizou oficinas especiais em escolas em parceria com o Projeto Kombee, focado na sensibiliza\u00e7\u00e3o da popula\u00e7\u00e3o sobre a import\u00e2ncia das abelhas para a agricultura e meio ambiente.<\/p>\n<p>As atividades, que envolvem diversas demonstra\u00e7\u00f5es e at\u00e9 degusta\u00e7\u00e3o de mel, foram realizadas em institui\u00e7\u00f5es dos munic\u00edpios de Tanabi, Ol\u00edmpia, Guaraci e Barretos.<\/p>\n"},{"acf_fc_layout":"media","anchor_title":"","type":"image","video":"","image":10152,"caption":"","is_downloadable":false,"items":false},{"acf_fc_layout":"title_text","anchor_title":"","title":"Cursos para apicultores ","text":"<p>Neste ano, j\u00e1 foram ministrados cursos b\u00e1sicos de nutri\u00e7\u00e3o e alimenta\u00e7\u00e3o ap\u00edcola e de produ\u00e7\u00e3o de rainha.<\/p>\n<p>Al\u00e9m disso, a empresa realizou, no dia 3 de outubro, em comemora\u00e7\u00e3o ao Dia das Abelhas, um Semin\u00e1rio de Apicultura, que reuniu profissionais do setor para participa\u00e7\u00e3o em palestras sobre melhoramento gen\u00e9tico, novas tecnologias e empreendedorismo.<\/p>\n"},{"acf_fc_layout":"media","anchor_title":"","type":"image","video":"","image":10153,"caption":"","is_downloadable":false,"items":false},{"acf_fc_layout":"title_text","anchor_title":"","title":"Hotel de abelhas","text":"<p>A Tereos ainda inaugurou, em abril deste ano, um hotel de abelhas no viveiro de mudas da empresa, localizado na unidade Cruz Alta, em Ol\u00edmpia.<\/p>\n<p>Cedido pelo Programa BeeCare, plataforma global da Bayer, o Hotel de Abelhas consiste em uma estrutura de madeira em forma de favo de mel que possui capacidade de abrigar abelhas solit\u00e1rias, que n\u00e3o produzem mel, mas que possuem grande import\u00e2ncia ecol\u00f3gica e polinizadora.<\/p>\n"},{"acf_fc_layout":"media","anchor_title":"","type":"image","video":"","image":10155,"caption":"","is_downloadable":false,"items":false}],"flexible_editorial_clone":{"has_anchors":false,"sections":[{"acf_fc_layout":"rich_text","anchor_title":"","text":"<p>De acordo com dados da ONU (Organiza\u00e7\u00e3o das Na\u00e7\u00f5es Unidas), as abelhas s\u00e3o respons\u00e1veis por 73% da poliniza\u00e7\u00e3o das plantas cultivadas. Dessa forma, a Tereos investe, h\u00e1 3 anos, em a\u00e7\u00f5es como levantamento de colmeias nos entornos das unidades, al\u00e9m de a\u00e7\u00f5es de educa\u00e7\u00e3o ambiental, orienta\u00e7\u00f5es e treinamentos para apicultores.<\/p>\n"},{"acf_fc_layout":"title_text","anchor_title":"","title":"Educa\u00e7\u00e3o ambiental","text":"<p>Em abril deste ano, a empresa realizou oficinas especiais em escolas em parceria com o Projeto Kombee, focado na sensibiliza\u00e7\u00e3o da popula\u00e7\u00e3o sobre a import\u00e2ncia das abelhas para a agricultura e meio ambiente.<\/p>\n<p>As atividades, que envolvem diversas demonstra\u00e7\u00f5es e at\u00e9 degusta\u00e7\u00e3o de mel, foram realizadas em institui\u00e7\u00f5es dos munic\u00edpios de Tanabi, Ol\u00edmpia, Guaraci e Barretos.<\/p>\n"},{"acf_fc_layout":"media","anchor_title":"","type":"image","video":"","image":10152,"caption":"","is_downloadable":false,"items":false},{"acf_fc_layout":"title_text","anchor_title":"","title":"Cursos para apicultores ","text":"<p>Neste ano, j\u00e1 foram ministrados cursos b\u00e1sicos de nutri\u00e7\u00e3o e alimenta\u00e7\u00e3o ap\u00edcola e de produ\u00e7\u00e3o de rainha.<\/p>\n<p>Al\u00e9m disso, a empresa realizou, no dia 3 de outubro, em comemora\u00e7\u00e3o ao Dia das Abelhas, um Semin\u00e1rio de Apicultura, que reuniu profissionais do setor para participa\u00e7\u00e3o em palestras sobre melhoramento gen\u00e9tico, novas tecnologias e empreendedorismo.<\/p>\n"},{"acf_fc_layout":"media","anchor_title":"","type":"image","video":"","image":10153,"caption":"","is_downloadable":false,"items":false},{"acf_fc_layout":"title_text","anchor_title":"","title":"Hotel de abelhas","text":"<p>A Tereos ainda inaugurou, em abril deste ano, um hotel de abelhas no viveiro de mudas da empresa, localizado na unidade Cruz Alta, em Ol\u00edmpia.<\/p>\n<p>Cedido pelo Programa BeeCare, plataforma global da Bayer, o Hotel de Abelhas consiste em uma estrutura de madeira em forma de favo de mel que possui capacidade de abrigar abelhas solit\u00e1rias, que n\u00e3o produzem mel, mas que possuem grande import\u00e2ncia ecol\u00f3gica e polinizadora.<\/p>\n"},{"acf_fc_layout":"media","anchor_title":"","type":"image","video":"","image":10155,"caption":"","is_downloadable":false,"items":false}]}},"yoast_head":"<!-- This site is optimized with the Yoast SEO plugin v23.7 - https:\/\/yoast.com\/wordpress\/plugins\/seo\/ -->\n<title>Biodiversidade - Brasil<\/title>\n<meta name=\"robots\" content=\"index, follow, max-snippet:-1, max-image-preview:large, max-video-preview:-1\" \/>\n<link rel=\"canonical\" href=\"https:\/\/br.tereos.com\/pt-pt\/csr-news\/biodiversidade\/\" \/>\n<meta property=\"og:locale\" content=\"pt_PT\" \/>\n<meta property=\"og:type\" content=\"article\" \/>\n<meta property=\"og:title\" content=\"Biodiversidade - Brasil\" \/>\n<meta property=\"og:url\" content=\"https:\/\/br.tereos.com\/pt-pt\/csr-news\/biodiversidade\/\" \/>\n<meta property=\"og:site_name\" content=\"Brasil\" \/>\n<meta property=\"og:image\" content=\"https:\/\/www.tereos.com\/app\/uploads\/sites\/7\/2023\/10\/dieg5791-1-scaled.jpg\" \/>\n\t<meta property=\"og:image:width\" content=\"2560\" \/>\n\t<meta property=\"og:image:height\" content=\"1308\" \/>\n\t<meta property=\"og:image:type\" content=\"image\/jpeg\" \/>\n<meta name=\"twitter:card\" content=\"summary_large_image\" \/>\n<script type=\"application\/ld+json\" class=\"yoast-schema-graph\">{\"@context\":\"https:\/\/schema.org\",\"@graph\":[{\"@type\":\"WebPage\",\"@id\":\"https:\/\/br.tereos.com\/pt-pt\/csr-news\/biodiversidade\/\",\"url\":\"https:\/\/br.tereos.com\/pt-pt\/csr-news\/biodiversidade\/\",\"name\":\"Biodiversidade - Brasil\",\"isPartOf\":{\"@id\":\"https:\/\/br.tereos.com\/pt-pt\/#website\"},\"primaryImageOfPage\":{\"@id\":\"https:\/\/br.tereos.com\/pt-pt\/csr-news\/biodiversidade\/#primaryimage\"},\"image\":{\"@id\":\"https:\/\/br.tereos.com\/pt-pt\/csr-news\/biodiversidade\/#primaryimage\"},\"thumbnailUrl\":\"https:\/\/www.tereos.com\/app\/uploads\/sites\/7\/2023\/10\/dieg5791-1-scaled.jpg\",\"datePublished\":\"2023-10-06T19:18:07+00:00\",\"dateModified\":\"2023-10-06T19:18:07+00:00\",\"breadcrumb\":{\"@id\":\"https:\/\/br.tereos.com\/pt-pt\/csr-news\/biodiversidade\/#breadcrumb\"},\"inLanguage\":\"pt-PT\",\"potentialAction\":[{\"@type\":\"ReadAction\",\"target\":[\"https:\/\/br.tereos.com\/pt-pt\/csr-news\/biodiversidade\/\"]}]},{\"@type\":\"ImageObject\",\"inLanguage\":\"pt-PT\",\"@id\":\"https:\/\/br.tereos.com\/pt-pt\/csr-news\/biodiversidade\/#primaryimage\",\"url\":\"https:\/\/www.tereos.com\/app\/uploads\/sites\/7\/2023\/10\/dieg5791-1-scaled.jpg\",\"contentUrl\":\"https:\/\/www.tereos.com\/app\/uploads\/sites\/7\/2023\/10\/dieg5791-1-scaled.jpg\",\"width\":2560,\"height\":1308,\"caption\":\"S. J. DO RIO PRETO, SP, BRASIL - 31.10.2022: Tereos Unidade Cruz Alta (Fotos: Diego Padgurschi \/ Divulga\u00e7\u00e3o)\"},{\"@type\":\"BreadcrumbList\",\"@id\":\"https:\/\/br.tereos.com\/pt-pt\/csr-news\/biodiversidade\/#breadcrumb\",\"itemListElement\":[{\"@type\":\"ListItem\",\"position\":1,\"name\":\"Home\",\"item\":\"https:\/\/br.tereos.com\/pt-pt\/\"},{\"@type\":\"ListItem\",\"position\":2,\"name\":\"Biodiversidade\"}]},{\"@type\":\"WebSite\",\"@id\":\"https:\/\/br.tereos.com\/pt-pt\/#website\",\"url\":\"https:\/\/br.tereos.com\/pt-pt\/\",\"name\":\"Brasil\",\"description\":\"Un site utilisant WordPress\",\"potentialAction\":[{\"@type\":\"SearchAction\",\"target\":{\"@type\":\"EntryPoint\",\"urlTemplate\":\"https:\/\/br.tereos.com\/pt-pt\/?s={search_term_string}\"},\"query-input\":{\"@type\":\"PropertyValueSpecification\",\"valueRequired\":true,\"valueName\":\"search_term_string\"}}],\"inLanguage\":\"pt-PT\"}]}<\/script>\n<!-- \/ Yoast SEO plugin. -->","yoast_head_json":{"title":"Biodiversidade - Brasil","robots":{"index":"index","follow":"follow","max-snippet":"max-snippet:-1","max-image-preview":"max-image-preview:large","max-video-preview":"max-video-preview:-1"},"canonical":"https:\/\/br.tereos.com\/pt-pt\/csr-news\/biodiversidade\/","og_locale":"pt_PT","og_type":"article","og_title":"Biodiversidade - Brasil","og_url":"https:\/\/br.tereos.com\/pt-pt\/csr-news\/biodiversidade\/","og_site_name":"Brasil","og_image":[{"width":2560,"height":1308,"url":"https:\/\/www.tereos.com\/app\/uploads\/sites\/7\/2023\/10\/dieg5791-1-scaled.jpg","type":"image\/jpeg"}],"twitter_card":"summary_large_image","schema":{"@context":"https:\/\/schema.org","@graph":[{"@type":"WebPage","@id":"https:\/\/br.tereos.com\/pt-pt\/csr-news\/biodiversidade\/","url":"https:\/\/br.tereos.com\/pt-pt\/csr-news\/biodiversidade\/","name":"Biodiversidade - Brasil","isPartOf":{"@id":"https:\/\/br.tereos.com\/pt-pt\/#website"},"primaryImageOfPage":{"@id":"https:\/\/br.tereos.com\/pt-pt\/csr-news\/biodiversidade\/#primaryimage"},"image":{"@id":"https:\/\/br.tereos.com\/pt-pt\/csr-news\/biodiversidade\/#primaryimage"},"thumbnailUrl":"https:\/\/www.tereos.com\/app\/uploads\/sites\/7\/2023\/10\/dieg5791-1-scaled.jpg","datePublished":"2023-10-06T19:18:07+00:00","dateModified":"2023-10-06T19:18:07+00:00","breadcrumb":{"@id":"https:\/\/br.tereos.com\/pt-pt\/csr-news\/biodiversidade\/#breadcrumb"},"inLanguage":"pt-PT","potentialAction":[{"@type":"ReadAction","target":["https:\/\/br.tereos.com\/pt-pt\/csr-news\/biodiversidade\/"]}]},{"@type":"ImageObject","inLanguage":"pt-PT","@id":"https:\/\/br.tereos.com\/pt-pt\/csr-news\/biodiversidade\/#primaryimage","url":"https:\/\/www.tereos.com\/app\/uploads\/sites\/7\/2023\/10\/dieg5791-1-scaled.jpg","contentUrl":"https:\/\/www.tereos.com\/app\/uploads\/sites\/7\/2023\/10\/dieg5791-1-scaled.jpg","width":2560,"height":1308,"caption":"S. J. DO RIO PRETO, SP, BRASIL - 31.10.2022: Tereos Unidade Cruz Alta (Fotos: Diego Padgurschi \/ Divulga\u00e7\u00e3o)"},{"@type":"BreadcrumbList","@id":"https:\/\/br.tereos.com\/pt-pt\/csr-news\/biodiversidade\/#breadcrumb","itemListElement":[{"@type":"ListItem","position":1,"name":"Home","item":"https:\/\/br.tereos.com\/pt-pt\/"},{"@type":"ListItem","position":2,"name":"Biodiversidade"}]},{"@type":"WebSite","@id":"https:\/\/br.tereos.com\/pt-pt\/#website","url":"https:\/\/br.tereos.com\/pt-pt\/","name":"Brasil","description":"Un site utilisant WordPress","potentialAction":[{"@type":"SearchAction","target":{"@type":"EntryPoint","urlTemplate":"https:\/\/br.tereos.com\/pt-pt\/?s={search_term_string}"},"query-input":{"@type":"PropertyValueSpecification","valueRequired":true,"valueName":"search_term_string"}}],"inLanguage":"pt-PT"}]}},"_links":{"self":[{"href":"https:\/\/br.tereos.com\/pt-pt\/wp-json\/wp\/v2\/rse-news\/10151"}],"collection":[{"href":"https:\/\/br.tereos.com\/pt-pt\/wp-json\/wp\/v2\/rse-news"}],"about":[{"href":"https:\/\/br.tereos.com\/pt-pt\/wp-json\/wp\/v2\/types\/rse_news"}],"author":[{"embeddable":true,"href":"https:\/\/br.tereos.com\/pt-pt\/wp-json\/wp\/v2\/users\/278"}],"version-history":[{"count":3,"href":"https:\/\/br.tereos.com\/pt-pt\/wp-json\/wp\/v2\/rse-news\/10151\/revisions"}],"predecessor-version":[{"id":10159,"href":"https:\/\/br.tereos.com\/pt-pt\/wp-json\/wp\/v2\/rse-news\/10151\/revisions\/10159"}],"wp:featuredmedia":[{"embeddable":true,"href":"https:\/\/br.tereos.com\/pt-pt\/wp-json\/wp\/v2\/media\/10158"}],"wp:attachment":[{"href":"https:\/\/br.tereos.com\/pt-pt\/wp-json\/wp\/v2\/media?parent=10151"}],"wp:term":[{"taxonomy":"category","embeddable":true,"href":"https:\/\/br.tereos.com\/pt-pt\/wp-json\/wp\/v2\/categories?post=10151"}],"curies":[{"name":"wp","href":"https:\/\/api.w.org\/{rel}","templated":true}]}}