{"id":10136,"date":"2023-06-06T19:38:11","date_gmt":"2023-06-06T17:38:11","guid":{"rendered":"https:\/\/br.tereos.com\/pt-pt\/?post_type=rse_news&#038;p=10136"},"modified":"2023-10-06T19:54:51","modified_gmt":"2023-10-06T17:54:51","slug":"dia-do-meio-ambiente","status":"publish","type":"rse_news","link":"https:\/\/br.tereos.com\/pt-pt\/csr-news\/dia-do-meio-ambiente\/","title":{"rendered":"Dia do Meio Ambiente"},"author":278,"featured_media":10137,"template":"","categories":[],"class_list":["post-10136","rse_news","type-rse_news","status-publish","has-post-thumbnail","hentry"],"acf":{"cover_image":10137,"cover_clone":{"cover_image":10137},"headline":"Tereos promove visita ao seu viveiro de mudas para refor\u00e7ar compromisso com o meio ambiente","headline_clone":{"headline":"Tereos promove visita ao seu viveiro de mudas para refor\u00e7ar compromisso com o meio ambiente"},"has_anchors":false,"sections":[{"acf_fc_layout":"rich_text","anchor_title":"","text":"<p>Em comemora\u00e7\u00e3o ao Dia do Meio Ambiente, a Tereos promoveu uma visita ao seu viveiro de mudas, localizado na unidade Cruz Alta, em Ol\u00edmpia (SP). Alunos da Escola T\u00e9cnica de Ol\u00edmpia e jovens do Projeto Pescar participaram da visita.<\/p>\n<p>Os participantes puderam conhecer as instala\u00e7\u00f5es do viveiro de mudas e obter mais informa\u00e7\u00f5es sobre os projetos de reflorestamento e recupera\u00e7\u00e3o de nascentes mantidos pela Tereos.<\/p>\n<p>No viveiro, os alunos tiveram a oportunidade, tamb\u00e9m, de conhecer o Hotel de Abelhas utilizado para abrigo de abelhas solit\u00e1rias, que n\u00e3o produzem mel, mas que possuem grande import\u00e2ncia ecol\u00f3gica e polinizadora. A estrutura faz parte de um projeto da Tereos para promo\u00e7\u00e3o da biodiversidade.<\/p>\n<p>Ao final da visita, os participantes foram presenteados com uma muda de \u00e1rvore.<\/p>\n"},{"acf_fc_layout":"media","anchor_title":"","type":"slider","video":"","image":false,"caption":"","is_downloadable":false,"items":[{"image":10138,"caption":"","is_downloadable":false},{"image":10139,"caption":"","is_downloadable":false}]},{"acf_fc_layout":"title_text","anchor_title":"","title":"Viveiro de mudas","text":"<p>Desde 2014, o viveiro, localizado na unidade Cruz Alta, em Ol\u00edmpia, j\u00e1 produziu mais de 1 milh\u00e3o de mudas de at\u00e9 80 esp\u00e9cies de plantas nativas, direcionadas para reflorestamento e recupera\u00e7\u00e3o de nascentes, projetos da empresa e, tamb\u00e9m, de fornecedores, parceiros, \u00f3rg\u00e3os ambientais e prefeituras das regi\u00f5es em que a Tereos atua.<\/p>\n"}],"flexible_editorial_clone":{"has_anchors":false,"sections":[{"acf_fc_layout":"rich_text","anchor_title":"","text":"<p>Em comemora\u00e7\u00e3o ao Dia do Meio Ambiente, a Tereos promoveu uma visita ao seu viveiro de mudas, localizado na unidade Cruz Alta, em Ol\u00edmpia (SP). Alunos da Escola T\u00e9cnica de Ol\u00edmpia e jovens do Projeto Pescar participaram da visita.<\/p>\n<p>Os participantes puderam conhecer as instala\u00e7\u00f5es do viveiro de mudas e obter mais informa\u00e7\u00f5es sobre os projetos de reflorestamento e recupera\u00e7\u00e3o de nascentes mantidos pela Tereos.<\/p>\n<p>No viveiro, os alunos tiveram a oportunidade, tamb\u00e9m, de conhecer o Hotel de Abelhas utilizado para abrigo de abelhas solit\u00e1rias, que n\u00e3o produzem mel, mas que possuem grande import\u00e2ncia ecol\u00f3gica e polinizadora. A estrutura faz parte de um projeto da Tereos para promo\u00e7\u00e3o da biodiversidade.<\/p>\n<p>Ao final da visita, os participantes foram presenteados com uma muda de \u00e1rvore.<\/p>\n"},{"acf_fc_layout":"media","anchor_title":"","type":"slider","video":"","image":false,"caption":"","is_downloadable":false,"items":[{"image":10138,"caption":"","is_downloadable":false},{"image":10139,"caption":"","is_downloadable":false}]},{"acf_fc_layout":"title_text","anchor_title":"","title":"Viveiro de mudas","text":"<p>Desde 2014, o viveiro, localizado na unidade Cruz Alta, em Ol\u00edmpia, j\u00e1 produziu mais de 1 milh\u00e3o de mudas de at\u00e9 80 esp\u00e9cies de plantas nativas, direcionadas para reflorestamento e recupera\u00e7\u00e3o de nascentes, projetos da empresa e, tamb\u00e9m, de fornecedores, parceiros, \u00f3rg\u00e3os ambientais e prefeituras das regi\u00f5es em que a Tereos atua.<\/p>\n"}]}},"yoast_head":"<!-- This site is optimized with the Yoast SEO plugin v23.7 - https:\/\/yoast.com\/wordpress\/plugins\/seo\/ -->\n<title>Dia do Meio Ambiente - Brasil<\/title>\n<meta name=\"robots\" content=\"index, follow, max-snippet:-1, max-image-preview:large, max-video-preview:-1\" \/>\n<link rel=\"canonical\" href=\"https:\/\/br.tereos.com\/pt-pt\/csr-news\/dia-do-meio-ambiente\/\" \/>\n<meta property=\"og:locale\" content=\"pt_PT\" \/>\n<meta property=\"og:type\" content=\"article\" \/>\n<meta property=\"og:title\" content=\"Dia do Meio Ambiente - Brasil\" \/>\n<meta property=\"og:url\" content=\"https:\/\/br.tereos.com\/pt-pt\/csr-news\/dia-do-meio-ambiente\/\" \/>\n<meta property=\"og:site_name\" content=\"Brasil\" \/>\n<meta property=\"article:modified_time\" content=\"2023-10-06T17:54:51+00:00\" \/>\n<meta property=\"og:image\" content=\"https:\/\/www.tereos.com\/app\/uploads\/sites\/7\/2023\/10\/viveiro-de-mudas.jpg\" \/>\n\t<meta property=\"og:image:width\" content=\"2159\" \/>\n\t<meta property=\"og:image:height\" content=\"1440\" \/>\n\t<meta property=\"og:image:type\" content=\"image\/jpeg\" \/>\n<meta name=\"twitter:card\" content=\"summary_large_image\" \/>\n<script type=\"application\/ld+json\" class=\"yoast-schema-graph\">{\"@context\":\"https:\/\/schema.org\",\"@graph\":[{\"@type\":\"WebPage\",\"@id\":\"https:\/\/br.tereos.com\/pt-pt\/csr-news\/dia-do-meio-ambiente\/\",\"url\":\"https:\/\/br.tereos.com\/pt-pt\/csr-news\/dia-do-meio-ambiente\/\",\"name\":\"Dia do Meio Ambiente - Brasil\",\"isPartOf\":{\"@id\":\"https:\/\/br.tereos.com\/pt-pt\/#website\"},\"primaryImageOfPage\":{\"@id\":\"https:\/\/br.tereos.com\/pt-pt\/csr-news\/dia-do-meio-ambiente\/#primaryimage\"},\"image\":{\"@id\":\"https:\/\/br.tereos.com\/pt-pt\/csr-news\/dia-do-meio-ambiente\/#primaryimage\"},\"thumbnailUrl\":\"https:\/\/www.tereos.com\/app\/uploads\/sites\/7\/2023\/10\/viveiro-de-mudas.jpg\",\"datePublished\":\"2023-06-06T17:38:11+00:00\",\"dateModified\":\"2023-10-06T17:54:51+00:00\",\"breadcrumb\":{\"@id\":\"https:\/\/br.tereos.com\/pt-pt\/csr-news\/dia-do-meio-ambiente\/#breadcrumb\"},\"inLanguage\":\"pt-PT\",\"potentialAction\":[{\"@type\":\"ReadAction\",\"target\":[\"https:\/\/br.tereos.com\/pt-pt\/csr-news\/dia-do-meio-ambiente\/\"]}]},{\"@type\":\"ImageObject\",\"inLanguage\":\"pt-PT\",\"@id\":\"https:\/\/br.tereos.com\/pt-pt\/csr-news\/dia-do-meio-ambiente\/#primaryimage\",\"url\":\"https:\/\/www.tereos.com\/app\/uploads\/sites\/7\/2023\/10\/viveiro-de-mudas.jpg\",\"contentUrl\":\"https:\/\/www.tereos.com\/app\/uploads\/sites\/7\/2023\/10\/viveiro-de-mudas.jpg\",\"width\":2159,\"height\":1440,\"caption\":\"S. J. DO RIO PRETO, SP, BRASIL - 31.10.2022: Tereos Unidade Cruz Alta (Fotos: Diego Padgurschi \/ Divulga\u00e7\u00e3o)\"},{\"@type\":\"BreadcrumbList\",\"@id\":\"https:\/\/br.tereos.com\/pt-pt\/csr-news\/dia-do-meio-ambiente\/#breadcrumb\",\"itemListElement\":[{\"@type\":\"ListItem\",\"position\":1,\"name\":\"Home\",\"item\":\"https:\/\/br.tereos.com\/pt-pt\/\"},{\"@type\":\"ListItem\",\"position\":2,\"name\":\"Dia do Meio Ambiente\"}]},{\"@type\":\"WebSite\",\"@id\":\"https:\/\/br.tereos.com\/pt-pt\/#website\",\"url\":\"https:\/\/br.tereos.com\/pt-pt\/\",\"name\":\"Brasil\",\"description\":\"Un site utilisant WordPress\",\"potentialAction\":[{\"@type\":\"SearchAction\",\"target\":{\"@type\":\"EntryPoint\",\"urlTemplate\":\"https:\/\/br.tereos.com\/pt-pt\/?s={search_term_string}\"},\"query-input\":{\"@type\":\"PropertyValueSpecification\",\"valueRequired\":true,\"valueName\":\"search_term_string\"}}],\"inLanguage\":\"pt-PT\"}]}<\/script>\n<!-- \/ Yoast SEO plugin. -->","yoast_head_json":{"title":"Dia do Meio Ambiente - Brasil","robots":{"index":"index","follow":"follow","max-snippet":"max-snippet:-1","max-image-preview":"max-image-preview:large","max-video-preview":"max-video-preview:-1"},"canonical":"https:\/\/br.tereos.com\/pt-pt\/csr-news\/dia-do-meio-ambiente\/","og_locale":"pt_PT","og_type":"article","og_title":"Dia do Meio Ambiente - Brasil","og_url":"https:\/\/br.tereos.com\/pt-pt\/csr-news\/dia-do-meio-ambiente\/","og_site_name":"Brasil","article_modified_time":"2023-10-06T17:54:51+00:00","og_image":[{"width":2159,"height":1440,"url":"https:\/\/www.tereos.com\/app\/uploads\/sites\/7\/2023\/10\/viveiro-de-mudas.jpg","type":"image\/jpeg"}],"twitter_card":"summary_large_image","schema":{"@context":"https:\/\/schema.org","@graph":[{"@type":"WebPage","@id":"https:\/\/br.tereos.com\/pt-pt\/csr-news\/dia-do-meio-ambiente\/","url":"https:\/\/br.tereos.com\/pt-pt\/csr-news\/dia-do-meio-ambiente\/","name":"Dia do Meio Ambiente - Brasil","isPartOf":{"@id":"https:\/\/br.tereos.com\/pt-pt\/#website"},"primaryImageOfPage":{"@id":"https:\/\/br.tereos.com\/pt-pt\/csr-news\/dia-do-meio-ambiente\/#primaryimage"},"image":{"@id":"https:\/\/br.tereos.com\/pt-pt\/csr-news\/dia-do-meio-ambiente\/#primaryimage"},"thumbnailUrl":"https:\/\/www.tereos.com\/app\/uploads\/sites\/7\/2023\/10\/viveiro-de-mudas.jpg","datePublished":"2023-06-06T17:38:11+00:00","dateModified":"2023-10-06T17:54:51+00:00","breadcrumb":{"@id":"https:\/\/br.tereos.com\/pt-pt\/csr-news\/dia-do-meio-ambiente\/#breadcrumb"},"inLanguage":"pt-PT","potentialAction":[{"@type":"ReadAction","target":["https:\/\/br.tereos.com\/pt-pt\/csr-news\/dia-do-meio-ambiente\/"]}]},{"@type":"ImageObject","inLanguage":"pt-PT","@id":"https:\/\/br.tereos.com\/pt-pt\/csr-news\/dia-do-meio-ambiente\/#primaryimage","url":"https:\/\/www.tereos.com\/app\/uploads\/sites\/7\/2023\/10\/viveiro-de-mudas.jpg","contentUrl":"https:\/\/www.tereos.com\/app\/uploads\/sites\/7\/2023\/10\/viveiro-de-mudas.jpg","width":2159,"height":1440,"caption":"S. J. DO RIO PRETO, SP, BRASIL - 31.10.2022: Tereos Unidade Cruz Alta (Fotos: Diego Padgurschi \/ Divulga\u00e7\u00e3o)"},{"@type":"BreadcrumbList","@id":"https:\/\/br.tereos.com\/pt-pt\/csr-news\/dia-do-meio-ambiente\/#breadcrumb","itemListElement":[{"@type":"ListItem","position":1,"name":"Home","item":"https:\/\/br.tereos.com\/pt-pt\/"},{"@type":"ListItem","position":2,"name":"Dia do Meio Ambiente"}]},{"@type":"WebSite","@id":"https:\/\/br.tereos.com\/pt-pt\/#website","url":"https:\/\/br.tereos.com\/pt-pt\/","name":"Brasil","description":"Un site utilisant WordPress","potentialAction":[{"@type":"SearchAction","target":{"@type":"EntryPoint","urlTemplate":"https:\/\/br.tereos.com\/pt-pt\/?s={search_term_string}"},"query-input":{"@type":"PropertyValueSpecification","valueRequired":true,"valueName":"search_term_string"}}],"inLanguage":"pt-PT"}]}},"_links":{"self":[{"href":"https:\/\/br.tereos.com\/pt-pt\/wp-json\/wp\/v2\/rse-news\/10136"}],"collection":[{"href":"https:\/\/br.tereos.com\/pt-pt\/wp-json\/wp\/v2\/rse-news"}],"about":[{"href":"https:\/\/br.tereos.com\/pt-pt\/wp-json\/wp\/v2\/types\/rse_news"}],"author":[{"embeddable":true,"href":"https:\/\/br.tereos.com\/pt-pt\/wp-json\/wp\/v2\/users\/278"}],"version-history":[{"count":2,"href":"https:\/\/br.tereos.com\/pt-pt\/wp-json\/wp\/v2\/rse-news\/10136\/revisions"}],"predecessor-version":[{"id":10142,"href":"https:\/\/br.tereos.com\/pt-pt\/wp-json\/wp\/v2\/rse-news\/10136\/revisions\/10142"}],"wp:featuredmedia":[{"embeddable":true,"href":"https:\/\/br.tereos.com\/pt-pt\/wp-json\/wp\/v2\/media\/10137"}],"wp:attachment":[{"href":"https:\/\/br.tereos.com\/pt-pt\/wp-json\/wp\/v2\/media?parent=10136"}],"wp:term":[{"taxonomy":"category","embeddable":true,"href":"https:\/\/br.tereos.com\/pt-pt\/wp-json\/wp\/v2\/categories?post=10136"}],"curies":[{"name":"wp","href":"https:\/\/api.w.org\/{rel}","templated":true}]}}