{"id":10111,"date":"2023-08-25T15:12:52","date_gmt":"2023-08-25T13:12:52","guid":{"rendered":"https:\/\/br.tereos.com\/pt-pt\/?post_type=rse_news&#038;p=10111"},"modified":"2023-10-09T19:26:55","modified_gmt":"2023-10-09T17:26:55","slug":"campanha-de-prevencao-de-incendios-23-24","status":"publish","type":"rse_news","link":"https:\/\/br.tereos.com\/pt-pt\/csr-news\/campanha-de-prevencao-de-incendios-23-24\/","title":{"rendered":"Campanha de preven\u00e7\u00e3o de inc\u00eandios 23\/24"},"author":278,"featured_media":10134,"template":"","categories":[],"class_list":["post-10111","rse_news","type-rse_news","status-publish","has-post-thumbnail","hentry"],"acf":{"cover_image":10134,"cover_clone":{"cover_image":10134},"headline":"Tereos realiza campanha de conscientiza\u00e7\u00e3o com o objetivo de reduzir focos de inc\u00eandio em per\u00edodo de estiagem no noroeste paulista ","headline_clone":{"headline":"Tereos realiza campanha de conscientiza\u00e7\u00e3o com o objetivo de reduzir focos de inc\u00eandio em per\u00edodo de estiagem no noroeste paulista "},"has_anchors":false,"sections":[{"acf_fc_layout":"rich_text","anchor_title":"","text":"<p>Em per\u00edodos de tempo seco, o risco de inc\u00eandios em \u00e1reas de vegeta\u00e7\u00e3o nativa e canaviais \u00e9 maior. Com isso, a Tereos realiza anualmente uma campanha para combate e preven\u00e7\u00e3o a inc\u00eandios, com o objetivo de refor\u00e7ar a conscientiza\u00e7\u00e3o e alertar a popula\u00e7\u00e3o sobre os principais riscos e como ajudar a preveni-los.<\/p>\n"},{"acf_fc_layout":"title_text","anchor_title":"","title":"Ped\u00e1gio nas principais cidades","text":"<p>Nos dias 21, 22 e 23 de agosto, a Tereos desenvolveu uma a\u00e7\u00e3o de ped\u00e1gio em nove cidades pr\u00f3ximas de suas unidades industrial para refor\u00e7ar cuidados e orienta\u00e7\u00f5es para a popula\u00e7\u00e3o desses locais. Durante a campanha, foram distribu\u00eddos materiais informativos, com dicas sobre cuidados necess\u00e1rios para preven\u00e7\u00e3o de inc\u00eandios, al\u00e9m de lixocar com porta-bitucas de cigarros.<\/p>\n<p>A iniciativa foi realizada em pontos estrat\u00e9gicos das cidades de S\u00e3o Jos\u00e9 do Rio Preto, Ol\u00edmpia e Barretos. Al\u00e9m disso, colaboradores da Tereos tamb\u00e9m fortaleceram a campanha com a conscientiza\u00e7\u00e3o da popula\u00e7\u00e3o de outras seis cidades \u2013 Ibiporanga, Bagua\u00e7u, Altair, Jaborandi, Ibiti\u00fava e Gua\u00edra. Essa a\u00e7\u00e3o foi realizada por meio do Projeto Fazendo Acontecer, a\u00e7\u00e3o de engajamento da Tereos que visa promover iniciativas em prol da comunidade.<\/p>\n"},{"acf_fc_layout":"media","anchor_title":"","type":"video","video":"<iframe class=\"embed-responsive-item\" title=\"Tereos Brasil | Sustentabilidade: Projeto Fazendo Acontecer - Campanha de inc\u00eandios 23\/24\" src=\"https:\/\/www.youtube.com\/embed\/yWIgE-k75o0?feature=oembed\" frameborder=\"0\" allow=\"accelerometer; autoplay; clipboard-write; encrypted-media; gyroscope; picture-in-picture; web-share\" referrerpolicy=\"strict-origin-when-cross-origin\" allowfullscreen allow=\"autoplay; encrypted-media\"><\/iframe>","image":false,"caption":"","is_downloadable":false,"items":false},{"acf_fc_layout":"title_text","anchor_title":"","title":"Palestras educativas nas escolas","text":"<p>A Tereos tamb\u00e9m realizou palestras educativas para estudantes de escolas p\u00fablicas da regi\u00e3o de atua\u00e7\u00e3o. Ao longo de todo o m\u00eas de agosto, mais de mil crian\u00e7as e adolescentes participaram das a\u00e7\u00f5es.<\/p>\n<p>Com o apoio do Corpo de Bombeiros, as palestras abordaram as principais situa\u00e7\u00f5es de risco no dia a dia, dando dicas de cuidados necess\u00e1rios para evit\u00e1-las. Al\u00e9m disso, ao final das palestras os alunos recebem uma cartilha com orienta\u00e7\u00f5es gerais e principais cuidados a serem tomados, assim como atividades l\u00fadicas sobre o tema.<\/p>\n<p>A a\u00e7\u00e3o foi realizada em institui\u00e7\u00f5es dos munic\u00edpios de Guaraci, Colina, Gua\u00edra, Pitangueiras e Tanabi.<\/p>\n"},{"acf_fc_layout":"media","anchor_title":"","type":"slider","video":"","image":false,"caption":"","is_downloadable":false,"items":[{"image":10112,"caption":"","is_downloadable":false},{"image":10113,"caption":"","is_downloadable":false},{"image":10114,"caption":"","is_downloadable":false},{"image":10115,"caption":"","is_downloadable":false}]},{"acf_fc_layout":"title_text","anchor_title":"","title":"A\u00e7\u00e3o de conscientiza\u00e7\u00e3o para motoristas","text":"<p>Neste ano, a empresa tamb\u00e9m promoveu uma a\u00e7\u00e3o em todas as suas unidades industriais para conscientizar motoristas sobre os cuidados necess\u00e1rios no dia a dia.<\/p>\n<p>No dia 27 de julho, foram realizados di\u00e1logos de seguran\u00e7a, com a entrega de panfletos informativos sobre o tema em todos os turnos das opera\u00e7\u00f5es, refor\u00e7ando o compromisso com a seguran\u00e7a.<\/p>\n"},{"acf_fc_layout":"media","anchor_title":"","type":"slider","video":"","image":false,"caption":"","is_downloadable":false,"items":[{"image":10116,"caption":"","is_downloadable":false},{"image":10117,"caption":"","is_downloadable":false},{"image":10118,"caption":"","is_downloadable":false},{"image":10119,"caption":"","is_downloadable":false},{"image":10121,"caption":"","is_downloadable":false},{"image":10122,"caption":"","is_downloadable":false}]}],"flexible_editorial_clone":{"has_anchors":false,"sections":[{"acf_fc_layout":"rich_text","anchor_title":"","text":"<p>Em per\u00edodos de tempo seco, o risco de inc\u00eandios em \u00e1reas de vegeta\u00e7\u00e3o nativa e canaviais \u00e9 maior. Com isso, a Tereos realiza anualmente uma campanha para combate e preven\u00e7\u00e3o a inc\u00eandios, com o objetivo de refor\u00e7ar a conscientiza\u00e7\u00e3o e alertar a popula\u00e7\u00e3o sobre os principais riscos e como ajudar a preveni-los.<\/p>\n"},{"acf_fc_layout":"title_text","anchor_title":"","title":"Ped\u00e1gio nas principais cidades","text":"<p>Nos dias 21, 22 e 23 de agosto, a Tereos desenvolveu uma a\u00e7\u00e3o de ped\u00e1gio em nove cidades pr\u00f3ximas de suas unidades industrial para refor\u00e7ar cuidados e orienta\u00e7\u00f5es para a popula\u00e7\u00e3o desses locais. Durante a campanha, foram distribu\u00eddos materiais informativos, com dicas sobre cuidados necess\u00e1rios para preven\u00e7\u00e3o de inc\u00eandios, al\u00e9m de lixocar com porta-bitucas de cigarros.<\/p>\n<p>A iniciativa foi realizada em pontos estrat\u00e9gicos das cidades de S\u00e3o Jos\u00e9 do Rio Preto, Ol\u00edmpia e Barretos. Al\u00e9m disso, colaboradores da Tereos tamb\u00e9m fortaleceram a campanha com a conscientiza\u00e7\u00e3o da popula\u00e7\u00e3o de outras seis cidades \u2013 Ibiporanga, Bagua\u00e7u, Altair, Jaborandi, Ibiti\u00fava e Gua\u00edra. Essa a\u00e7\u00e3o foi realizada por meio do Projeto Fazendo Acontecer, a\u00e7\u00e3o de engajamento da Tereos que visa promover iniciativas em prol da comunidade.<\/p>\n"},{"acf_fc_layout":"media","anchor_title":"","type":"video","video":"<iframe class=\"embed-responsive-item\" title=\"Tereos Brasil | Sustentabilidade: Projeto Fazendo Acontecer - Campanha de inc\u00eandios 23\/24\" src=\"https:\/\/www.youtube.com\/embed\/yWIgE-k75o0?feature=oembed\" frameborder=\"0\" allow=\"accelerometer; autoplay; clipboard-write; encrypted-media; gyroscope; picture-in-picture; web-share\" referrerpolicy=\"strict-origin-when-cross-origin\" allowfullscreen allow=\"autoplay; encrypted-media\"><\/iframe>","image":false,"caption":"","is_downloadable":false,"items":false},{"acf_fc_layout":"title_text","anchor_title":"","title":"Palestras educativas nas escolas","text":"<p>A Tereos tamb\u00e9m realizou palestras educativas para estudantes de escolas p\u00fablicas da regi\u00e3o de atua\u00e7\u00e3o. Ao longo de todo o m\u00eas de agosto, mais de mil crian\u00e7as e adolescentes participaram das a\u00e7\u00f5es.<\/p>\n<p>Com o apoio do Corpo de Bombeiros, as palestras abordaram as principais situa\u00e7\u00f5es de risco no dia a dia, dando dicas de cuidados necess\u00e1rios para evit\u00e1-las. Al\u00e9m disso, ao final das palestras os alunos recebem uma cartilha com orienta\u00e7\u00f5es gerais e principais cuidados a serem tomados, assim como atividades l\u00fadicas sobre o tema.<\/p>\n<p>A a\u00e7\u00e3o foi realizada em institui\u00e7\u00f5es dos munic\u00edpios de Guaraci, Colina, Gua\u00edra, Pitangueiras e Tanabi.<\/p>\n"},{"acf_fc_layout":"media","anchor_title":"","type":"slider","video":"","image":false,"caption":"","is_downloadable":false,"items":[{"image":10112,"caption":"","is_downloadable":false},{"image":10113,"caption":"","is_downloadable":false},{"image":10114,"caption":"","is_downloadable":false},{"image":10115,"caption":"","is_downloadable":false}]},{"acf_fc_layout":"title_text","anchor_title":"","title":"A\u00e7\u00e3o de conscientiza\u00e7\u00e3o para motoristas","text":"<p>Neste ano, a empresa tamb\u00e9m promoveu uma a\u00e7\u00e3o em todas as suas unidades industriais para conscientizar motoristas sobre os cuidados necess\u00e1rios no dia a dia.<\/p>\n<p>No dia 27 de julho, foram realizados di\u00e1logos de seguran\u00e7a, com a entrega de panfletos informativos sobre o tema em todos os turnos das opera\u00e7\u00f5es, refor\u00e7ando o compromisso com a seguran\u00e7a.<\/p>\n"},{"acf_fc_layout":"media","anchor_title":"","type":"slider","video":"","image":false,"caption":"","is_downloadable":false,"items":[{"image":10116,"caption":"","is_downloadable":false},{"image":10117,"caption":"","is_downloadable":false},{"image":10118,"caption":"","is_downloadable":false},{"image":10119,"caption":"","is_downloadable":false},{"image":10121,"caption":"","is_downloadable":false},{"image":10122,"caption":"","is_downloadable":false}]}]}},"yoast_head":"<!-- This site is optimized with the Yoast SEO plugin v23.7 - https:\/\/yoast.com\/wordpress\/plugins\/seo\/ -->\n<title>Campanha de preven\u00e7\u00e3o de inc\u00eandios 23\/24 - Brasil<\/title>\n<meta name=\"robots\" content=\"index, follow, max-snippet:-1, max-image-preview:large, max-video-preview:-1\" \/>\n<link rel=\"canonical\" href=\"https:\/\/br.tereos.com\/pt-pt\/csr-news\/campanha-de-prevencao-de-incendios-23-24\/\" \/>\n<meta property=\"og:locale\" content=\"pt_PT\" \/>\n<meta property=\"og:type\" content=\"article\" \/>\n<meta property=\"og:title\" content=\"Campanha de preven\u00e7\u00e3o de inc\u00eandios 23\/24 - Brasil\" \/>\n<meta property=\"og:url\" content=\"https:\/\/br.tereos.com\/pt-pt\/csr-news\/campanha-de-prevencao-de-incendios-23-24\/\" \/>\n<meta property=\"og:site_name\" content=\"Brasil\" \/>\n<meta property=\"article:modified_time\" content=\"2023-10-09T17:26:55+00:00\" \/>\n<meta property=\"og:image\" content=\"https:\/\/www.tereos.com\/app\/uploads\/sites\/7\/2023\/08\/fire-safety-2-1-scaled.jpg\" \/>\n\t<meta property=\"og:image:width\" content=\"2560\" \/>\n\t<meta property=\"og:image:height\" content=\"1234\" \/>\n\t<meta property=\"og:image:type\" content=\"image\/jpeg\" \/>\n<meta name=\"twitter:card\" content=\"summary_large_image\" \/>\n<script type=\"application\/ld+json\" class=\"yoast-schema-graph\">{\"@context\":\"https:\/\/schema.org\",\"@graph\":[{\"@type\":\"WebPage\",\"@id\":\"https:\/\/br.tereos.com\/pt-pt\/csr-news\/campanha-de-prevencao-de-incendios-23-24\/\",\"url\":\"https:\/\/br.tereos.com\/pt-pt\/csr-news\/campanha-de-prevencao-de-incendios-23-24\/\",\"name\":\"Campanha de preven\u00e7\u00e3o de inc\u00eandios 23\/24 - Brasil\",\"isPartOf\":{\"@id\":\"https:\/\/br.tereos.com\/pt-pt\/#website\"},\"primaryImageOfPage\":{\"@id\":\"https:\/\/br.tereos.com\/pt-pt\/csr-news\/campanha-de-prevencao-de-incendios-23-24\/#primaryimage\"},\"image\":{\"@id\":\"https:\/\/br.tereos.com\/pt-pt\/csr-news\/campanha-de-prevencao-de-incendios-23-24\/#primaryimage\"},\"thumbnailUrl\":\"https:\/\/www.tereos.com\/app\/uploads\/sites\/7\/2023\/08\/fire-safety-2-1-scaled.jpg\",\"datePublished\":\"2023-08-25T13:12:52+00:00\",\"dateModified\":\"2023-10-09T17:26:55+00:00\",\"breadcrumb\":{\"@id\":\"https:\/\/br.tereos.com\/pt-pt\/csr-news\/campanha-de-prevencao-de-incendios-23-24\/#breadcrumb\"},\"inLanguage\":\"pt-PT\",\"potentialAction\":[{\"@type\":\"ReadAction\",\"target\":[\"https:\/\/br.tereos.com\/pt-pt\/csr-news\/campanha-de-prevencao-de-incendios-23-24\/\"]}]},{\"@type\":\"ImageObject\",\"inLanguage\":\"pt-PT\",\"@id\":\"https:\/\/br.tereos.com\/pt-pt\/csr-news\/campanha-de-prevencao-de-incendios-23-24\/#primaryimage\",\"url\":\"https:\/\/www.tereos.com\/app\/uploads\/sites\/7\/2023\/08\/fire-safety-2-1-scaled.jpg\",\"contentUrl\":\"https:\/\/www.tereos.com\/app\/uploads\/sites\/7\/2023\/08\/fire-safety-2-1-scaled.jpg\",\"width\":2560,\"height\":1234},{\"@type\":\"BreadcrumbList\",\"@id\":\"https:\/\/br.tereos.com\/pt-pt\/csr-news\/campanha-de-prevencao-de-incendios-23-24\/#breadcrumb\",\"itemListElement\":[{\"@type\":\"ListItem\",\"position\":1,\"name\":\"Home\",\"item\":\"https:\/\/br.tereos.com\/pt-pt\/\"},{\"@type\":\"ListItem\",\"position\":2,\"name\":\"Campanha de preven\u00e7\u00e3o de inc\u00eandios 23\/24\"}]},{\"@type\":\"WebSite\",\"@id\":\"https:\/\/br.tereos.com\/pt-pt\/#website\",\"url\":\"https:\/\/br.tereos.com\/pt-pt\/\",\"name\":\"Brasil\",\"description\":\"Un site utilisant WordPress\",\"potentialAction\":[{\"@type\":\"SearchAction\",\"target\":{\"@type\":\"EntryPoint\",\"urlTemplate\":\"https:\/\/br.tereos.com\/pt-pt\/?s={search_term_string}\"},\"query-input\":{\"@type\":\"PropertyValueSpecification\",\"valueRequired\":true,\"valueName\":\"search_term_string\"}}],\"inLanguage\":\"pt-PT\"}]}<\/script>\n<!-- \/ Yoast SEO plugin. -->","yoast_head_json":{"title":"Campanha de preven\u00e7\u00e3o de inc\u00eandios 23\/24 - Brasil","robots":{"index":"index","follow":"follow","max-snippet":"max-snippet:-1","max-image-preview":"max-image-preview:large","max-video-preview":"max-video-preview:-1"},"canonical":"https:\/\/br.tereos.com\/pt-pt\/csr-news\/campanha-de-prevencao-de-incendios-23-24\/","og_locale":"pt_PT","og_type":"article","og_title":"Campanha de preven\u00e7\u00e3o de inc\u00eandios 23\/24 - Brasil","og_url":"https:\/\/br.tereos.com\/pt-pt\/csr-news\/campanha-de-prevencao-de-incendios-23-24\/","og_site_name":"Brasil","article_modified_time":"2023-10-09T17:26:55+00:00","og_image":[{"width":2560,"height":1234,"url":"https:\/\/www.tereos.com\/app\/uploads\/sites\/7\/2023\/08\/fire-safety-2-1-scaled.jpg","type":"image\/jpeg"}],"twitter_card":"summary_large_image","schema":{"@context":"https:\/\/schema.org","@graph":[{"@type":"WebPage","@id":"https:\/\/br.tereos.com\/pt-pt\/csr-news\/campanha-de-prevencao-de-incendios-23-24\/","url":"https:\/\/br.tereos.com\/pt-pt\/csr-news\/campanha-de-prevencao-de-incendios-23-24\/","name":"Campanha de preven\u00e7\u00e3o de inc\u00eandios 23\/24 - Brasil","isPartOf":{"@id":"https:\/\/br.tereos.com\/pt-pt\/#website"},"primaryImageOfPage":{"@id":"https:\/\/br.tereos.com\/pt-pt\/csr-news\/campanha-de-prevencao-de-incendios-23-24\/#primaryimage"},"image":{"@id":"https:\/\/br.tereos.com\/pt-pt\/csr-news\/campanha-de-prevencao-de-incendios-23-24\/#primaryimage"},"thumbnailUrl":"https:\/\/www.tereos.com\/app\/uploads\/sites\/7\/2023\/08\/fire-safety-2-1-scaled.jpg","datePublished":"2023-08-25T13:12:52+00:00","dateModified":"2023-10-09T17:26:55+00:00","breadcrumb":{"@id":"https:\/\/br.tereos.com\/pt-pt\/csr-news\/campanha-de-prevencao-de-incendios-23-24\/#breadcrumb"},"inLanguage":"pt-PT","potentialAction":[{"@type":"ReadAction","target":["https:\/\/br.tereos.com\/pt-pt\/csr-news\/campanha-de-prevencao-de-incendios-23-24\/"]}]},{"@type":"ImageObject","inLanguage":"pt-PT","@id":"https:\/\/br.tereos.com\/pt-pt\/csr-news\/campanha-de-prevencao-de-incendios-23-24\/#primaryimage","url":"https:\/\/www.tereos.com\/app\/uploads\/sites\/7\/2023\/08\/fire-safety-2-1-scaled.jpg","contentUrl":"https:\/\/www.tereos.com\/app\/uploads\/sites\/7\/2023\/08\/fire-safety-2-1-scaled.jpg","width":2560,"height":1234},{"@type":"BreadcrumbList","@id":"https:\/\/br.tereos.com\/pt-pt\/csr-news\/campanha-de-prevencao-de-incendios-23-24\/#breadcrumb","itemListElement":[{"@type":"ListItem","position":1,"name":"Home","item":"https:\/\/br.tereos.com\/pt-pt\/"},{"@type":"ListItem","position":2,"name":"Campanha de preven\u00e7\u00e3o de inc\u00eandios 23\/24"}]},{"@type":"WebSite","@id":"https:\/\/br.tereos.com\/pt-pt\/#website","url":"https:\/\/br.tereos.com\/pt-pt\/","name":"Brasil","description":"Un site utilisant WordPress","potentialAction":[{"@type":"SearchAction","target":{"@type":"EntryPoint","urlTemplate":"https:\/\/br.tereos.com\/pt-pt\/?s={search_term_string}"},"query-input":{"@type":"PropertyValueSpecification","valueRequired":true,"valueName":"search_term_string"}}],"inLanguage":"pt-PT"}]}},"_links":{"self":[{"href":"https:\/\/br.tereos.com\/pt-pt\/wp-json\/wp\/v2\/rse-news\/10111"}],"collection":[{"href":"https:\/\/br.tereos.com\/pt-pt\/wp-json\/wp\/v2\/rse-news"}],"about":[{"href":"https:\/\/br.tereos.com\/pt-pt\/wp-json\/wp\/v2\/types\/rse_news"}],"author":[{"embeddable":true,"href":"https:\/\/br.tereos.com\/pt-pt\/wp-json\/wp\/v2\/users\/278"}],"version-history":[{"count":3,"href":"https:\/\/br.tereos.com\/pt-pt\/wp-json\/wp\/v2\/rse-news\/10111\/revisions"}],"predecessor-version":[{"id":10162,"href":"https:\/\/br.tereos.com\/pt-pt\/wp-json\/wp\/v2\/rse-news\/10111\/revisions\/10162"}],"wp:featuredmedia":[{"embeddable":true,"href":"https:\/\/br.tereos.com\/pt-pt\/wp-json\/wp\/v2\/media\/10134"}],"wp:attachment":[{"href":"https:\/\/br.tereos.com\/pt-pt\/wp-json\/wp\/v2\/media?parent=10111"}],"wp:term":[{"taxonomy":"category","embeddable":true,"href":"https:\/\/br.tereos.com\/pt-pt\/wp-json\/wp\/v2\/categories?post=10111"}],"curies":[{"name":"wp","href":"https:\/\/api.w.org\/{rel}","templated":true}]}}