{"id":9963,"date":"2023-08-04T16:46:56","date_gmt":"2023-08-04T14:46:56","guid":{"rendered":"https:\/\/br.tereos.com\/?post_type=press_release&#038;p=9963"},"modified":"2023-08-10T16:49:57","modified_gmt":"2023-08-10T14:49:57","slug":"tereos-apoia-festival-de-folclore-de-olimpia-2","status":"publish","type":"press_release","link":"https:\/\/br.tereos.com\/pt-pt\/press-releases\/tereos-apoia-festival-de-folclore-de-olimpia-2\/","title":{"rendered":"Tereos apoia Festival de Folclore de Ol\u00edmpia"},"author":278,"featured_media":0,"template":"","categories":[],"class_list":["post-9963","press_release","type-press_release","status-publish","hentry"],"acf":{"cover_image":false,"cover_clone":{"cover_image":false},"file":{"ID":9964,"id":9964,"title":"Tereos apoia Festival de Folclore de Ol\u00edmpia","filename":"tereos-apoia-festival-de-folclore-de-olimpia.pdf","filesize":216126,"url":"https:\/\/www.tereos.com\/app\/uploads\/sites\/7\/2023\/08\/tereos-apoia-festival-de-folclore-de-olimpia.pdf","link":"https:\/\/br.tereos.com\/pt-pt\/press-releases\/tereos-apoia-festival-de-folclore-de-olimpia-2\/tereos-apoia-festival-de-folclore-de-olimpia-2\/","alt":"","author":"278","description":"","caption":"","name":"tereos-apoia-festival-de-folclore-de-olimpia-2","status":"inherit","uploaded_to":9963,"date":"2023-08-10 14:49:46","modified":"2023-08-10 14:49:46","menu_order":0,"mime_type":"application\/pdf","type":"application","subtype":"pdf","icon":"https:\/\/br.tereos.com\/wp\/wp-includes\/images\/media\/document.png"},"pdf_clone":{"file":{"ID":9964,"id":9964,"title":"Tereos apoia Festival de Folclore de Ol\u00edmpia","filename":"tereos-apoia-festival-de-folclore-de-olimpia.pdf","filesize":216126,"url":"https:\/\/www.tereos.com\/app\/uploads\/sites\/7\/2023\/08\/tereos-apoia-festival-de-folclore-de-olimpia.pdf","link":"https:\/\/br.tereos.com\/pt-pt\/press-releases\/tereos-apoia-festival-de-folclore-de-olimpia-2\/tereos-apoia-festival-de-folclore-de-olimpia-2\/","alt":"","author":"278","description":"","caption":"","name":"tereos-apoia-festival-de-folclore-de-olimpia-2","status":"inherit","uploaded_to":9963,"date":"2023-08-10 14:49:46","modified":"2023-08-10 14:49:46","menu_order":0,"mime_type":"application\/pdf","type":"application","subtype":"pdf","icon":"https:\/\/br.tereos.com\/wp\/wp-includes\/images\/media\/document.png"}},"headline":"Maior evento do g\u00eanero no pa\u00eds come\u00e7a neste s\u00e1bado, dia 5 de agosto, com participa\u00e7\u00e3o de 45 grupos","headline_clone":{"headline":"Maior evento do g\u00eanero no pa\u00eds come\u00e7a neste s\u00e1bado, dia 5 de agosto, com participa\u00e7\u00e3o de 45 grupos"},"has_anchors":false,"sections":[{"acf_fc_layout":"rich_text","anchor_title":"","text":"<p><strong>Ol\u00edmpia (SP), 04 de agosto de 2023 \u2013<\/strong> A partir deste s\u00e1bado, dia 5, a Est\u00e2ncia Tur\u00edstica de Ol\u00edmpia vai respirar folclore. A cidade sediar\u00e1 o maior evento de folclore do Brasil, a 59\u00aa edi\u00e7\u00e3o do Festival Nacional do Folclore (FEFOL), que pelo 23\u00ba ano consecutivo contar\u00e1 com o apoio da Tereos.<\/p>\n<p>O Festival Nacional do Folclore de Ol\u00edmpia \u00e9 uma realiza\u00e7\u00e3o da Prefeitura, por meio da secretaria de Turismo e Cultura, com apoio cultural dos projetos do Governo do Estado, ProAC e Juntos pela Cultura, da Associa\u00e7\u00e3o Ol\u00edmpia para Todos.<\/p>\n<p>Com o tema \u201cTradi\u00e7\u00e3o em Movimento\u201d, a edi\u00e7\u00e3o deste ano vai valorizar os quase 60 anos ininterruptos de hist\u00f3ria do festival. Ao todo, 45 grupos de dan\u00e7as, manifesta\u00e7\u00f5es folcl\u00f3ricas e bal\u00e9s folcl\u00f3ricos participam do FEFOL 2023, representando mais de 15 estados brasileiros, incluindo 14 grupos de Ol\u00edmpia, al\u00e9m de 10 participa\u00e7\u00f5es in\u00e9ditas no festival.<\/p>\n<p>Para Douglas Souza, gerente de Rela\u00e7\u00f5es Institucionais da Tereos, o apoio a iniciativas como o FEFOL est\u00e1 entre os principais pilares da companhia para a promo\u00e7\u00e3o da cultura nas comunidades em que a empresa atua. \u201cO Festival de Folclore de Ol\u00edmpia \u00e9 um dos mais tradicionais da regi\u00e3o, fomenta a economia e o turismo e gera empregos. Contribuir com o desenvolvimento regional e da comunidade no entorno das nossas unidades \u00e9 sempre motivo de satisfa\u00e7\u00e3o e orgulho para n\u00f3s&#8221;, afirma.<\/p>\n"}],"flexible_editorial_clone":{"has_anchors":false,"sections":[{"acf_fc_layout":"rich_text","anchor_title":"","text":"<p><strong>Ol\u00edmpia (SP), 04 de agosto de 2023 \u2013<\/strong> A partir deste s\u00e1bado, dia 5, a Est\u00e2ncia Tur\u00edstica de Ol\u00edmpia vai respirar folclore. A cidade sediar\u00e1 o maior evento de folclore do Brasil, a 59\u00aa edi\u00e7\u00e3o do Festival Nacional do Folclore (FEFOL), que pelo 23\u00ba ano consecutivo contar\u00e1 com o apoio da Tereos.<\/p>\n<p>O Festival Nacional do Folclore de Ol\u00edmpia \u00e9 uma realiza\u00e7\u00e3o da Prefeitura, por meio da secretaria de Turismo e Cultura, com apoio cultural dos projetos do Governo do Estado, ProAC e Juntos pela Cultura, da Associa\u00e7\u00e3o Ol\u00edmpia para Todos.<\/p>\n<p>Com o tema \u201cTradi\u00e7\u00e3o em Movimento\u201d, a edi\u00e7\u00e3o deste ano vai valorizar os quase 60 anos ininterruptos de hist\u00f3ria do festival. Ao todo, 45 grupos de dan\u00e7as, manifesta\u00e7\u00f5es folcl\u00f3ricas e bal\u00e9s folcl\u00f3ricos participam do FEFOL 2023, representando mais de 15 estados brasileiros, incluindo 14 grupos de Ol\u00edmpia, al\u00e9m de 10 participa\u00e7\u00f5es in\u00e9ditas no festival.<\/p>\n<p>Para Douglas Souza, gerente de Rela\u00e7\u00f5es Institucionais da Tereos, o apoio a iniciativas como o FEFOL est\u00e1 entre os principais pilares da companhia para a promo\u00e7\u00e3o da cultura nas comunidades em que a empresa atua. \u201cO Festival de Folclore de Ol\u00edmpia \u00e9 um dos mais tradicionais da regi\u00e3o, fomenta a economia e o turismo e gera empregos. Contribuir com o desenvolvimento regional e da comunidade no entorno das nossas unidades \u00e9 sempre motivo de satisfa\u00e7\u00e3o e orgulho para n\u00f3s&#8221;, afirma.<\/p>\n"}]}},"yoast_head":"<!-- This site is optimized with the Yoast SEO plugin v23.7 - https:\/\/yoast.com\/wordpress\/plugins\/seo\/ -->\n<title>Tereos apoia Festival de Folclore de Ol\u00edmpia - Brasil<\/title>\n<meta name=\"robots\" content=\"index, follow, max-snippet:-1, max-image-preview:large, max-video-preview:-1\" \/>\n<link rel=\"canonical\" href=\"https:\/\/br.tereos.com\/pt-pt\/press-releases\/tereos-apoia-festival-de-folclore-de-olimpia-2\/\" \/>\n<meta property=\"og:locale\" content=\"pt_PT\" \/>\n<meta property=\"og:type\" content=\"article\" \/>\n<meta property=\"og:title\" content=\"Tereos apoia Festival de Folclore de Ol\u00edmpia - Brasil\" \/>\n<meta property=\"og:url\" content=\"https:\/\/br.tereos.com\/pt-pt\/press-releases\/tereos-apoia-festival-de-folclore-de-olimpia-2\/\" \/>\n<meta property=\"og:site_name\" content=\"Brasil\" \/>\n<meta property=\"article:modified_time\" content=\"2023-08-10T14:49:57+00:00\" \/>\n<meta name=\"twitter:card\" content=\"summary_large_image\" \/>\n<script type=\"application\/ld+json\" class=\"yoast-schema-graph\">{\"@context\":\"https:\/\/schema.org\",\"@graph\":[{\"@type\":\"WebPage\",\"@id\":\"https:\/\/br.tereos.com\/pt-pt\/press-releases\/tereos-apoia-festival-de-folclore-de-olimpia-2\/\",\"url\":\"https:\/\/br.tereos.com\/pt-pt\/press-releases\/tereos-apoia-festival-de-folclore-de-olimpia-2\/\",\"name\":\"Tereos apoia Festival de Folclore de Ol\u00edmpia - Brasil\",\"isPartOf\":{\"@id\":\"https:\/\/br.tereos.com\/pt-pt\/#website\"},\"datePublished\":\"2023-08-04T14:46:56+00:00\",\"dateModified\":\"2023-08-10T14:49:57+00:00\",\"breadcrumb\":{\"@id\":\"https:\/\/br.tereos.com\/pt-pt\/press-releases\/tereos-apoia-festival-de-folclore-de-olimpia-2\/#breadcrumb\"},\"inLanguage\":\"pt-PT\",\"potentialAction\":[{\"@type\":\"ReadAction\",\"target\":[\"https:\/\/br.tereos.com\/pt-pt\/press-releases\/tereos-apoia-festival-de-folclore-de-olimpia-2\/\"]}]},{\"@type\":\"BreadcrumbList\",\"@id\":\"https:\/\/br.tereos.com\/pt-pt\/press-releases\/tereos-apoia-festival-de-folclore-de-olimpia-2\/#breadcrumb\",\"itemListElement\":[{\"@type\":\"ListItem\",\"position\":1,\"name\":\"Home\",\"item\":\"https:\/\/br.tereos.com\/pt-pt\/\"},{\"@type\":\"ListItem\",\"position\":2,\"name\":\"Tereos apoia Festival de Folclore de Ol\u00edmpia\"}]},{\"@type\":\"WebSite\",\"@id\":\"https:\/\/br.tereos.com\/pt-pt\/#website\",\"url\":\"https:\/\/br.tereos.com\/pt-pt\/\",\"name\":\"Brasil\",\"description\":\"Un site utilisant WordPress\",\"potentialAction\":[{\"@type\":\"SearchAction\",\"target\":{\"@type\":\"EntryPoint\",\"urlTemplate\":\"https:\/\/br.tereos.com\/pt-pt\/?s={search_term_string}\"},\"query-input\":{\"@type\":\"PropertyValueSpecification\",\"valueRequired\":true,\"valueName\":\"search_term_string\"}}],\"inLanguage\":\"pt-PT\"}]}<\/script>\n<!-- \/ Yoast SEO plugin. -->","yoast_head_json":{"title":"Tereos apoia Festival de Folclore de Ol\u00edmpia - Brasil","robots":{"index":"index","follow":"follow","max-snippet":"max-snippet:-1","max-image-preview":"max-image-preview:large","max-video-preview":"max-video-preview:-1"},"canonical":"https:\/\/br.tereos.com\/pt-pt\/press-releases\/tereos-apoia-festival-de-folclore-de-olimpia-2\/","og_locale":"pt_PT","og_type":"article","og_title":"Tereos apoia Festival de Folclore de Ol\u00edmpia - Brasil","og_url":"https:\/\/br.tereos.com\/pt-pt\/press-releases\/tereos-apoia-festival-de-folclore-de-olimpia-2\/","og_site_name":"Brasil","article_modified_time":"2023-08-10T14:49:57+00:00","twitter_card":"summary_large_image","schema":{"@context":"https:\/\/schema.org","@graph":[{"@type":"WebPage","@id":"https:\/\/br.tereos.com\/pt-pt\/press-releases\/tereos-apoia-festival-de-folclore-de-olimpia-2\/","url":"https:\/\/br.tereos.com\/pt-pt\/press-releases\/tereos-apoia-festival-de-folclore-de-olimpia-2\/","name":"Tereos apoia Festival de Folclore de Ol\u00edmpia - Brasil","isPartOf":{"@id":"https:\/\/br.tereos.com\/pt-pt\/#website"},"datePublished":"2023-08-04T14:46:56+00:00","dateModified":"2023-08-10T14:49:57+00:00","breadcrumb":{"@id":"https:\/\/br.tereos.com\/pt-pt\/press-releases\/tereos-apoia-festival-de-folclore-de-olimpia-2\/#breadcrumb"},"inLanguage":"pt-PT","potentialAction":[{"@type":"ReadAction","target":["https:\/\/br.tereos.com\/pt-pt\/press-releases\/tereos-apoia-festival-de-folclore-de-olimpia-2\/"]}]},{"@type":"BreadcrumbList","@id":"https:\/\/br.tereos.com\/pt-pt\/press-releases\/tereos-apoia-festival-de-folclore-de-olimpia-2\/#breadcrumb","itemListElement":[{"@type":"ListItem","position":1,"name":"Home","item":"https:\/\/br.tereos.com\/pt-pt\/"},{"@type":"ListItem","position":2,"name":"Tereos apoia Festival de Folclore de Ol\u00edmpia"}]},{"@type":"WebSite","@id":"https:\/\/br.tereos.com\/pt-pt\/#website","url":"https:\/\/br.tereos.com\/pt-pt\/","name":"Brasil","description":"Un site utilisant WordPress","potentialAction":[{"@type":"SearchAction","target":{"@type":"EntryPoint","urlTemplate":"https:\/\/br.tereos.com\/pt-pt\/?s={search_term_string}"},"query-input":{"@type":"PropertyValueSpecification","valueRequired":true,"valueName":"search_term_string"}}],"inLanguage":"pt-PT"}]}},"featured_media_src":false,"date_formatted":"4 August 2023 ","_links":{"self":[{"href":"https:\/\/br.tereos.com\/pt-pt\/wp-json\/wp\/v2\/press-release\/9963"}],"collection":[{"href":"https:\/\/br.tereos.com\/pt-pt\/wp-json\/wp\/v2\/press-release"}],"about":[{"href":"https:\/\/br.tereos.com\/pt-pt\/wp-json\/wp\/v2\/types\/press_release"}],"author":[{"embeddable":true,"href":"https:\/\/br.tereos.com\/pt-pt\/wp-json\/wp\/v2\/users\/278"}],"version-history":[{"count":1,"href":"https:\/\/br.tereos.com\/pt-pt\/wp-json\/wp\/v2\/press-release\/9963\/revisions"}],"predecessor-version":[{"id":9965,"href":"https:\/\/br.tereos.com\/pt-pt\/wp-json\/wp\/v2\/press-release\/9963\/revisions\/9965"}],"wp:attachment":[{"href":"https:\/\/br.tereos.com\/pt-pt\/wp-json\/wp\/v2\/media?parent=9963"}],"wp:term":[{"taxonomy":"category","embeddable":true,"href":"https:\/\/br.tereos.com\/pt-pt\/wp-json\/wp\/v2\/categories?post=9963"}],"curies":[{"name":"wp","href":"https:\/\/api.w.org\/{rel}","templated":true}]}}