{"id":9952,"date":"2023-06-30T16:15:51","date_gmt":"2023-06-30T14:15:51","guid":{"rendered":"https:\/\/br.tereos.com\/?post_type=press_release&#038;p=9952"},"modified":"2023-08-10T16:24:28","modified_gmt":"2023-08-10T14:24:28","slug":"tereos-firma-parceria-inedita-para-levar-sustentabilidade-ao-festival-de-parintins","status":"publish","type":"press_release","link":"https:\/\/br.tereos.com\/pt-pt\/press-releases\/tereos-firma-parceria-inedita-para-levar-sustentabilidade-ao-festival-de-parintins\/","title":{"rendered":"Tereos firma parceria in\u00e9dita para levar sustentabilidade ao Festival de Parintins"},"author":278,"featured_media":0,"template":"","categories":[],"class_list":["post-9952","press_release","type-press_release","status-publish","hentry"],"acf":{"cover_image":false,"cover_clone":{"cover_image":false},"file":{"ID":9953,"id":9953,"title":"Tereos firma parceria in\u00e9dita para levar sustentabilidade ao Festival de Parintins","filename":"tereos-firma-parceria-inedita-para-levar-sustentabilidade-ao-festival-de-parintins.pdf","filesize":187786,"url":"https:\/\/www.tereos.com\/app\/uploads\/sites\/7\/2023\/08\/tereos-firma-parceria-inedita-para-levar-sustentabilidade-ao-festival-de-parintins.pdf","link":"https:\/\/br.tereos.com\/pt-pt\/press-releases\/tereos-firma-parceria-inedita-para-levar-sustentabilidade-ao-festival-de-parintins\/tereos-firma-parceria-inedita-para-levar-sustentabilidade-ao-festival-de-parintins\/","alt":"","author":"278","description":"","caption":"","name":"tereos-firma-parceria-inedita-para-levar-sustentabilidade-ao-festival-de-parintins","status":"inherit","uploaded_to":9952,"date":"2023-08-10 14:22:28","modified":"2023-08-10 14:22:28","menu_order":0,"mime_type":"application\/pdf","type":"application","subtype":"pdf","icon":"https:\/\/br.tereos.com\/wp\/wp-includes\/images\/media\/document.png"},"pdf_clone":{"file":{"ID":9953,"id":9953,"title":"Tereos firma parceria in\u00e9dita para levar sustentabilidade ao Festival de Parintins","filename":"tereos-firma-parceria-inedita-para-levar-sustentabilidade-ao-festival-de-parintins.pdf","filesize":187786,"url":"https:\/\/www.tereos.com\/app\/uploads\/sites\/7\/2023\/08\/tereos-firma-parceria-inedita-para-levar-sustentabilidade-ao-festival-de-parintins.pdf","link":"https:\/\/br.tereos.com\/pt-pt\/press-releases\/tereos-firma-parceria-inedita-para-levar-sustentabilidade-ao-festival-de-parintins\/tereos-firma-parceria-inedita-para-levar-sustentabilidade-ao-festival-de-parintins\/","alt":"","author":"278","description":"","caption":"","name":"tereos-firma-parceria-inedita-para-levar-sustentabilidade-ao-festival-de-parintins","status":"inherit","uploaded_to":9952,"date":"2023-08-10 14:22:28","modified":"2023-08-10 14:22:28","menu_order":0,"mime_type":"application\/pdf","type":"application","subtype":"pdf","icon":"https:\/\/br.tereos.com\/wp\/wp-includes\/images\/media\/document.png"}},"headline":"Empresa se junta \u00e0 Coca-Cola Brasil e ao Governo do Amazonas para ajudar a neutralizar as emiss\u00f5es de carbono da maior manifesta\u00e7\u00e3o cultural do Norte do pa\u00eds","headline_clone":{"headline":"Empresa se junta \u00e0 Coca-Cola Brasil e ao Governo do Amazonas para ajudar a neutralizar as emiss\u00f5es de carbono da maior manifesta\u00e7\u00e3o cultural do Norte do pa\u00eds"},"has_anchors":false,"sections":[{"acf_fc_layout":"rich_text","anchor_title":"","text":"<p><strong>Ol\u00edmpia, 30 de junho de 2023 <\/strong>\u2013 A Tereos, fabricante do A\u00e7\u00facar Guarani e uma das l\u00edderes na produ\u00e7\u00e3o de a\u00e7\u00facar, etanol e energia a partir da biomassa da cana no pa\u00eds, acaba de firmar mais uma parceria estrat\u00e9gica para levar sustentabilidade a um importante evento cultural. A empresa se juntou \u00e0 Coca-Cola Brasil e ao Governo do Amazonas para ajudar a neutralizar as emiss\u00f5es de carbono decorrentes do consumo de energia el\u00e9trica no Bumb\u00f3dromo de Parintins, local onde acontece nos dias 30 de junho, 1 e 2 de julho o tradicional Festival de Parintins, um dos maiores e mais importantes do Norte do pa\u00eds.<\/p>\n<p>De acordo com a parceria, a Tereos far\u00e1 a doa\u00e7\u00e3o de 150 certificados de cr\u00e9ditos de energia renov\u00e1vel (I-REC) para o Estado do Amazonas, equivalente ao consumo total de energia do bumb\u00f3dromo nos meses de junho e julho. A iniciativa visa compensar as emiss\u00f5es de gases de efeito estufa, como o di\u00f3xido de carbono (CO2), geradas a partir do consumo de energia no evento, refor\u00e7ando a import\u00e2ncia de firmar uma parceria com vi\u00e9s sustent\u00e1vel com um dos maiores festivais multiculturais do pa\u00eds, alinhado tamb\u00e9m com um pilar bastante importante para a Tereos de apoio \u00e0 cultura.<\/p>\n<p>\u201cA sustentabilidade est\u00e1 em nosso DNA e \u00e9 bastante gratificante encontrar parceiros culturais que compartilham da mesma vis\u00e3o e est\u00e3o engajados em projetos que ajudam a construir um futuro melhor\u201d, afirma Gustavo Segantini, diretor comercial da Tereos.<\/p>\n<p>Os cr\u00e9ditos s\u00e3o gerados a partir da certifica\u00e7\u00e3o I-REC, sistema reconhecido por cerca de 70 pa\u00edses que comprova a gera\u00e7\u00e3o de energia limpa por meio da rastreabilidade de sua origem. A certifica\u00e7\u00e3o foi obtida pela Tereos em 2021 e garante que a energia el\u00e9trica gerada pela empresa \u00e9 proveniente de fonte renov\u00e1vel \u2013 no caso, a biomassa da cana-de-a\u00e7\u00facar.<\/p>\n<p><strong>Parcerias<\/strong><\/p>\n<p>Desde 2022, a Tereos j\u00e1 firmou importantes parcerias com eventos culturais e esportivos para compensa\u00e7\u00e3o da energia consumida por meio de cr\u00e9ditos de energia renov\u00e1vel. Eventos como Jo\u00e3o Rock, Coala Festival, Oktoberfest S\u00e3o Paulo e evento de comemora\u00e7\u00e3o de 50 anos do GP do Brasil de F\u00f3rmula 1, tamb\u00e9m em S\u00e3o Paulo (SP), refor\u00e7am seu compromisso com a sustentabilidade por meio da parceria com a Tereos.<\/p>\n"}],"flexible_editorial_clone":{"has_anchors":false,"sections":[{"acf_fc_layout":"rich_text","anchor_title":"","text":"<p><strong>Ol\u00edmpia, 30 de junho de 2023 <\/strong>\u2013 A Tereos, fabricante do A\u00e7\u00facar Guarani e uma das l\u00edderes na produ\u00e7\u00e3o de a\u00e7\u00facar, etanol e energia a partir da biomassa da cana no pa\u00eds, acaba de firmar mais uma parceria estrat\u00e9gica para levar sustentabilidade a um importante evento cultural. A empresa se juntou \u00e0 Coca-Cola Brasil e ao Governo do Amazonas para ajudar a neutralizar as emiss\u00f5es de carbono decorrentes do consumo de energia el\u00e9trica no Bumb\u00f3dromo de Parintins, local onde acontece nos dias 30 de junho, 1 e 2 de julho o tradicional Festival de Parintins, um dos maiores e mais importantes do Norte do pa\u00eds.<\/p>\n<p>De acordo com a parceria, a Tereos far\u00e1 a doa\u00e7\u00e3o de 150 certificados de cr\u00e9ditos de energia renov\u00e1vel (I-REC) para o Estado do Amazonas, equivalente ao consumo total de energia do bumb\u00f3dromo nos meses de junho e julho. A iniciativa visa compensar as emiss\u00f5es de gases de efeito estufa, como o di\u00f3xido de carbono (CO2), geradas a partir do consumo de energia no evento, refor\u00e7ando a import\u00e2ncia de firmar uma parceria com vi\u00e9s sustent\u00e1vel com um dos maiores festivais multiculturais do pa\u00eds, alinhado tamb\u00e9m com um pilar bastante importante para a Tereos de apoio \u00e0 cultura.<\/p>\n<p>\u201cA sustentabilidade est\u00e1 em nosso DNA e \u00e9 bastante gratificante encontrar parceiros culturais que compartilham da mesma vis\u00e3o e est\u00e3o engajados em projetos que ajudam a construir um futuro melhor\u201d, afirma Gustavo Segantini, diretor comercial da Tereos.<\/p>\n<p>Os cr\u00e9ditos s\u00e3o gerados a partir da certifica\u00e7\u00e3o I-REC, sistema reconhecido por cerca de 70 pa\u00edses que comprova a gera\u00e7\u00e3o de energia limpa por meio da rastreabilidade de sua origem. A certifica\u00e7\u00e3o foi obtida pela Tereos em 2021 e garante que a energia el\u00e9trica gerada pela empresa \u00e9 proveniente de fonte renov\u00e1vel \u2013 no caso, a biomassa da cana-de-a\u00e7\u00facar.<\/p>\n<p><strong>Parcerias<\/strong><\/p>\n<p>Desde 2022, a Tereos j\u00e1 firmou importantes parcerias com eventos culturais e esportivos para compensa\u00e7\u00e3o da energia consumida por meio de cr\u00e9ditos de energia renov\u00e1vel. Eventos como Jo\u00e3o Rock, Coala Festival, Oktoberfest S\u00e3o Paulo e evento de comemora\u00e7\u00e3o de 50 anos do GP do Brasil de F\u00f3rmula 1, tamb\u00e9m em S\u00e3o Paulo (SP), refor\u00e7am seu compromisso com a sustentabilidade por meio da parceria com a Tereos.<\/p>\n"}]}},"yoast_head":"<!-- This site is optimized with the Yoast SEO plugin v23.7 - https:\/\/yoast.com\/wordpress\/plugins\/seo\/ -->\n<title>Tereos firma parceria in\u00e9dita para levar sustentabilidade ao Festival de Parintins - Brasil<\/title>\n<meta name=\"robots\" content=\"index, follow, max-snippet:-1, max-image-preview:large, max-video-preview:-1\" \/>\n<link rel=\"canonical\" href=\"https:\/\/br.tereos.com\/pt-pt\/press-releases\/tereos-firma-parceria-inedita-para-levar-sustentabilidade-ao-festival-de-parintins\/\" \/>\n<meta property=\"og:locale\" content=\"pt_PT\" \/>\n<meta property=\"og:type\" content=\"article\" \/>\n<meta property=\"og:title\" content=\"Tereos firma parceria in\u00e9dita para levar sustentabilidade ao Festival de Parintins - Brasil\" \/>\n<meta property=\"og:url\" content=\"https:\/\/br.tereos.com\/pt-pt\/press-releases\/tereos-firma-parceria-inedita-para-levar-sustentabilidade-ao-festival-de-parintins\/\" \/>\n<meta property=\"og:site_name\" content=\"Brasil\" \/>\n<meta property=\"article:modified_time\" content=\"2023-08-10T14:24:28+00:00\" \/>\n<meta name=\"twitter:card\" content=\"summary_large_image\" \/>\n<script type=\"application\/ld+json\" class=\"yoast-schema-graph\">{\"@context\":\"https:\/\/schema.org\",\"@graph\":[{\"@type\":\"WebPage\",\"@id\":\"https:\/\/br.tereos.com\/pt-pt\/press-releases\/tereos-firma-parceria-inedita-para-levar-sustentabilidade-ao-festival-de-parintins\/\",\"url\":\"https:\/\/br.tereos.com\/pt-pt\/press-releases\/tereos-firma-parceria-inedita-para-levar-sustentabilidade-ao-festival-de-parintins\/\",\"name\":\"Tereos firma parceria in\u00e9dita para levar sustentabilidade ao Festival de Parintins - Brasil\",\"isPartOf\":{\"@id\":\"https:\/\/br.tereos.com\/pt-pt\/#website\"},\"datePublished\":\"2023-06-30T14:15:51+00:00\",\"dateModified\":\"2023-08-10T14:24:28+00:00\",\"breadcrumb\":{\"@id\":\"https:\/\/br.tereos.com\/pt-pt\/press-releases\/tereos-firma-parceria-inedita-para-levar-sustentabilidade-ao-festival-de-parintins\/#breadcrumb\"},\"inLanguage\":\"pt-PT\",\"potentialAction\":[{\"@type\":\"ReadAction\",\"target\":[\"https:\/\/br.tereos.com\/pt-pt\/press-releases\/tereos-firma-parceria-inedita-para-levar-sustentabilidade-ao-festival-de-parintins\/\"]}]},{\"@type\":\"BreadcrumbList\",\"@id\":\"https:\/\/br.tereos.com\/pt-pt\/press-releases\/tereos-firma-parceria-inedita-para-levar-sustentabilidade-ao-festival-de-parintins\/#breadcrumb\",\"itemListElement\":[{\"@type\":\"ListItem\",\"position\":1,\"name\":\"Home\",\"item\":\"https:\/\/br.tereos.com\/pt-pt\/\"},{\"@type\":\"ListItem\",\"position\":2,\"name\":\"Tereos firma parceria in\u00e9dita para levar sustentabilidade ao Festival de Parintins\"}]},{\"@type\":\"WebSite\",\"@id\":\"https:\/\/br.tereos.com\/pt-pt\/#website\",\"url\":\"https:\/\/br.tereos.com\/pt-pt\/\",\"name\":\"Brasil\",\"description\":\"Un site utilisant WordPress\",\"potentialAction\":[{\"@type\":\"SearchAction\",\"target\":{\"@type\":\"EntryPoint\",\"urlTemplate\":\"https:\/\/br.tereos.com\/pt-pt\/?s={search_term_string}\"},\"query-input\":{\"@type\":\"PropertyValueSpecification\",\"valueRequired\":true,\"valueName\":\"search_term_string\"}}],\"inLanguage\":\"pt-PT\"}]}<\/script>\n<!-- \/ Yoast SEO plugin. -->","yoast_head_json":{"title":"Tereos firma parceria in\u00e9dita para levar sustentabilidade ao Festival de Parintins - Brasil","robots":{"index":"index","follow":"follow","max-snippet":"max-snippet:-1","max-image-preview":"max-image-preview:large","max-video-preview":"max-video-preview:-1"},"canonical":"https:\/\/br.tereos.com\/pt-pt\/press-releases\/tereos-firma-parceria-inedita-para-levar-sustentabilidade-ao-festival-de-parintins\/","og_locale":"pt_PT","og_type":"article","og_title":"Tereos firma parceria in\u00e9dita para levar sustentabilidade ao Festival de Parintins - Brasil","og_url":"https:\/\/br.tereos.com\/pt-pt\/press-releases\/tereos-firma-parceria-inedita-para-levar-sustentabilidade-ao-festival-de-parintins\/","og_site_name":"Brasil","article_modified_time":"2023-08-10T14:24:28+00:00","twitter_card":"summary_large_image","schema":{"@context":"https:\/\/schema.org","@graph":[{"@type":"WebPage","@id":"https:\/\/br.tereos.com\/pt-pt\/press-releases\/tereos-firma-parceria-inedita-para-levar-sustentabilidade-ao-festival-de-parintins\/","url":"https:\/\/br.tereos.com\/pt-pt\/press-releases\/tereos-firma-parceria-inedita-para-levar-sustentabilidade-ao-festival-de-parintins\/","name":"Tereos firma parceria in\u00e9dita para levar sustentabilidade ao Festival de Parintins - Brasil","isPartOf":{"@id":"https:\/\/br.tereos.com\/pt-pt\/#website"},"datePublished":"2023-06-30T14:15:51+00:00","dateModified":"2023-08-10T14:24:28+00:00","breadcrumb":{"@id":"https:\/\/br.tereos.com\/pt-pt\/press-releases\/tereos-firma-parceria-inedita-para-levar-sustentabilidade-ao-festival-de-parintins\/#breadcrumb"},"inLanguage":"pt-PT","potentialAction":[{"@type":"ReadAction","target":["https:\/\/br.tereos.com\/pt-pt\/press-releases\/tereos-firma-parceria-inedita-para-levar-sustentabilidade-ao-festival-de-parintins\/"]}]},{"@type":"BreadcrumbList","@id":"https:\/\/br.tereos.com\/pt-pt\/press-releases\/tereos-firma-parceria-inedita-para-levar-sustentabilidade-ao-festival-de-parintins\/#breadcrumb","itemListElement":[{"@type":"ListItem","position":1,"name":"Home","item":"https:\/\/br.tereos.com\/pt-pt\/"},{"@type":"ListItem","position":2,"name":"Tereos firma parceria in\u00e9dita para levar sustentabilidade ao Festival de Parintins"}]},{"@type":"WebSite","@id":"https:\/\/br.tereos.com\/pt-pt\/#website","url":"https:\/\/br.tereos.com\/pt-pt\/","name":"Brasil","description":"Un site utilisant WordPress","potentialAction":[{"@type":"SearchAction","target":{"@type":"EntryPoint","urlTemplate":"https:\/\/br.tereos.com\/pt-pt\/?s={search_term_string}"},"query-input":{"@type":"PropertyValueSpecification","valueRequired":true,"valueName":"search_term_string"}}],"inLanguage":"pt-PT"}]}},"featured_media_src":false,"date_formatted":"30 June 2023 ","_links":{"self":[{"href":"https:\/\/br.tereos.com\/pt-pt\/wp-json\/wp\/v2\/press-release\/9952"}],"collection":[{"href":"https:\/\/br.tereos.com\/pt-pt\/wp-json\/wp\/v2\/press-release"}],"about":[{"href":"https:\/\/br.tereos.com\/pt-pt\/wp-json\/wp\/v2\/types\/press_release"}],"author":[{"embeddable":true,"href":"https:\/\/br.tereos.com\/pt-pt\/wp-json\/wp\/v2\/users\/278"}],"version-history":[{"count":1,"href":"https:\/\/br.tereos.com\/pt-pt\/wp-json\/wp\/v2\/press-release\/9952\/revisions"}],"predecessor-version":[{"id":9954,"href":"https:\/\/br.tereos.com\/pt-pt\/wp-json\/wp\/v2\/press-release\/9952\/revisions\/9954"}],"wp:attachment":[{"href":"https:\/\/br.tereos.com\/pt-pt\/wp-json\/wp\/v2\/media?parent=9952"}],"wp:term":[{"taxonomy":"category","embeddable":true,"href":"https:\/\/br.tereos.com\/pt-pt\/wp-json\/wp\/v2\/categories?post=9952"}],"curies":[{"name":"wp","href":"https:\/\/api.w.org\/{rel}","templated":true}]}}