{"id":9907,"date":"2023-06-14T14:51:25","date_gmt":"2023-06-14T12:51:25","guid":{"rendered":"https:\/\/br.tereos.com\/?post_type=press_release&#038;p=9907"},"modified":"2023-06-30T14:58:04","modified_gmt":"2023-06-30T12:58:04","slug":"tereos-e-country-bulls-fecham-parceria-para-primeiro-rodeio-sustentavel-do-brasil","status":"publish","type":"press_release","link":"https:\/\/br.tereos.com\/pt-pt\/press-releases\/tereos-e-country-bulls-fecham-parceria-para-primeiro-rodeio-sustentavel-do-brasil\/","title":{"rendered":"Tereos e Country Bulls fecham parceria para primeiro rodeio sustent\u00e1vel do Brasil"},"author":278,"featured_media":9909,"template":"","categories":[],"class_list":["post-9907","press_release","type-press_release","status-publish","has-post-thumbnail","hentry"],"acf":{"cover_image":9909,"cover_clone":{"cover_image":9909},"file":{"ID":9908,"id":9908,"title":"Tereos e Country Bulls fecham parceria para primeiro rodeio sustent\u00e1vel do Brasil","filename":"tereos-e-country-bulls-fecham-parceria-para-primeiro-rodeio-sustentavel-do-brasil.pdf","filesize":212041,"url":"https:\/\/www.tereos.com\/app\/uploads\/sites\/7\/2023\/06\/tereos-e-country-bulls-fecham-parceria-para-primeiro-rodeio-sustentavel-do-brasil.pdf","link":"https:\/\/br.tereos.com\/pt-pt\/press-releases\/tereos-e-country-bulls-fecham-parceria-para-primeiro-rodeio-sustentavel-do-brasil\/tereos-e-country-bulls-fecham-parceria-para-primeiro-rodeio-sustentavel-do-brasil\/","alt":"","author":"278","description":"","caption":"","name":"tereos-e-country-bulls-fecham-parceria-para-primeiro-rodeio-sustentavel-do-brasil","status":"inherit","uploaded_to":9907,"date":"2023-06-30 12:55:45","modified":"2023-06-30 12:55:45","menu_order":0,"mime_type":"application\/pdf","type":"application","subtype":"pdf","icon":"https:\/\/br.tereos.com\/wp\/wp-includes\/images\/media\/document.png"},"pdf_clone":{"file":{"ID":9908,"id":9908,"title":"Tereos e Country Bulls fecham parceria para primeiro rodeio sustent\u00e1vel do Brasil","filename":"tereos-e-country-bulls-fecham-parceria-para-primeiro-rodeio-sustentavel-do-brasil.pdf","filesize":212041,"url":"https:\/\/www.tereos.com\/app\/uploads\/sites\/7\/2023\/06\/tereos-e-country-bulls-fecham-parceria-para-primeiro-rodeio-sustentavel-do-brasil.pdf","link":"https:\/\/br.tereos.com\/pt-pt\/press-releases\/tereos-e-country-bulls-fecham-parceria-para-primeiro-rodeio-sustentavel-do-brasil\/tereos-e-country-bulls-fecham-parceria-para-primeiro-rodeio-sustentavel-do-brasil\/","alt":"","author":"278","description":"","caption":"","name":"tereos-e-country-bulls-fecham-parceria-para-primeiro-rodeio-sustentavel-do-brasil","status":"inherit","uploaded_to":9907,"date":"2023-06-30 12:55:45","modified":"2023-06-30 12:55:45","menu_order":0,"mime_type":"application\/pdf","type":"application","subtype":"pdf","icon":"https:\/\/br.tereos.com\/wp\/wp-includes\/images\/media\/document.png"}},"headline":"A parceria garante a compensa\u00e7\u00e3o de todas as emiss\u00f5es de CO2 decorrentes do consumo de energia que ser\u00e1 utilizada no evento","headline_clone":{"headline":"A parceria garante a compensa\u00e7\u00e3o de todas as emiss\u00f5es de CO2 decorrentes do consumo de energia que ser\u00e1 utilizada no evento"},"has_anchors":false,"sections":[{"acf_fc_layout":"rich_text","anchor_title":"","text":"<p><strong>S\u00e3o Jos\u00e9 do Rio Preto, 14 de junho de 2023 \u2013<\/strong> No ano que o Rio Preto Country Bulls completa 25 anos de edi\u00e7\u00e3o, o evento, considerado o maior do noroeste paulista, torna-se o primeiro rodeio sustent\u00e1vel do Brasil devido \u00e0 parceria com a Tereos, fabricante do A\u00e7\u00facar Guarani e uma das l\u00edderes na produ\u00e7\u00e3o de a\u00e7\u00facar, etanol e energia a partir da biomassa da cana no pa\u00eds.<\/p>\n<p>Todas as emiss\u00f5es de CO2 provenientes do consumo de energia el\u00e9trica durante os cinco dias de festa \u2013 de 12 a 16 de julho \u2013 ser\u00e3o compensadas por meio de cr\u00e9ditos de energia renov\u00e1vel. Os cr\u00e9ditos s\u00e3o gerados a partir da certifica\u00e7\u00e3o I-REC, sistema reconhecido por cerca de 70 pa\u00edses que comprova a gera\u00e7\u00e3o de energia limpa por meio da rastreabilidade de sua origem. A certifica\u00e7\u00e3o foi obtida pela Tereos em 2021 e garante que a energia el\u00e9trica gerada pela empresa \u00e9 proveniente de fonte renov\u00e1vel \u2013 no caso, a biomassa da cana-de-a\u00e7\u00facar.<\/p>\n<p>Gustavo Segantini, diretor comercial da Tereos, aponta que a sustentabilidade \u00e9 um dos principais pilares da companhia, que vem firmando, desde o ano passado, importantes acordos com eventos culturais e esportivos para levar energia renov\u00e1vel para esses espa\u00e7os. \u201cAgora, com a parceria com o Country Bulls, atingimos um novo segmento de eventos. \u00c9 bastante gratificante contar com cada vez mais parceiros que estejam engajados em diminuir o impacto ambiental de seus eventos\u201d, complementa.<\/p>\n<p>Segundo Paulo Em\u00edlio, presidente do Country Bulls, a parceria \u00e9 in\u00e9dita no segmento. &#8220;Incentivar o desenvolvimento sustent\u00e1vel tamb\u00e9m \u00e9 um dos objetos do mercado de eventos. A compensa\u00e7\u00e3o de carbono \u00e9 essencial para a redu\u00e7\u00e3o da emiss\u00e3o de gases nocivos e diminui\u00e7\u00e3o dos impactos ambientais. Estou muito satisfeito com essa parceria&#8221;, afirmou.<\/p>\n<p>O an\u00fancio da parceria ocorreu na noite desta ter\u00e7a-feira, dia 13 de junho, durante o lan\u00e7amento da festa, em Rio Preto.<\/p>\n<p><strong>Pioneirismo sustent\u00e1vel<\/strong><\/p>\n<p>Ciente da import\u00e2ncia da sustentabilidade em seu neg\u00f3cio, a Tereos \u00e9 considerada pioneira em certificar o uso de energia el\u00e9trica em grandes eventos que, por meio dos cr\u00e9ditos de energia renov\u00e1vel para compensa\u00e7\u00e3o de carbono, refor\u00e7am seus valores ESG e o compromisso em reduzir o impacto ambiental das atra\u00e7\u00f5es.<\/p>\n<p>No ano passado, a Tereos firmou parceria com o festival Jo\u00e3o Rock, Coala Festival, S\u00e3o Paulo Oktoberfest, Camarote Brahma do Carnaval de S\u00e3o Paulo e com o evento de 50 anos do GP de F\u00f3rmula 1 no Brasil.<\/p>\n<p><strong>Country Bulls<\/strong><\/p>\n<p>O Rio Preto Country Bulls deste ano acontece entre os dias 12 e 16 de julho, no Recinto de Exposi\u00e7\u00f5es Alberto Bertelli Lucatto, em Rio Preto. Abrindo a programa\u00e7\u00e3o, no dia 12 de julho, na Quarta-feira Solid\u00e1ria ao HB, shows com as duplas Israel &amp; Rodolffo e Guilherme &amp; Santiago.<\/p>\n<p>Na quinta-feira, dia 13, Ana Castela se apresentar\u00e1 pela primeira vez em Rio Preto. Na mesma noite, Clayton &amp; Rom\u00e1rio trazem seus hits e releituras dos cl\u00e1ssicos do sertanejo na nova turn\u00ea \u201cAmanhecer\u201d e prometem um show madrugada adentro. J\u00e1 no dia 14 de julho, na sexta-feira, Jorge &amp; Mateus e \u00cdcaro &amp; Gilmar cantam suas m\u00fasicas que fazem parte da playlist de todo amante do sertanejo.<\/p>\n<p>No s\u00e1bado, dia 15, mais duas apresenta\u00e7\u00f5es, com Z\u00e9 Neto &amp; Cristiano e Dennis DJ. Domingo, para encerrar a 25\u00aa edi\u00e7\u00e3o, Luan Santana chega a Rio Preto com os novos hits do \u00e1lbum Luan City.<\/p>\n"}],"flexible_editorial_clone":{"has_anchors":false,"sections":[{"acf_fc_layout":"rich_text","anchor_title":"","text":"<p><strong>S\u00e3o Jos\u00e9 do Rio Preto, 14 de junho de 2023 \u2013<\/strong> No ano que o Rio Preto Country Bulls completa 25 anos de edi\u00e7\u00e3o, o evento, considerado o maior do noroeste paulista, torna-se o primeiro rodeio sustent\u00e1vel do Brasil devido \u00e0 parceria com a Tereos, fabricante do A\u00e7\u00facar Guarani e uma das l\u00edderes na produ\u00e7\u00e3o de a\u00e7\u00facar, etanol e energia a partir da biomassa da cana no pa\u00eds.<\/p>\n<p>Todas as emiss\u00f5es de CO2 provenientes do consumo de energia el\u00e9trica durante os cinco dias de festa \u2013 de 12 a 16 de julho \u2013 ser\u00e3o compensadas por meio de cr\u00e9ditos de energia renov\u00e1vel. Os cr\u00e9ditos s\u00e3o gerados a partir da certifica\u00e7\u00e3o I-REC, sistema reconhecido por cerca de 70 pa\u00edses que comprova a gera\u00e7\u00e3o de energia limpa por meio da rastreabilidade de sua origem. A certifica\u00e7\u00e3o foi obtida pela Tereos em 2021 e garante que a energia el\u00e9trica gerada pela empresa \u00e9 proveniente de fonte renov\u00e1vel \u2013 no caso, a biomassa da cana-de-a\u00e7\u00facar.<\/p>\n<p>Gustavo Segantini, diretor comercial da Tereos, aponta que a sustentabilidade \u00e9 um dos principais pilares da companhia, que vem firmando, desde o ano passado, importantes acordos com eventos culturais e esportivos para levar energia renov\u00e1vel para esses espa\u00e7os. \u201cAgora, com a parceria com o Country Bulls, atingimos um novo segmento de eventos. \u00c9 bastante gratificante contar com cada vez mais parceiros que estejam engajados em diminuir o impacto ambiental de seus eventos\u201d, complementa.<\/p>\n<p>Segundo Paulo Em\u00edlio, presidente do Country Bulls, a parceria \u00e9 in\u00e9dita no segmento. &#8220;Incentivar o desenvolvimento sustent\u00e1vel tamb\u00e9m \u00e9 um dos objetos do mercado de eventos. A compensa\u00e7\u00e3o de carbono \u00e9 essencial para a redu\u00e7\u00e3o da emiss\u00e3o de gases nocivos e diminui\u00e7\u00e3o dos impactos ambientais. Estou muito satisfeito com essa parceria&#8221;, afirmou.<\/p>\n<p>O an\u00fancio da parceria ocorreu na noite desta ter\u00e7a-feira, dia 13 de junho, durante o lan\u00e7amento da festa, em Rio Preto.<\/p>\n<p><strong>Pioneirismo sustent\u00e1vel<\/strong><\/p>\n<p>Ciente da import\u00e2ncia da sustentabilidade em seu neg\u00f3cio, a Tereos \u00e9 considerada pioneira em certificar o uso de energia el\u00e9trica em grandes eventos que, por meio dos cr\u00e9ditos de energia renov\u00e1vel para compensa\u00e7\u00e3o de carbono, refor\u00e7am seus valores ESG e o compromisso em reduzir o impacto ambiental das atra\u00e7\u00f5es.<\/p>\n<p>No ano passado, a Tereos firmou parceria com o festival Jo\u00e3o Rock, Coala Festival, S\u00e3o Paulo Oktoberfest, Camarote Brahma do Carnaval de S\u00e3o Paulo e com o evento de 50 anos do GP de F\u00f3rmula 1 no Brasil.<\/p>\n<p><strong>Country Bulls<\/strong><\/p>\n<p>O Rio Preto Country Bulls deste ano acontece entre os dias 12 e 16 de julho, no Recinto de Exposi\u00e7\u00f5es Alberto Bertelli Lucatto, em Rio Preto. Abrindo a programa\u00e7\u00e3o, no dia 12 de julho, na Quarta-feira Solid\u00e1ria ao HB, shows com as duplas Israel &amp; Rodolffo e Guilherme &amp; Santiago.<\/p>\n<p>Na quinta-feira, dia 13, Ana Castela se apresentar\u00e1 pela primeira vez em Rio Preto. Na mesma noite, Clayton &amp; Rom\u00e1rio trazem seus hits e releituras dos cl\u00e1ssicos do sertanejo na nova turn\u00ea \u201cAmanhecer\u201d e prometem um show madrugada adentro. J\u00e1 no dia 14 de julho, na sexta-feira, Jorge &amp; Mateus e \u00cdcaro &amp; Gilmar cantam suas m\u00fasicas que fazem parte da playlist de todo amante do sertanejo.<\/p>\n<p>No s\u00e1bado, dia 15, mais duas apresenta\u00e7\u00f5es, com Z\u00e9 Neto &amp; Cristiano e Dennis DJ. Domingo, para encerrar a 25\u00aa edi\u00e7\u00e3o, Luan Santana chega a Rio Preto com os novos hits do \u00e1lbum Luan City.<\/p>\n"}]}},"yoast_head":"<!-- This site is optimized with the Yoast SEO plugin v23.7 - https:\/\/yoast.com\/wordpress\/plugins\/seo\/ -->\n<title>Tereos e Country Bulls fecham parceria para primeiro rodeio sustent\u00e1vel do Brasil - Brasil<\/title>\n<meta name=\"robots\" content=\"index, follow, max-snippet:-1, max-image-preview:large, max-video-preview:-1\" \/>\n<link rel=\"canonical\" href=\"https:\/\/br.tereos.com\/pt-pt\/press-releases\/tereos-e-country-bulls-fecham-parceria-para-primeiro-rodeio-sustentavel-do-brasil\/\" \/>\n<meta property=\"og:locale\" content=\"pt_PT\" \/>\n<meta property=\"og:type\" content=\"article\" \/>\n<meta property=\"og:title\" content=\"Tereos e Country Bulls fecham parceria para primeiro rodeio sustent\u00e1vel do Brasil - Brasil\" \/>\n<meta property=\"og:url\" content=\"https:\/\/br.tereos.com\/pt-pt\/press-releases\/tereos-e-country-bulls-fecham-parceria-para-primeiro-rodeio-sustentavel-do-brasil\/\" \/>\n<meta property=\"og:site_name\" content=\"Brasil\" \/>\n<meta property=\"article:modified_time\" content=\"2023-06-30T12:58:04+00:00\" \/>\n<meta property=\"og:image\" content=\"https:\/\/www.tereos.com\/app\/uploads\/sites\/7\/2023\/06\/country-bulls-scaled.jpg\" \/>\n\t<meta property=\"og:image:width\" content=\"2560\" \/>\n\t<meta property=\"og:image:height\" content=\"1440\" \/>\n\t<meta property=\"og:image:type\" content=\"image\/jpeg\" \/>\n<meta name=\"twitter:card\" content=\"summary_large_image\" \/>\n<script type=\"application\/ld+json\" class=\"yoast-schema-graph\">{\"@context\":\"https:\/\/schema.org\",\"@graph\":[{\"@type\":\"WebPage\",\"@id\":\"https:\/\/br.tereos.com\/pt-pt\/press-releases\/tereos-e-country-bulls-fecham-parceria-para-primeiro-rodeio-sustentavel-do-brasil\/\",\"url\":\"https:\/\/br.tereos.com\/pt-pt\/press-releases\/tereos-e-country-bulls-fecham-parceria-para-primeiro-rodeio-sustentavel-do-brasil\/\",\"name\":\"Tereos e Country Bulls fecham parceria para primeiro rodeio sustent\u00e1vel do Brasil - Brasil\",\"isPartOf\":{\"@id\":\"https:\/\/br.tereos.com\/pt-pt\/#website\"},\"primaryImageOfPage\":{\"@id\":\"https:\/\/br.tereos.com\/pt-pt\/press-releases\/tereos-e-country-bulls-fecham-parceria-para-primeiro-rodeio-sustentavel-do-brasil\/#primaryimage\"},\"image\":{\"@id\":\"https:\/\/br.tereos.com\/pt-pt\/press-releases\/tereos-e-country-bulls-fecham-parceria-para-primeiro-rodeio-sustentavel-do-brasil\/#primaryimage\"},\"thumbnailUrl\":\"https:\/\/www.tereos.com\/app\/uploads\/sites\/7\/2023\/06\/country-bulls-scaled.jpg\",\"datePublished\":\"2023-06-14T12:51:25+00:00\",\"dateModified\":\"2023-06-30T12:58:04+00:00\",\"breadcrumb\":{\"@id\":\"https:\/\/br.tereos.com\/pt-pt\/press-releases\/tereos-e-country-bulls-fecham-parceria-para-primeiro-rodeio-sustentavel-do-brasil\/#breadcrumb\"},\"inLanguage\":\"pt-PT\",\"potentialAction\":[{\"@type\":\"ReadAction\",\"target\":[\"https:\/\/br.tereos.com\/pt-pt\/press-releases\/tereos-e-country-bulls-fecham-parceria-para-primeiro-rodeio-sustentavel-do-brasil\/\"]}]},{\"@type\":\"ImageObject\",\"inLanguage\":\"pt-PT\",\"@id\":\"https:\/\/br.tereos.com\/pt-pt\/press-releases\/tereos-e-country-bulls-fecham-parceria-para-primeiro-rodeio-sustentavel-do-brasil\/#primaryimage\",\"url\":\"https:\/\/www.tereos.com\/app\/uploads\/sites\/7\/2023\/06\/country-bulls-scaled.jpg\",\"contentUrl\":\"https:\/\/www.tereos.com\/app\/uploads\/sites\/7\/2023\/06\/country-bulls-scaled.jpg\",\"width\":2560,\"height\":1440,\"caption\":\"DCIM100MEDIADJI_0493.JPG\"},{\"@type\":\"BreadcrumbList\",\"@id\":\"https:\/\/br.tereos.com\/pt-pt\/press-releases\/tereos-e-country-bulls-fecham-parceria-para-primeiro-rodeio-sustentavel-do-brasil\/#breadcrumb\",\"itemListElement\":[{\"@type\":\"ListItem\",\"position\":1,\"name\":\"Home\",\"item\":\"https:\/\/br.tereos.com\/pt-pt\/\"},{\"@type\":\"ListItem\",\"position\":2,\"name\":\"Tereos e Country Bulls fecham parceria para primeiro rodeio sustent\u00e1vel do Brasil\"}]},{\"@type\":\"WebSite\",\"@id\":\"https:\/\/br.tereos.com\/pt-pt\/#website\",\"url\":\"https:\/\/br.tereos.com\/pt-pt\/\",\"name\":\"Brasil\",\"description\":\"Un site utilisant WordPress\",\"potentialAction\":[{\"@type\":\"SearchAction\",\"target\":{\"@type\":\"EntryPoint\",\"urlTemplate\":\"https:\/\/br.tereos.com\/pt-pt\/?s={search_term_string}\"},\"query-input\":{\"@type\":\"PropertyValueSpecification\",\"valueRequired\":true,\"valueName\":\"search_term_string\"}}],\"inLanguage\":\"pt-PT\"}]}<\/script>\n<!-- \/ Yoast SEO plugin. -->","yoast_head_json":{"title":"Tereos e Country Bulls fecham parceria para primeiro rodeio sustent\u00e1vel do Brasil - Brasil","robots":{"index":"index","follow":"follow","max-snippet":"max-snippet:-1","max-image-preview":"max-image-preview:large","max-video-preview":"max-video-preview:-1"},"canonical":"https:\/\/br.tereos.com\/pt-pt\/press-releases\/tereos-e-country-bulls-fecham-parceria-para-primeiro-rodeio-sustentavel-do-brasil\/","og_locale":"pt_PT","og_type":"article","og_title":"Tereos e Country Bulls fecham parceria para primeiro rodeio sustent\u00e1vel do Brasil - Brasil","og_url":"https:\/\/br.tereos.com\/pt-pt\/press-releases\/tereos-e-country-bulls-fecham-parceria-para-primeiro-rodeio-sustentavel-do-brasil\/","og_site_name":"Brasil","article_modified_time":"2023-06-30T12:58:04+00:00","og_image":[{"width":2560,"height":1440,"url":"https:\/\/www.tereos.com\/app\/uploads\/sites\/7\/2023\/06\/country-bulls-scaled.jpg","type":"image\/jpeg"}],"twitter_card":"summary_large_image","schema":{"@context":"https:\/\/schema.org","@graph":[{"@type":"WebPage","@id":"https:\/\/br.tereos.com\/pt-pt\/press-releases\/tereos-e-country-bulls-fecham-parceria-para-primeiro-rodeio-sustentavel-do-brasil\/","url":"https:\/\/br.tereos.com\/pt-pt\/press-releases\/tereos-e-country-bulls-fecham-parceria-para-primeiro-rodeio-sustentavel-do-brasil\/","name":"Tereos e Country Bulls fecham parceria para primeiro rodeio sustent\u00e1vel do Brasil - Brasil","isPartOf":{"@id":"https:\/\/br.tereos.com\/pt-pt\/#website"},"primaryImageOfPage":{"@id":"https:\/\/br.tereos.com\/pt-pt\/press-releases\/tereos-e-country-bulls-fecham-parceria-para-primeiro-rodeio-sustentavel-do-brasil\/#primaryimage"},"image":{"@id":"https:\/\/br.tereos.com\/pt-pt\/press-releases\/tereos-e-country-bulls-fecham-parceria-para-primeiro-rodeio-sustentavel-do-brasil\/#primaryimage"},"thumbnailUrl":"https:\/\/www.tereos.com\/app\/uploads\/sites\/7\/2023\/06\/country-bulls-scaled.jpg","datePublished":"2023-06-14T12:51:25+00:00","dateModified":"2023-06-30T12:58:04+00:00","breadcrumb":{"@id":"https:\/\/br.tereos.com\/pt-pt\/press-releases\/tereos-e-country-bulls-fecham-parceria-para-primeiro-rodeio-sustentavel-do-brasil\/#breadcrumb"},"inLanguage":"pt-PT","potentialAction":[{"@type":"ReadAction","target":["https:\/\/br.tereos.com\/pt-pt\/press-releases\/tereos-e-country-bulls-fecham-parceria-para-primeiro-rodeio-sustentavel-do-brasil\/"]}]},{"@type":"ImageObject","inLanguage":"pt-PT","@id":"https:\/\/br.tereos.com\/pt-pt\/press-releases\/tereos-e-country-bulls-fecham-parceria-para-primeiro-rodeio-sustentavel-do-brasil\/#primaryimage","url":"https:\/\/www.tereos.com\/app\/uploads\/sites\/7\/2023\/06\/country-bulls-scaled.jpg","contentUrl":"https:\/\/www.tereos.com\/app\/uploads\/sites\/7\/2023\/06\/country-bulls-scaled.jpg","width":2560,"height":1440,"caption":"DCIM100MEDIADJI_0493.JPG"},{"@type":"BreadcrumbList","@id":"https:\/\/br.tereos.com\/pt-pt\/press-releases\/tereos-e-country-bulls-fecham-parceria-para-primeiro-rodeio-sustentavel-do-brasil\/#breadcrumb","itemListElement":[{"@type":"ListItem","position":1,"name":"Home","item":"https:\/\/br.tereos.com\/pt-pt\/"},{"@type":"ListItem","position":2,"name":"Tereos e Country Bulls fecham parceria para primeiro rodeio sustent\u00e1vel do Brasil"}]},{"@type":"WebSite","@id":"https:\/\/br.tereos.com\/pt-pt\/#website","url":"https:\/\/br.tereos.com\/pt-pt\/","name":"Brasil","description":"Un site utilisant WordPress","potentialAction":[{"@type":"SearchAction","target":{"@type":"EntryPoint","urlTemplate":"https:\/\/br.tereos.com\/pt-pt\/?s={search_term_string}"},"query-input":{"@type":"PropertyValueSpecification","valueRequired":true,"valueName":"search_term_string"}}],"inLanguage":"pt-PT"}]}},"featured_media_src":"https:\/\/www.tereos.com\/app\/uploads\/sites\/7\/2023\/06\/country-bulls-scaled-520x390-c-default.jpg","date_formatted":"14 June 2023 ","_links":{"self":[{"href":"https:\/\/br.tereos.com\/pt-pt\/wp-json\/wp\/v2\/press-release\/9907"}],"collection":[{"href":"https:\/\/br.tereos.com\/pt-pt\/wp-json\/wp\/v2\/press-release"}],"about":[{"href":"https:\/\/br.tereos.com\/pt-pt\/wp-json\/wp\/v2\/types\/press_release"}],"author":[{"embeddable":true,"href":"https:\/\/br.tereos.com\/pt-pt\/wp-json\/wp\/v2\/users\/278"}],"version-history":[{"count":1,"href":"https:\/\/br.tereos.com\/pt-pt\/wp-json\/wp\/v2\/press-release\/9907\/revisions"}],"predecessor-version":[{"id":9910,"href":"https:\/\/br.tereos.com\/pt-pt\/wp-json\/wp\/v2\/press-release\/9907\/revisions\/9910"}],"wp:featuredmedia":[{"embeddable":true,"href":"https:\/\/br.tereos.com\/pt-pt\/wp-json\/wp\/v2\/media\/9909"}],"wp:attachment":[{"href":"https:\/\/br.tereos.com\/pt-pt\/wp-json\/wp\/v2\/media?parent=9907"}],"wp:term":[{"taxonomy":"category","embeddable":true,"href":"https:\/\/br.tereos.com\/pt-pt\/wp-json\/wp\/v2\/categories?post=9907"}],"curies":[{"name":"wp","href":"https:\/\/api.w.org\/{rel}","templated":true}]}}