{"id":9903,"date":"2023-06-05T14:43:22","date_gmt":"2023-06-05T12:43:22","guid":{"rendered":"https:\/\/br.tereos.com\/?post_type=press_release&#038;p=9903"},"modified":"2023-06-30T14:46:57","modified_gmt":"2023-06-30T12:46:57","slug":"no-dia-do-meio-ambiente-tereos-promove-visita-ao-seu-viveiro-de-mudas","status":"publish","type":"press_release","link":"https:\/\/br.tereos.com\/pt-pt\/press-releases\/no-dia-do-meio-ambiente-tereos-promove-visita-ao-seu-viveiro-de-mudas\/","title":{"rendered":"No Dia do Meio Ambiente, Tereos promove visita ao seu viveiro de mudas"},"author":278,"featured_media":9905,"template":"","categories":[],"class_list":["post-9903","press_release","type-press_release","status-publish","has-post-thumbnail","hentry"],"acf":{"cover_image":9905,"cover_clone":{"cover_image":9905},"file":{"ID":9904,"id":9904,"title":"No Dia do Meio Ambiente, Tereos promove visita ao seu viveiro de mudas","filename":"no-dia-do-meio-ambiente-tereos-promove-visita-ao-seu-viveiro-de-mudas.pdf","filesize":60574,"url":"https:\/\/www.tereos.com\/app\/uploads\/sites\/7\/2023\/06\/no-dia-do-meio-ambiente-tereos-promove-visita-ao-seu-viveiro-de-mudas.pdf","link":"https:\/\/br.tereos.com\/pt-pt\/press-releases\/no-dia-do-meio-ambiente-tereos-promove-visita-ao-seu-viveiro-de-mudas\/no-dia-do-meio-ambiente-tereos-promove-visita-ao-seu-viveiro-de-mudas\/","alt":"","author":"278","description":"","caption":"","name":"no-dia-do-meio-ambiente-tereos-promove-visita-ao-seu-viveiro-de-mudas","status":"inherit","uploaded_to":9903,"date":"2023-06-30 12:45:23","modified":"2023-06-30 12:45:23","menu_order":0,"mime_type":"application\/pdf","type":"application","subtype":"pdf","icon":"https:\/\/br.tereos.com\/wp\/wp-includes\/images\/media\/document.png"},"pdf_clone":{"file":{"ID":9904,"id":9904,"title":"No Dia do Meio Ambiente, Tereos promove visita ao seu viveiro de mudas","filename":"no-dia-do-meio-ambiente-tereos-promove-visita-ao-seu-viveiro-de-mudas.pdf","filesize":60574,"url":"https:\/\/www.tereos.com\/app\/uploads\/sites\/7\/2023\/06\/no-dia-do-meio-ambiente-tereos-promove-visita-ao-seu-viveiro-de-mudas.pdf","link":"https:\/\/br.tereos.com\/pt-pt\/press-releases\/no-dia-do-meio-ambiente-tereos-promove-visita-ao-seu-viveiro-de-mudas\/no-dia-do-meio-ambiente-tereos-promove-visita-ao-seu-viveiro-de-mudas\/","alt":"","author":"278","description":"","caption":"","name":"no-dia-do-meio-ambiente-tereos-promove-visita-ao-seu-viveiro-de-mudas","status":"inherit","uploaded_to":9903,"date":"2023-06-30 12:45:23","modified":"2023-06-30 12:45:23","menu_order":0,"mime_type":"application\/pdf","type":"application","subtype":"pdf","icon":"https:\/\/br.tereos.com\/wp\/wp-includes\/images\/media\/document.png"}},"headline":"Alunos de escola t\u00e9cnica de Ol\u00edmpia, assim como jovens da Funda\u00e7\u00e3o Projeto Pescar, participaram da iniciativa ","headline_clone":{"headline":"Alunos de escola t\u00e9cnica de Ol\u00edmpia, assim como jovens da Funda\u00e7\u00e3o Projeto Pescar, participaram da iniciativa "},"has_anchors":false,"sections":[{"acf_fc_layout":"rich_text","anchor_title":"","text":"<p><strong>Ol\u00edmpia, 05 de junho de 2023 &#8211;<\/strong> Em comemora\u00e7\u00e3o ao Dia do Meio Ambiente, celebrado em 5 de junho, a Tereos, empresa l\u00edder no pa\u00eds na produ\u00e7\u00e3o de a\u00e7\u00facar, etanol e energia a partir da biomassa da cana, promoveu uma visita ao seu viveiro de mudas, localizado na unidade Cruz Alta, em Ol\u00edmpia (SP). Alunos da Escola T\u00e9cnica Professor Jos\u00e9 Carlos Seno J\u00fanior, de Ol\u00edmpia, assim como jovens do Projeto Pescar, participaram da visita.<\/p>\n<p>Os estudantes tiveram a oportunidade de conhecer as instala\u00e7\u00f5es do viveiro de mudas, as esp\u00e9cies de \u00e1rvores nativas cultivadas no local, assim como obter mais informa\u00e7\u00f5es sobre os projetos de reflorestamento e recupera\u00e7\u00e3o de nascentes mantidos pela Tereos no entorno de suas unidades no noroeste paulista.<\/p>\n<p>No viveiro, os alunos tamb\u00e9m puderam conhecer o Hotel de Abelhas utilizado para abrigo de abelhas solit\u00e1rias, que n\u00e3o produzem mel, mas que possuem grande import\u00e2ncia ecol\u00f3gica e polinizadora. A estrutura faz parte de um projeto permanente da Tereos na regi\u00e3o para preserva\u00e7\u00e3o dos insetos, que contempla tamb\u00e9m orienta\u00e7\u00f5es e treinamentos para apicultores.<\/p>\n<p>Ao final da visita, os participantes foram presenteados com uma muda de \u00e1rvore.<\/p>\n<p><strong>Viveiro de mudas<\/strong><\/p>\n<p>Desde 2014, o viveiro, localizado na unidade Cruz Alta, em Ol\u00edmpia, j\u00e1 produziu mais de 1 milh\u00e3o de mudas de at\u00e9 80 esp\u00e9cies de plantas nativas, direcionadas para reflorestamento e recupera\u00e7\u00e3o de nascentes, projetos da empresa e, tamb\u00e9m, de fornecedores, parceiros, \u00f3rg\u00e3os ambientais e prefeituras das regi\u00f5es em que a Tereos atua.<\/p>\n"}],"flexible_editorial_clone":{"has_anchors":false,"sections":[{"acf_fc_layout":"rich_text","anchor_title":"","text":"<p><strong>Ol\u00edmpia, 05 de junho de 2023 &#8211;<\/strong> Em comemora\u00e7\u00e3o ao Dia do Meio Ambiente, celebrado em 5 de junho, a Tereos, empresa l\u00edder no pa\u00eds na produ\u00e7\u00e3o de a\u00e7\u00facar, etanol e energia a partir da biomassa da cana, promoveu uma visita ao seu viveiro de mudas, localizado na unidade Cruz Alta, em Ol\u00edmpia (SP). Alunos da Escola T\u00e9cnica Professor Jos\u00e9 Carlos Seno J\u00fanior, de Ol\u00edmpia, assim como jovens do Projeto Pescar, participaram da visita.<\/p>\n<p>Os estudantes tiveram a oportunidade de conhecer as instala\u00e7\u00f5es do viveiro de mudas, as esp\u00e9cies de \u00e1rvores nativas cultivadas no local, assim como obter mais informa\u00e7\u00f5es sobre os projetos de reflorestamento e recupera\u00e7\u00e3o de nascentes mantidos pela Tereos no entorno de suas unidades no noroeste paulista.<\/p>\n<p>No viveiro, os alunos tamb\u00e9m puderam conhecer o Hotel de Abelhas utilizado para abrigo de abelhas solit\u00e1rias, que n\u00e3o produzem mel, mas que possuem grande import\u00e2ncia ecol\u00f3gica e polinizadora. A estrutura faz parte de um projeto permanente da Tereos na regi\u00e3o para preserva\u00e7\u00e3o dos insetos, que contempla tamb\u00e9m orienta\u00e7\u00f5es e treinamentos para apicultores.<\/p>\n<p>Ao final da visita, os participantes foram presenteados com uma muda de \u00e1rvore.<\/p>\n<p><strong>Viveiro de mudas<\/strong><\/p>\n<p>Desde 2014, o viveiro, localizado na unidade Cruz Alta, em Ol\u00edmpia, j\u00e1 produziu mais de 1 milh\u00e3o de mudas de at\u00e9 80 esp\u00e9cies de plantas nativas, direcionadas para reflorestamento e recupera\u00e7\u00e3o de nascentes, projetos da empresa e, tamb\u00e9m, de fornecedores, parceiros, \u00f3rg\u00e3os ambientais e prefeituras das regi\u00f5es em que a Tereos atua.<\/p>\n"}]}},"yoast_head":"<!-- This site is optimized with the Yoast SEO plugin v23.7 - https:\/\/yoast.com\/wordpress\/plugins\/seo\/ -->\n<title>No Dia do Meio Ambiente, Tereos promove visita ao seu viveiro de mudas - Brasil<\/title>\n<meta name=\"robots\" content=\"index, follow, max-snippet:-1, max-image-preview:large, max-video-preview:-1\" \/>\n<link rel=\"canonical\" href=\"https:\/\/br.tereos.com\/pt-pt\/press-releases\/no-dia-do-meio-ambiente-tereos-promove-visita-ao-seu-viveiro-de-mudas\/\" \/>\n<meta property=\"og:locale\" content=\"pt_PT\" \/>\n<meta property=\"og:type\" content=\"article\" \/>\n<meta property=\"og:title\" content=\"No Dia do Meio Ambiente, Tereos promove visita ao seu viveiro de mudas - Brasil\" \/>\n<meta property=\"og:url\" content=\"https:\/\/br.tereos.com\/pt-pt\/press-releases\/no-dia-do-meio-ambiente-tereos-promove-visita-ao-seu-viveiro-de-mudas\/\" \/>\n<meta property=\"og:site_name\" content=\"Brasil\" \/>\n<meta property=\"article:modified_time\" content=\"2023-06-30T12:46:57+00:00\" \/>\n<meta property=\"og:image\" content=\"https:\/\/www.tereos.com\/app\/uploads\/sites\/7\/2023\/06\/microsoftteams-image-25.jpg\" \/>\n\t<meta property=\"og:image:width\" content=\"2016\" \/>\n\t<meta property=\"og:image:height\" content=\"1512\" \/>\n\t<meta property=\"og:image:type\" content=\"image\/jpeg\" \/>\n<meta name=\"twitter:card\" content=\"summary_large_image\" \/>\n<script type=\"application\/ld+json\" class=\"yoast-schema-graph\">{\"@context\":\"https:\/\/schema.org\",\"@graph\":[{\"@type\":\"WebPage\",\"@id\":\"https:\/\/br.tereos.com\/pt-pt\/press-releases\/no-dia-do-meio-ambiente-tereos-promove-visita-ao-seu-viveiro-de-mudas\/\",\"url\":\"https:\/\/br.tereos.com\/pt-pt\/press-releases\/no-dia-do-meio-ambiente-tereos-promove-visita-ao-seu-viveiro-de-mudas\/\",\"name\":\"No Dia do Meio Ambiente, Tereos promove visita ao seu viveiro de mudas - Brasil\",\"isPartOf\":{\"@id\":\"https:\/\/br.tereos.com\/pt-pt\/#website\"},\"primaryImageOfPage\":{\"@id\":\"https:\/\/br.tereos.com\/pt-pt\/press-releases\/no-dia-do-meio-ambiente-tereos-promove-visita-ao-seu-viveiro-de-mudas\/#primaryimage\"},\"image\":{\"@id\":\"https:\/\/br.tereos.com\/pt-pt\/press-releases\/no-dia-do-meio-ambiente-tereos-promove-visita-ao-seu-viveiro-de-mudas\/#primaryimage\"},\"thumbnailUrl\":\"https:\/\/www.tereos.com\/app\/uploads\/sites\/7\/2023\/06\/microsoftteams-image-25.jpg\",\"datePublished\":\"2023-06-05T12:43:22+00:00\",\"dateModified\":\"2023-06-30T12:46:57+00:00\",\"breadcrumb\":{\"@id\":\"https:\/\/br.tereos.com\/pt-pt\/press-releases\/no-dia-do-meio-ambiente-tereos-promove-visita-ao-seu-viveiro-de-mudas\/#breadcrumb\"},\"inLanguage\":\"pt-PT\",\"potentialAction\":[{\"@type\":\"ReadAction\",\"target\":[\"https:\/\/br.tereos.com\/pt-pt\/press-releases\/no-dia-do-meio-ambiente-tereos-promove-visita-ao-seu-viveiro-de-mudas\/\"]}]},{\"@type\":\"ImageObject\",\"inLanguage\":\"pt-PT\",\"@id\":\"https:\/\/br.tereos.com\/pt-pt\/press-releases\/no-dia-do-meio-ambiente-tereos-promove-visita-ao-seu-viveiro-de-mudas\/#primaryimage\",\"url\":\"https:\/\/www.tereos.com\/app\/uploads\/sites\/7\/2023\/06\/microsoftteams-image-25.jpg\",\"contentUrl\":\"https:\/\/www.tereos.com\/app\/uploads\/sites\/7\/2023\/06\/microsoftteams-image-25.jpg\",\"width\":2016,\"height\":1512},{\"@type\":\"BreadcrumbList\",\"@id\":\"https:\/\/br.tereos.com\/pt-pt\/press-releases\/no-dia-do-meio-ambiente-tereos-promove-visita-ao-seu-viveiro-de-mudas\/#breadcrumb\",\"itemListElement\":[{\"@type\":\"ListItem\",\"position\":1,\"name\":\"Home\",\"item\":\"https:\/\/br.tereos.com\/pt-pt\/\"},{\"@type\":\"ListItem\",\"position\":2,\"name\":\"No Dia do Meio Ambiente, Tereos promove visita ao seu viveiro de mudas\"}]},{\"@type\":\"WebSite\",\"@id\":\"https:\/\/br.tereos.com\/pt-pt\/#website\",\"url\":\"https:\/\/br.tereos.com\/pt-pt\/\",\"name\":\"Brasil\",\"description\":\"Un site utilisant WordPress\",\"potentialAction\":[{\"@type\":\"SearchAction\",\"target\":{\"@type\":\"EntryPoint\",\"urlTemplate\":\"https:\/\/br.tereos.com\/pt-pt\/?s={search_term_string}\"},\"query-input\":{\"@type\":\"PropertyValueSpecification\",\"valueRequired\":true,\"valueName\":\"search_term_string\"}}],\"inLanguage\":\"pt-PT\"}]}<\/script>\n<!-- \/ Yoast SEO plugin. -->","yoast_head_json":{"title":"No Dia do Meio Ambiente, Tereos promove visita ao seu viveiro de mudas - Brasil","robots":{"index":"index","follow":"follow","max-snippet":"max-snippet:-1","max-image-preview":"max-image-preview:large","max-video-preview":"max-video-preview:-1"},"canonical":"https:\/\/br.tereos.com\/pt-pt\/press-releases\/no-dia-do-meio-ambiente-tereos-promove-visita-ao-seu-viveiro-de-mudas\/","og_locale":"pt_PT","og_type":"article","og_title":"No Dia do Meio Ambiente, Tereos promove visita ao seu viveiro de mudas - Brasil","og_url":"https:\/\/br.tereos.com\/pt-pt\/press-releases\/no-dia-do-meio-ambiente-tereos-promove-visita-ao-seu-viveiro-de-mudas\/","og_site_name":"Brasil","article_modified_time":"2023-06-30T12:46:57+00:00","og_image":[{"width":2016,"height":1512,"url":"https:\/\/www.tereos.com\/app\/uploads\/sites\/7\/2023\/06\/microsoftteams-image-25.jpg","type":"image\/jpeg"}],"twitter_card":"summary_large_image","schema":{"@context":"https:\/\/schema.org","@graph":[{"@type":"WebPage","@id":"https:\/\/br.tereos.com\/pt-pt\/press-releases\/no-dia-do-meio-ambiente-tereos-promove-visita-ao-seu-viveiro-de-mudas\/","url":"https:\/\/br.tereos.com\/pt-pt\/press-releases\/no-dia-do-meio-ambiente-tereos-promove-visita-ao-seu-viveiro-de-mudas\/","name":"No Dia do Meio Ambiente, Tereos promove visita ao seu viveiro de mudas - Brasil","isPartOf":{"@id":"https:\/\/br.tereos.com\/pt-pt\/#website"},"primaryImageOfPage":{"@id":"https:\/\/br.tereos.com\/pt-pt\/press-releases\/no-dia-do-meio-ambiente-tereos-promove-visita-ao-seu-viveiro-de-mudas\/#primaryimage"},"image":{"@id":"https:\/\/br.tereos.com\/pt-pt\/press-releases\/no-dia-do-meio-ambiente-tereos-promove-visita-ao-seu-viveiro-de-mudas\/#primaryimage"},"thumbnailUrl":"https:\/\/www.tereos.com\/app\/uploads\/sites\/7\/2023\/06\/microsoftteams-image-25.jpg","datePublished":"2023-06-05T12:43:22+00:00","dateModified":"2023-06-30T12:46:57+00:00","breadcrumb":{"@id":"https:\/\/br.tereos.com\/pt-pt\/press-releases\/no-dia-do-meio-ambiente-tereos-promove-visita-ao-seu-viveiro-de-mudas\/#breadcrumb"},"inLanguage":"pt-PT","potentialAction":[{"@type":"ReadAction","target":["https:\/\/br.tereos.com\/pt-pt\/press-releases\/no-dia-do-meio-ambiente-tereos-promove-visita-ao-seu-viveiro-de-mudas\/"]}]},{"@type":"ImageObject","inLanguage":"pt-PT","@id":"https:\/\/br.tereos.com\/pt-pt\/press-releases\/no-dia-do-meio-ambiente-tereos-promove-visita-ao-seu-viveiro-de-mudas\/#primaryimage","url":"https:\/\/www.tereos.com\/app\/uploads\/sites\/7\/2023\/06\/microsoftteams-image-25.jpg","contentUrl":"https:\/\/www.tereos.com\/app\/uploads\/sites\/7\/2023\/06\/microsoftteams-image-25.jpg","width":2016,"height":1512},{"@type":"BreadcrumbList","@id":"https:\/\/br.tereos.com\/pt-pt\/press-releases\/no-dia-do-meio-ambiente-tereos-promove-visita-ao-seu-viveiro-de-mudas\/#breadcrumb","itemListElement":[{"@type":"ListItem","position":1,"name":"Home","item":"https:\/\/br.tereos.com\/pt-pt\/"},{"@type":"ListItem","position":2,"name":"No Dia do Meio Ambiente, Tereos promove visita ao seu viveiro de mudas"}]},{"@type":"WebSite","@id":"https:\/\/br.tereos.com\/pt-pt\/#website","url":"https:\/\/br.tereos.com\/pt-pt\/","name":"Brasil","description":"Un site utilisant WordPress","potentialAction":[{"@type":"SearchAction","target":{"@type":"EntryPoint","urlTemplate":"https:\/\/br.tereos.com\/pt-pt\/?s={search_term_string}"},"query-input":{"@type":"PropertyValueSpecification","valueRequired":true,"valueName":"search_term_string"}}],"inLanguage":"pt-PT"}]}},"featured_media_src":"https:\/\/www.tereos.com\/app\/uploads\/sites\/7\/2023\/06\/microsoftteams-image-25-520x390-c-default.jpg","date_formatted":"5 June 2023 ","_links":{"self":[{"href":"https:\/\/br.tereos.com\/pt-pt\/wp-json\/wp\/v2\/press-release\/9903"}],"collection":[{"href":"https:\/\/br.tereos.com\/pt-pt\/wp-json\/wp\/v2\/press-release"}],"about":[{"href":"https:\/\/br.tereos.com\/pt-pt\/wp-json\/wp\/v2\/types\/press_release"}],"author":[{"embeddable":true,"href":"https:\/\/br.tereos.com\/pt-pt\/wp-json\/wp\/v2\/users\/278"}],"version-history":[{"count":1,"href":"https:\/\/br.tereos.com\/pt-pt\/wp-json\/wp\/v2\/press-release\/9903\/revisions"}],"predecessor-version":[{"id":9906,"href":"https:\/\/br.tereos.com\/pt-pt\/wp-json\/wp\/v2\/press-release\/9903\/revisions\/9906"}],"wp:featuredmedia":[{"embeddable":true,"href":"https:\/\/br.tereos.com\/pt-pt\/wp-json\/wp\/v2\/media\/9905"}],"wp:attachment":[{"href":"https:\/\/br.tereos.com\/pt-pt\/wp-json\/wp\/v2\/media?parent=9903"}],"wp:term":[{"taxonomy":"category","embeddable":true,"href":"https:\/\/br.tereos.com\/pt-pt\/wp-json\/wp\/v2\/categories?post=9903"}],"curies":[{"name":"wp","href":"https:\/\/api.w.org\/{rel}","templated":true}]}}