{"id":9861,"date":"2023-04-10T14:22:24","date_gmt":"2023-04-10T12:22:24","guid":{"rendered":"https:\/\/br.tereos.com\/?post_type=press_release&#038;p=9861"},"modified":"2023-04-17T14:25:52","modified_gmt":"2023-04-17T12:25:52","slug":"tereos-abre-mais-de-100-vagas-para-o-programa-de-estagio-jovens-talentos-23-24","status":"publish","type":"press_release","link":"https:\/\/br.tereos.com\/pt-pt\/press-releases\/tereos-abre-mais-de-100-vagas-para-o-programa-de-estagio-jovens-talentos-23-24\/","title":{"rendered":"Tereos abre mais de 100 vagas para o Programa de Est\u00e1gio Jovens Talentos 23\/24"},"author":278,"featured_media":9863,"template":"","categories":[],"class_list":["post-9861","press_release","type-press_release","status-publish","has-post-thumbnail","hentry"],"acf":{"cover_image":9863,"cover_clone":{"cover_image":9863},"file":{"ID":9862,"id":9862,"title":"Tereos abre mais de 100 vagas para o Programa de Est\u00e1gio Jovens Talentos 23-24","filename":"tereos-abre-mais-de-100-vagas-para-o-programa-de-estagio-jovens-talentos-23-24.pdf","filesize":196122,"url":"https:\/\/www.tereos.com\/app\/uploads\/sites\/7\/2023\/04\/tereos-abre-mais-de-100-vagas-para-o-programa-de-estagio-jovens-talentos-23-24.pdf","link":"https:\/\/br.tereos.com\/pt-pt\/press-releases\/tereos-abre-mais-de-100-vagas-para-o-programa-de-estagio-jovens-talentos-23-24\/tereos-abre-mais-de-100-vagas-para-o-programa-de-estagio-jovens-talentos-23-24\/","alt":"","author":"278","description":"","caption":"","name":"tereos-abre-mais-de-100-vagas-para-o-programa-de-estagio-jovens-talentos-23-24","status":"inherit","uploaded_to":9861,"date":"2023-04-17 12:18:22","modified":"2023-04-17 12:18:22","menu_order":0,"mime_type":"application\/pdf","type":"application","subtype":"pdf","icon":"https:\/\/br.tereos.com\/wp\/wp-includes\/images\/media\/document.png"},"pdf_clone":{"file":{"ID":9862,"id":9862,"title":"Tereos abre mais de 100 vagas para o Programa de Est\u00e1gio Jovens Talentos 23-24","filename":"tereos-abre-mais-de-100-vagas-para-o-programa-de-estagio-jovens-talentos-23-24.pdf","filesize":196122,"url":"https:\/\/www.tereos.com\/app\/uploads\/sites\/7\/2023\/04\/tereos-abre-mais-de-100-vagas-para-o-programa-de-estagio-jovens-talentos-23-24.pdf","link":"https:\/\/br.tereos.com\/pt-pt\/press-releases\/tereos-abre-mais-de-100-vagas-para-o-programa-de-estagio-jovens-talentos-23-24\/tereos-abre-mais-de-100-vagas-para-o-programa-de-estagio-jovens-talentos-23-24\/","alt":"","author":"278","description":"","caption":"","name":"tereos-abre-mais-de-100-vagas-para-o-programa-de-estagio-jovens-talentos-23-24","status":"inherit","uploaded_to":9861,"date":"2023-04-17 12:18:22","modified":"2023-04-17 12:18:22","menu_order":0,"mime_type":"application\/pdf","type":"application","subtype":"pdf","icon":"https:\/\/br.tereos.com\/wp\/wp-includes\/images\/media\/document.png"}},"headline":"Programa tem vagas dispon\u00edveis para diversas \u00e1reas, com inscri\u00e7\u00f5es abertas at\u00e9 31 de maio","headline_clone":{"headline":"Programa tem vagas dispon\u00edveis para diversas \u00e1reas, com inscri\u00e7\u00f5es abertas at\u00e9 31 de maio"},"has_anchors":false,"sections":[{"acf_fc_layout":"rich_text","anchor_title":"","text":"<p><strong>S\u00e3o Paulo, 10 de abril de 2022<\/strong> \u2013 A Tereos, uma das empresas l\u00edderes na produ\u00e7\u00e3o de a\u00e7\u00facar, etanol e bioenergia, est\u00e1 com vagas abertas para seu <strong>Programa de Est\u00e1gio Jovens Talentos 2023\/2024<\/strong>.<\/p>\n<p>S\u00e3o mais de 130 vagas para estudantes universit\u00e1rios de diferentes \u00e1reas em todas suas unidades localizadas nas cidades de Colina, Gua\u00edra, Guaraci, Ol\u00edmpia, Palmital, Pitangueiras, S\u00e3o Jos\u00e9 do Rio Preto e Tanabi.<\/p>\n<p>Podem participar do processo seletivo estudantes universit\u00e1rios dos cursos de Administra\u00e7\u00e3o, Agronomia, Ci\u00eancias da Computa\u00e7\u00e3o, Com\u00e9rcio Exterior, Contabilidade, Direito, Economia, todas as Engenharias, Psicologia, Publicidade, Comunica\u00e7\u00e3o, Rela\u00e7\u00f5es Internacionais, Tecnologia da Informa\u00e7\u00e3o, Qu\u00edmica, entre outros.<\/p>\n<p>O programa, que inicia em agosto de 2023, tem dura\u00e7\u00e3o de 1 ano, com possibilidade de renova\u00e7\u00e3o. A companhia oferece remunera\u00e7\u00e3o compat\u00edvel com o mercado, al\u00e9m de benef\u00edcios como vale alimenta\u00e7\u00e3o, vale refei\u00e7\u00e3o ou restaurante dentro das unidades, vale transporte ou fretado e assist\u00eancia odontol\u00f3gica.<\/p>\n<p>Durante o programa, os estagi\u00e1rios t\u00eam a possibilidade de aprender v\u00e1rios temas e se desenvolver atrav\u00e9s de uma plataforma interativa de treinamentos, al\u00e9m de contarem com acompanhamento de desempenho e participa\u00e7\u00e3o em projetos das \u00e1reas de atua\u00e7\u00e3o.<\/p>\n<p>\u201cO Jovens Talentos \u00e9 uma oportunidade para que os estudantes de diversas \u00e1reas iniciem uma carreira de sucesso no agro. O programa possibilita que os estagi\u00e1rios conhe\u00e7am diferentes \u00e1reas da companhia, garantindo uma experi\u00eancia bastante enriquecedora para suas trajet\u00f3rias profissionais\u201d, afirma Rui Carvalho, Diretor de Recursos Humanos da Tereos.<\/p>\n<p><strong>Como se inscrever<\/strong><\/p>\n<p>Para participar do processo seletivo, os interessados devem se inscrever por meio do link: vagas.com.br\/v2505829. O processo seletivo ocorrer\u00e1 de forma remota.<\/p>\n<p>Temos vagas tanto na modalidade presencial quanto h\u00edbrida. Para ambas modalidades \u00e9 necess\u00e1rio residir na cidade de atua\u00e7\u00e3o.<\/p>\n"}],"flexible_editorial_clone":{"has_anchors":false,"sections":[{"acf_fc_layout":"rich_text","anchor_title":"","text":"<p><strong>S\u00e3o Paulo, 10 de abril de 2022<\/strong> \u2013 A Tereos, uma das empresas l\u00edderes na produ\u00e7\u00e3o de a\u00e7\u00facar, etanol e bioenergia, est\u00e1 com vagas abertas para seu <strong>Programa de Est\u00e1gio Jovens Talentos 2023\/2024<\/strong>.<\/p>\n<p>S\u00e3o mais de 130 vagas para estudantes universit\u00e1rios de diferentes \u00e1reas em todas suas unidades localizadas nas cidades de Colina, Gua\u00edra, Guaraci, Ol\u00edmpia, Palmital, Pitangueiras, S\u00e3o Jos\u00e9 do Rio Preto e Tanabi.<\/p>\n<p>Podem participar do processo seletivo estudantes universit\u00e1rios dos cursos de Administra\u00e7\u00e3o, Agronomia, Ci\u00eancias da Computa\u00e7\u00e3o, Com\u00e9rcio Exterior, Contabilidade, Direito, Economia, todas as Engenharias, Psicologia, Publicidade, Comunica\u00e7\u00e3o, Rela\u00e7\u00f5es Internacionais, Tecnologia da Informa\u00e7\u00e3o, Qu\u00edmica, entre outros.<\/p>\n<p>O programa, que inicia em agosto de 2023, tem dura\u00e7\u00e3o de 1 ano, com possibilidade de renova\u00e7\u00e3o. A companhia oferece remunera\u00e7\u00e3o compat\u00edvel com o mercado, al\u00e9m de benef\u00edcios como vale alimenta\u00e7\u00e3o, vale refei\u00e7\u00e3o ou restaurante dentro das unidades, vale transporte ou fretado e assist\u00eancia odontol\u00f3gica.<\/p>\n<p>Durante o programa, os estagi\u00e1rios t\u00eam a possibilidade de aprender v\u00e1rios temas e se desenvolver atrav\u00e9s de uma plataforma interativa de treinamentos, al\u00e9m de contarem com acompanhamento de desempenho e participa\u00e7\u00e3o em projetos das \u00e1reas de atua\u00e7\u00e3o.<\/p>\n<p>\u201cO Jovens Talentos \u00e9 uma oportunidade para que os estudantes de diversas \u00e1reas iniciem uma carreira de sucesso no agro. O programa possibilita que os estagi\u00e1rios conhe\u00e7am diferentes \u00e1reas da companhia, garantindo uma experi\u00eancia bastante enriquecedora para suas trajet\u00f3rias profissionais\u201d, afirma Rui Carvalho, Diretor de Recursos Humanos da Tereos.<\/p>\n<p><strong>Como se inscrever<\/strong><\/p>\n<p>Para participar do processo seletivo, os interessados devem se inscrever por meio do link: vagas.com.br\/v2505829. O processo seletivo ocorrer\u00e1 de forma remota.<\/p>\n<p>Temos vagas tanto na modalidade presencial quanto h\u00edbrida. Para ambas modalidades \u00e9 necess\u00e1rio residir na cidade de atua\u00e7\u00e3o.<\/p>\n"}]}},"yoast_head":"<!-- This site is optimized with the Yoast SEO plugin v23.7 - https:\/\/yoast.com\/wordpress\/plugins\/seo\/ -->\n<title>Tereos abre mais de 100 vagas para o Programa de Est\u00e1gio Jovens Talentos 23\/24 - Brasil<\/title>\n<meta name=\"robots\" content=\"index, follow, max-snippet:-1, max-image-preview:large, max-video-preview:-1\" \/>\n<link rel=\"canonical\" href=\"https:\/\/br.tereos.com\/pt-pt\/press-releases\/tereos-abre-mais-de-100-vagas-para-o-programa-de-estagio-jovens-talentos-23-24\/\" \/>\n<meta property=\"og:locale\" content=\"pt_PT\" \/>\n<meta property=\"og:type\" content=\"article\" \/>\n<meta property=\"og:title\" content=\"Tereos abre mais de 100 vagas para o Programa de Est\u00e1gio Jovens Talentos 23\/24 - Brasil\" \/>\n<meta property=\"og:url\" content=\"https:\/\/br.tereos.com\/pt-pt\/press-releases\/tereos-abre-mais-de-100-vagas-para-o-programa-de-estagio-jovens-talentos-23-24\/\" \/>\n<meta property=\"og:site_name\" content=\"Brasil\" \/>\n<meta property=\"article:modified_time\" content=\"2023-04-17T12:25:52+00:00\" \/>\n<meta property=\"og:image\" content=\"https:\/\/www.tereos.com\/app\/uploads\/sites\/7\/2023\/04\/dieg7332-scaled.jpg\" \/>\n\t<meta property=\"og:image:width\" content=\"2560\" \/>\n\t<meta property=\"og:image:height\" content=\"1707\" \/>\n\t<meta property=\"og:image:type\" content=\"image\/jpeg\" \/>\n<meta name=\"twitter:card\" content=\"summary_large_image\" \/>\n<script type=\"application\/ld+json\" class=\"yoast-schema-graph\">{\"@context\":\"https:\/\/schema.org\",\"@graph\":[{\"@type\":\"WebPage\",\"@id\":\"https:\/\/br.tereos.com\/pt-pt\/press-releases\/tereos-abre-mais-de-100-vagas-para-o-programa-de-estagio-jovens-talentos-23-24\/\",\"url\":\"https:\/\/br.tereos.com\/pt-pt\/press-releases\/tereos-abre-mais-de-100-vagas-para-o-programa-de-estagio-jovens-talentos-23-24\/\",\"name\":\"Tereos abre mais de 100 vagas para o Programa de Est\u00e1gio Jovens Talentos 23\/24 - Brasil\",\"isPartOf\":{\"@id\":\"https:\/\/br.tereos.com\/pt-pt\/#website\"},\"primaryImageOfPage\":{\"@id\":\"https:\/\/br.tereos.com\/pt-pt\/press-releases\/tereos-abre-mais-de-100-vagas-para-o-programa-de-estagio-jovens-talentos-23-24\/#primaryimage\"},\"image\":{\"@id\":\"https:\/\/br.tereos.com\/pt-pt\/press-releases\/tereos-abre-mais-de-100-vagas-para-o-programa-de-estagio-jovens-talentos-23-24\/#primaryimage\"},\"thumbnailUrl\":\"https:\/\/www.tereos.com\/app\/uploads\/sites\/7\/2023\/04\/dieg7332-scaled.jpg\",\"datePublished\":\"2023-04-10T12:22:24+00:00\",\"dateModified\":\"2023-04-17T12:25:52+00:00\",\"breadcrumb\":{\"@id\":\"https:\/\/br.tereos.com\/pt-pt\/press-releases\/tereos-abre-mais-de-100-vagas-para-o-programa-de-estagio-jovens-talentos-23-24\/#breadcrumb\"},\"inLanguage\":\"pt-PT\",\"potentialAction\":[{\"@type\":\"ReadAction\",\"target\":[\"https:\/\/br.tereos.com\/pt-pt\/press-releases\/tereos-abre-mais-de-100-vagas-para-o-programa-de-estagio-jovens-talentos-23-24\/\"]}]},{\"@type\":\"ImageObject\",\"inLanguage\":\"pt-PT\",\"@id\":\"https:\/\/br.tereos.com\/pt-pt\/press-releases\/tereos-abre-mais-de-100-vagas-para-o-programa-de-estagio-jovens-talentos-23-24\/#primaryimage\",\"url\":\"https:\/\/www.tereos.com\/app\/uploads\/sites\/7\/2023\/04\/dieg7332-scaled.jpg\",\"contentUrl\":\"https:\/\/www.tereos.com\/app\/uploads\/sites\/7\/2023\/04\/dieg7332-scaled.jpg\",\"width\":2560,\"height\":1707,\"caption\":\"S. J. DO RIO PRETO, SP, BRASIL - 02.11.2022: Tereos BSC (Fotos: Diego Padgurschi \/ Divulga\u00e7\u00e3o)\"},{\"@type\":\"BreadcrumbList\",\"@id\":\"https:\/\/br.tereos.com\/pt-pt\/press-releases\/tereos-abre-mais-de-100-vagas-para-o-programa-de-estagio-jovens-talentos-23-24\/#breadcrumb\",\"itemListElement\":[{\"@type\":\"ListItem\",\"position\":1,\"name\":\"Home\",\"item\":\"https:\/\/br.tereos.com\/pt-pt\/\"},{\"@type\":\"ListItem\",\"position\":2,\"name\":\"Tereos abre mais de 100 vagas para o Programa de Est\u00e1gio Jovens Talentos 23\/24\"}]},{\"@type\":\"WebSite\",\"@id\":\"https:\/\/br.tereos.com\/pt-pt\/#website\",\"url\":\"https:\/\/br.tereos.com\/pt-pt\/\",\"name\":\"Brasil\",\"description\":\"Un site utilisant WordPress\",\"potentialAction\":[{\"@type\":\"SearchAction\",\"target\":{\"@type\":\"EntryPoint\",\"urlTemplate\":\"https:\/\/br.tereos.com\/pt-pt\/?s={search_term_string}\"},\"query-input\":{\"@type\":\"PropertyValueSpecification\",\"valueRequired\":true,\"valueName\":\"search_term_string\"}}],\"inLanguage\":\"pt-PT\"}]}<\/script>\n<!-- \/ Yoast SEO plugin. -->","yoast_head_json":{"title":"Tereos abre mais de 100 vagas para o Programa de Est\u00e1gio Jovens Talentos 23\/24 - Brasil","robots":{"index":"index","follow":"follow","max-snippet":"max-snippet:-1","max-image-preview":"max-image-preview:large","max-video-preview":"max-video-preview:-1"},"canonical":"https:\/\/br.tereos.com\/pt-pt\/press-releases\/tereos-abre-mais-de-100-vagas-para-o-programa-de-estagio-jovens-talentos-23-24\/","og_locale":"pt_PT","og_type":"article","og_title":"Tereos abre mais de 100 vagas para o Programa de Est\u00e1gio Jovens Talentos 23\/24 - Brasil","og_url":"https:\/\/br.tereos.com\/pt-pt\/press-releases\/tereos-abre-mais-de-100-vagas-para-o-programa-de-estagio-jovens-talentos-23-24\/","og_site_name":"Brasil","article_modified_time":"2023-04-17T12:25:52+00:00","og_image":[{"width":2560,"height":1707,"url":"https:\/\/www.tereos.com\/app\/uploads\/sites\/7\/2023\/04\/dieg7332-scaled.jpg","type":"image\/jpeg"}],"twitter_card":"summary_large_image","schema":{"@context":"https:\/\/schema.org","@graph":[{"@type":"WebPage","@id":"https:\/\/br.tereos.com\/pt-pt\/press-releases\/tereos-abre-mais-de-100-vagas-para-o-programa-de-estagio-jovens-talentos-23-24\/","url":"https:\/\/br.tereos.com\/pt-pt\/press-releases\/tereos-abre-mais-de-100-vagas-para-o-programa-de-estagio-jovens-talentos-23-24\/","name":"Tereos abre mais de 100 vagas para o Programa de Est\u00e1gio Jovens Talentos 23\/24 - Brasil","isPartOf":{"@id":"https:\/\/br.tereos.com\/pt-pt\/#website"},"primaryImageOfPage":{"@id":"https:\/\/br.tereos.com\/pt-pt\/press-releases\/tereos-abre-mais-de-100-vagas-para-o-programa-de-estagio-jovens-talentos-23-24\/#primaryimage"},"image":{"@id":"https:\/\/br.tereos.com\/pt-pt\/press-releases\/tereos-abre-mais-de-100-vagas-para-o-programa-de-estagio-jovens-talentos-23-24\/#primaryimage"},"thumbnailUrl":"https:\/\/www.tereos.com\/app\/uploads\/sites\/7\/2023\/04\/dieg7332-scaled.jpg","datePublished":"2023-04-10T12:22:24+00:00","dateModified":"2023-04-17T12:25:52+00:00","breadcrumb":{"@id":"https:\/\/br.tereos.com\/pt-pt\/press-releases\/tereos-abre-mais-de-100-vagas-para-o-programa-de-estagio-jovens-talentos-23-24\/#breadcrumb"},"inLanguage":"pt-PT","potentialAction":[{"@type":"ReadAction","target":["https:\/\/br.tereos.com\/pt-pt\/press-releases\/tereos-abre-mais-de-100-vagas-para-o-programa-de-estagio-jovens-talentos-23-24\/"]}]},{"@type":"ImageObject","inLanguage":"pt-PT","@id":"https:\/\/br.tereos.com\/pt-pt\/press-releases\/tereos-abre-mais-de-100-vagas-para-o-programa-de-estagio-jovens-talentos-23-24\/#primaryimage","url":"https:\/\/www.tereos.com\/app\/uploads\/sites\/7\/2023\/04\/dieg7332-scaled.jpg","contentUrl":"https:\/\/www.tereos.com\/app\/uploads\/sites\/7\/2023\/04\/dieg7332-scaled.jpg","width":2560,"height":1707,"caption":"S. J. DO RIO PRETO, SP, BRASIL - 02.11.2022: Tereos BSC (Fotos: Diego Padgurschi \/ Divulga\u00e7\u00e3o)"},{"@type":"BreadcrumbList","@id":"https:\/\/br.tereos.com\/pt-pt\/press-releases\/tereos-abre-mais-de-100-vagas-para-o-programa-de-estagio-jovens-talentos-23-24\/#breadcrumb","itemListElement":[{"@type":"ListItem","position":1,"name":"Home","item":"https:\/\/br.tereos.com\/pt-pt\/"},{"@type":"ListItem","position":2,"name":"Tereos abre mais de 100 vagas para o Programa de Est\u00e1gio Jovens Talentos 23\/24"}]},{"@type":"WebSite","@id":"https:\/\/br.tereos.com\/pt-pt\/#website","url":"https:\/\/br.tereos.com\/pt-pt\/","name":"Brasil","description":"Un site utilisant WordPress","potentialAction":[{"@type":"SearchAction","target":{"@type":"EntryPoint","urlTemplate":"https:\/\/br.tereos.com\/pt-pt\/?s={search_term_string}"},"query-input":{"@type":"PropertyValueSpecification","valueRequired":true,"valueName":"search_term_string"}}],"inLanguage":"pt-PT"}]}},"featured_media_src":"https:\/\/www.tereos.com\/app\/uploads\/sites\/7\/2023\/04\/dieg7332-scaled-520x390-c-default.jpg","date_formatted":"10 April 2023 ","_links":{"self":[{"href":"https:\/\/br.tereos.com\/pt-pt\/wp-json\/wp\/v2\/press-release\/9861"}],"collection":[{"href":"https:\/\/br.tereos.com\/pt-pt\/wp-json\/wp\/v2\/press-release"}],"about":[{"href":"https:\/\/br.tereos.com\/pt-pt\/wp-json\/wp\/v2\/types\/press_release"}],"author":[{"embeddable":true,"href":"https:\/\/br.tereos.com\/pt-pt\/wp-json\/wp\/v2\/users\/278"}],"version-history":[{"count":1,"href":"https:\/\/br.tereos.com\/pt-pt\/wp-json\/wp\/v2\/press-release\/9861\/revisions"}],"predecessor-version":[{"id":9864,"href":"https:\/\/br.tereos.com\/pt-pt\/wp-json\/wp\/v2\/press-release\/9861\/revisions\/9864"}],"wp:featuredmedia":[{"embeddable":true,"href":"https:\/\/br.tereos.com\/pt-pt\/wp-json\/wp\/v2\/media\/9863"}],"wp:attachment":[{"href":"https:\/\/br.tereos.com\/pt-pt\/wp-json\/wp\/v2\/media?parent=9861"}],"wp:term":[{"taxonomy":"category","embeddable":true,"href":"https:\/\/br.tereos.com\/pt-pt\/wp-json\/wp\/v2\/categories?post=9861"}],"curies":[{"name":"wp","href":"https:\/\/api.w.org\/{rel}","templated":true}]}}