{"id":9855,"date":"2023-04-10T02:35:48","date_gmt":"2023-04-10T00:35:48","guid":{"rendered":"https:\/\/br.tereos.com\/?post_type=press_release&#038;p=9855"},"modified":"2023-04-10T02:35:48","modified_gmt":"2023-04-10T00:35:48","slug":"tereos-anuncia-novo-diretor-de-recursos-humanos","status":"publish","type":"press_release","link":"https:\/\/br.tereos.com\/pt-pt\/press-releases\/tereos-anuncia-novo-diretor-de-recursos-humanos\/","title":{"rendered":"Tereos anuncia novo Diretor de Recursos Humanos"},"author":278,"featured_media":0,"template":"","categories":[],"class_list":["post-9855","press_release","type-press_release","status-publish","hentry"],"acf":{"cover_image":false,"cover_clone":{"cover_image":false},"file":{"ID":9856,"id":9856,"title":"Tereos anuncia novo Diretor de Recursos Humanos","filename":"tereos-anuncia-novo-diretor-de-recursos-humanos.pdf","filesize":183668,"url":"https:\/\/www.tereos.com\/app\/uploads\/sites\/7\/2023\/04\/tereos-anuncia-novo-diretor-de-recursos-humanos.pdf","link":"https:\/\/br.tereos.com\/pt-pt\/press-releases\/tereos-anuncia-novo-diretor-de-recursos-humanos\/tereos-anuncia-novo-diretor-de-recursos-humanos\/","alt":"","author":"278","description":"","caption":"","name":"tereos-anuncia-novo-diretor-de-recursos-humanos","status":"inherit","uploaded_to":9855,"date":"2023-04-10 00:32:39","modified":"2023-04-10 00:32:39","menu_order":0,"mime_type":"application\/pdf","type":"application","subtype":"pdf","icon":"https:\/\/br.tereos.com\/wp\/wp-includes\/images\/media\/document.png"},"pdf_clone":{"file":{"ID":9856,"id":9856,"title":"Tereos anuncia novo Diretor de Recursos Humanos","filename":"tereos-anuncia-novo-diretor-de-recursos-humanos.pdf","filesize":183668,"url":"https:\/\/www.tereos.com\/app\/uploads\/sites\/7\/2023\/04\/tereos-anuncia-novo-diretor-de-recursos-humanos.pdf","link":"https:\/\/br.tereos.com\/pt-pt\/press-releases\/tereos-anuncia-novo-diretor-de-recursos-humanos\/tereos-anuncia-novo-diretor-de-recursos-humanos\/","alt":"","author":"278","description":"","caption":"","name":"tereos-anuncia-novo-diretor-de-recursos-humanos","status":"inherit","uploaded_to":9855,"date":"2023-04-10 00:32:39","modified":"2023-04-10 00:32:39","menu_order":0,"mime_type":"application\/pdf","type":"application","subtype":"pdf","icon":"https:\/\/br.tereos.com\/wp\/wp-includes\/images\/media\/document.png"}},"headline":"Ap\u00f3s dois anos atuando na Fran\u00e7a como Diretor de Desenvolvimento de Pessoas, Treinamento e Aquisi\u00e7\u00e3o de Talentos do Grupo Tereos, Rui Carvalho retorna ao Brasil para assumir o novo cargo ","headline_clone":{"headline":"Ap\u00f3s dois anos atuando na Fran\u00e7a como Diretor de Desenvolvimento de Pessoas, Treinamento e Aquisi\u00e7\u00e3o de Talentos do Grupo Tereos, Rui Carvalho retorna ao Brasil para assumir o novo cargo "},"has_anchors":false,"sections":[{"acf_fc_layout":"rich_text","anchor_title":"","text":"<p><strong>Ol\u00edmpia, 06 de abril de 2023 <\/strong>&#8211; A Tereos, uma das l\u00edderes mundiais na produ\u00e7\u00e3o de a\u00e7\u00facar, etanol e bionergia, acaba de anunciar o retorno de Rui Carvalho ao Brasil para assumir o cargo de Diretor de Recursos Humanos.<\/p>\n<p>Com mais de 20 anos de experi\u00eancia na \u00e1rea e ap\u00f3s dois anos de atua\u00e7\u00e3o como Diretor de Desenvolvimento de Pessoas, Treinamento e Aquisi\u00e7\u00e3o de Talentos do Grupo Tereos na Fran\u00e7a, o executivo retorna ao pa\u00eds com o desafio de dar continuidade a um trabalho s\u00f3lido de gest\u00e3o e desenvolvimento de pessoas na companhia, assim como liderar as iniciativas de diversidade e inclus\u00e3o.<\/p>\n<p>\u201cEstou feliz e entusiasmado em retornar ao pa\u00eds para assumir essa posi\u00e7\u00e3o. A Tereos Brasil possui iniciativas bastante consolidadas em gest\u00e3o de pessoas e D&amp;I e minha experi\u00eancia na Fran\u00e7a vai possibilitar alavancarmos ainda mais nossa atua\u00e7\u00e3o\u201d, comenta.<\/p>\n<p>Rui Carvalho \u00e9 formado em Administra\u00e7\u00e3o de Empresas, p\u00f3s-graduado em Gest\u00e3o de RH e em Psicologia Social e possui MBA em Gest\u00e3o Empresarial. O executivo ingressou na Tereos em 2015.<\/p>\n<p>Carlos Leston anuncia a sua aposentadoria ap\u00f3s 16 anos de atua\u00e7\u00e3o na companhia.<\/p>\n"}],"flexible_editorial_clone":{"has_anchors":false,"sections":[{"acf_fc_layout":"rich_text","anchor_title":"","text":"<p><strong>Ol\u00edmpia, 06 de abril de 2023 <\/strong>&#8211; A Tereos, uma das l\u00edderes mundiais na produ\u00e7\u00e3o de a\u00e7\u00facar, etanol e bionergia, acaba de anunciar o retorno de Rui Carvalho ao Brasil para assumir o cargo de Diretor de Recursos Humanos.<\/p>\n<p>Com mais de 20 anos de experi\u00eancia na \u00e1rea e ap\u00f3s dois anos de atua\u00e7\u00e3o como Diretor de Desenvolvimento de Pessoas, Treinamento e Aquisi\u00e7\u00e3o de Talentos do Grupo Tereos na Fran\u00e7a, o executivo retorna ao pa\u00eds com o desafio de dar continuidade a um trabalho s\u00f3lido de gest\u00e3o e desenvolvimento de pessoas na companhia, assim como liderar as iniciativas de diversidade e inclus\u00e3o.<\/p>\n<p>\u201cEstou feliz e entusiasmado em retornar ao pa\u00eds para assumir essa posi\u00e7\u00e3o. A Tereos Brasil possui iniciativas bastante consolidadas em gest\u00e3o de pessoas e D&amp;I e minha experi\u00eancia na Fran\u00e7a vai possibilitar alavancarmos ainda mais nossa atua\u00e7\u00e3o\u201d, comenta.<\/p>\n<p>Rui Carvalho \u00e9 formado em Administra\u00e7\u00e3o de Empresas, p\u00f3s-graduado em Gest\u00e3o de RH e em Psicologia Social e possui MBA em Gest\u00e3o Empresarial. O executivo ingressou na Tereos em 2015.<\/p>\n<p>Carlos Leston anuncia a sua aposentadoria ap\u00f3s 16 anos de atua\u00e7\u00e3o na companhia.<\/p>\n"}]}},"yoast_head":"<!-- This site is optimized with the Yoast SEO plugin v23.7 - https:\/\/yoast.com\/wordpress\/plugins\/seo\/ -->\n<title>Tereos anuncia novo Diretor de Recursos Humanos - Brasil<\/title>\n<meta name=\"robots\" content=\"index, follow, max-snippet:-1, max-image-preview:large, max-video-preview:-1\" \/>\n<link rel=\"canonical\" href=\"https:\/\/br.tereos.com\/pt-pt\/press-releases\/tereos-anuncia-novo-diretor-de-recursos-humanos\/\" \/>\n<meta property=\"og:locale\" content=\"pt_PT\" \/>\n<meta property=\"og:type\" content=\"article\" \/>\n<meta property=\"og:title\" content=\"Tereos anuncia novo Diretor de Recursos Humanos - Brasil\" \/>\n<meta property=\"og:url\" content=\"https:\/\/br.tereos.com\/pt-pt\/press-releases\/tereos-anuncia-novo-diretor-de-recursos-humanos\/\" \/>\n<meta property=\"og:site_name\" content=\"Brasil\" \/>\n<meta name=\"twitter:card\" content=\"summary_large_image\" \/>\n<script type=\"application\/ld+json\" class=\"yoast-schema-graph\">{\"@context\":\"https:\/\/schema.org\",\"@graph\":[{\"@type\":\"WebPage\",\"@id\":\"https:\/\/br.tereos.com\/pt-pt\/press-releases\/tereos-anuncia-novo-diretor-de-recursos-humanos\/\",\"url\":\"https:\/\/br.tereos.com\/pt-pt\/press-releases\/tereos-anuncia-novo-diretor-de-recursos-humanos\/\",\"name\":\"Tereos anuncia novo Diretor de Recursos Humanos - Brasil\",\"isPartOf\":{\"@id\":\"https:\/\/br.tereos.com\/pt-pt\/#website\"},\"datePublished\":\"2023-04-10T00:35:48+00:00\",\"dateModified\":\"2023-04-10T00:35:48+00:00\",\"breadcrumb\":{\"@id\":\"https:\/\/br.tereos.com\/pt-pt\/press-releases\/tereos-anuncia-novo-diretor-de-recursos-humanos\/#breadcrumb\"},\"inLanguage\":\"pt-PT\",\"potentialAction\":[{\"@type\":\"ReadAction\",\"target\":[\"https:\/\/br.tereos.com\/pt-pt\/press-releases\/tereos-anuncia-novo-diretor-de-recursos-humanos\/\"]}]},{\"@type\":\"BreadcrumbList\",\"@id\":\"https:\/\/br.tereos.com\/pt-pt\/press-releases\/tereos-anuncia-novo-diretor-de-recursos-humanos\/#breadcrumb\",\"itemListElement\":[{\"@type\":\"ListItem\",\"position\":1,\"name\":\"Home\",\"item\":\"https:\/\/br.tereos.com\/pt-pt\/\"},{\"@type\":\"ListItem\",\"position\":2,\"name\":\"Tereos anuncia novo Diretor de Recursos Humanos\"}]},{\"@type\":\"WebSite\",\"@id\":\"https:\/\/br.tereos.com\/pt-pt\/#website\",\"url\":\"https:\/\/br.tereos.com\/pt-pt\/\",\"name\":\"Brasil\",\"description\":\"Un site utilisant WordPress\",\"potentialAction\":[{\"@type\":\"SearchAction\",\"target\":{\"@type\":\"EntryPoint\",\"urlTemplate\":\"https:\/\/br.tereos.com\/pt-pt\/?s={search_term_string}\"},\"query-input\":{\"@type\":\"PropertyValueSpecification\",\"valueRequired\":true,\"valueName\":\"search_term_string\"}}],\"inLanguage\":\"pt-PT\"}]}<\/script>\n<!-- \/ Yoast SEO plugin. -->","yoast_head_json":{"title":"Tereos anuncia novo Diretor de Recursos Humanos - Brasil","robots":{"index":"index","follow":"follow","max-snippet":"max-snippet:-1","max-image-preview":"max-image-preview:large","max-video-preview":"max-video-preview:-1"},"canonical":"https:\/\/br.tereos.com\/pt-pt\/press-releases\/tereos-anuncia-novo-diretor-de-recursos-humanos\/","og_locale":"pt_PT","og_type":"article","og_title":"Tereos anuncia novo Diretor de Recursos Humanos - Brasil","og_url":"https:\/\/br.tereos.com\/pt-pt\/press-releases\/tereos-anuncia-novo-diretor-de-recursos-humanos\/","og_site_name":"Brasil","twitter_card":"summary_large_image","schema":{"@context":"https:\/\/schema.org","@graph":[{"@type":"WebPage","@id":"https:\/\/br.tereos.com\/pt-pt\/press-releases\/tereos-anuncia-novo-diretor-de-recursos-humanos\/","url":"https:\/\/br.tereos.com\/pt-pt\/press-releases\/tereos-anuncia-novo-diretor-de-recursos-humanos\/","name":"Tereos anuncia novo Diretor de Recursos Humanos - Brasil","isPartOf":{"@id":"https:\/\/br.tereos.com\/pt-pt\/#website"},"datePublished":"2023-04-10T00:35:48+00:00","dateModified":"2023-04-10T00:35:48+00:00","breadcrumb":{"@id":"https:\/\/br.tereos.com\/pt-pt\/press-releases\/tereos-anuncia-novo-diretor-de-recursos-humanos\/#breadcrumb"},"inLanguage":"pt-PT","potentialAction":[{"@type":"ReadAction","target":["https:\/\/br.tereos.com\/pt-pt\/press-releases\/tereos-anuncia-novo-diretor-de-recursos-humanos\/"]}]},{"@type":"BreadcrumbList","@id":"https:\/\/br.tereos.com\/pt-pt\/press-releases\/tereos-anuncia-novo-diretor-de-recursos-humanos\/#breadcrumb","itemListElement":[{"@type":"ListItem","position":1,"name":"Home","item":"https:\/\/br.tereos.com\/pt-pt\/"},{"@type":"ListItem","position":2,"name":"Tereos anuncia novo Diretor de Recursos Humanos"}]},{"@type":"WebSite","@id":"https:\/\/br.tereos.com\/pt-pt\/#website","url":"https:\/\/br.tereos.com\/pt-pt\/","name":"Brasil","description":"Un site utilisant WordPress","potentialAction":[{"@type":"SearchAction","target":{"@type":"EntryPoint","urlTemplate":"https:\/\/br.tereos.com\/pt-pt\/?s={search_term_string}"},"query-input":{"@type":"PropertyValueSpecification","valueRequired":true,"valueName":"search_term_string"}}],"inLanguage":"pt-PT"}]}},"featured_media_src":false,"date_formatted":"10 April 2023 ","_links":{"self":[{"href":"https:\/\/br.tereos.com\/pt-pt\/wp-json\/wp\/v2\/press-release\/9855"}],"collection":[{"href":"https:\/\/br.tereos.com\/pt-pt\/wp-json\/wp\/v2\/press-release"}],"about":[{"href":"https:\/\/br.tereos.com\/pt-pt\/wp-json\/wp\/v2\/types\/press_release"}],"author":[{"embeddable":true,"href":"https:\/\/br.tereos.com\/pt-pt\/wp-json\/wp\/v2\/users\/278"}],"version-history":[{"count":1,"href":"https:\/\/br.tereos.com\/pt-pt\/wp-json\/wp\/v2\/press-release\/9855\/revisions"}],"predecessor-version":[{"id":9857,"href":"https:\/\/br.tereos.com\/pt-pt\/wp-json\/wp\/v2\/press-release\/9855\/revisions\/9857"}],"wp:attachment":[{"href":"https:\/\/br.tereos.com\/pt-pt\/wp-json\/wp\/v2\/media?parent=9855"}],"wp:term":[{"taxonomy":"category","embeddable":true,"href":"https:\/\/br.tereos.com\/pt-pt\/wp-json\/wp\/v2\/categories?post=9855"}],"curies":[{"name":"wp","href":"https:\/\/api.w.org\/{rel}","templated":true}]}}