{"id":9851,"date":"2023-04-04T15:02:15","date_gmt":"2023-04-04T13:02:15","guid":{"rendered":"https:\/\/br.tereos.com\/?post_type=press_release&#038;p=9851"},"modified":"2023-04-04T15:02:15","modified_gmt":"2023-04-04T13:02:15","slug":"tereos-preve-crescimento-de-10-na-safra-23-24-e-deve-processar-19-milhoes-de-toneladas-de-cana-de-acucar","status":"publish","type":"press_release","link":"https:\/\/br.tereos.com\/pt-pt\/press-releases\/tereos-preve-crescimento-de-10-na-safra-23-24-e-deve-processar-19-milhoes-de-toneladas-de-cana-de-acucar\/","title":{"rendered":"Tereos prev\u00ea crescimento de 10% na safra 23\/24 e deve processar 19 milh\u00f5es de toneladas de cana-de-a\u00e7\u00facar"},"author":278,"featured_media":9852,"template":"","categories":[],"class_list":["post-9851","press_release","type-press_release","status-publish","has-post-thumbnail","hentry"],"acf":{"cover_image":9852,"cover_clone":{"cover_image":9852},"file":{"ID":9853,"id":9853,"title":"In\u00edcio de safra","filename":"inicio-de-safra.pdf","filesize":228396,"url":"https:\/\/www.tereos.com\/app\/uploads\/sites\/7\/2023\/04\/inicio-de-safra.pdf","link":"https:\/\/br.tereos.com\/pt-pt\/press-releases\/tereos-preve-crescimento-de-10-na-safra-23-24-e-deve-processar-19-milhoes-de-toneladas-de-cana-de-acucar\/inicio-de-safra\/","alt":"","author":"278","description":"","caption":"","name":"inicio-de-safra","status":"inherit","uploaded_to":9851,"date":"2023-04-04 13:01:50","modified":"2023-04-04 13:01:50","menu_order":0,"mime_type":"application\/pdf","type":"application","subtype":"pdf","icon":"https:\/\/br.tereos.com\/wp\/wp-includes\/images\/media\/document.png"},"pdf_clone":{"file":{"ID":9853,"id":9853,"title":"In\u00edcio de safra","filename":"inicio-de-safra.pdf","filesize":228396,"url":"https:\/\/www.tereos.com\/app\/uploads\/sites\/7\/2023\/04\/inicio-de-safra.pdf","link":"https:\/\/br.tereos.com\/pt-pt\/press-releases\/tereos-preve-crescimento-de-10-na-safra-23-24-e-deve-processar-19-milhoes-de-toneladas-de-cana-de-acucar\/inicio-de-safra\/","alt":"","author":"278","description":"","caption":"","name":"inicio-de-safra","status":"inherit","uploaded_to":9851,"date":"2023-04-04 13:01:50","modified":"2023-04-04 13:01:50","menu_order":0,"mime_type":"application\/pdf","type":"application","subtype":"pdf","icon":"https:\/\/br.tereos.com\/wp\/wp-includes\/images\/media\/document.png"}},"headline":"Empresa projeta continuidade na recupera\u00e7\u00e3o dos canaviais devido \u00e0s condi\u00e7\u00f5es clim\u00e1ticas favor\u00e1veis ","headline_clone":{"headline":"Empresa projeta continuidade na recupera\u00e7\u00e3o dos canaviais devido \u00e0s condi\u00e7\u00f5es clim\u00e1ticas favor\u00e1veis "},"has_anchors":false,"sections":[{"acf_fc_layout":"rich_text","anchor_title":"","text":"<p><strong>S\u00e3o Paulo, 03 de abril de 2023 \u2013<\/strong> A Tereos, uma das empresas l\u00edderes na produ\u00e7\u00e3o de a\u00e7\u00facar, etanol e bioenergia no pa\u00eds, anuncia o in\u00edcio da safra 23\/24 com uma proje\u00e7\u00e3o de crescimento de 10% do volume de moagem de cana-de-a\u00e7\u00facar \u2013 ser\u00e3o 19 milh\u00f5es de toneladas de mat\u00e9ria-prima processada durante o per\u00edodo. O novo ciclo ser\u00e1 marcado pela continuidade da recupera\u00e7\u00e3o da produtividade e efici\u00eancia dos canaviais, ap\u00f3s os desafios clim\u00e1ticos enfrentados em todo o Centro-Sul entre 21\/22.<\/p>\n<p>O mix de produ\u00e7\u00e3o continuar\u00e1 mais a\u00e7ucareiro, com destina\u00e7\u00e3o de 65% da moagem para produ\u00e7\u00e3o do ado\u00e7ante. Para o per\u00edodo, a empresa projeta a produ\u00e7\u00e3o de 1,7 milh\u00e3o de toneladas de a\u00e7\u00facar e 575 milh\u00f5es de litros de etanol.<\/p>\n<p>\u201cA safra passada teve como foco a recupera\u00e7\u00e3o de nossa produ\u00e7\u00e3o com investimentos em solu\u00e7\u00f5es para aperfei\u00e7oar e aumentar a efici\u00eancia de nossas opera\u00e7\u00f5es, como a amplia\u00e7\u00e3o da aplica\u00e7\u00e3o de vinha\u00e7a localizada e instala\u00e7\u00e3o de piv\u00f4s centrais de irriga\u00e7\u00e3o em duas de nossas unidades, o que nos entregou uma moagem acima das proje\u00e7\u00f5es do setor para o per\u00edodo. Para a safra atual, vamos continuar aprimorando nossos processos para conquistar resultados ainda melhores, pensando sempre no centro da nossa estrat\u00e9gia, que \u00e9 a sustentabilidade\u201d afirma Pierre Santoul, diretor-presidente da Tereos no Brasil.<\/p>\n<p>Al\u00e9m disso, o cen\u00e1rio atual de pre\u00e7os do a\u00e7\u00facar tamb\u00e9m impulsiona as proje\u00e7\u00f5es de bons resultados da companhia, que conta com cerca de 74% da produ\u00e7\u00e3o de a\u00e7\u00facar com pre\u00e7o j\u00e1 fixado.<\/p>\n<p><strong>Exporta\u00e7\u00f5es <\/strong><\/p>\n<p>A Tereos espera um aumento de 10% no volume de exporta\u00e7\u00e3o de a\u00e7\u00facar em rela\u00e7\u00e3o \u00e0 safra 22\/23, mesmo considerando poss\u00edveis press\u00f5es log\u00edsticas ao longo do ano, causadas principalmente pela safra de gr\u00e3os.<\/p>\n<p>Nesse cen\u00e1rio, a Tereos conta com parcerias estrat\u00e9gicas que visam garantir efici\u00eancia log\u00edstica ao longo do ano e evitar gargalos, como o acordo firmado com a VLI em 2018 para transporte de sua produ\u00e7\u00e3o para os portos para exporta\u00e7\u00e3o. A parceria contempla ainda dois armaz\u00e9ns de a\u00e7\u00facar nos Portos de Santos e na cidade de Guar\u00e1 (SP), que auxilia no escoamento das cargas. Desde a inaugura\u00e7\u00e3o dos armaz\u00e9ns, em 2020, j\u00e1 foram transportados mais de 1 milh\u00e3o de toneladas de a\u00e7\u00facar.<\/p>\n<p><strong>Energia limpa <\/strong><\/p>\n<p>Durante a safra 23\/24, a Tereos tem a previs\u00e3o de dobrar o investimento em sua planta de biog\u00e1s na unidade Cruz Alta, em Ol\u00edmpia (SP), inaugurada na safra passada. O valor investido ser\u00e1 utilizado para garantir a maturidade do projeto e ampliar a produ\u00e7\u00e3o de energia. A capacidade de produ\u00e7\u00e3o da planta \u00e9 de 1,6 milh\u00e3o de Nm3\/ano.<\/p>\n"}],"flexible_editorial_clone":{"has_anchors":false,"sections":[{"acf_fc_layout":"rich_text","anchor_title":"","text":"<p><strong>S\u00e3o Paulo, 03 de abril de 2023 \u2013<\/strong> A Tereos, uma das empresas l\u00edderes na produ\u00e7\u00e3o de a\u00e7\u00facar, etanol e bioenergia no pa\u00eds, anuncia o in\u00edcio da safra 23\/24 com uma proje\u00e7\u00e3o de crescimento de 10% do volume de moagem de cana-de-a\u00e7\u00facar \u2013 ser\u00e3o 19 milh\u00f5es de toneladas de mat\u00e9ria-prima processada durante o per\u00edodo. O novo ciclo ser\u00e1 marcado pela continuidade da recupera\u00e7\u00e3o da produtividade e efici\u00eancia dos canaviais, ap\u00f3s os desafios clim\u00e1ticos enfrentados em todo o Centro-Sul entre 21\/22.<\/p>\n<p>O mix de produ\u00e7\u00e3o continuar\u00e1 mais a\u00e7ucareiro, com destina\u00e7\u00e3o de 65% da moagem para produ\u00e7\u00e3o do ado\u00e7ante. Para o per\u00edodo, a empresa projeta a produ\u00e7\u00e3o de 1,7 milh\u00e3o de toneladas de a\u00e7\u00facar e 575 milh\u00f5es de litros de etanol.<\/p>\n<p>\u201cA safra passada teve como foco a recupera\u00e7\u00e3o de nossa produ\u00e7\u00e3o com investimentos em solu\u00e7\u00f5es para aperfei\u00e7oar e aumentar a efici\u00eancia de nossas opera\u00e7\u00f5es, como a amplia\u00e7\u00e3o da aplica\u00e7\u00e3o de vinha\u00e7a localizada e instala\u00e7\u00e3o de piv\u00f4s centrais de irriga\u00e7\u00e3o em duas de nossas unidades, o que nos entregou uma moagem acima das proje\u00e7\u00f5es do setor para o per\u00edodo. Para a safra atual, vamos continuar aprimorando nossos processos para conquistar resultados ainda melhores, pensando sempre no centro da nossa estrat\u00e9gia, que \u00e9 a sustentabilidade\u201d afirma Pierre Santoul, diretor-presidente da Tereos no Brasil.<\/p>\n<p>Al\u00e9m disso, o cen\u00e1rio atual de pre\u00e7os do a\u00e7\u00facar tamb\u00e9m impulsiona as proje\u00e7\u00f5es de bons resultados da companhia, que conta com cerca de 74% da produ\u00e7\u00e3o de a\u00e7\u00facar com pre\u00e7o j\u00e1 fixado.<\/p>\n<p><strong>Exporta\u00e7\u00f5es <\/strong><\/p>\n<p>A Tereos espera um aumento de 10% no volume de exporta\u00e7\u00e3o de a\u00e7\u00facar em rela\u00e7\u00e3o \u00e0 safra 22\/23, mesmo considerando poss\u00edveis press\u00f5es log\u00edsticas ao longo do ano, causadas principalmente pela safra de gr\u00e3os.<\/p>\n<p>Nesse cen\u00e1rio, a Tereos conta com parcerias estrat\u00e9gicas que visam garantir efici\u00eancia log\u00edstica ao longo do ano e evitar gargalos, como o acordo firmado com a VLI em 2018 para transporte de sua produ\u00e7\u00e3o para os portos para exporta\u00e7\u00e3o. A parceria contempla ainda dois armaz\u00e9ns de a\u00e7\u00facar nos Portos de Santos e na cidade de Guar\u00e1 (SP), que auxilia no escoamento das cargas. Desde a inaugura\u00e7\u00e3o dos armaz\u00e9ns, em 2020, j\u00e1 foram transportados mais de 1 milh\u00e3o de toneladas de a\u00e7\u00facar.<\/p>\n<p><strong>Energia limpa <\/strong><\/p>\n<p>Durante a safra 23\/24, a Tereos tem a previs\u00e3o de dobrar o investimento em sua planta de biog\u00e1s na unidade Cruz Alta, em Ol\u00edmpia (SP), inaugurada na safra passada. O valor investido ser\u00e1 utilizado para garantir a maturidade do projeto e ampliar a produ\u00e7\u00e3o de energia. A capacidade de produ\u00e7\u00e3o da planta \u00e9 de 1,6 milh\u00e3o de Nm3\/ano.<\/p>\n"}]}},"yoast_head":"<!-- This site is optimized with the Yoast SEO plugin v23.7 - https:\/\/yoast.com\/wordpress\/plugins\/seo\/ -->\n<title>Tereos prev\u00ea crescimento de 10% na safra 23\/24 e deve processar 19 milh\u00f5es de toneladas de cana-de-a\u00e7\u00facar - Brasil<\/title>\n<meta name=\"robots\" content=\"index, follow, max-snippet:-1, max-image-preview:large, max-video-preview:-1\" \/>\n<link rel=\"canonical\" href=\"https:\/\/br.tereos.com\/pt-pt\/press-releases\/tereos-preve-crescimento-de-10-na-safra-23-24-e-deve-processar-19-milhoes-de-toneladas-de-cana-de-acucar\/\" \/>\n<meta property=\"og:locale\" content=\"pt_PT\" \/>\n<meta property=\"og:type\" content=\"article\" \/>\n<meta property=\"og:title\" content=\"Tereos prev\u00ea crescimento de 10% na safra 23\/24 e deve processar 19 milh\u00f5es de toneladas de cana-de-a\u00e7\u00facar - Brasil\" \/>\n<meta property=\"og:url\" content=\"https:\/\/br.tereos.com\/pt-pt\/press-releases\/tereos-preve-crescimento-de-10-na-safra-23-24-e-deve-processar-19-milhoes-de-toneladas-de-cana-de-acucar\/\" \/>\n<meta property=\"og:site_name\" content=\"Brasil\" \/>\n<meta property=\"og:image\" content=\"https:\/\/www.tereos.com\/app\/uploads\/sites\/7\/2023\/04\/dji-0081-scaled.jpg\" \/>\n\t<meta property=\"og:image:width\" content=\"2560\" \/>\n\t<meta property=\"og:image:height\" content=\"1438\" \/>\n\t<meta property=\"og:image:type\" content=\"image\/jpeg\" \/>\n<meta name=\"twitter:card\" content=\"summary_large_image\" \/>\n<script type=\"application\/ld+json\" class=\"yoast-schema-graph\">{\"@context\":\"https:\/\/schema.org\",\"@graph\":[{\"@type\":\"WebPage\",\"@id\":\"https:\/\/br.tereos.com\/pt-pt\/press-releases\/tereos-preve-crescimento-de-10-na-safra-23-24-e-deve-processar-19-milhoes-de-toneladas-de-cana-de-acucar\/\",\"url\":\"https:\/\/br.tereos.com\/pt-pt\/press-releases\/tereos-preve-crescimento-de-10-na-safra-23-24-e-deve-processar-19-milhoes-de-toneladas-de-cana-de-acucar\/\",\"name\":\"Tereos prev\u00ea crescimento de 10% na safra 23\/24 e deve processar 19 milh\u00f5es de toneladas de cana-de-a\u00e7\u00facar - Brasil\",\"isPartOf\":{\"@id\":\"https:\/\/br.tereos.com\/pt-pt\/#website\"},\"primaryImageOfPage\":{\"@id\":\"https:\/\/br.tereos.com\/pt-pt\/press-releases\/tereos-preve-crescimento-de-10-na-safra-23-24-e-deve-processar-19-milhoes-de-toneladas-de-cana-de-acucar\/#primaryimage\"},\"image\":{\"@id\":\"https:\/\/br.tereos.com\/pt-pt\/press-releases\/tereos-preve-crescimento-de-10-na-safra-23-24-e-deve-processar-19-milhoes-de-toneladas-de-cana-de-acucar\/#primaryimage\"},\"thumbnailUrl\":\"https:\/\/www.tereos.com\/app\/uploads\/sites\/7\/2023\/04\/dji-0081-scaled.jpg\",\"datePublished\":\"2023-04-04T13:02:15+00:00\",\"dateModified\":\"2023-04-04T13:02:15+00:00\",\"breadcrumb\":{\"@id\":\"https:\/\/br.tereos.com\/pt-pt\/press-releases\/tereos-preve-crescimento-de-10-na-safra-23-24-e-deve-processar-19-milhoes-de-toneladas-de-cana-de-acucar\/#breadcrumb\"},\"inLanguage\":\"pt-PT\",\"potentialAction\":[{\"@type\":\"ReadAction\",\"target\":[\"https:\/\/br.tereos.com\/pt-pt\/press-releases\/tereos-preve-crescimento-de-10-na-safra-23-24-e-deve-processar-19-milhoes-de-toneladas-de-cana-de-acucar\/\"]}]},{\"@type\":\"ImageObject\",\"inLanguage\":\"pt-PT\",\"@id\":\"https:\/\/br.tereos.com\/pt-pt\/press-releases\/tereos-preve-crescimento-de-10-na-safra-23-24-e-deve-processar-19-milhoes-de-toneladas-de-cana-de-acucar\/#primaryimage\",\"url\":\"https:\/\/www.tereos.com\/app\/uploads\/sites\/7\/2023\/04\/dji-0081-scaled.jpg\",\"contentUrl\":\"https:\/\/www.tereos.com\/app\/uploads\/sites\/7\/2023\/04\/dji-0081-scaled.jpg\",\"width\":2560,\"height\":1438,\"caption\":\"S. J. DO RIO PRETO, SP, BRASIL - 31.10.2022: Tereos Unidade Cruz Alta (Fotos: Diego Padgurschi \/ Divulga\u00e7\u00e3o)\"},{\"@type\":\"BreadcrumbList\",\"@id\":\"https:\/\/br.tereos.com\/pt-pt\/press-releases\/tereos-preve-crescimento-de-10-na-safra-23-24-e-deve-processar-19-milhoes-de-toneladas-de-cana-de-acucar\/#breadcrumb\",\"itemListElement\":[{\"@type\":\"ListItem\",\"position\":1,\"name\":\"Home\",\"item\":\"https:\/\/br.tereos.com\/pt-pt\/\"},{\"@type\":\"ListItem\",\"position\":2,\"name\":\"Tereos prev\u00ea crescimento de 10% na safra 23\/24 e deve processar 19 milh\u00f5es de toneladas de cana-de-a\u00e7\u00facar\"}]},{\"@type\":\"WebSite\",\"@id\":\"https:\/\/br.tereos.com\/pt-pt\/#website\",\"url\":\"https:\/\/br.tereos.com\/pt-pt\/\",\"name\":\"Brasil\",\"description\":\"Un site utilisant WordPress\",\"potentialAction\":[{\"@type\":\"SearchAction\",\"target\":{\"@type\":\"EntryPoint\",\"urlTemplate\":\"https:\/\/br.tereos.com\/pt-pt\/?s={search_term_string}\"},\"query-input\":{\"@type\":\"PropertyValueSpecification\",\"valueRequired\":true,\"valueName\":\"search_term_string\"}}],\"inLanguage\":\"pt-PT\"}]}<\/script>\n<!-- \/ Yoast SEO plugin. -->","yoast_head_json":{"title":"Tereos prev\u00ea crescimento de 10% na safra 23\/24 e deve processar 19 milh\u00f5es de toneladas de cana-de-a\u00e7\u00facar - Brasil","robots":{"index":"index","follow":"follow","max-snippet":"max-snippet:-1","max-image-preview":"max-image-preview:large","max-video-preview":"max-video-preview:-1"},"canonical":"https:\/\/br.tereos.com\/pt-pt\/press-releases\/tereos-preve-crescimento-de-10-na-safra-23-24-e-deve-processar-19-milhoes-de-toneladas-de-cana-de-acucar\/","og_locale":"pt_PT","og_type":"article","og_title":"Tereos prev\u00ea crescimento de 10% na safra 23\/24 e deve processar 19 milh\u00f5es de toneladas de cana-de-a\u00e7\u00facar - Brasil","og_url":"https:\/\/br.tereos.com\/pt-pt\/press-releases\/tereos-preve-crescimento-de-10-na-safra-23-24-e-deve-processar-19-milhoes-de-toneladas-de-cana-de-acucar\/","og_site_name":"Brasil","og_image":[{"width":2560,"height":1438,"url":"https:\/\/www.tereos.com\/app\/uploads\/sites\/7\/2023\/04\/dji-0081-scaled.jpg","type":"image\/jpeg"}],"twitter_card":"summary_large_image","schema":{"@context":"https:\/\/schema.org","@graph":[{"@type":"WebPage","@id":"https:\/\/br.tereos.com\/pt-pt\/press-releases\/tereos-preve-crescimento-de-10-na-safra-23-24-e-deve-processar-19-milhoes-de-toneladas-de-cana-de-acucar\/","url":"https:\/\/br.tereos.com\/pt-pt\/press-releases\/tereos-preve-crescimento-de-10-na-safra-23-24-e-deve-processar-19-milhoes-de-toneladas-de-cana-de-acucar\/","name":"Tereos prev\u00ea crescimento de 10% na safra 23\/24 e deve processar 19 milh\u00f5es de toneladas de cana-de-a\u00e7\u00facar - Brasil","isPartOf":{"@id":"https:\/\/br.tereos.com\/pt-pt\/#website"},"primaryImageOfPage":{"@id":"https:\/\/br.tereos.com\/pt-pt\/press-releases\/tereos-preve-crescimento-de-10-na-safra-23-24-e-deve-processar-19-milhoes-de-toneladas-de-cana-de-acucar\/#primaryimage"},"image":{"@id":"https:\/\/br.tereos.com\/pt-pt\/press-releases\/tereos-preve-crescimento-de-10-na-safra-23-24-e-deve-processar-19-milhoes-de-toneladas-de-cana-de-acucar\/#primaryimage"},"thumbnailUrl":"https:\/\/www.tereos.com\/app\/uploads\/sites\/7\/2023\/04\/dji-0081-scaled.jpg","datePublished":"2023-04-04T13:02:15+00:00","dateModified":"2023-04-04T13:02:15+00:00","breadcrumb":{"@id":"https:\/\/br.tereos.com\/pt-pt\/press-releases\/tereos-preve-crescimento-de-10-na-safra-23-24-e-deve-processar-19-milhoes-de-toneladas-de-cana-de-acucar\/#breadcrumb"},"inLanguage":"pt-PT","potentialAction":[{"@type":"ReadAction","target":["https:\/\/br.tereos.com\/pt-pt\/press-releases\/tereos-preve-crescimento-de-10-na-safra-23-24-e-deve-processar-19-milhoes-de-toneladas-de-cana-de-acucar\/"]}]},{"@type":"ImageObject","inLanguage":"pt-PT","@id":"https:\/\/br.tereos.com\/pt-pt\/press-releases\/tereos-preve-crescimento-de-10-na-safra-23-24-e-deve-processar-19-milhoes-de-toneladas-de-cana-de-acucar\/#primaryimage","url":"https:\/\/www.tereos.com\/app\/uploads\/sites\/7\/2023\/04\/dji-0081-scaled.jpg","contentUrl":"https:\/\/www.tereos.com\/app\/uploads\/sites\/7\/2023\/04\/dji-0081-scaled.jpg","width":2560,"height":1438,"caption":"S. J. DO RIO PRETO, SP, BRASIL - 31.10.2022: Tereos Unidade Cruz Alta (Fotos: Diego Padgurschi \/ Divulga\u00e7\u00e3o)"},{"@type":"BreadcrumbList","@id":"https:\/\/br.tereos.com\/pt-pt\/press-releases\/tereos-preve-crescimento-de-10-na-safra-23-24-e-deve-processar-19-milhoes-de-toneladas-de-cana-de-acucar\/#breadcrumb","itemListElement":[{"@type":"ListItem","position":1,"name":"Home","item":"https:\/\/br.tereos.com\/pt-pt\/"},{"@type":"ListItem","position":2,"name":"Tereos prev\u00ea crescimento de 10% na safra 23\/24 e deve processar 19 milh\u00f5es de toneladas de cana-de-a\u00e7\u00facar"}]},{"@type":"WebSite","@id":"https:\/\/br.tereos.com\/pt-pt\/#website","url":"https:\/\/br.tereos.com\/pt-pt\/","name":"Brasil","description":"Un site utilisant WordPress","potentialAction":[{"@type":"SearchAction","target":{"@type":"EntryPoint","urlTemplate":"https:\/\/br.tereos.com\/pt-pt\/?s={search_term_string}"},"query-input":{"@type":"PropertyValueSpecification","valueRequired":true,"valueName":"search_term_string"}}],"inLanguage":"pt-PT"}]}},"featured_media_src":"https:\/\/www.tereos.com\/app\/uploads\/sites\/7\/2023\/04\/dji-0081-scaled-520x390-c-default.jpg","date_formatted":"4 April 2023 ","_links":{"self":[{"href":"https:\/\/br.tereos.com\/pt-pt\/wp-json\/wp\/v2\/press-release\/9851"}],"collection":[{"href":"https:\/\/br.tereos.com\/pt-pt\/wp-json\/wp\/v2\/press-release"}],"about":[{"href":"https:\/\/br.tereos.com\/pt-pt\/wp-json\/wp\/v2\/types\/press_release"}],"author":[{"embeddable":true,"href":"https:\/\/br.tereos.com\/pt-pt\/wp-json\/wp\/v2\/users\/278"}],"version-history":[{"count":1,"href":"https:\/\/br.tereos.com\/pt-pt\/wp-json\/wp\/v2\/press-release\/9851\/revisions"}],"predecessor-version":[{"id":9854,"href":"https:\/\/br.tereos.com\/pt-pt\/wp-json\/wp\/v2\/press-release\/9851\/revisions\/9854"}],"wp:featuredmedia":[{"embeddable":true,"href":"https:\/\/br.tereos.com\/pt-pt\/wp-json\/wp\/v2\/media\/9852"}],"wp:attachment":[{"href":"https:\/\/br.tereos.com\/pt-pt\/wp-json\/wp\/v2\/media?parent=9851"}],"wp:term":[{"taxonomy":"category","embeddable":true,"href":"https:\/\/br.tereos.com\/pt-pt\/wp-json\/wp\/v2\/categories?post=9851"}],"curies":[{"name":"wp","href":"https:\/\/api.w.org\/{rel}","templated":true}]}}