{"id":9810,"date":"2023-03-14T20:26:14","date_gmt":"2023-03-14T19:26:14","guid":{"rendered":"https:\/\/br.tereos.com\/?post_type=press_release&#038;p=9810"},"modified":"2023-03-14T20:26:14","modified_gmt":"2023-03-14T19:26:14","slug":"tereos-apoia-projeto-de-mural-urbano-em-olimpia-em-comemoracao-aos-120-anos-da-cidade","status":"publish","type":"press_release","link":"https:\/\/br.tereos.com\/pt-pt\/press-releases\/tereos-apoia-projeto-de-mural-urbano-em-olimpia-em-comemoracao-aos-120-anos-da-cidade\/","title":{"rendered":"Tereos apoia projeto de mural urbano em Ol\u00edmpia em comemora\u00e7\u00e3o aos 120 anos da cidade"},"author":278,"featured_media":0,"template":"","categories":[],"class_list":["post-9810","press_release","type-press_release","status-publish","hentry"],"acf":{"cover_image":false,"cover_clone":{"cover_image":false},"file":{"ID":9811,"id":9811,"title":"Tereos apoia projeto de mural urbano em Ol\u00edmpia em comemora\u00e7\u00e3o aos 120 anos da cidade","filename":"tereos-apoia-projeto-de-mural-urbano-em-olimpia-em-comemoracao-aos-120-anos-da-cidade.pdf","filesize":140850,"url":"https:\/\/www.tereos.com\/app\/uploads\/sites\/7\/2023\/03\/tereos-apoia-projeto-de-mural-urbano-em-olimpia-em-comemoracao-aos-120-anos-da-cidade.pdf","link":"https:\/\/br.tereos.com\/pt-pt\/press-releases\/tereos-apoia-projeto-de-mural-urbano-em-olimpia-em-comemoracao-aos-120-anos-da-cidade\/tereos-apoia-projeto-de-mural-urbano-em-olimpia-em-comemoracao-aos-120-anos-da-cidade\/","alt":"","author":"278","description":"","caption":"","name":"tereos-apoia-projeto-de-mural-urbano-em-olimpia-em-comemoracao-aos-120-anos-da-cidade","status":"inherit","uploaded_to":9810,"date":"2023-03-14 19:25:47","modified":"2023-03-14 19:25:47","menu_order":0,"mime_type":"application\/pdf","type":"application","subtype":"pdf","icon":"https:\/\/br.tereos.com\/wp\/wp-includes\/images\/media\/document.png"},"pdf_clone":{"file":{"ID":9811,"id":9811,"title":"Tereos apoia projeto de mural urbano em Ol\u00edmpia em comemora\u00e7\u00e3o aos 120 anos da cidade","filename":"tereos-apoia-projeto-de-mural-urbano-em-olimpia-em-comemoracao-aos-120-anos-da-cidade.pdf","filesize":140850,"url":"https:\/\/www.tereos.com\/app\/uploads\/sites\/7\/2023\/03\/tereos-apoia-projeto-de-mural-urbano-em-olimpia-em-comemoracao-aos-120-anos-da-cidade.pdf","link":"https:\/\/br.tereos.com\/pt-pt\/press-releases\/tereos-apoia-projeto-de-mural-urbano-em-olimpia-em-comemoracao-aos-120-anos-da-cidade\/tereos-apoia-projeto-de-mural-urbano-em-olimpia-em-comemoracao-aos-120-anos-da-cidade\/","alt":"","author":"278","description":"","caption":"","name":"tereos-apoia-projeto-de-mural-urbano-em-olimpia-em-comemoracao-aos-120-anos-da-cidade","status":"inherit","uploaded_to":9810,"date":"2023-03-14 19:25:47","modified":"2023-03-14 19:25:47","menu_order":0,"mime_type":"application\/pdf","type":"application","subtype":"pdf","icon":"https:\/\/br.tereos.com\/wp\/wp-includes\/images\/media\/document.png"}},"headline":"A iniciativa \u201cCidade Viva\u201d visa revitalizar espa\u00e7os p\u00fablicos por meio da pintura de grandes pain\u00e9is em cidades do estado de S\u00e3o Paulo","headline_clone":{"headline":"A iniciativa \u201cCidade Viva\u201d visa revitalizar espa\u00e7os p\u00fablicos por meio da pintura de grandes pain\u00e9is em cidades do estado de S\u00e3o Paulo"},"has_anchors":false,"sections":[{"acf_fc_layout":"rich_text","anchor_title":"","text":"<p><strong>Ol\u00edmpia, 14 de mar\u00e7o de 2023 \u2013<\/strong> Com o objetivo de fomentar a cultura e o engajamento da popula\u00e7\u00e3o local, a Tereos, por meio do A\u00e7\u00facar Guarani, sua marca de varejo, apoia a cria\u00e7\u00e3o de um mural de arte urbana em comemora\u00e7\u00e3o aos 120 anos da cidade de Ol\u00edmpia. A obra, assinada pelo renomado artista Diego Dgoh, refor\u00e7a a rica cultura da regi\u00e3o e sua forte rela\u00e7\u00e3o com o folclore brasileiro.<\/p>\n<p>O mural ser\u00e1 produzido \u00e0s margens do C\u00f3rrego Olhos D\u2019\u00c1gua, na Avenida Aurora, entre as ruas Durval Brito e Miguel Said Aidar. A inaugura\u00e7\u00e3o do espa\u00e7o est\u00e1 programada para o dia 18 de mar\u00e7o, \u00e0s 16h30, com a presen\u00e7a de autoridades e tamb\u00e9m da bike do A\u00e7\u00facar Guarani, que far\u00e1 distribui\u00e7\u00e3o de algod\u00e3o doce aos participantes.<\/p>\n<p>A interven\u00e7\u00e3o art\u00edstica em Ol\u00edmpia \u00e9 uma a\u00e7\u00e3o do projeto cultural \u201cCidade Viva\u201d, idealizado pela Numen Produtora e realizado pelo Programa de A\u00e7\u00e3o Cultural do Estado de S\u00e3o Paulo (ProAC) em parceria com a Secretaria de Turismo e Cultura da Prefeitura de Ol\u00edmpia.<\/p>\n<p>O \u201cCidade Viva\u201d \u00e9 um projeto de impacto visual que visa revitalizar espa\u00e7os p\u00fablicos por meio da pintura de grandes pain\u00e9is em cidades do estado de S\u00e3o Paulo. As obras escolhidas retratam temas de relev\u00e2ncia local, para a comunidade em seu entorno ou para a cidade. O projeto busca humanizar espa\u00e7os p\u00fablicos, estabelecendo uma rela\u00e7\u00e3o afetiva entre pessoas e lugares ao mesmo tempo em que transforma positivamente a paisagem urbana e a est\u00e9tica das cidades.<\/p>\n"}],"flexible_editorial_clone":{"has_anchors":false,"sections":[{"acf_fc_layout":"rich_text","anchor_title":"","text":"<p><strong>Ol\u00edmpia, 14 de mar\u00e7o de 2023 \u2013<\/strong> Com o objetivo de fomentar a cultura e o engajamento da popula\u00e7\u00e3o local, a Tereos, por meio do A\u00e7\u00facar Guarani, sua marca de varejo, apoia a cria\u00e7\u00e3o de um mural de arte urbana em comemora\u00e7\u00e3o aos 120 anos da cidade de Ol\u00edmpia. A obra, assinada pelo renomado artista Diego Dgoh, refor\u00e7a a rica cultura da regi\u00e3o e sua forte rela\u00e7\u00e3o com o folclore brasileiro.<\/p>\n<p>O mural ser\u00e1 produzido \u00e0s margens do C\u00f3rrego Olhos D\u2019\u00c1gua, na Avenida Aurora, entre as ruas Durval Brito e Miguel Said Aidar. A inaugura\u00e7\u00e3o do espa\u00e7o est\u00e1 programada para o dia 18 de mar\u00e7o, \u00e0s 16h30, com a presen\u00e7a de autoridades e tamb\u00e9m da bike do A\u00e7\u00facar Guarani, que far\u00e1 distribui\u00e7\u00e3o de algod\u00e3o doce aos participantes.<\/p>\n<p>A interven\u00e7\u00e3o art\u00edstica em Ol\u00edmpia \u00e9 uma a\u00e7\u00e3o do projeto cultural \u201cCidade Viva\u201d, idealizado pela Numen Produtora e realizado pelo Programa de A\u00e7\u00e3o Cultural do Estado de S\u00e3o Paulo (ProAC) em parceria com a Secretaria de Turismo e Cultura da Prefeitura de Ol\u00edmpia.<\/p>\n<p>O \u201cCidade Viva\u201d \u00e9 um projeto de impacto visual que visa revitalizar espa\u00e7os p\u00fablicos por meio da pintura de grandes pain\u00e9is em cidades do estado de S\u00e3o Paulo. As obras escolhidas retratam temas de relev\u00e2ncia local, para a comunidade em seu entorno ou para a cidade. O projeto busca humanizar espa\u00e7os p\u00fablicos, estabelecendo uma rela\u00e7\u00e3o afetiva entre pessoas e lugares ao mesmo tempo em que transforma positivamente a paisagem urbana e a est\u00e9tica das cidades.<\/p>\n"}]}},"yoast_head":"<!-- This site is optimized with the Yoast SEO plugin v23.7 - https:\/\/yoast.com\/wordpress\/plugins\/seo\/ -->\n<title>Tereos apoia projeto de mural urbano em Ol\u00edmpia em comemora\u00e7\u00e3o aos 120 anos da cidade - Brasil<\/title>\n<meta name=\"robots\" content=\"index, follow, max-snippet:-1, max-image-preview:large, max-video-preview:-1\" \/>\n<link rel=\"canonical\" href=\"https:\/\/br.tereos.com\/pt-pt\/press-releases\/tereos-apoia-projeto-de-mural-urbano-em-olimpia-em-comemoracao-aos-120-anos-da-cidade\/\" \/>\n<meta property=\"og:locale\" content=\"pt_PT\" \/>\n<meta property=\"og:type\" content=\"article\" \/>\n<meta property=\"og:title\" content=\"Tereos apoia projeto de mural urbano em Ol\u00edmpia em comemora\u00e7\u00e3o aos 120 anos da cidade - Brasil\" \/>\n<meta property=\"og:url\" content=\"https:\/\/br.tereos.com\/pt-pt\/press-releases\/tereos-apoia-projeto-de-mural-urbano-em-olimpia-em-comemoracao-aos-120-anos-da-cidade\/\" \/>\n<meta property=\"og:site_name\" content=\"Brasil\" \/>\n<meta name=\"twitter:card\" content=\"summary_large_image\" \/>\n<script type=\"application\/ld+json\" class=\"yoast-schema-graph\">{\"@context\":\"https:\/\/schema.org\",\"@graph\":[{\"@type\":\"WebPage\",\"@id\":\"https:\/\/br.tereos.com\/pt-pt\/press-releases\/tereos-apoia-projeto-de-mural-urbano-em-olimpia-em-comemoracao-aos-120-anos-da-cidade\/\",\"url\":\"https:\/\/br.tereos.com\/pt-pt\/press-releases\/tereos-apoia-projeto-de-mural-urbano-em-olimpia-em-comemoracao-aos-120-anos-da-cidade\/\",\"name\":\"Tereos apoia projeto de mural urbano em Ol\u00edmpia em comemora\u00e7\u00e3o aos 120 anos da cidade - Brasil\",\"isPartOf\":{\"@id\":\"https:\/\/br.tereos.com\/pt-pt\/#website\"},\"datePublished\":\"2023-03-14T19:26:14+00:00\",\"dateModified\":\"2023-03-14T19:26:14+00:00\",\"breadcrumb\":{\"@id\":\"https:\/\/br.tereos.com\/pt-pt\/press-releases\/tereos-apoia-projeto-de-mural-urbano-em-olimpia-em-comemoracao-aos-120-anos-da-cidade\/#breadcrumb\"},\"inLanguage\":\"pt-PT\",\"potentialAction\":[{\"@type\":\"ReadAction\",\"target\":[\"https:\/\/br.tereos.com\/pt-pt\/press-releases\/tereos-apoia-projeto-de-mural-urbano-em-olimpia-em-comemoracao-aos-120-anos-da-cidade\/\"]}]},{\"@type\":\"BreadcrumbList\",\"@id\":\"https:\/\/br.tereos.com\/pt-pt\/press-releases\/tereos-apoia-projeto-de-mural-urbano-em-olimpia-em-comemoracao-aos-120-anos-da-cidade\/#breadcrumb\",\"itemListElement\":[{\"@type\":\"ListItem\",\"position\":1,\"name\":\"Home\",\"item\":\"https:\/\/br.tereos.com\/pt-pt\/\"},{\"@type\":\"ListItem\",\"position\":2,\"name\":\"Tereos apoia projeto de mural urbano em Ol\u00edmpia em comemora\u00e7\u00e3o aos 120 anos da cidade\"}]},{\"@type\":\"WebSite\",\"@id\":\"https:\/\/br.tereos.com\/pt-pt\/#website\",\"url\":\"https:\/\/br.tereos.com\/pt-pt\/\",\"name\":\"Brasil\",\"description\":\"Un site utilisant WordPress\",\"potentialAction\":[{\"@type\":\"SearchAction\",\"target\":{\"@type\":\"EntryPoint\",\"urlTemplate\":\"https:\/\/br.tereos.com\/pt-pt\/?s={search_term_string}\"},\"query-input\":{\"@type\":\"PropertyValueSpecification\",\"valueRequired\":true,\"valueName\":\"search_term_string\"}}],\"inLanguage\":\"pt-PT\"}]}<\/script>\n<!-- \/ Yoast SEO plugin. -->","yoast_head_json":{"title":"Tereos apoia projeto de mural urbano em Ol\u00edmpia em comemora\u00e7\u00e3o aos 120 anos da cidade - Brasil","robots":{"index":"index","follow":"follow","max-snippet":"max-snippet:-1","max-image-preview":"max-image-preview:large","max-video-preview":"max-video-preview:-1"},"canonical":"https:\/\/br.tereos.com\/pt-pt\/press-releases\/tereos-apoia-projeto-de-mural-urbano-em-olimpia-em-comemoracao-aos-120-anos-da-cidade\/","og_locale":"pt_PT","og_type":"article","og_title":"Tereos apoia projeto de mural urbano em Ol\u00edmpia em comemora\u00e7\u00e3o aos 120 anos da cidade - Brasil","og_url":"https:\/\/br.tereos.com\/pt-pt\/press-releases\/tereos-apoia-projeto-de-mural-urbano-em-olimpia-em-comemoracao-aos-120-anos-da-cidade\/","og_site_name":"Brasil","twitter_card":"summary_large_image","schema":{"@context":"https:\/\/schema.org","@graph":[{"@type":"WebPage","@id":"https:\/\/br.tereos.com\/pt-pt\/press-releases\/tereos-apoia-projeto-de-mural-urbano-em-olimpia-em-comemoracao-aos-120-anos-da-cidade\/","url":"https:\/\/br.tereos.com\/pt-pt\/press-releases\/tereos-apoia-projeto-de-mural-urbano-em-olimpia-em-comemoracao-aos-120-anos-da-cidade\/","name":"Tereos apoia projeto de mural urbano em Ol\u00edmpia em comemora\u00e7\u00e3o aos 120 anos da cidade - Brasil","isPartOf":{"@id":"https:\/\/br.tereos.com\/pt-pt\/#website"},"datePublished":"2023-03-14T19:26:14+00:00","dateModified":"2023-03-14T19:26:14+00:00","breadcrumb":{"@id":"https:\/\/br.tereos.com\/pt-pt\/press-releases\/tereos-apoia-projeto-de-mural-urbano-em-olimpia-em-comemoracao-aos-120-anos-da-cidade\/#breadcrumb"},"inLanguage":"pt-PT","potentialAction":[{"@type":"ReadAction","target":["https:\/\/br.tereos.com\/pt-pt\/press-releases\/tereos-apoia-projeto-de-mural-urbano-em-olimpia-em-comemoracao-aos-120-anos-da-cidade\/"]}]},{"@type":"BreadcrumbList","@id":"https:\/\/br.tereos.com\/pt-pt\/press-releases\/tereos-apoia-projeto-de-mural-urbano-em-olimpia-em-comemoracao-aos-120-anos-da-cidade\/#breadcrumb","itemListElement":[{"@type":"ListItem","position":1,"name":"Home","item":"https:\/\/br.tereos.com\/pt-pt\/"},{"@type":"ListItem","position":2,"name":"Tereos apoia projeto de mural urbano em Ol\u00edmpia em comemora\u00e7\u00e3o aos 120 anos da cidade"}]},{"@type":"WebSite","@id":"https:\/\/br.tereos.com\/pt-pt\/#website","url":"https:\/\/br.tereos.com\/pt-pt\/","name":"Brasil","description":"Un site utilisant WordPress","potentialAction":[{"@type":"SearchAction","target":{"@type":"EntryPoint","urlTemplate":"https:\/\/br.tereos.com\/pt-pt\/?s={search_term_string}"},"query-input":{"@type":"PropertyValueSpecification","valueRequired":true,"valueName":"search_term_string"}}],"inLanguage":"pt-PT"}]}},"featured_media_src":false,"date_formatted":"14 March 2023 ","_links":{"self":[{"href":"https:\/\/br.tereos.com\/pt-pt\/wp-json\/wp\/v2\/press-release\/9810"}],"collection":[{"href":"https:\/\/br.tereos.com\/pt-pt\/wp-json\/wp\/v2\/press-release"}],"about":[{"href":"https:\/\/br.tereos.com\/pt-pt\/wp-json\/wp\/v2\/types\/press_release"}],"author":[{"embeddable":true,"href":"https:\/\/br.tereos.com\/pt-pt\/wp-json\/wp\/v2\/users\/278"}],"version-history":[{"count":1,"href":"https:\/\/br.tereos.com\/pt-pt\/wp-json\/wp\/v2\/press-release\/9810\/revisions"}],"predecessor-version":[{"id":9812,"href":"https:\/\/br.tereos.com\/pt-pt\/wp-json\/wp\/v2\/press-release\/9810\/revisions\/9812"}],"wp:attachment":[{"href":"https:\/\/br.tereos.com\/pt-pt\/wp-json\/wp\/v2\/media?parent=9810"}],"wp:term":[{"taxonomy":"category","embeddable":true,"href":"https:\/\/br.tereos.com\/pt-pt\/wp-json\/wp\/v2\/categories?post=9810"}],"curies":[{"name":"wp","href":"https:\/\/api.w.org\/{rel}","templated":true}]}}