{"id":9526,"date":"2022-12-09T13:05:41","date_gmt":"2022-12-09T12:05:41","guid":{"rendered":"https:\/\/br.tereos.com\/?post_type=press_release&#038;p=9526"},"modified":"2022-12-22T13:09:00","modified_gmt":"2022-12-22T12:09:00","slug":"tereos-e-destaque-em-duas-categorias-na-19a-edicao-do-premio-visao-agro","status":"publish","type":"press_release","link":"https:\/\/br.tereos.com\/pt-pt\/press-releases\/tereos-e-destaque-em-duas-categorias-na-19a-edicao-do-premio-visao-agro\/","title":{"rendered":"Tereos \u00e9 destaque em duas categorias na 19\u00aa edi\u00e7\u00e3o do Pr\u00eamio Vis\u00e3o Agro"},"author":278,"featured_media":0,"template":"","categories":[],"class_list":["post-9526","press_release","type-press_release","status-publish","hentry"],"acf":{"cover_image":false,"cover_clone":{"cover_image":false},"file":{"ID":9527,"id":9527,"title":"Pr\u00eamio Vis\u00e3o Agro","filename":"premio-visao-agro.pdf","filesize":136890,"url":"https:\/\/www.tereos.com\/app\/uploads\/sites\/7\/2022\/12\/premio-visao-agro.pdf","link":"https:\/\/br.tereos.com\/pt-pt\/press-releases\/tereos-e-destaque-em-duas-categorias-na-19a-edicao-do-premio-visao-agro\/premio-visao-agro\/","alt":"","author":"278","description":"","caption":"","name":"premio-visao-agro","status":"inherit","uploaded_to":9526,"date":"2022-12-22 12:07:36","modified":"2022-12-22 12:07:36","menu_order":0,"mime_type":"application\/pdf","type":"application","subtype":"pdf","icon":"https:\/\/br.tereos.com\/wp\/wp-includes\/images\/media\/document.png"},"pdf_clone":{"file":{"ID":9527,"id":9527,"title":"Pr\u00eamio Vis\u00e3o Agro","filename":"premio-visao-agro.pdf","filesize":136890,"url":"https:\/\/www.tereos.com\/app\/uploads\/sites\/7\/2022\/12\/premio-visao-agro.pdf","link":"https:\/\/br.tereos.com\/pt-pt\/press-releases\/tereos-e-destaque-em-duas-categorias-na-19a-edicao-do-premio-visao-agro\/premio-visao-agro\/","alt":"","author":"278","description":"","caption":"","name":"premio-visao-agro","status":"inherit","uploaded_to":9526,"date":"2022-12-22 12:07:36","modified":"2022-12-22 12:07:36","menu_order":0,"mime_type":"application\/pdf","type":"application","subtype":"pdf","icon":"https:\/\/br.tereos.com\/wp\/wp-includes\/images\/media\/document.png"}},"headline":"A empresa foi reconhecida nas categorias Melhores Usinas: Brasil e Melhores Gestores ","headline_clone":{"headline":"A empresa foi reconhecida nas categorias Melhores Usinas: Brasil e Melhores Gestores "},"has_anchors":false,"sections":[{"acf_fc_layout":"rich_text","anchor_title":"","text":"<p><strong>Ol\u00edmpia, 9 de dezembro de 2022 &#8211;<\/strong> Uma das l\u00edderes mundiais na produ\u00e7\u00e3o de a\u00e7\u00facar, etanol e bioenergia, a Tereos foi um dos destaques na 19\u00aa edi\u00e7\u00e3o do Pr\u00eamio Vis\u00e3o Agro, com duas conquistas, nas categorias Melhores Usinas: Brasil, para a unidade Cruz Alta, de Ol\u00edmpia, e Melhores Gestores, para o Superintendente de Opera\u00e7\u00f5es Agroindustriais Everton Carpanezi.<\/p>\n<p>O evento, que reuniu cerca de 400 l\u00edderes e gestores de algumas das maiores empresas do setor bioenerg\u00e9tico do Pa\u00eds, ocorreu na noite de quinta-feira (8\/12), na Mans\u00e3o Galo Bravo, em Ribeir\u00e3o Preto (SP). Al\u00e9m de Carpanezi, um dos premiados da noite, os gerentes-executivos de Cluster Marcos Ant\u00f4nio Risseti e F\u00e1bio Bar\u00e3o tamb\u00e9m compareceram.<\/p>\n<p>Com cerca de 2.300 colaboradores e capacidade de moagem de 4,5 milh\u00f5es de toneladas de cana por ano, a Cruz Alta \u00e9 a maior das sete unidades industriais da Tereos no Brasil &#8211; todas localizadas no interior de S\u00e3o Paulo. Recentemente a unidade deu in\u00edcio \u00e0 opera\u00e7\u00e3o da primeira planta de biog\u00e1s do Grupo, com 1 MW de capacidade instalada. O projeto &#8211; que recebeu R$ 15 milh\u00f5es em investimento &#8211; \u00e9 mais uma fonte de energia limpa e renov\u00e1vel adicionada ao portf\u00f3lio da Tereos.<\/p>\n<p>\u201cTemos no nosso DNA a busca permanente de avan\u00e7os em todos os nossos processos operacionais, por meio do investimento em pesquisas e novas tecnologias, sempre em sintonia com as melhores pr\u00e1ticas sustent\u00e1veis. E o reconhecimento de um dos eventos mais tradicionais do setor refor\u00e7a este compromisso e mostra que estamos no caminho certo\u201d, afirmou Carpanezi.<\/p>\n<p><strong>Pr\u00eamio Vis\u00e3o Agro<\/strong><\/p>\n<p>Criado em 2003, o Pr\u00eamio Vis\u00e3o Agro \u00e9 um dos principais eventos do setor agroindustrial e reconhece pessoas, empresas e institui\u00e7\u00f5es que se destacam neste importante segmento econ\u00f4mico do pa\u00eds.<\/p>\n"}],"flexible_editorial_clone":{"has_anchors":false,"sections":[{"acf_fc_layout":"rich_text","anchor_title":"","text":"<p><strong>Ol\u00edmpia, 9 de dezembro de 2022 &#8211;<\/strong> Uma das l\u00edderes mundiais na produ\u00e7\u00e3o de a\u00e7\u00facar, etanol e bioenergia, a Tereos foi um dos destaques na 19\u00aa edi\u00e7\u00e3o do Pr\u00eamio Vis\u00e3o Agro, com duas conquistas, nas categorias Melhores Usinas: Brasil, para a unidade Cruz Alta, de Ol\u00edmpia, e Melhores Gestores, para o Superintendente de Opera\u00e7\u00f5es Agroindustriais Everton Carpanezi.<\/p>\n<p>O evento, que reuniu cerca de 400 l\u00edderes e gestores de algumas das maiores empresas do setor bioenerg\u00e9tico do Pa\u00eds, ocorreu na noite de quinta-feira (8\/12), na Mans\u00e3o Galo Bravo, em Ribeir\u00e3o Preto (SP). Al\u00e9m de Carpanezi, um dos premiados da noite, os gerentes-executivos de Cluster Marcos Ant\u00f4nio Risseti e F\u00e1bio Bar\u00e3o tamb\u00e9m compareceram.<\/p>\n<p>Com cerca de 2.300 colaboradores e capacidade de moagem de 4,5 milh\u00f5es de toneladas de cana por ano, a Cruz Alta \u00e9 a maior das sete unidades industriais da Tereos no Brasil &#8211; todas localizadas no interior de S\u00e3o Paulo. Recentemente a unidade deu in\u00edcio \u00e0 opera\u00e7\u00e3o da primeira planta de biog\u00e1s do Grupo, com 1 MW de capacidade instalada. O projeto &#8211; que recebeu R$ 15 milh\u00f5es em investimento &#8211; \u00e9 mais uma fonte de energia limpa e renov\u00e1vel adicionada ao portf\u00f3lio da Tereos.<\/p>\n<p>\u201cTemos no nosso DNA a busca permanente de avan\u00e7os em todos os nossos processos operacionais, por meio do investimento em pesquisas e novas tecnologias, sempre em sintonia com as melhores pr\u00e1ticas sustent\u00e1veis. E o reconhecimento de um dos eventos mais tradicionais do setor refor\u00e7a este compromisso e mostra que estamos no caminho certo\u201d, afirmou Carpanezi.<\/p>\n<p><strong>Pr\u00eamio Vis\u00e3o Agro<\/strong><\/p>\n<p>Criado em 2003, o Pr\u00eamio Vis\u00e3o Agro \u00e9 um dos principais eventos do setor agroindustrial e reconhece pessoas, empresas e institui\u00e7\u00f5es que se destacam neste importante segmento econ\u00f4mico do pa\u00eds.<\/p>\n"}]}},"yoast_head":"<!-- This site is optimized with the Yoast SEO plugin v23.7 - https:\/\/yoast.com\/wordpress\/plugins\/seo\/ -->\n<title>Tereos \u00e9 destaque em duas categorias na 19\u00aa edi\u00e7\u00e3o do Pr\u00eamio Vis\u00e3o Agro - Brasil<\/title>\n<meta name=\"robots\" content=\"index, follow, max-snippet:-1, max-image-preview:large, max-video-preview:-1\" \/>\n<link rel=\"canonical\" href=\"https:\/\/br.tereos.com\/pt-pt\/press-releases\/tereos-e-destaque-em-duas-categorias-na-19a-edicao-do-premio-visao-agro\/\" \/>\n<meta property=\"og:locale\" content=\"pt_PT\" \/>\n<meta property=\"og:type\" content=\"article\" \/>\n<meta property=\"og:title\" content=\"Tereos \u00e9 destaque em duas categorias na 19\u00aa edi\u00e7\u00e3o do Pr\u00eamio Vis\u00e3o Agro - Brasil\" \/>\n<meta property=\"og:url\" content=\"https:\/\/br.tereos.com\/pt-pt\/press-releases\/tereos-e-destaque-em-duas-categorias-na-19a-edicao-do-premio-visao-agro\/\" \/>\n<meta property=\"og:site_name\" content=\"Brasil\" \/>\n<meta property=\"article:modified_time\" content=\"2022-12-22T12:09:00+00:00\" \/>\n<meta name=\"twitter:card\" content=\"summary_large_image\" \/>\n<script type=\"application\/ld+json\" class=\"yoast-schema-graph\">{\"@context\":\"https:\/\/schema.org\",\"@graph\":[{\"@type\":\"WebPage\",\"@id\":\"https:\/\/br.tereos.com\/pt-pt\/press-releases\/tereos-e-destaque-em-duas-categorias-na-19a-edicao-do-premio-visao-agro\/\",\"url\":\"https:\/\/br.tereos.com\/pt-pt\/press-releases\/tereos-e-destaque-em-duas-categorias-na-19a-edicao-do-premio-visao-agro\/\",\"name\":\"Tereos \u00e9 destaque em duas categorias na 19\u00aa edi\u00e7\u00e3o do Pr\u00eamio Vis\u00e3o Agro - Brasil\",\"isPartOf\":{\"@id\":\"https:\/\/br.tereos.com\/pt-pt\/#website\"},\"datePublished\":\"2022-12-09T12:05:41+00:00\",\"dateModified\":\"2022-12-22T12:09:00+00:00\",\"breadcrumb\":{\"@id\":\"https:\/\/br.tereos.com\/pt-pt\/press-releases\/tereos-e-destaque-em-duas-categorias-na-19a-edicao-do-premio-visao-agro\/#breadcrumb\"},\"inLanguage\":\"pt-PT\",\"potentialAction\":[{\"@type\":\"ReadAction\",\"target\":[\"https:\/\/br.tereos.com\/pt-pt\/press-releases\/tereos-e-destaque-em-duas-categorias-na-19a-edicao-do-premio-visao-agro\/\"]}]},{\"@type\":\"BreadcrumbList\",\"@id\":\"https:\/\/br.tereos.com\/pt-pt\/press-releases\/tereos-e-destaque-em-duas-categorias-na-19a-edicao-do-premio-visao-agro\/#breadcrumb\",\"itemListElement\":[{\"@type\":\"ListItem\",\"position\":1,\"name\":\"Home\",\"item\":\"https:\/\/br.tereos.com\/pt-pt\/\"},{\"@type\":\"ListItem\",\"position\":2,\"name\":\"Tereos \u00e9 destaque em duas categorias na 19\u00aa edi\u00e7\u00e3o do Pr\u00eamio Vis\u00e3o Agro\"}]},{\"@type\":\"WebSite\",\"@id\":\"https:\/\/br.tereos.com\/pt-pt\/#website\",\"url\":\"https:\/\/br.tereos.com\/pt-pt\/\",\"name\":\"Brasil\",\"description\":\"Un site utilisant WordPress\",\"potentialAction\":[{\"@type\":\"SearchAction\",\"target\":{\"@type\":\"EntryPoint\",\"urlTemplate\":\"https:\/\/br.tereos.com\/pt-pt\/?s={search_term_string}\"},\"query-input\":{\"@type\":\"PropertyValueSpecification\",\"valueRequired\":true,\"valueName\":\"search_term_string\"}}],\"inLanguage\":\"pt-PT\"}]}<\/script>\n<!-- \/ Yoast SEO plugin. -->","yoast_head_json":{"title":"Tereos \u00e9 destaque em duas categorias na 19\u00aa edi\u00e7\u00e3o do Pr\u00eamio Vis\u00e3o Agro - Brasil","robots":{"index":"index","follow":"follow","max-snippet":"max-snippet:-1","max-image-preview":"max-image-preview:large","max-video-preview":"max-video-preview:-1"},"canonical":"https:\/\/br.tereos.com\/pt-pt\/press-releases\/tereos-e-destaque-em-duas-categorias-na-19a-edicao-do-premio-visao-agro\/","og_locale":"pt_PT","og_type":"article","og_title":"Tereos \u00e9 destaque em duas categorias na 19\u00aa edi\u00e7\u00e3o do Pr\u00eamio Vis\u00e3o Agro - Brasil","og_url":"https:\/\/br.tereos.com\/pt-pt\/press-releases\/tereos-e-destaque-em-duas-categorias-na-19a-edicao-do-premio-visao-agro\/","og_site_name":"Brasil","article_modified_time":"2022-12-22T12:09:00+00:00","twitter_card":"summary_large_image","schema":{"@context":"https:\/\/schema.org","@graph":[{"@type":"WebPage","@id":"https:\/\/br.tereos.com\/pt-pt\/press-releases\/tereos-e-destaque-em-duas-categorias-na-19a-edicao-do-premio-visao-agro\/","url":"https:\/\/br.tereos.com\/pt-pt\/press-releases\/tereos-e-destaque-em-duas-categorias-na-19a-edicao-do-premio-visao-agro\/","name":"Tereos \u00e9 destaque em duas categorias na 19\u00aa edi\u00e7\u00e3o do Pr\u00eamio Vis\u00e3o Agro - Brasil","isPartOf":{"@id":"https:\/\/br.tereos.com\/pt-pt\/#website"},"datePublished":"2022-12-09T12:05:41+00:00","dateModified":"2022-12-22T12:09:00+00:00","breadcrumb":{"@id":"https:\/\/br.tereos.com\/pt-pt\/press-releases\/tereos-e-destaque-em-duas-categorias-na-19a-edicao-do-premio-visao-agro\/#breadcrumb"},"inLanguage":"pt-PT","potentialAction":[{"@type":"ReadAction","target":["https:\/\/br.tereos.com\/pt-pt\/press-releases\/tereos-e-destaque-em-duas-categorias-na-19a-edicao-do-premio-visao-agro\/"]}]},{"@type":"BreadcrumbList","@id":"https:\/\/br.tereos.com\/pt-pt\/press-releases\/tereos-e-destaque-em-duas-categorias-na-19a-edicao-do-premio-visao-agro\/#breadcrumb","itemListElement":[{"@type":"ListItem","position":1,"name":"Home","item":"https:\/\/br.tereos.com\/pt-pt\/"},{"@type":"ListItem","position":2,"name":"Tereos \u00e9 destaque em duas categorias na 19\u00aa edi\u00e7\u00e3o do Pr\u00eamio Vis\u00e3o Agro"}]},{"@type":"WebSite","@id":"https:\/\/br.tereos.com\/pt-pt\/#website","url":"https:\/\/br.tereos.com\/pt-pt\/","name":"Brasil","description":"Un site utilisant WordPress","potentialAction":[{"@type":"SearchAction","target":{"@type":"EntryPoint","urlTemplate":"https:\/\/br.tereos.com\/pt-pt\/?s={search_term_string}"},"query-input":{"@type":"PropertyValueSpecification","valueRequired":true,"valueName":"search_term_string"}}],"inLanguage":"pt-PT"}]}},"featured_media_src":false,"date_formatted":"9 December 2022 ","_links":{"self":[{"href":"https:\/\/br.tereos.com\/pt-pt\/wp-json\/wp\/v2\/press-release\/9526"}],"collection":[{"href":"https:\/\/br.tereos.com\/pt-pt\/wp-json\/wp\/v2\/press-release"}],"about":[{"href":"https:\/\/br.tereos.com\/pt-pt\/wp-json\/wp\/v2\/types\/press_release"}],"author":[{"embeddable":true,"href":"https:\/\/br.tereos.com\/pt-pt\/wp-json\/wp\/v2\/users\/278"}],"version-history":[{"count":1,"href":"https:\/\/br.tereos.com\/pt-pt\/wp-json\/wp\/v2\/press-release\/9526\/revisions"}],"predecessor-version":[{"id":9528,"href":"https:\/\/br.tereos.com\/pt-pt\/wp-json\/wp\/v2\/press-release\/9526\/revisions\/9528"}],"wp:attachment":[{"href":"https:\/\/br.tereos.com\/pt-pt\/wp-json\/wp\/v2\/media?parent=9526"}],"wp:term":[{"taxonomy":"category","embeddable":true,"href":"https:\/\/br.tereos.com\/pt-pt\/wp-json\/wp\/v2\/categories?post=9526"}],"curies":[{"name":"wp","href":"https:\/\/api.w.org\/{rel}","templated":true}]}}