{"id":9390,"date":"2022-09-22T14:08:22","date_gmt":"2022-09-22T12:08:22","guid":{"rendered":"https:\/\/br.tereos.com\/?post_type=press_release&#038;p=9390"},"modified":"2022-10-20T14:17:00","modified_gmt":"2022-10-20T12:17:00","slug":"tereos-realiza-palestras-educativas-sobre-prevencao-de-incendio-em-escolas-da-regiao","status":"publish","type":"press_release","link":"https:\/\/br.tereos.com\/pt-pt\/press-releases\/tereos-realiza-palestras-educativas-sobre-prevencao-de-incendio-em-escolas-da-regiao\/","title":{"rendered":"Tereos realiza palestras educativas sobre preven\u00e7\u00e3o de inc\u00eandio em escolas da regi\u00e3o"},"author":278,"featured_media":9392,"template":"","categories":[],"class_list":["post-9390","press_release","type-press_release","status-publish","has-post-thumbnail","hentry"],"acf":{"cover_image":9392,"cover_clone":{"cover_image":9392},"file":{"ID":9391,"id":9391,"title":"Tereos realiza palestras educativas sobre preven\u00e7\u00e3o de inc\u00eandio em escolas da regi\u00e3o","filename":"tereos-realiza-palestras-educativas-sobre-prevencao-de-incendio-em-escolas-da-regiao.pdf","filesize":162510,"url":"https:\/\/www.tereos.com\/app\/uploads\/sites\/7\/2022\/10\/tereos-realiza-palestras-educativas-sobre-prevencao-de-incendio-em-escolas-da-regiao.pdf","link":"https:\/\/br.tereos.com\/pt-pt\/press-releases\/tereos-realiza-palestras-educativas-sobre-prevencao-de-incendio-em-escolas-da-regiao\/tereos-realiza-palestras-educativas-sobre-prevencao-de-incendio-em-escolas-da-regiao\/","alt":"","author":"278","description":"","caption":"","name":"tereos-realiza-palestras-educativas-sobre-prevencao-de-incendio-em-escolas-da-regiao","status":"inherit","uploaded_to":9390,"date":"2022-10-20 12:11:48","modified":"2022-10-20 12:11:48","menu_order":0,"mime_type":"application\/pdf","type":"application","subtype":"pdf","icon":"https:\/\/br.tereos.com\/wp\/wp-includes\/images\/media\/document.png"},"pdf_clone":{"file":{"ID":9391,"id":9391,"title":"Tereos realiza palestras educativas sobre preven\u00e7\u00e3o de inc\u00eandio em escolas da regi\u00e3o","filename":"tereos-realiza-palestras-educativas-sobre-prevencao-de-incendio-em-escolas-da-regiao.pdf","filesize":162510,"url":"https:\/\/www.tereos.com\/app\/uploads\/sites\/7\/2022\/10\/tereos-realiza-palestras-educativas-sobre-prevencao-de-incendio-em-escolas-da-regiao.pdf","link":"https:\/\/br.tereos.com\/pt-pt\/press-releases\/tereos-realiza-palestras-educativas-sobre-prevencao-de-incendio-em-escolas-da-regiao\/tereos-realiza-palestras-educativas-sobre-prevencao-de-incendio-em-escolas-da-regiao\/","alt":"","author":"278","description":"","caption":"","name":"tereos-realiza-palestras-educativas-sobre-prevencao-de-incendio-em-escolas-da-regiao","status":"inherit","uploaded_to":9390,"date":"2022-10-20 12:11:48","modified":"2022-10-20 12:11:48","menu_order":0,"mime_type":"application\/pdf","type":"application","subtype":"pdf","icon":"https:\/\/br.tereos.com\/wp\/wp-includes\/images\/media\/document.png"}},"headline":"A iniciativa faz parte da campanha de preven\u00e7\u00e3o e combate a inc\u00eandios da empresa, com a\u00e7\u00f5es nas cidades pr\u00f3ximas de suas unidades","headline_clone":{"headline":"A iniciativa faz parte da campanha de preven\u00e7\u00e3o e combate a inc\u00eandios da empresa, com a\u00e7\u00f5es nas cidades pr\u00f3ximas de suas unidades"},"has_anchors":false,"sections":[{"acf_fc_layout":"rich_text","anchor_title":"","text":"<p><strong>Ol\u00edmpia, 22 de setembro de 2022 \u2013<\/strong> Em parceria com o Corpo de Bombeiros e a Pol\u00edcia Ambiental, a Tereos, uma das empresas l\u00edderes na produ\u00e7\u00e3o de a\u00e7\u00facar, etanol e energia do pa\u00eds, realiza nesta semana palestras educativas sobre preven\u00e7\u00e3o e combate a inc\u00eandios em escolas pr\u00f3ximas de sua regi\u00e3o de atua\u00e7\u00e3o.<\/p>\n<p>As palestras t\u00eam o objetivo de conscientizar as crian\u00e7as sobre potenciais focos de inc\u00eandio e como preveni-los. Ao final da visita, as crian\u00e7as tamb\u00e9m recebem uma cartilha com orienta\u00e7\u00f5es gerais e principais cuidados, assim como atividades l\u00fadicas sobre o tema.<\/p>\n<p>\u201cNosso objetivo com a a\u00e7\u00e3o \u00e9 proporcionar um momento de intera\u00e7\u00e3o com as crian\u00e7as para que elas sejam multiplicadoras da mensagem, compartilhando com familiares pr\u00f3ximos e amigos o que aprenderam durante o momento. Com a distribui\u00e7\u00e3o da cartilha, refor\u00e7amos esses principais cuidados e a conscientiza\u00e7\u00e3o sobre os riscos ao meio ambiente\u201d, comenta Renato Zanetti, Superintendente de Sustentabilidade e Excel\u00eancia Operacional da Tereos.<\/p>\n<p>Em Ol\u00edmpia, a palestra foi ministrada a 250 estudantes de 1\u00aa a 5\u00aa s\u00e9rie do Ensino Fundamental da EMEB Joaquim Miguel dos Santos. J\u00e1 em Barretos, a a\u00e7\u00e3o ser\u00e1 realizada nesta sexta-feira, dia 23\/09, na escola municipal Leodete Silv\u00e9rio Joi.<\/p>\n<p><strong>Campanha de preven\u00e7\u00e3o e conscientiza\u00e7\u00e3o<\/strong><\/p>\n<p>A estrat\u00e9gia faz parte da campanha de preven\u00e7\u00e3o e combate a inc\u00eandios da empresa, e tem como intuito refor\u00e7ar a conscientiza\u00e7\u00e3o de diferentes p\u00fablicos de cidades ao entorno de suas unidades.<\/p>\n<p>Nesta safra, a Tereos j\u00e1 contemplou a\u00e7\u00f5es de conscientiza\u00e7\u00e3o com popula\u00e7\u00e3o ribeirinha, pescadores e popula\u00e7\u00e3o em geral por meio de a\u00e7\u00e3o de ped\u00e1gio em oito cidades da regi\u00e3o.<\/p>\n"}],"flexible_editorial_clone":{"has_anchors":false,"sections":[{"acf_fc_layout":"rich_text","anchor_title":"","text":"<p><strong>Ol\u00edmpia, 22 de setembro de 2022 \u2013<\/strong> Em parceria com o Corpo de Bombeiros e a Pol\u00edcia Ambiental, a Tereos, uma das empresas l\u00edderes na produ\u00e7\u00e3o de a\u00e7\u00facar, etanol e energia do pa\u00eds, realiza nesta semana palestras educativas sobre preven\u00e7\u00e3o e combate a inc\u00eandios em escolas pr\u00f3ximas de sua regi\u00e3o de atua\u00e7\u00e3o.<\/p>\n<p>As palestras t\u00eam o objetivo de conscientizar as crian\u00e7as sobre potenciais focos de inc\u00eandio e como preveni-los. Ao final da visita, as crian\u00e7as tamb\u00e9m recebem uma cartilha com orienta\u00e7\u00f5es gerais e principais cuidados, assim como atividades l\u00fadicas sobre o tema.<\/p>\n<p>\u201cNosso objetivo com a a\u00e7\u00e3o \u00e9 proporcionar um momento de intera\u00e7\u00e3o com as crian\u00e7as para que elas sejam multiplicadoras da mensagem, compartilhando com familiares pr\u00f3ximos e amigos o que aprenderam durante o momento. Com a distribui\u00e7\u00e3o da cartilha, refor\u00e7amos esses principais cuidados e a conscientiza\u00e7\u00e3o sobre os riscos ao meio ambiente\u201d, comenta Renato Zanetti, Superintendente de Sustentabilidade e Excel\u00eancia Operacional da Tereos.<\/p>\n<p>Em Ol\u00edmpia, a palestra foi ministrada a 250 estudantes de 1\u00aa a 5\u00aa s\u00e9rie do Ensino Fundamental da EMEB Joaquim Miguel dos Santos. J\u00e1 em Barretos, a a\u00e7\u00e3o ser\u00e1 realizada nesta sexta-feira, dia 23\/09, na escola municipal Leodete Silv\u00e9rio Joi.<\/p>\n<p><strong>Campanha de preven\u00e7\u00e3o e conscientiza\u00e7\u00e3o<\/strong><\/p>\n<p>A estrat\u00e9gia faz parte da campanha de preven\u00e7\u00e3o e combate a inc\u00eandios da empresa, e tem como intuito refor\u00e7ar a conscientiza\u00e7\u00e3o de diferentes p\u00fablicos de cidades ao entorno de suas unidades.<\/p>\n<p>Nesta safra, a Tereos j\u00e1 contemplou a\u00e7\u00f5es de conscientiza\u00e7\u00e3o com popula\u00e7\u00e3o ribeirinha, pescadores e popula\u00e7\u00e3o em geral por meio de a\u00e7\u00e3o de ped\u00e1gio em oito cidades da regi\u00e3o.<\/p>\n"}]}},"yoast_head":"<!-- This site is optimized with the Yoast SEO plugin v23.7 - https:\/\/yoast.com\/wordpress\/plugins\/seo\/ -->\n<title>Tereos realiza palestras educativas sobre preven\u00e7\u00e3o de inc\u00eandio em escolas da regi\u00e3o - Brasil<\/title>\n<meta name=\"robots\" content=\"index, follow, max-snippet:-1, max-image-preview:large, max-video-preview:-1\" \/>\n<link rel=\"canonical\" href=\"https:\/\/br.tereos.com\/pt-pt\/press-releases\/tereos-realiza-palestras-educativas-sobre-prevencao-de-incendio-em-escolas-da-regiao\/\" \/>\n<meta property=\"og:locale\" content=\"pt_PT\" \/>\n<meta property=\"og:type\" content=\"article\" \/>\n<meta property=\"og:title\" content=\"Tereos realiza palestras educativas sobre preven\u00e7\u00e3o de inc\u00eandio em escolas da regi\u00e3o - Brasil\" \/>\n<meta property=\"og:url\" content=\"https:\/\/br.tereos.com\/pt-pt\/press-releases\/tereos-realiza-palestras-educativas-sobre-prevencao-de-incendio-em-escolas-da-regiao\/\" \/>\n<meta property=\"og:site_name\" content=\"Brasil\" \/>\n<meta property=\"article:modified_time\" content=\"2022-10-20T12:17:00+00:00\" \/>\n<meta property=\"og:image\" content=\"https:\/\/www.tereos.com\/app\/uploads\/sites\/7\/2022\/10\/ajustada.jpg\" \/>\n\t<meta property=\"og:image:width\" content=\"2561\" \/>\n\t<meta property=\"og:image:height\" content=\"1441\" \/>\n\t<meta property=\"og:image:type\" content=\"image\/jpeg\" \/>\n<meta name=\"twitter:card\" content=\"summary_large_image\" \/>\n<script type=\"application\/ld+json\" class=\"yoast-schema-graph\">{\"@context\":\"https:\/\/schema.org\",\"@graph\":[{\"@type\":\"WebPage\",\"@id\":\"https:\/\/br.tereos.com\/pt-pt\/press-releases\/tereos-realiza-palestras-educativas-sobre-prevencao-de-incendio-em-escolas-da-regiao\/\",\"url\":\"https:\/\/br.tereos.com\/pt-pt\/press-releases\/tereos-realiza-palestras-educativas-sobre-prevencao-de-incendio-em-escolas-da-regiao\/\",\"name\":\"Tereos realiza palestras educativas sobre preven\u00e7\u00e3o de inc\u00eandio em escolas da regi\u00e3o - Brasil\",\"isPartOf\":{\"@id\":\"https:\/\/br.tereos.com\/pt-pt\/#website\"},\"primaryImageOfPage\":{\"@id\":\"https:\/\/br.tereos.com\/pt-pt\/press-releases\/tereos-realiza-palestras-educativas-sobre-prevencao-de-incendio-em-escolas-da-regiao\/#primaryimage\"},\"image\":{\"@id\":\"https:\/\/br.tereos.com\/pt-pt\/press-releases\/tereos-realiza-palestras-educativas-sobre-prevencao-de-incendio-em-escolas-da-regiao\/#primaryimage\"},\"thumbnailUrl\":\"https:\/\/www.tereos.com\/app\/uploads\/sites\/7\/2022\/10\/ajustada.jpg\",\"datePublished\":\"2022-09-22T12:08:22+00:00\",\"dateModified\":\"2022-10-20T12:17:00+00:00\",\"breadcrumb\":{\"@id\":\"https:\/\/br.tereos.com\/pt-pt\/press-releases\/tereos-realiza-palestras-educativas-sobre-prevencao-de-incendio-em-escolas-da-regiao\/#breadcrumb\"},\"inLanguage\":\"pt-PT\",\"potentialAction\":[{\"@type\":\"ReadAction\",\"target\":[\"https:\/\/br.tereos.com\/pt-pt\/press-releases\/tereos-realiza-palestras-educativas-sobre-prevencao-de-incendio-em-escolas-da-regiao\/\"]}]},{\"@type\":\"ImageObject\",\"inLanguage\":\"pt-PT\",\"@id\":\"https:\/\/br.tereos.com\/pt-pt\/press-releases\/tereos-realiza-palestras-educativas-sobre-prevencao-de-incendio-em-escolas-da-regiao\/#primaryimage\",\"url\":\"https:\/\/www.tereos.com\/app\/uploads\/sites\/7\/2022\/10\/ajustada.jpg\",\"contentUrl\":\"https:\/\/www.tereos.com\/app\/uploads\/sites\/7\/2022\/10\/ajustada.jpg\",\"width\":2561,\"height\":1441},{\"@type\":\"BreadcrumbList\",\"@id\":\"https:\/\/br.tereos.com\/pt-pt\/press-releases\/tereos-realiza-palestras-educativas-sobre-prevencao-de-incendio-em-escolas-da-regiao\/#breadcrumb\",\"itemListElement\":[{\"@type\":\"ListItem\",\"position\":1,\"name\":\"Home\",\"item\":\"https:\/\/br.tereos.com\/pt-pt\/\"},{\"@type\":\"ListItem\",\"position\":2,\"name\":\"Tereos realiza palestras educativas sobre preven\u00e7\u00e3o de inc\u00eandio em escolas da regi\u00e3o\"}]},{\"@type\":\"WebSite\",\"@id\":\"https:\/\/br.tereos.com\/pt-pt\/#website\",\"url\":\"https:\/\/br.tereos.com\/pt-pt\/\",\"name\":\"Brasil\",\"description\":\"Un site utilisant WordPress\",\"potentialAction\":[{\"@type\":\"SearchAction\",\"target\":{\"@type\":\"EntryPoint\",\"urlTemplate\":\"https:\/\/br.tereos.com\/pt-pt\/?s={search_term_string}\"},\"query-input\":{\"@type\":\"PropertyValueSpecification\",\"valueRequired\":true,\"valueName\":\"search_term_string\"}}],\"inLanguage\":\"pt-PT\"}]}<\/script>\n<!-- \/ Yoast SEO plugin. -->","yoast_head_json":{"title":"Tereos realiza palestras educativas sobre preven\u00e7\u00e3o de inc\u00eandio em escolas da regi\u00e3o - Brasil","robots":{"index":"index","follow":"follow","max-snippet":"max-snippet:-1","max-image-preview":"max-image-preview:large","max-video-preview":"max-video-preview:-1"},"canonical":"https:\/\/br.tereos.com\/pt-pt\/press-releases\/tereos-realiza-palestras-educativas-sobre-prevencao-de-incendio-em-escolas-da-regiao\/","og_locale":"pt_PT","og_type":"article","og_title":"Tereos realiza palestras educativas sobre preven\u00e7\u00e3o de inc\u00eandio em escolas da regi\u00e3o - Brasil","og_url":"https:\/\/br.tereos.com\/pt-pt\/press-releases\/tereos-realiza-palestras-educativas-sobre-prevencao-de-incendio-em-escolas-da-regiao\/","og_site_name":"Brasil","article_modified_time":"2022-10-20T12:17:00+00:00","og_image":[{"width":2561,"height":1441,"url":"https:\/\/www.tereos.com\/app\/uploads\/sites\/7\/2022\/10\/ajustada.jpg","type":"image\/jpeg"}],"twitter_card":"summary_large_image","schema":{"@context":"https:\/\/schema.org","@graph":[{"@type":"WebPage","@id":"https:\/\/br.tereos.com\/pt-pt\/press-releases\/tereos-realiza-palestras-educativas-sobre-prevencao-de-incendio-em-escolas-da-regiao\/","url":"https:\/\/br.tereos.com\/pt-pt\/press-releases\/tereos-realiza-palestras-educativas-sobre-prevencao-de-incendio-em-escolas-da-regiao\/","name":"Tereos realiza palestras educativas sobre preven\u00e7\u00e3o de inc\u00eandio em escolas da regi\u00e3o - Brasil","isPartOf":{"@id":"https:\/\/br.tereos.com\/pt-pt\/#website"},"primaryImageOfPage":{"@id":"https:\/\/br.tereos.com\/pt-pt\/press-releases\/tereos-realiza-palestras-educativas-sobre-prevencao-de-incendio-em-escolas-da-regiao\/#primaryimage"},"image":{"@id":"https:\/\/br.tereos.com\/pt-pt\/press-releases\/tereos-realiza-palestras-educativas-sobre-prevencao-de-incendio-em-escolas-da-regiao\/#primaryimage"},"thumbnailUrl":"https:\/\/www.tereos.com\/app\/uploads\/sites\/7\/2022\/10\/ajustada.jpg","datePublished":"2022-09-22T12:08:22+00:00","dateModified":"2022-10-20T12:17:00+00:00","breadcrumb":{"@id":"https:\/\/br.tereos.com\/pt-pt\/press-releases\/tereos-realiza-palestras-educativas-sobre-prevencao-de-incendio-em-escolas-da-regiao\/#breadcrumb"},"inLanguage":"pt-PT","potentialAction":[{"@type":"ReadAction","target":["https:\/\/br.tereos.com\/pt-pt\/press-releases\/tereos-realiza-palestras-educativas-sobre-prevencao-de-incendio-em-escolas-da-regiao\/"]}]},{"@type":"ImageObject","inLanguage":"pt-PT","@id":"https:\/\/br.tereos.com\/pt-pt\/press-releases\/tereos-realiza-palestras-educativas-sobre-prevencao-de-incendio-em-escolas-da-regiao\/#primaryimage","url":"https:\/\/www.tereos.com\/app\/uploads\/sites\/7\/2022\/10\/ajustada.jpg","contentUrl":"https:\/\/www.tereos.com\/app\/uploads\/sites\/7\/2022\/10\/ajustada.jpg","width":2561,"height":1441},{"@type":"BreadcrumbList","@id":"https:\/\/br.tereos.com\/pt-pt\/press-releases\/tereos-realiza-palestras-educativas-sobre-prevencao-de-incendio-em-escolas-da-regiao\/#breadcrumb","itemListElement":[{"@type":"ListItem","position":1,"name":"Home","item":"https:\/\/br.tereos.com\/pt-pt\/"},{"@type":"ListItem","position":2,"name":"Tereos realiza palestras educativas sobre preven\u00e7\u00e3o de inc\u00eandio em escolas da regi\u00e3o"}]},{"@type":"WebSite","@id":"https:\/\/br.tereos.com\/pt-pt\/#website","url":"https:\/\/br.tereos.com\/pt-pt\/","name":"Brasil","description":"Un site utilisant WordPress","potentialAction":[{"@type":"SearchAction","target":{"@type":"EntryPoint","urlTemplate":"https:\/\/br.tereos.com\/pt-pt\/?s={search_term_string}"},"query-input":{"@type":"PropertyValueSpecification","valueRequired":true,"valueName":"search_term_string"}}],"inLanguage":"pt-PT"}]}},"featured_media_src":"https:\/\/www.tereos.com\/app\/uploads\/sites\/7\/2022\/10\/ajustada-520x390-c-default.jpg","date_formatted":"22 September 2022 ","_links":{"self":[{"href":"https:\/\/br.tereos.com\/pt-pt\/wp-json\/wp\/v2\/press-release\/9390"}],"collection":[{"href":"https:\/\/br.tereos.com\/pt-pt\/wp-json\/wp\/v2\/press-release"}],"about":[{"href":"https:\/\/br.tereos.com\/pt-pt\/wp-json\/wp\/v2\/types\/press_release"}],"author":[{"embeddable":true,"href":"https:\/\/br.tereos.com\/pt-pt\/wp-json\/wp\/v2\/users\/278"}],"version-history":[{"count":1,"href":"https:\/\/br.tereos.com\/pt-pt\/wp-json\/wp\/v2\/press-release\/9390\/revisions"}],"predecessor-version":[{"id":9393,"href":"https:\/\/br.tereos.com\/pt-pt\/wp-json\/wp\/v2\/press-release\/9390\/revisions\/9393"}],"wp:featuredmedia":[{"embeddable":true,"href":"https:\/\/br.tereos.com\/pt-pt\/wp-json\/wp\/v2\/media\/9392"}],"wp:attachment":[{"href":"https:\/\/br.tereos.com\/pt-pt\/wp-json\/wp\/v2\/media?parent=9390"}],"wp:term":[{"taxonomy":"category","embeddable":true,"href":"https:\/\/br.tereos.com\/pt-pt\/wp-json\/wp\/v2\/categories?post=9390"}],"curies":[{"name":"wp","href":"https:\/\/api.w.org\/{rel}","templated":true}]}}