{"id":8984,"date":"2022-05-30T23:30:36","date_gmt":"2022-05-30T21:30:36","guid":{"rendered":"https:\/\/br.tereos.com\/?post_type=press_release&#038;p=8984"},"modified":"2022-05-30T23:30:36","modified_gmt":"2022-05-30T21:30:36","slug":"tereos-abre-vagas-para-jovens-de-16-a-21-anos-em-parceria-com-a-fundacao-projeto-pescar","status":"publish","type":"press_release","link":"https:\/\/br.tereos.com\/pt-pt\/press-releases\/tereos-abre-vagas-para-jovens-de-16-a-21-anos-em-parceria-com-a-fundacao-projeto-pescar\/","title":{"rendered":"Tereos abre vagas para jovens de 16 a 21 anos em parceria com a Funda\u00e7\u00e3o Projeto Pescar"},"author":278,"featured_media":0,"template":"","categories":[],"class_list":["post-8984","press_release","type-press_release","status-publish","hentry"],"acf":{"cover_image":false,"cover_clone":{"cover_image":false},"file":{"ID":8985,"id":8985,"title":"Tereos abre vagas para jovens de 16 a 21 anos em parceria com a Funda\u00e7\u00e3o Projeto Pescar","filename":"tereos-abre-vagas-para-jovens-de-16-a-21-anos-em-parceria-com-a-fundacao-projeto-pescar.pdf","filesize":182515,"url":"https:\/\/www.tereos.com\/app\/uploads\/sites\/7\/2022\/05\/tereos-abre-vagas-para-jovens-de-16-a-21-anos-em-parceria-com-a-fundacao-projeto-pescar.pdf","link":"https:\/\/br.tereos.com\/pt-pt\/press-releases\/tereos-abre-vagas-para-jovens-de-16-a-21-anos-em-parceria-com-a-fundacao-projeto-pescar\/tereos-abre-vagas-para-jovens-de-16-a-21-anos-em-parceria-com-a-fundacao-projeto-pescar\/","alt":"","author":"278","description":"","caption":"","name":"tereos-abre-vagas-para-jovens-de-16-a-21-anos-em-parceria-com-a-fundacao-projeto-pescar","status":"inherit","uploaded_to":8984,"date":"2022-05-30 21:30:17","modified":"2022-05-30 21:30:17","menu_order":0,"mime_type":"application\/pdf","type":"application","subtype":"pdf","icon":"https:\/\/br.tereos.com\/wp\/wp-includes\/images\/media\/document.png"},"pdf_clone":{"file":{"ID":8985,"id":8985,"title":"Tereos abre vagas para jovens de 16 a 21 anos em parceria com a Funda\u00e7\u00e3o Projeto Pescar","filename":"tereos-abre-vagas-para-jovens-de-16-a-21-anos-em-parceria-com-a-fundacao-projeto-pescar.pdf","filesize":182515,"url":"https:\/\/www.tereos.com\/app\/uploads\/sites\/7\/2022\/05\/tereos-abre-vagas-para-jovens-de-16-a-21-anos-em-parceria-com-a-fundacao-projeto-pescar.pdf","link":"https:\/\/br.tereos.com\/pt-pt\/press-releases\/tereos-abre-vagas-para-jovens-de-16-a-21-anos-em-parceria-com-a-fundacao-projeto-pescar\/tereos-abre-vagas-para-jovens-de-16-a-21-anos-em-parceria-com-a-fundacao-projeto-pescar\/","alt":"","author":"278","description":"","caption":"","name":"tereos-abre-vagas-para-jovens-de-16-a-21-anos-em-parceria-com-a-fundacao-projeto-pescar","status":"inherit","uploaded_to":8984,"date":"2022-05-30 21:30:17","modified":"2022-05-30 21:30:17","menu_order":0,"mime_type":"application\/pdf","type":"application","subtype":"pdf","icon":"https:\/\/br.tereos.com\/wp\/wp-includes\/images\/media\/document.png"}},"headline":"O programa, que completa seu d\u00e9cimo ano na companhia em 2022, visa oferecer oportunidades de inicia\u00e7\u00e3o profissional para jovens em situa\u00e7\u00e3o de vulnerabilidade socioecon\u00f4mica ","headline_clone":{"headline":"O programa, que completa seu d\u00e9cimo ano na companhia em 2022, visa oferecer oportunidades de inicia\u00e7\u00e3o profissional para jovens em situa\u00e7\u00e3o de vulnerabilidade socioecon\u00f4mica "},"has_anchors":false,"sections":[{"acf_fc_layout":"rich_text","anchor_title":"","text":"<p><strong>Ol\u00edmpia, 18 de maio de 2022 \u2013 <\/strong>A Tereos, uma das l\u00edderes na produ\u00e7\u00e3o de a\u00e7\u00facar, etanol e energia a partir da biomassa da cana-de-a\u00e7\u00facar no Brasil, est\u00e1 com 19 vagas abertas para jovens aprendizes em parceria com o Projeto Pescar. As oportunidades s\u00e3o para jovens de 16 a 21 anos, em situa\u00e7\u00e3o de vulnerabilidade socioecon\u00f4mica e que residam nos munic\u00edpios de Sever\u00ednia, Ol\u00edmpia e Bagua\u00e7u. As inscri\u00e7\u00f5es v\u00e3o at\u00e9 o dia 3 de junho.<\/p>\n<p>A iniciativa visa oferecer aos jovens uma oportunidade de inicia\u00e7\u00e3o profissional em processos agroindustriais, capacitando-os e preparando-os para ingressarem no mercado de trabalho. A turma de 2022 vai marcar o d\u00e9cimo ano de parceria; nesse per\u00edodo, mais de 170 jovens passaram pela Tereos e muitos foram efetivados na empresa, atualmente fazendo parte do quadro de colaboradores do grupo.<\/p>\n<p>\u201cPara a Tereos, \u00e9 muito importante contar com essa parceria de longo prazo com a Funda\u00e7\u00e3o Projeto Pescar, que j\u00e1 ofereceu muitas possibilidades de prepara\u00e7\u00e3o e desenvolvimento desses jovens para o mercado de trabalho. Com o programa, aliamos valores importantes para a companhia, como a preocupa\u00e7\u00e3o com a capacita\u00e7\u00e3o e o cuidado com as comunidades em que atuamos. Esperamos oferecer cada vez mais oportunidades para quem busca iniciar uma carreira de sucesso no agro\u201d, comenta Carlos Leston, diretor de Recursos Humanos da Tereos.<\/p>\n<p>As vagas s\u00e3o para a unidade Cruz Alta, localizada em Ol\u00edmpia (SP), com previs\u00e3o de in\u00edcio para agosto de 2022. O programa tem dura\u00e7\u00e3o de 11 meses e as atividades ser\u00e3o realizadas de segunda a sexta-feira, das 8h \u00e0s 12h30. Os selecionados ter\u00e3o bolsa-aux\u00edlio, al\u00e9m de uniforme, transporte e vale-alimenta\u00e7\u00e3o.<\/p>\n<p>Para J\u00e9ssica Leva Cardoso, educadora social do Pescar, o projeto atua na transforma\u00e7\u00e3o da vida dos participantes, ajudando os jovens a desenvolverem uma atitude protagonista. \u201cNossa miss\u00e3o vai al\u00e9m de preparar os jovens para o mundo do trabalho, tamb\u00e9m buscamos formar cidad\u00e3os que fa\u00e7am a diferen\u00e7a na sociedade\u201d, afirma.<\/p>\n<p>Para se candidatar, o jovem precisar ter renda familiar de at\u00e9 meio sal\u00e1rio m\u00ednimo per capta e estar cursando a partir do 7\u00ba ano do ensino fundamental (ou que j\u00e1 ter conclu\u00eddo o ensino m\u00e9dio). As inscri\u00e7\u00f5es podem ser feitas por meio do link:<\/p>\n<p><a href=\"https:\/\/projetopescar.perseus.com.br\/Servicos\/ProcessoSeletivo\/?RVNDQ29kaWdvPTUyMCZTRURDb2RpZ289NTcmUEVSQ29kaWdvPTAwMDAmUFNMQ29kaWdvPTIwMjItMTk=\">https:\/\/projetopescar.perseus.com.br\/Servicos\/ProcessoSeletivo\/?RVNDQ29kaWdvPTUyMCZTRURDb2RpZ289NTcmUEVSQ29kaWdvPTAwMDAmUFNMQ29kaWdvPTIwMjItMTk=<\/a><\/p>\n"}],"flexible_editorial_clone":{"has_anchors":false,"sections":[{"acf_fc_layout":"rich_text","anchor_title":"","text":"<p><strong>Ol\u00edmpia, 18 de maio de 2022 \u2013 <\/strong>A Tereos, uma das l\u00edderes na produ\u00e7\u00e3o de a\u00e7\u00facar, etanol e energia a partir da biomassa da cana-de-a\u00e7\u00facar no Brasil, est\u00e1 com 19 vagas abertas para jovens aprendizes em parceria com o Projeto Pescar. As oportunidades s\u00e3o para jovens de 16 a 21 anos, em situa\u00e7\u00e3o de vulnerabilidade socioecon\u00f4mica e que residam nos munic\u00edpios de Sever\u00ednia, Ol\u00edmpia e Bagua\u00e7u. As inscri\u00e7\u00f5es v\u00e3o at\u00e9 o dia 3 de junho.<\/p>\n<p>A iniciativa visa oferecer aos jovens uma oportunidade de inicia\u00e7\u00e3o profissional em processos agroindustriais, capacitando-os e preparando-os para ingressarem no mercado de trabalho. A turma de 2022 vai marcar o d\u00e9cimo ano de parceria; nesse per\u00edodo, mais de 170 jovens passaram pela Tereos e muitos foram efetivados na empresa, atualmente fazendo parte do quadro de colaboradores do grupo.<\/p>\n<p>\u201cPara a Tereos, \u00e9 muito importante contar com essa parceria de longo prazo com a Funda\u00e7\u00e3o Projeto Pescar, que j\u00e1 ofereceu muitas possibilidades de prepara\u00e7\u00e3o e desenvolvimento desses jovens para o mercado de trabalho. Com o programa, aliamos valores importantes para a companhia, como a preocupa\u00e7\u00e3o com a capacita\u00e7\u00e3o e o cuidado com as comunidades em que atuamos. Esperamos oferecer cada vez mais oportunidades para quem busca iniciar uma carreira de sucesso no agro\u201d, comenta Carlos Leston, diretor de Recursos Humanos da Tereos.<\/p>\n<p>As vagas s\u00e3o para a unidade Cruz Alta, localizada em Ol\u00edmpia (SP), com previs\u00e3o de in\u00edcio para agosto de 2022. O programa tem dura\u00e7\u00e3o de 11 meses e as atividades ser\u00e3o realizadas de segunda a sexta-feira, das 8h \u00e0s 12h30. Os selecionados ter\u00e3o bolsa-aux\u00edlio, al\u00e9m de uniforme, transporte e vale-alimenta\u00e7\u00e3o.<\/p>\n<p>Para J\u00e9ssica Leva Cardoso, educadora social do Pescar, o projeto atua na transforma\u00e7\u00e3o da vida dos participantes, ajudando os jovens a desenvolverem uma atitude protagonista. \u201cNossa miss\u00e3o vai al\u00e9m de preparar os jovens para o mundo do trabalho, tamb\u00e9m buscamos formar cidad\u00e3os que fa\u00e7am a diferen\u00e7a na sociedade\u201d, afirma.<\/p>\n<p>Para se candidatar, o jovem precisar ter renda familiar de at\u00e9 meio sal\u00e1rio m\u00ednimo per capta e estar cursando a partir do 7\u00ba ano do ensino fundamental (ou que j\u00e1 ter conclu\u00eddo o ensino m\u00e9dio). As inscri\u00e7\u00f5es podem ser feitas por meio do link:<\/p>\n<p><a href=\"https:\/\/projetopescar.perseus.com.br\/Servicos\/ProcessoSeletivo\/?RVNDQ29kaWdvPTUyMCZTRURDb2RpZ289NTcmUEVSQ29kaWdvPTAwMDAmUFNMQ29kaWdvPTIwMjItMTk=\">https:\/\/projetopescar.perseus.com.br\/Servicos\/ProcessoSeletivo\/?RVNDQ29kaWdvPTUyMCZTRURDb2RpZ289NTcmUEVSQ29kaWdvPTAwMDAmUFNMQ29kaWdvPTIwMjItMTk=<\/a><\/p>\n"}]}},"yoast_head":"<!-- This site is optimized with the Yoast SEO plugin v23.7 - https:\/\/yoast.com\/wordpress\/plugins\/seo\/ -->\n<title>Tereos abre vagas para jovens de 16 a 21 anos em parceria com a Funda\u00e7\u00e3o Projeto Pescar - Brasil<\/title>\n<meta name=\"robots\" content=\"index, follow, max-snippet:-1, max-image-preview:large, max-video-preview:-1\" \/>\n<link rel=\"canonical\" href=\"https:\/\/br.tereos.com\/pt-pt\/press-releases\/tereos-abre-vagas-para-jovens-de-16-a-21-anos-em-parceria-com-a-fundacao-projeto-pescar\/\" \/>\n<meta property=\"og:locale\" content=\"pt_PT\" \/>\n<meta property=\"og:type\" content=\"article\" \/>\n<meta property=\"og:title\" content=\"Tereos abre vagas para jovens de 16 a 21 anos em parceria com a Funda\u00e7\u00e3o Projeto Pescar - Brasil\" \/>\n<meta property=\"og:url\" content=\"https:\/\/br.tereos.com\/pt-pt\/press-releases\/tereos-abre-vagas-para-jovens-de-16-a-21-anos-em-parceria-com-a-fundacao-projeto-pescar\/\" \/>\n<meta property=\"og:site_name\" content=\"Brasil\" \/>\n<meta name=\"twitter:card\" content=\"summary_large_image\" \/>\n<script type=\"application\/ld+json\" class=\"yoast-schema-graph\">{\"@context\":\"https:\/\/schema.org\",\"@graph\":[{\"@type\":\"WebPage\",\"@id\":\"https:\/\/br.tereos.com\/pt-pt\/press-releases\/tereos-abre-vagas-para-jovens-de-16-a-21-anos-em-parceria-com-a-fundacao-projeto-pescar\/\",\"url\":\"https:\/\/br.tereos.com\/pt-pt\/press-releases\/tereos-abre-vagas-para-jovens-de-16-a-21-anos-em-parceria-com-a-fundacao-projeto-pescar\/\",\"name\":\"Tereos abre vagas para jovens de 16 a 21 anos em parceria com a Funda\u00e7\u00e3o Projeto Pescar - Brasil\",\"isPartOf\":{\"@id\":\"https:\/\/br.tereos.com\/pt-pt\/#website\"},\"datePublished\":\"2022-05-30T21:30:36+00:00\",\"dateModified\":\"2022-05-30T21:30:36+00:00\",\"breadcrumb\":{\"@id\":\"https:\/\/br.tereos.com\/pt-pt\/press-releases\/tereos-abre-vagas-para-jovens-de-16-a-21-anos-em-parceria-com-a-fundacao-projeto-pescar\/#breadcrumb\"},\"inLanguage\":\"pt-PT\",\"potentialAction\":[{\"@type\":\"ReadAction\",\"target\":[\"https:\/\/br.tereos.com\/pt-pt\/press-releases\/tereos-abre-vagas-para-jovens-de-16-a-21-anos-em-parceria-com-a-fundacao-projeto-pescar\/\"]}]},{\"@type\":\"BreadcrumbList\",\"@id\":\"https:\/\/br.tereos.com\/pt-pt\/press-releases\/tereos-abre-vagas-para-jovens-de-16-a-21-anos-em-parceria-com-a-fundacao-projeto-pescar\/#breadcrumb\",\"itemListElement\":[{\"@type\":\"ListItem\",\"position\":1,\"name\":\"Home\",\"item\":\"https:\/\/br.tereos.com\/pt-pt\/\"},{\"@type\":\"ListItem\",\"position\":2,\"name\":\"Tereos abre vagas para jovens de 16 a 21 anos em parceria com a Funda\u00e7\u00e3o Projeto Pescar\"}]},{\"@type\":\"WebSite\",\"@id\":\"https:\/\/br.tereos.com\/pt-pt\/#website\",\"url\":\"https:\/\/br.tereos.com\/pt-pt\/\",\"name\":\"Brasil\",\"description\":\"Un site utilisant WordPress\",\"potentialAction\":[{\"@type\":\"SearchAction\",\"target\":{\"@type\":\"EntryPoint\",\"urlTemplate\":\"https:\/\/br.tereos.com\/pt-pt\/?s={search_term_string}\"},\"query-input\":{\"@type\":\"PropertyValueSpecification\",\"valueRequired\":true,\"valueName\":\"search_term_string\"}}],\"inLanguage\":\"pt-PT\"}]}<\/script>\n<!-- \/ Yoast SEO plugin. -->","yoast_head_json":{"title":"Tereos abre vagas para jovens de 16 a 21 anos em parceria com a Funda\u00e7\u00e3o Projeto Pescar - Brasil","robots":{"index":"index","follow":"follow","max-snippet":"max-snippet:-1","max-image-preview":"max-image-preview:large","max-video-preview":"max-video-preview:-1"},"canonical":"https:\/\/br.tereos.com\/pt-pt\/press-releases\/tereos-abre-vagas-para-jovens-de-16-a-21-anos-em-parceria-com-a-fundacao-projeto-pescar\/","og_locale":"pt_PT","og_type":"article","og_title":"Tereos abre vagas para jovens de 16 a 21 anos em parceria com a Funda\u00e7\u00e3o Projeto Pescar - Brasil","og_url":"https:\/\/br.tereos.com\/pt-pt\/press-releases\/tereos-abre-vagas-para-jovens-de-16-a-21-anos-em-parceria-com-a-fundacao-projeto-pescar\/","og_site_name":"Brasil","twitter_card":"summary_large_image","schema":{"@context":"https:\/\/schema.org","@graph":[{"@type":"WebPage","@id":"https:\/\/br.tereos.com\/pt-pt\/press-releases\/tereos-abre-vagas-para-jovens-de-16-a-21-anos-em-parceria-com-a-fundacao-projeto-pescar\/","url":"https:\/\/br.tereos.com\/pt-pt\/press-releases\/tereos-abre-vagas-para-jovens-de-16-a-21-anos-em-parceria-com-a-fundacao-projeto-pescar\/","name":"Tereos abre vagas para jovens de 16 a 21 anos em parceria com a Funda\u00e7\u00e3o Projeto Pescar - Brasil","isPartOf":{"@id":"https:\/\/br.tereos.com\/pt-pt\/#website"},"datePublished":"2022-05-30T21:30:36+00:00","dateModified":"2022-05-30T21:30:36+00:00","breadcrumb":{"@id":"https:\/\/br.tereos.com\/pt-pt\/press-releases\/tereos-abre-vagas-para-jovens-de-16-a-21-anos-em-parceria-com-a-fundacao-projeto-pescar\/#breadcrumb"},"inLanguage":"pt-PT","potentialAction":[{"@type":"ReadAction","target":["https:\/\/br.tereos.com\/pt-pt\/press-releases\/tereos-abre-vagas-para-jovens-de-16-a-21-anos-em-parceria-com-a-fundacao-projeto-pescar\/"]}]},{"@type":"BreadcrumbList","@id":"https:\/\/br.tereos.com\/pt-pt\/press-releases\/tereos-abre-vagas-para-jovens-de-16-a-21-anos-em-parceria-com-a-fundacao-projeto-pescar\/#breadcrumb","itemListElement":[{"@type":"ListItem","position":1,"name":"Home","item":"https:\/\/br.tereos.com\/pt-pt\/"},{"@type":"ListItem","position":2,"name":"Tereos abre vagas para jovens de 16 a 21 anos em parceria com a Funda\u00e7\u00e3o Projeto Pescar"}]},{"@type":"WebSite","@id":"https:\/\/br.tereos.com\/pt-pt\/#website","url":"https:\/\/br.tereos.com\/pt-pt\/","name":"Brasil","description":"Un site utilisant WordPress","potentialAction":[{"@type":"SearchAction","target":{"@type":"EntryPoint","urlTemplate":"https:\/\/br.tereos.com\/pt-pt\/?s={search_term_string}"},"query-input":{"@type":"PropertyValueSpecification","valueRequired":true,"valueName":"search_term_string"}}],"inLanguage":"pt-PT"}]}},"featured_media_src":false,"date_formatted":"30 May 2022 ","_links":{"self":[{"href":"https:\/\/br.tereos.com\/pt-pt\/wp-json\/wp\/v2\/press-release\/8984"}],"collection":[{"href":"https:\/\/br.tereos.com\/pt-pt\/wp-json\/wp\/v2\/press-release"}],"about":[{"href":"https:\/\/br.tereos.com\/pt-pt\/wp-json\/wp\/v2\/types\/press_release"}],"author":[{"embeddable":true,"href":"https:\/\/br.tereos.com\/pt-pt\/wp-json\/wp\/v2\/users\/278"}],"version-history":[{"count":1,"href":"https:\/\/br.tereos.com\/pt-pt\/wp-json\/wp\/v2\/press-release\/8984\/revisions"}],"predecessor-version":[{"id":8986,"href":"https:\/\/br.tereos.com\/pt-pt\/wp-json\/wp\/v2\/press-release\/8984\/revisions\/8986"}],"wp:attachment":[{"href":"https:\/\/br.tereos.com\/pt-pt\/wp-json\/wp\/v2\/media?parent=8984"}],"wp:term":[{"taxonomy":"category","embeddable":true,"href":"https:\/\/br.tereos.com\/pt-pt\/wp-json\/wp\/v2\/categories?post=8984"}],"curies":[{"name":"wp","href":"https:\/\/api.w.org\/{rel}","templated":true}]}}