{"id":8890,"date":"2022-04-27T21:07:24","date_gmt":"2022-04-27T19:07:24","guid":{"rendered":"https:\/\/br.tereos.com\/?post_type=press_release&#038;p=8890"},"modified":"2022-04-27T21:11:57","modified_gmt":"2022-04-27T19:11:57","slug":"tereos-se-junta-ao-compromisso-pela-acao-climatica-da-ambev","status":"publish","type":"press_release","link":"https:\/\/br.tereos.com\/pt-pt\/press-releases\/tereos-se-junta-ao-compromisso-pela-acao-climatica-da-ambev\/","title":{"rendered":"Tereos se junta ao Compromisso pela A\u00e7\u00e3o Clim\u00e1tica da Ambev"},"author":278,"featured_media":0,"template":"","categories":[],"class_list":["post-8890","press_release","type-press_release","status-publish","hentry"],"acf":{"cover_image":false,"cover_clone":{"cover_image":false},"file":{"ID":8891,"id":8891,"title":"Tereos se junta ao Compromisso pela A\u00e7\u00e3o Clim\u00e1tica da Ambev","filename":"tereos-se-junta-ao-compromisso-pela-acao-climatica-da-ambev.pdf","filesize":154872,"url":"https:\/\/www.tereos.com\/app\/uploads\/sites\/7\/2022\/04\/tereos-se-junta-ao-compromisso-pela-acao-climatica-da-ambev.pdf","link":"https:\/\/br.tereos.com\/pt-pt\/press-releases\/tereos-se-junta-ao-compromisso-pela-acao-climatica-da-ambev\/tereos-se-junta-ao-compromisso-pela-acao-climatica-da-ambev\/","alt":"","author":"278","description":"","caption":"","name":"tereos-se-junta-ao-compromisso-pela-acao-climatica-da-ambev","status":"inherit","uploaded_to":8890,"date":"2022-04-27 19:06:35","modified":"2022-04-27 19:06:35","menu_order":0,"mime_type":"application\/pdf","type":"application","subtype":"pdf","icon":"https:\/\/br.tereos.com\/wp\/wp-includes\/images\/media\/document.png"},"pdf_clone":{"file":{"ID":8891,"id":8891,"title":"Tereos se junta ao Compromisso pela A\u00e7\u00e3o Clim\u00e1tica da Ambev","filename":"tereos-se-junta-ao-compromisso-pela-acao-climatica-da-ambev.pdf","filesize":154872,"url":"https:\/\/www.tereos.com\/app\/uploads\/sites\/7\/2022\/04\/tereos-se-junta-ao-compromisso-pela-acao-climatica-da-ambev.pdf","link":"https:\/\/br.tereos.com\/pt-pt\/press-releases\/tereos-se-junta-ao-compromisso-pela-acao-climatica-da-ambev\/tereos-se-junta-ao-compromisso-pela-acao-climatica-da-ambev\/","alt":"","author":"278","description":"","caption":"","name":"tereos-se-junta-ao-compromisso-pela-acao-climatica-da-ambev","status":"inherit","uploaded_to":8890,"date":"2022-04-27 19:06:35","modified":"2022-04-27 19:06:35","menu_order":0,"mime_type":"application\/pdf","type":"application","subtype":"pdf","icon":"https:\/\/br.tereos.com\/wp\/wp-includes\/images\/media\/document.png"}},"headline":"Com o objetivo de reduzir o impacto das opera\u00e7\u00f5es nas mudan\u00e7as clim\u00e1ticas, empresa se une ao movimento em prol do desenvolvimento sustent\u00e1vel ","headline_clone":{"headline":"Com o objetivo de reduzir o impacto das opera\u00e7\u00f5es nas mudan\u00e7as clim\u00e1ticas, empresa se une ao movimento em prol do desenvolvimento sustent\u00e1vel "},"has_anchors":false,"sections":[{"acf_fc_layout":"rich_text","anchor_title":"","text":"<p><strong>S\u00e3o Paulo, abril de 2022 \u2013<\/strong> A Tereos, uma das empresas l\u00edderes em produ\u00e7\u00e3o de a\u00e7\u00facar e etanol no pa\u00eds, assinou o Compromisso pela A\u00e7\u00e3o Clim\u00e1tica da Ambev. A alian\u00e7a, com mais de 150 empresas, visa atuar sobre o impacto das opera\u00e7\u00f5es nas mudan\u00e7as clim\u00e1ticas por meio da redu\u00e7\u00e3o das emiss\u00f5es de carbono em toda a cadeia.<\/p>\n<p>O compromisso leva em conta os objetivos do Acordo de Paris e as organiza\u00e7\u00f5es signat\u00e1rias se comprometem a anualmente contabilizar, reportar, definir metas p\u00fablicas e promover a\u00e7\u00f5es concretas, com planos de redu\u00e7\u00e3o de emiss\u00f5es de gases de efeito estufa.<\/p>\n<p>A mitiga\u00e7\u00e3o das emiss\u00f5es \u00e9 um dos objetivos da Tereos dentro de sua estrat\u00e9gia ESG. Entre as a\u00e7\u00f5es em andamento est\u00e3o a substitui\u00e7\u00e3o de fertilizantes nitrogenados, que emitem GEEs, por org\u00e2nicos e a redu\u00e7\u00e3o ou substitui\u00e7\u00e3o do uso de combust\u00edveis f\u00f3sseis. A empresa, inclusive, assumiu em seu relat\u00f3rio de sustentabilidade, lan\u00e7ado em dezembro passado, a meta de atingir, at\u00e9 a safra 29\/30, 100% da frota canavieira abastecida com biometano, em substitui\u00e7\u00e3o ao diesel.<\/p>\n<p>Recentemente, a Tereos apoiou iniciativa da Prefeitura de Ol\u00edmpia, no interior de S\u00e3o Paulo, na elabora\u00e7\u00e3o do invent\u00e1rio de carbono da cidade. A iniciativa vai possibilitar ao munic\u00edpio, um dos pioneiros nessa frente, tra\u00e7ar estrat\u00e9gias para redu\u00e7\u00e3o de emiss\u00f5es de gases de efeito estufa e planejamento ambiental.<\/p>\n<p>A companhia tamb\u00e9m tem uma estrat\u00e9gia de financiamentos verdes que refor\u00e7a como seu crescimento est\u00e1 atrelado a metas sustent\u00e1veis. Em junho de 2020, a Tereos realizou a emiss\u00e3o do primeiro financiamento sustent\u00e1vel do setor sucroenerg\u00e9tico brasileiro, no valor de US$ 105 milh\u00f5es, atrelado a quatro metas sustent\u00e1veis, entre elas a de reduzir as emiss\u00f5es de gases de efeito estufa por tonelada de cana processada.<\/p>\n<p>\u201cEsse compromisso vai ao encontro da atua\u00e7\u00e3o da Tereos e queremos apoiar todos os participantes da nossa cadeia de valor que se comprometem com um futuro mais sustent\u00e1vel. Seguimos focados na busca por solu\u00e7\u00f5es que fortale\u00e7am nossos neg\u00f3cios de forma alinhada aos princ\u00edpios ESG, que s\u00e3o fundamentais para nossa atua\u00e7\u00e3o\u201d, comenta Renato Zanetti, Superintendente de Sustentabilidade e Excel\u00eancia Operacional da Tereos.<\/p>\n"}],"flexible_editorial_clone":{"has_anchors":false,"sections":[{"acf_fc_layout":"rich_text","anchor_title":"","text":"<p><strong>S\u00e3o Paulo, abril de 2022 \u2013<\/strong> A Tereos, uma das empresas l\u00edderes em produ\u00e7\u00e3o de a\u00e7\u00facar e etanol no pa\u00eds, assinou o Compromisso pela A\u00e7\u00e3o Clim\u00e1tica da Ambev. A alian\u00e7a, com mais de 150 empresas, visa atuar sobre o impacto das opera\u00e7\u00f5es nas mudan\u00e7as clim\u00e1ticas por meio da redu\u00e7\u00e3o das emiss\u00f5es de carbono em toda a cadeia.<\/p>\n<p>O compromisso leva em conta os objetivos do Acordo de Paris e as organiza\u00e7\u00f5es signat\u00e1rias se comprometem a anualmente contabilizar, reportar, definir metas p\u00fablicas e promover a\u00e7\u00f5es concretas, com planos de redu\u00e7\u00e3o de emiss\u00f5es de gases de efeito estufa.<\/p>\n<p>A mitiga\u00e7\u00e3o das emiss\u00f5es \u00e9 um dos objetivos da Tereos dentro de sua estrat\u00e9gia ESG. Entre as a\u00e7\u00f5es em andamento est\u00e3o a substitui\u00e7\u00e3o de fertilizantes nitrogenados, que emitem GEEs, por org\u00e2nicos e a redu\u00e7\u00e3o ou substitui\u00e7\u00e3o do uso de combust\u00edveis f\u00f3sseis. A empresa, inclusive, assumiu em seu relat\u00f3rio de sustentabilidade, lan\u00e7ado em dezembro passado, a meta de atingir, at\u00e9 a safra 29\/30, 100% da frota canavieira abastecida com biometano, em substitui\u00e7\u00e3o ao diesel.<\/p>\n<p>Recentemente, a Tereos apoiou iniciativa da Prefeitura de Ol\u00edmpia, no interior de S\u00e3o Paulo, na elabora\u00e7\u00e3o do invent\u00e1rio de carbono da cidade. A iniciativa vai possibilitar ao munic\u00edpio, um dos pioneiros nessa frente, tra\u00e7ar estrat\u00e9gias para redu\u00e7\u00e3o de emiss\u00f5es de gases de efeito estufa e planejamento ambiental.<\/p>\n<p>A companhia tamb\u00e9m tem uma estrat\u00e9gia de financiamentos verdes que refor\u00e7a como seu crescimento est\u00e1 atrelado a metas sustent\u00e1veis. Em junho de 2020, a Tereos realizou a emiss\u00e3o do primeiro financiamento sustent\u00e1vel do setor sucroenerg\u00e9tico brasileiro, no valor de US$ 105 milh\u00f5es, atrelado a quatro metas sustent\u00e1veis, entre elas a de reduzir as emiss\u00f5es de gases de efeito estufa por tonelada de cana processada.<\/p>\n<p>\u201cEsse compromisso vai ao encontro da atua\u00e7\u00e3o da Tereos e queremos apoiar todos os participantes da nossa cadeia de valor que se comprometem com um futuro mais sustent\u00e1vel. Seguimos focados na busca por solu\u00e7\u00f5es que fortale\u00e7am nossos neg\u00f3cios de forma alinhada aos princ\u00edpios ESG, que s\u00e3o fundamentais para nossa atua\u00e7\u00e3o\u201d, comenta Renato Zanetti, Superintendente de Sustentabilidade e Excel\u00eancia Operacional da Tereos.<\/p>\n"}]}},"yoast_head":"<!-- This site is optimized with the Yoast SEO plugin v23.7 - https:\/\/yoast.com\/wordpress\/plugins\/seo\/ -->\n<title>Tereos se junta ao Compromisso pela A\u00e7\u00e3o Clim\u00e1tica da Ambev - Brasil<\/title>\n<meta name=\"robots\" content=\"index, follow, max-snippet:-1, max-image-preview:large, max-video-preview:-1\" \/>\n<link rel=\"canonical\" href=\"https:\/\/br.tereos.com\/pt-pt\/press-releases\/tereos-se-junta-ao-compromisso-pela-acao-climatica-da-ambev\/\" \/>\n<meta property=\"og:locale\" content=\"pt_PT\" \/>\n<meta property=\"og:type\" content=\"article\" \/>\n<meta property=\"og:title\" content=\"Tereos se junta ao Compromisso pela A\u00e7\u00e3o Clim\u00e1tica da Ambev - Brasil\" \/>\n<meta property=\"og:url\" content=\"https:\/\/br.tereos.com\/pt-pt\/press-releases\/tereos-se-junta-ao-compromisso-pela-acao-climatica-da-ambev\/\" \/>\n<meta property=\"og:site_name\" content=\"Brasil\" \/>\n<meta property=\"article:modified_time\" content=\"2022-04-27T19:11:57+00:00\" \/>\n<meta name=\"twitter:card\" content=\"summary_large_image\" \/>\n<script type=\"application\/ld+json\" class=\"yoast-schema-graph\">{\"@context\":\"https:\/\/schema.org\",\"@graph\":[{\"@type\":\"WebPage\",\"@id\":\"https:\/\/br.tereos.com\/pt-pt\/press-releases\/tereos-se-junta-ao-compromisso-pela-acao-climatica-da-ambev\/\",\"url\":\"https:\/\/br.tereos.com\/pt-pt\/press-releases\/tereos-se-junta-ao-compromisso-pela-acao-climatica-da-ambev\/\",\"name\":\"Tereos se junta ao Compromisso pela A\u00e7\u00e3o Clim\u00e1tica da Ambev - Brasil\",\"isPartOf\":{\"@id\":\"https:\/\/br.tereos.com\/pt-pt\/#website\"},\"datePublished\":\"2022-04-27T19:07:24+00:00\",\"dateModified\":\"2022-04-27T19:11:57+00:00\",\"breadcrumb\":{\"@id\":\"https:\/\/br.tereos.com\/pt-pt\/press-releases\/tereos-se-junta-ao-compromisso-pela-acao-climatica-da-ambev\/#breadcrumb\"},\"inLanguage\":\"pt-PT\",\"potentialAction\":[{\"@type\":\"ReadAction\",\"target\":[\"https:\/\/br.tereos.com\/pt-pt\/press-releases\/tereos-se-junta-ao-compromisso-pela-acao-climatica-da-ambev\/\"]}]},{\"@type\":\"BreadcrumbList\",\"@id\":\"https:\/\/br.tereos.com\/pt-pt\/press-releases\/tereos-se-junta-ao-compromisso-pela-acao-climatica-da-ambev\/#breadcrumb\",\"itemListElement\":[{\"@type\":\"ListItem\",\"position\":1,\"name\":\"Home\",\"item\":\"https:\/\/br.tereos.com\/pt-pt\/\"},{\"@type\":\"ListItem\",\"position\":2,\"name\":\"Tereos se junta ao Compromisso pela A\u00e7\u00e3o Clim\u00e1tica da Ambev\"}]},{\"@type\":\"WebSite\",\"@id\":\"https:\/\/br.tereos.com\/pt-pt\/#website\",\"url\":\"https:\/\/br.tereos.com\/pt-pt\/\",\"name\":\"Brasil\",\"description\":\"Un site utilisant WordPress\",\"potentialAction\":[{\"@type\":\"SearchAction\",\"target\":{\"@type\":\"EntryPoint\",\"urlTemplate\":\"https:\/\/br.tereos.com\/pt-pt\/?s={search_term_string}\"},\"query-input\":{\"@type\":\"PropertyValueSpecification\",\"valueRequired\":true,\"valueName\":\"search_term_string\"}}],\"inLanguage\":\"pt-PT\"}]}<\/script>\n<!-- \/ Yoast SEO plugin. -->","yoast_head_json":{"title":"Tereos se junta ao Compromisso pela A\u00e7\u00e3o Clim\u00e1tica da Ambev - Brasil","robots":{"index":"index","follow":"follow","max-snippet":"max-snippet:-1","max-image-preview":"max-image-preview:large","max-video-preview":"max-video-preview:-1"},"canonical":"https:\/\/br.tereos.com\/pt-pt\/press-releases\/tereos-se-junta-ao-compromisso-pela-acao-climatica-da-ambev\/","og_locale":"pt_PT","og_type":"article","og_title":"Tereos se junta ao Compromisso pela A\u00e7\u00e3o Clim\u00e1tica da Ambev - Brasil","og_url":"https:\/\/br.tereos.com\/pt-pt\/press-releases\/tereos-se-junta-ao-compromisso-pela-acao-climatica-da-ambev\/","og_site_name":"Brasil","article_modified_time":"2022-04-27T19:11:57+00:00","twitter_card":"summary_large_image","schema":{"@context":"https:\/\/schema.org","@graph":[{"@type":"WebPage","@id":"https:\/\/br.tereos.com\/pt-pt\/press-releases\/tereos-se-junta-ao-compromisso-pela-acao-climatica-da-ambev\/","url":"https:\/\/br.tereos.com\/pt-pt\/press-releases\/tereos-se-junta-ao-compromisso-pela-acao-climatica-da-ambev\/","name":"Tereos se junta ao Compromisso pela A\u00e7\u00e3o Clim\u00e1tica da Ambev - Brasil","isPartOf":{"@id":"https:\/\/br.tereos.com\/pt-pt\/#website"},"datePublished":"2022-04-27T19:07:24+00:00","dateModified":"2022-04-27T19:11:57+00:00","breadcrumb":{"@id":"https:\/\/br.tereos.com\/pt-pt\/press-releases\/tereos-se-junta-ao-compromisso-pela-acao-climatica-da-ambev\/#breadcrumb"},"inLanguage":"pt-PT","potentialAction":[{"@type":"ReadAction","target":["https:\/\/br.tereos.com\/pt-pt\/press-releases\/tereos-se-junta-ao-compromisso-pela-acao-climatica-da-ambev\/"]}]},{"@type":"BreadcrumbList","@id":"https:\/\/br.tereos.com\/pt-pt\/press-releases\/tereos-se-junta-ao-compromisso-pela-acao-climatica-da-ambev\/#breadcrumb","itemListElement":[{"@type":"ListItem","position":1,"name":"Home","item":"https:\/\/br.tereos.com\/pt-pt\/"},{"@type":"ListItem","position":2,"name":"Tereos se junta ao Compromisso pela A\u00e7\u00e3o Clim\u00e1tica da Ambev"}]},{"@type":"WebSite","@id":"https:\/\/br.tereos.com\/pt-pt\/#website","url":"https:\/\/br.tereos.com\/pt-pt\/","name":"Brasil","description":"Un site utilisant WordPress","potentialAction":[{"@type":"SearchAction","target":{"@type":"EntryPoint","urlTemplate":"https:\/\/br.tereos.com\/pt-pt\/?s={search_term_string}"},"query-input":{"@type":"PropertyValueSpecification","valueRequired":true,"valueName":"search_term_string"}}],"inLanguage":"pt-PT"}]}},"featured_media_src":false,"date_formatted":"27 April 2022 ","_links":{"self":[{"href":"https:\/\/br.tereos.com\/pt-pt\/wp-json\/wp\/v2\/press-release\/8890"}],"collection":[{"href":"https:\/\/br.tereos.com\/pt-pt\/wp-json\/wp\/v2\/press-release"}],"about":[{"href":"https:\/\/br.tereos.com\/pt-pt\/wp-json\/wp\/v2\/types\/press_release"}],"author":[{"embeddable":true,"href":"https:\/\/br.tereos.com\/pt-pt\/wp-json\/wp\/v2\/users\/278"}],"version-history":[{"count":2,"href":"https:\/\/br.tereos.com\/pt-pt\/wp-json\/wp\/v2\/press-release\/8890\/revisions"}],"predecessor-version":[{"id":8894,"href":"https:\/\/br.tereos.com\/pt-pt\/wp-json\/wp\/v2\/press-release\/8890\/revisions\/8894"}],"wp:attachment":[{"href":"https:\/\/br.tereos.com\/pt-pt\/wp-json\/wp\/v2\/media?parent=8890"}],"wp:term":[{"taxonomy":"category","embeddable":true,"href":"https:\/\/br.tereos.com\/pt-pt\/wp-json\/wp\/v2\/categories?post=8890"}],"curies":[{"name":"wp","href":"https:\/\/api.w.org\/{rel}","templated":true}]}}