{"id":8867,"date":"2022-04-06T15:59:31","date_gmt":"2022-04-06T13:59:31","guid":{"rendered":"https:\/\/br.tereos.com\/?post_type=press_release&#038;p=8867"},"modified":"2022-04-07T16:50:16","modified_gmt":"2022-04-07T14:50:16","slug":"grupo-tereos-anuncia-ludwig-de-mot-como-novo-presidente","status":"publish","type":"press_release","link":"https:\/\/br.tereos.com\/pt-pt\/press-releases\/grupo-tereos-anuncia-ludwig-de-mot-como-novo-presidente\/","title":{"rendered":"Grupo Tereos anuncia Ludwig de Mot como novo presidente"},"author":248,"featured_media":8869,"template":"","categories":[],"class_list":["post-8867","press_release","type-press_release","status-publish","has-post-thumbnail","hentry"],"acf":{"cover_image":8869,"cover_clone":{"cover_image":8869},"file":{"ID":8868,"id":8868,"title":"Tereos - Comunicado \u00e0 imprensa - Ludwig de Mot nomeado Presidente do Conselho de Administra\u00e7\u00e3o","filename":"tereos-comunicado-a-imprensa-ludwig-de-mot-nomeado-presidente-do-conselho-de-administracao.pdf","filesize":126763,"url":"https:\/\/www.tereos.com\/app\/uploads\/sites\/7\/2022\/04\/tereos-comunicado-a-imprensa-ludwig-de-mot-nomeado-presidente-do-conselho-de-administracao.pdf","link":"https:\/\/br.tereos.com\/pt-pt\/press-releases\/grupo-tereos-anuncia-ludwig-de-mot-como-novo-presidente\/tereos-comunicado-a-imprensa-ludwig-de-mot-nomeado-presidente-do-conselho-de-administracao\/","alt":"","author":"248","description":"","caption":"","name":"tereos-comunicado-a-imprensa-ludwig-de-mot-nomeado-presidente-do-conselho-de-administracao","status":"inherit","uploaded_to":8867,"date":"2022-04-06 13:56:46","modified":"2022-04-06 13:56:46","menu_order":0,"mime_type":"application\/pdf","type":"application","subtype":"pdf","icon":"https:\/\/br.tereos.com\/wp\/wp-includes\/images\/media\/document.png"},"pdf_clone":{"file":{"ID":8868,"id":8868,"title":"Tereos - Comunicado \u00e0 imprensa - Ludwig de Mot nomeado Presidente do Conselho de Administra\u00e7\u00e3o","filename":"tereos-comunicado-a-imprensa-ludwig-de-mot-nomeado-presidente-do-conselho-de-administracao.pdf","filesize":126763,"url":"https:\/\/www.tereos.com\/app\/uploads\/sites\/7\/2022\/04\/tereos-comunicado-a-imprensa-ludwig-de-mot-nomeado-presidente-do-conselho-de-administracao.pdf","link":"https:\/\/br.tereos.com\/pt-pt\/press-releases\/grupo-tereos-anuncia-ludwig-de-mot-como-novo-presidente\/tereos-comunicado-a-imprensa-ludwig-de-mot-nomeado-presidente-do-conselho-de-administracao\/","alt":"","author":"248","description":"","caption":"","name":"tereos-comunicado-a-imprensa-ludwig-de-mot-nomeado-presidente-do-conselho-de-administracao","status":"inherit","uploaded_to":8867,"date":"2022-04-06 13:56:46","modified":"2022-04-06 13:56:46","menu_order":0,"mime_type":"application\/pdf","type":"application","subtype":"pdf","icon":"https:\/\/br.tereos.com\/wp\/wp-includes\/images\/media\/document.png"}},"headline":"A chegada do executivo visa acelerar a transforma\u00e7\u00e3o do Grupo e seguir com a estrat\u00e9gia de transi\u00e7\u00e3o da matriz energ\u00e9tica para impulsionar resultados financeiros. <br \/>\r\n<br \/>\r\nGwena\u00ebl Elies, membro do comit\u00ea executivo que ocupava o cargo de forma interina, assume as \u00e1reas de finan\u00e7as, sistemas de informa\u00e7\u00e3o, jur\u00eddico, fiscal, compliance e recursos humanos.","headline_clone":{"headline":"A chegada do executivo visa acelerar a transforma\u00e7\u00e3o do Grupo e seguir com a estrat\u00e9gia de transi\u00e7\u00e3o da matriz energ\u00e9tica para impulsionar resultados financeiros. <br \/>\r\n<br \/>\r\nGwena\u00ebl Elies, membro do comit\u00ea executivo que ocupava o cargo de forma interina, assume as \u00e1reas de finan\u00e7as, sistemas de informa\u00e7\u00e3o, jur\u00eddico, fiscal, compliance e recursos humanos."},"has_anchors":false,"sections":[{"acf_fc_layout":"rich_text","anchor_title":"","text":"<p><strong>Moussy-le-Vieux, 05 de abril de 2022 \u2013 <\/strong>O grupo Tereos acaba de anunciar Ludwig de Mot como Presidente da companhia.<\/p>\n<p><img loading=\"lazy\" decoding=\"async\" class=\" wp-image-8870 alignright\" src=\"https:\/\/tereos.com\/app\/uploads\/sites\/7\/2022\/04\/ludwig-1.png\" alt=\"\" width=\"146\" height=\"146\" srcset=\"https:\/\/www.tereos.com\/app\/uploads\/sites\/7\/2022\/04\/ludwig-1.png 300w, https:\/\/www.tereos.com\/app\/uploads\/sites\/7\/2022\/04\/ludwig-1-150x150.png 150w\" sizes=\"(max-width: 146px) 100vw, 146px\" \/>Formado em Engenharia Eletromec\u00e2nica em Lovaina, B\u00e9lgica, e graduado pelo Instituto Europeu de Administra\u00e7\u00e3o de Neg\u00f3cios (INSEAD), Ludwig de Mot acumula 25 anos de experi\u00eancia em cargos de presid\u00eancia e membro de comit\u00eas executivos de grandes grupos, como Lhoist, na produ\u00e7\u00e3o de minerais, SCA Packaging, na ind\u00fastria florestal, e mais recentemente na \u00e1rea de produtos de manuten\u00e7\u00e3o no grupo McBride.<\/p>\n<p>Sua experi\u00eancia na ind\u00fastria e expertise em transforma\u00e7\u00e3o ir\u00e3o permitir \u00e0 Tereos implantar um plano de a\u00e7\u00e3o em suas diversas unidades de neg\u00f3cio para otimizar a lucratividade de suas opera\u00e7\u00f5es a longo prazo. Com experi\u00eancia em lideran\u00e7a e transforma\u00e7\u00e3o de neg\u00f3cios, o executivo ir\u00e1 contribuir para dinamizar as equipes na busca cont\u00ednua pela excel\u00eancia operacional.<\/p>\n<p>Ludwig de Mot contar\u00e1 com o total apoio de Gwena\u00ebl Elies que, ap\u00f3s ter exercido a presid\u00eancia interina, passar\u00e1 a ser respons\u00e1vel, como membro do comit\u00ea executivo, pelas \u00e1reas de finan\u00e7as, sistemas de informa\u00e7\u00e3o, jur\u00eddico, fiscal, compliance e recursos humanos.<\/p>\n"}],"flexible_editorial_clone":{"has_anchors":false,"sections":[{"acf_fc_layout":"rich_text","anchor_title":"","text":"<p><strong>Moussy-le-Vieux, 05 de abril de 2022 \u2013 <\/strong>O grupo Tereos acaba de anunciar Ludwig de Mot como Presidente da companhia.<\/p>\n<p><img loading=\"lazy\" decoding=\"async\" class=\" wp-image-8870 alignright\" src=\"https:\/\/tereos.com\/app\/uploads\/sites\/7\/2022\/04\/ludwig-1.png\" alt=\"\" width=\"146\" height=\"146\" srcset=\"https:\/\/www.tereos.com\/app\/uploads\/sites\/7\/2022\/04\/ludwig-1.png 300w, https:\/\/www.tereos.com\/app\/uploads\/sites\/7\/2022\/04\/ludwig-1-150x150.png 150w\" sizes=\"(max-width: 146px) 100vw, 146px\" \/>Formado em Engenharia Eletromec\u00e2nica em Lovaina, B\u00e9lgica, e graduado pelo Instituto Europeu de Administra\u00e7\u00e3o de Neg\u00f3cios (INSEAD), Ludwig de Mot acumula 25 anos de experi\u00eancia em cargos de presid\u00eancia e membro de comit\u00eas executivos de grandes grupos, como Lhoist, na produ\u00e7\u00e3o de minerais, SCA Packaging, na ind\u00fastria florestal, e mais recentemente na \u00e1rea de produtos de manuten\u00e7\u00e3o no grupo McBride.<\/p>\n<p>Sua experi\u00eancia na ind\u00fastria e expertise em transforma\u00e7\u00e3o ir\u00e3o permitir \u00e0 Tereos implantar um plano de a\u00e7\u00e3o em suas diversas unidades de neg\u00f3cio para otimizar a lucratividade de suas opera\u00e7\u00f5es a longo prazo. Com experi\u00eancia em lideran\u00e7a e transforma\u00e7\u00e3o de neg\u00f3cios, o executivo ir\u00e1 contribuir para dinamizar as equipes na busca cont\u00ednua pela excel\u00eancia operacional.<\/p>\n<p>Ludwig de Mot contar\u00e1 com o total apoio de Gwena\u00ebl Elies que, ap\u00f3s ter exercido a presid\u00eancia interina, passar\u00e1 a ser respons\u00e1vel, como membro do comit\u00ea executivo, pelas \u00e1reas de finan\u00e7as, sistemas de informa\u00e7\u00e3o, jur\u00eddico, fiscal, compliance e recursos humanos.<\/p>\n"}]}},"yoast_head":"<!-- This site is optimized with the Yoast SEO plugin v23.7 - https:\/\/yoast.com\/wordpress\/plugins\/seo\/ -->\n<title>Grupo Tereos anuncia Ludwig de Mot como novo presidente - Brasil<\/title>\n<meta name=\"robots\" content=\"index, follow, max-snippet:-1, max-image-preview:large, max-video-preview:-1\" \/>\n<link rel=\"canonical\" href=\"https:\/\/br.tereos.com\/pt-pt\/press-releases\/grupo-tereos-anuncia-ludwig-de-mot-como-novo-presidente\/\" \/>\n<meta property=\"og:locale\" content=\"pt_PT\" \/>\n<meta property=\"og:type\" content=\"article\" \/>\n<meta property=\"og:title\" content=\"Grupo Tereos anuncia Ludwig de Mot como novo presidente - Brasil\" \/>\n<meta property=\"og:url\" content=\"https:\/\/br.tereos.com\/pt-pt\/press-releases\/grupo-tereos-anuncia-ludwig-de-mot-como-novo-presidente\/\" \/>\n<meta property=\"og:site_name\" content=\"Brasil\" \/>\n<meta property=\"article:modified_time\" content=\"2022-04-07T14:50:16+00:00\" \/>\n<meta property=\"og:image\" content=\"https:\/\/www.tereos.com\/app\/uploads\/sites\/7\/2022\/04\/banniere-com.png\" \/>\n\t<meta property=\"og:image:width\" content=\"1024\" \/>\n\t<meta property=\"og:image:height\" content=\"768\" \/>\n\t<meta property=\"og:image:type\" content=\"image\/png\" \/>\n<meta name=\"twitter:card\" content=\"summary_large_image\" \/>\n<script type=\"application\/ld+json\" class=\"yoast-schema-graph\">{\"@context\":\"https:\/\/schema.org\",\"@graph\":[{\"@type\":\"WebPage\",\"@id\":\"https:\/\/br.tereos.com\/pt-pt\/press-releases\/grupo-tereos-anuncia-ludwig-de-mot-como-novo-presidente\/\",\"url\":\"https:\/\/br.tereos.com\/pt-pt\/press-releases\/grupo-tereos-anuncia-ludwig-de-mot-como-novo-presidente\/\",\"name\":\"Grupo Tereos anuncia Ludwig de Mot como novo presidente - Brasil\",\"isPartOf\":{\"@id\":\"https:\/\/br.tereos.com\/pt-pt\/#website\"},\"primaryImageOfPage\":{\"@id\":\"https:\/\/br.tereos.com\/pt-pt\/press-releases\/grupo-tereos-anuncia-ludwig-de-mot-como-novo-presidente\/#primaryimage\"},\"image\":{\"@id\":\"https:\/\/br.tereos.com\/pt-pt\/press-releases\/grupo-tereos-anuncia-ludwig-de-mot-como-novo-presidente\/#primaryimage\"},\"thumbnailUrl\":\"https:\/\/www.tereos.com\/app\/uploads\/sites\/7\/2022\/04\/banniere-com.png\",\"datePublished\":\"2022-04-06T13:59:31+00:00\",\"dateModified\":\"2022-04-07T14:50:16+00:00\",\"breadcrumb\":{\"@id\":\"https:\/\/br.tereos.com\/pt-pt\/press-releases\/grupo-tereos-anuncia-ludwig-de-mot-como-novo-presidente\/#breadcrumb\"},\"inLanguage\":\"pt-PT\",\"potentialAction\":[{\"@type\":\"ReadAction\",\"target\":[\"https:\/\/br.tereos.com\/pt-pt\/press-releases\/grupo-tereos-anuncia-ludwig-de-mot-como-novo-presidente\/\"]}]},{\"@type\":\"ImageObject\",\"inLanguage\":\"pt-PT\",\"@id\":\"https:\/\/br.tereos.com\/pt-pt\/press-releases\/grupo-tereos-anuncia-ludwig-de-mot-como-novo-presidente\/#primaryimage\",\"url\":\"https:\/\/www.tereos.com\/app\/uploads\/sites\/7\/2022\/04\/banniere-com.png\",\"contentUrl\":\"https:\/\/www.tereos.com\/app\/uploads\/sites\/7\/2022\/04\/banniere-com.png\",\"width\":1920,\"height\":1440},{\"@type\":\"BreadcrumbList\",\"@id\":\"https:\/\/br.tereos.com\/pt-pt\/press-releases\/grupo-tereos-anuncia-ludwig-de-mot-como-novo-presidente\/#breadcrumb\",\"itemListElement\":[{\"@type\":\"ListItem\",\"position\":1,\"name\":\"Home\",\"item\":\"https:\/\/br.tereos.com\/pt-pt\/\"},{\"@type\":\"ListItem\",\"position\":2,\"name\":\"Grupo Tereos anuncia Ludwig de Mot como novo presidente\"}]},{\"@type\":\"WebSite\",\"@id\":\"https:\/\/br.tereos.com\/pt-pt\/#website\",\"url\":\"https:\/\/br.tereos.com\/pt-pt\/\",\"name\":\"Brasil\",\"description\":\"Un site utilisant WordPress\",\"potentialAction\":[{\"@type\":\"SearchAction\",\"target\":{\"@type\":\"EntryPoint\",\"urlTemplate\":\"https:\/\/br.tereos.com\/pt-pt\/?s={search_term_string}\"},\"query-input\":{\"@type\":\"PropertyValueSpecification\",\"valueRequired\":true,\"valueName\":\"search_term_string\"}}],\"inLanguage\":\"pt-PT\"}]}<\/script>\n<!-- \/ Yoast SEO plugin. -->","yoast_head_json":{"title":"Grupo Tereos anuncia Ludwig de Mot como novo presidente - Brasil","robots":{"index":"index","follow":"follow","max-snippet":"max-snippet:-1","max-image-preview":"max-image-preview:large","max-video-preview":"max-video-preview:-1"},"canonical":"https:\/\/br.tereos.com\/pt-pt\/press-releases\/grupo-tereos-anuncia-ludwig-de-mot-como-novo-presidente\/","og_locale":"pt_PT","og_type":"article","og_title":"Grupo Tereos anuncia Ludwig de Mot como novo presidente - Brasil","og_url":"https:\/\/br.tereos.com\/pt-pt\/press-releases\/grupo-tereos-anuncia-ludwig-de-mot-como-novo-presidente\/","og_site_name":"Brasil","article_modified_time":"2022-04-07T14:50:16+00:00","og_image":[{"url":"https:\/\/www.tereos.com\/app\/uploads\/sites\/7\/2022\/04\/banniere-com.png","width":1024,"height":768,"type":"image\/png"}],"twitter_card":"summary_large_image","schema":{"@context":"https:\/\/schema.org","@graph":[{"@type":"WebPage","@id":"https:\/\/br.tereos.com\/pt-pt\/press-releases\/grupo-tereos-anuncia-ludwig-de-mot-como-novo-presidente\/","url":"https:\/\/br.tereos.com\/pt-pt\/press-releases\/grupo-tereos-anuncia-ludwig-de-mot-como-novo-presidente\/","name":"Grupo Tereos anuncia Ludwig de Mot como novo presidente - Brasil","isPartOf":{"@id":"https:\/\/br.tereos.com\/pt-pt\/#website"},"primaryImageOfPage":{"@id":"https:\/\/br.tereos.com\/pt-pt\/press-releases\/grupo-tereos-anuncia-ludwig-de-mot-como-novo-presidente\/#primaryimage"},"image":{"@id":"https:\/\/br.tereos.com\/pt-pt\/press-releases\/grupo-tereos-anuncia-ludwig-de-mot-como-novo-presidente\/#primaryimage"},"thumbnailUrl":"https:\/\/www.tereos.com\/app\/uploads\/sites\/7\/2022\/04\/banniere-com.png","datePublished":"2022-04-06T13:59:31+00:00","dateModified":"2022-04-07T14:50:16+00:00","breadcrumb":{"@id":"https:\/\/br.tereos.com\/pt-pt\/press-releases\/grupo-tereos-anuncia-ludwig-de-mot-como-novo-presidente\/#breadcrumb"},"inLanguage":"pt-PT","potentialAction":[{"@type":"ReadAction","target":["https:\/\/br.tereos.com\/pt-pt\/press-releases\/grupo-tereos-anuncia-ludwig-de-mot-como-novo-presidente\/"]}]},{"@type":"ImageObject","inLanguage":"pt-PT","@id":"https:\/\/br.tereos.com\/pt-pt\/press-releases\/grupo-tereos-anuncia-ludwig-de-mot-como-novo-presidente\/#primaryimage","url":"https:\/\/www.tereos.com\/app\/uploads\/sites\/7\/2022\/04\/banniere-com.png","contentUrl":"https:\/\/www.tereos.com\/app\/uploads\/sites\/7\/2022\/04\/banniere-com.png","width":1920,"height":1440},{"@type":"BreadcrumbList","@id":"https:\/\/br.tereos.com\/pt-pt\/press-releases\/grupo-tereos-anuncia-ludwig-de-mot-como-novo-presidente\/#breadcrumb","itemListElement":[{"@type":"ListItem","position":1,"name":"Home","item":"https:\/\/br.tereos.com\/pt-pt\/"},{"@type":"ListItem","position":2,"name":"Grupo Tereos anuncia Ludwig de Mot como novo presidente"}]},{"@type":"WebSite","@id":"https:\/\/br.tereos.com\/pt-pt\/#website","url":"https:\/\/br.tereos.com\/pt-pt\/","name":"Brasil","description":"Un site utilisant WordPress","potentialAction":[{"@type":"SearchAction","target":{"@type":"EntryPoint","urlTemplate":"https:\/\/br.tereos.com\/pt-pt\/?s={search_term_string}"},"query-input":{"@type":"PropertyValueSpecification","valueRequired":true,"valueName":"search_term_string"}}],"inLanguage":"pt-PT"}]}},"featured_media_src":"https:\/\/www.tereos.com\/app\/uploads\/sites\/7\/2022\/04\/banniere-com-520x390-c-default.png","date_formatted":"6 April 2022 ","_links":{"self":[{"href":"https:\/\/br.tereos.com\/pt-pt\/wp-json\/wp\/v2\/press-release\/8867"}],"collection":[{"href":"https:\/\/br.tereos.com\/pt-pt\/wp-json\/wp\/v2\/press-release"}],"about":[{"href":"https:\/\/br.tereos.com\/pt-pt\/wp-json\/wp\/v2\/types\/press_release"}],"author":[{"embeddable":true,"href":"https:\/\/br.tereos.com\/pt-pt\/wp-json\/wp\/v2\/users\/248"}],"version-history":[{"count":2,"href":"https:\/\/br.tereos.com\/pt-pt\/wp-json\/wp\/v2\/press-release\/8867\/revisions"}],"predecessor-version":[{"id":8872,"href":"https:\/\/br.tereos.com\/pt-pt\/wp-json\/wp\/v2\/press-release\/8867\/revisions\/8872"}],"wp:featuredmedia":[{"embeddable":true,"href":"https:\/\/br.tereos.com\/pt-pt\/wp-json\/wp\/v2\/media\/8869"}],"wp:attachment":[{"href":"https:\/\/br.tereos.com\/pt-pt\/wp-json\/wp\/v2\/media?parent=8867"}],"wp:term":[{"taxonomy":"category","embeddable":true,"href":"https:\/\/br.tereos.com\/pt-pt\/wp-json\/wp\/v2\/categories?post=8867"}],"curies":[{"name":"wp","href":"https:\/\/api.w.org\/{rel}","templated":true}]}}