{"id":8608,"date":"2021-12-20T13:15:18","date_gmt":"2021-12-20T12:15:18","guid":{"rendered":"https:\/\/br.tereos.com\/?post_type=press_release&#038;p=8608"},"modified":"2021-12-20T13:31:46","modified_gmt":"2021-12-20T12:31:46","slug":"tereos-lanca-seu-primeiro-relatorio-de-sustentabilidade-brasil-e-apresenta-compromissos-para-suas-frentes-de-atuacao","status":"publish","type":"press_release","link":"https:\/\/br.tereos.com\/pt-pt\/press-releases\/tereos-lanca-seu-primeiro-relatorio-de-sustentabilidade-brasil-e-apresenta-compromissos-para-suas-frentes-de-atuacao\/","title":{"rendered":"Tereos lan\u00e7a seu primeiro Relat\u00f3rio de Sustentabilidade Brasil e apresenta compromissos para suas frentes de atua\u00e7\u00e3o"},"author":278,"featured_media":8628,"template":"","categories":[],"class_list":["post-8608","press_release","type-press_release","status-publish","has-post-thumbnail","hentry"],"acf":{"cover_image":8628,"cover_clone":{"cover_image":8628},"file":{"ID":8617,"id":8617,"title":"Tereos lan\u00e7a primeiro Relat\u00f3rio de Sustentabilidade e compromissos para suas frentes de atua\u00e7\u00e3o","filename":"tereos-lanca-primeiro-relatorio-de-sustentabilidade-e-compromissos-para-suas-frentes-de-atuacao.pdf","filesize":176422,"url":"https:\/\/www.tereos.com\/app\/uploads\/sites\/7\/2021\/12\/tereos-lanca-primeiro-relatorio-de-sustentabilidade-e-compromissos-para-suas-frentes-de-atuacao.pdf","link":"https:\/\/br.tereos.com\/pt-pt\/press-releases\/tereos-lanca-seu-primeiro-relatorio-de-sustentabilidade-brasil-e-apresenta-compromissos-para-suas-frentes-de-atuacao\/tereos-lanca-primeiro-relatorio-de-sustentabilidade-e-compromissos-para-suas-frentes-de-atuacao\/","alt":"","author":"278","description":"","caption":"","name":"tereos-lanca-primeiro-relatorio-de-sustentabilidade-e-compromissos-para-suas-frentes-de-atuacao","status":"inherit","uploaded_to":8608,"date":"2021-12-20 12:14:45","modified":"2021-12-20 12:14:45","menu_order":0,"mime_type":"application\/pdf","type":"application","subtype":"pdf","icon":"https:\/\/br.tereos.com\/wp\/wp-includes\/images\/media\/document.png"},"pdf_clone":{"file":{"ID":8617,"id":8617,"title":"Tereos lan\u00e7a primeiro Relat\u00f3rio de Sustentabilidade e compromissos para suas frentes de atua\u00e7\u00e3o","filename":"tereos-lanca-primeiro-relatorio-de-sustentabilidade-e-compromissos-para-suas-frentes-de-atuacao.pdf","filesize":176422,"url":"https:\/\/www.tereos.com\/app\/uploads\/sites\/7\/2021\/12\/tereos-lanca-primeiro-relatorio-de-sustentabilidade-e-compromissos-para-suas-frentes-de-atuacao.pdf","link":"https:\/\/br.tereos.com\/pt-pt\/press-releases\/tereos-lanca-seu-primeiro-relatorio-de-sustentabilidade-brasil-e-apresenta-compromissos-para-suas-frentes-de-atuacao\/tereos-lanca-primeiro-relatorio-de-sustentabilidade-e-compromissos-para-suas-frentes-de-atuacao\/","alt":"","author":"278","description":"","caption":"","name":"tereos-lanca-primeiro-relatorio-de-sustentabilidade-e-compromissos-para-suas-frentes-de-atuacao","status":"inherit","uploaded_to":8608,"date":"2021-12-20 12:14:45","modified":"2021-12-20 12:14:45","menu_order":0,"mime_type":"application\/pdf","type":"application","subtype":"pdf","icon":"https:\/\/br.tereos.com\/wp\/wp-includes\/images\/media\/document.png"}},"headline":"","headline_clone":{"headline":""},"has_anchors":false,"sections":[{"acf_fc_layout":"rich_text","anchor_title":"","text":"<p>A Tereos A\u00e7\u00facar &amp; Energia Brasil, uma das l\u00edderes em produ\u00e7\u00e3o de a\u00e7\u00facar e etanol no pa\u00eds, apresenta o seu primeiro Relat\u00f3rio de Sustentabilidade Brasil, referente ao exerc\u00edcio 2020\/2021. Elaborado com base nos padr\u00f5es da <em>Global Reporting Initiative<\/em> (GRI), o documento re\u00fane os principais resultados ambientais, sociais, financeiros e de governan\u00e7a da Companhia, al\u00e9m de apresentar a vis\u00e3o da empresa para oito temas materiais que est\u00e3o conectados \u00e0s diretrizes globais do Grupo Tereos e que foram identificados a partir de consulta a grupos de stakeholders internos e externos.<\/p>\n<p>Entre os compromissos trazidos pelo relat\u00f3rio, destaca-se, por exemplo, a meta de alcan\u00e7ar 17,5% de mulheres na lideran\u00e7a e 15% de mulheres na for\u00e7a de trabalho at\u00e9 2030, dentro do tema de Diversidade, Inclus\u00e3o e Direitos Humanos. Na frente de Economia Circular e Efici\u00eancia Energ\u00e9tica, por sua vez, a Tereos tem por objetivo aumentar as iniciativas para substituir fertilizantes qu\u00edmicos por org\u00e2nicos e substituir 100% do diesel utilizado nos caminh\u00f5es canavieiros por combust\u00edveis renov\u00e1veis, como o biometano gerado atrav\u00e9s da transforma\u00e7\u00e3o de subprodutos de seu processo produtivo.<\/p>\n<p>\u201cTemos ci\u00eancia de que a participa\u00e7\u00e3o de mulheres precisa avan\u00e7ar na empresa &#8211; bem como em todo o agroneg\u00f3cio &#8211; e temos dado os primeiros passos na dire\u00e7\u00e3o da inclus\u00e3o de grupos subrepresentados\u201d, afirma Pierre Santoul, diretor-presidente da Tereos Brasil.<\/p>\n<p>Para chegar a esta meta, foi criado o Grupo de Afinidade Mulheres no Agro (Gama), que trabalha com iniciativas para alavancar a representatividade feminina e as carreiras das mulheres na Tereos. Outra iniciativa est\u00e1 ligada ao Programa Jovem Aprendiz, que investe na forma\u00e7\u00e3o feminina para o desempenho de fun\u00e7\u00f5es t\u00e9cnicas (no campo e na ind\u00fastria) por meio de cursos desenvolvidos em parceria com o CIEE, Senac e Senai. Em 2020, uma turma de 119 jovens mulheres participou dessa forma\u00e7\u00e3o.<\/p>\n<p>Outro destaque do relat\u00f3rio s\u00e3o os financiamentos verdes, que atingiram R$ 1,5 bilh\u00e3o at\u00e9 o primeiro semestre de 2021. A Tereos contratou tamb\u00e9m o primeiro financiamento sustent\u00e1vel do setor sucroenerg\u00e9tico brasileiro com empr\u00e9stimo de longo prazo, no valor de US$ 105 milh\u00f5es. A opera\u00e7\u00e3o foi estruturada com um sindicato de sete bancos e ligada a quatro metas ambientais: redu\u00e7\u00e3o anual de gases de efeito estufa por tonelada de cana processada; diminui\u00e7\u00e3o anual do consumo de \u00e1gua por tonelada de cana processada; aumento por ano da porcentagem de cana certificada e melhoria na pontua\u00e7\u00e3o de avalia\u00e7\u00e3o formal de crit\u00e9rios ambientais, sociais e de governan\u00e7a (ESG, na sigla em ingl\u00eas).<\/p>\n<p>Para cada ano em que a empresa cumprir essas metas (verificadas por auditoria independente) haver\u00e1 uma redu\u00e7\u00e3o na taxa de juros. Algumas conquistas importantes j\u00e1 foram atingidas nesse sentido, como a redu\u00e7\u00e3o de 13% na emiss\u00e3o de CO2 equivalente a cada tonelada de cana processada e a diminui\u00e7\u00e3o de 8% no consumo de \u00e1gua no processamento de cana. A Tereos tamb\u00e9m aumentou para 30% a parcela de cana certificada\/avaliada sustent\u00e1vel conforme os padr\u00f5es da Bonsucro e FSA-SAI <em>Platform<\/em>. Para 2030, o objetivo \u00e9 alcan\u00e7ar a propor\u00e7\u00e3o de 75%.<\/p>\n<p>\u201cNosso crescimento \u00e9 baseado em um modelo que coloca a produ\u00e7\u00e3o de energias renov\u00e1veis aliada \u00e0 economia circular como base da estrat\u00e9gia do nosso neg\u00f3cio. Essa abordagem permite a valoriza\u00e7\u00e3o integral das mat\u00e9rias-primas agr\u00edcolas, uma atitude ecol\u00f3gica mensurada e controlada, colocando a sustentabilidade no centro de nossas decis\u00f5es\u201d, diz Santoul.<\/p>\n<h3><strong>Recursos h\u00eddricos e recupera\u00e7\u00e3o de nascentes <\/strong><\/h3>\n<p>Durante o exerc\u00edcio 2020\/2021, a Tereos Brasil investiu R$ 1,2 milh\u00e3o para monitoramento de \u00e1guas e efluentes. Os investimentos foram aplicados no projeto GOTA (Gerenciamento, Otimiza\u00e7\u00e3o e Tratamento de \u00c1gua), em a\u00e7\u00f5es como instala\u00e7\u00e3o de medidores de vaz\u00e3o nos locais de capta\u00e7\u00e3o e pontos que necessitam de medi\u00e7\u00e3o de consumo. Em virtude do processamento recorde de cana-de-a\u00e7\u00facar na safra, houve um aumento da demanda por \u00e1gua. Por outro lado, a capta\u00e7\u00e3o por tonelada de cana mo\u00edda foi 3% menor, comprovando a efici\u00eancia no processo.<\/p>\n<p>O viveiro de mudas, localizado em Ol\u00edmpia (SP), \u00e9 uma iniciativa de grande impacto regional. O projeto apoia a\u00e7\u00f5es de reflorestamento e recupera\u00e7\u00e3o de nascentes, tanto nas unidades da Tereos como nas comunidades vizinhas. Em cinco anos, foram doadas mais de 750 mil mudas de \u00e1rvores nativas para produtores parceiros e institui\u00e7\u00f5es p\u00fablicas.<\/p>\n<h3><strong>Tereos em n\u00fameros<\/strong><\/h3>\n<p><img loading=\"lazy\" decoding=\"async\" class=\"aligncenter wp-image-8612\" src=\"https:\/\/tereos.com\/app\/uploads\/sites\/7\/2021\/12\/ativo-1150x.png\" alt=\"\" width=\"850\" height=\"819\" srcset=\"https:\/\/www.tereos.com\/app\/uploads\/sites\/7\/2021\/12\/ativo-1150x.png 1395w, https:\/\/www.tereos.com\/app\/uploads\/sites\/7\/2021\/12\/ativo-1150x-300x289.png 300w\" sizes=\"(max-width: 850px) 100vw, 850px\" \/><\/p>\n<p>A vers\u00e3o completa do Relat\u00f3rio de Sustentabilidade da Tereos A\u00e7\u00facar &amp; Energia Brasil est\u00e1 dispon\u00edvel no <a href=\"https:\/\/tereos.com\/app\/uploads\/sites\/7\/2021\/12\/tereos-rs2020-navegavel-03.pdf\" target=\"_blank\" rel=\"noopener\">site da empresa<\/a>.<\/p>\n"}],"flexible_editorial_clone":{"has_anchors":false,"sections":[{"acf_fc_layout":"rich_text","anchor_title":"","text":"<p>A Tereos A\u00e7\u00facar &amp; Energia Brasil, uma das l\u00edderes em produ\u00e7\u00e3o de a\u00e7\u00facar e etanol no pa\u00eds, apresenta o seu primeiro Relat\u00f3rio de Sustentabilidade Brasil, referente ao exerc\u00edcio 2020\/2021. Elaborado com base nos padr\u00f5es da <em>Global Reporting Initiative<\/em> (GRI), o documento re\u00fane os principais resultados ambientais, sociais, financeiros e de governan\u00e7a da Companhia, al\u00e9m de apresentar a vis\u00e3o da empresa para oito temas materiais que est\u00e3o conectados \u00e0s diretrizes globais do Grupo Tereos e que foram identificados a partir de consulta a grupos de stakeholders internos e externos.<\/p>\n<p>Entre os compromissos trazidos pelo relat\u00f3rio, destaca-se, por exemplo, a meta de alcan\u00e7ar 17,5% de mulheres na lideran\u00e7a e 15% de mulheres na for\u00e7a de trabalho at\u00e9 2030, dentro do tema de Diversidade, Inclus\u00e3o e Direitos Humanos. Na frente de Economia Circular e Efici\u00eancia Energ\u00e9tica, por sua vez, a Tereos tem por objetivo aumentar as iniciativas para substituir fertilizantes qu\u00edmicos por org\u00e2nicos e substituir 100% do diesel utilizado nos caminh\u00f5es canavieiros por combust\u00edveis renov\u00e1veis, como o biometano gerado atrav\u00e9s da transforma\u00e7\u00e3o de subprodutos de seu processo produtivo.<\/p>\n<p>\u201cTemos ci\u00eancia de que a participa\u00e7\u00e3o de mulheres precisa avan\u00e7ar na empresa &#8211; bem como em todo o agroneg\u00f3cio &#8211; e temos dado os primeiros passos na dire\u00e7\u00e3o da inclus\u00e3o de grupos subrepresentados\u201d, afirma Pierre Santoul, diretor-presidente da Tereos Brasil.<\/p>\n<p>Para chegar a esta meta, foi criado o Grupo de Afinidade Mulheres no Agro (Gama), que trabalha com iniciativas para alavancar a representatividade feminina e as carreiras das mulheres na Tereos. Outra iniciativa est\u00e1 ligada ao Programa Jovem Aprendiz, que investe na forma\u00e7\u00e3o feminina para o desempenho de fun\u00e7\u00f5es t\u00e9cnicas (no campo e na ind\u00fastria) por meio de cursos desenvolvidos em parceria com o CIEE, Senac e Senai. Em 2020, uma turma de 119 jovens mulheres participou dessa forma\u00e7\u00e3o.<\/p>\n<p>Outro destaque do relat\u00f3rio s\u00e3o os financiamentos verdes, que atingiram R$ 1,5 bilh\u00e3o at\u00e9 o primeiro semestre de 2021. A Tereos contratou tamb\u00e9m o primeiro financiamento sustent\u00e1vel do setor sucroenerg\u00e9tico brasileiro com empr\u00e9stimo de longo prazo, no valor de US$ 105 milh\u00f5es. A opera\u00e7\u00e3o foi estruturada com um sindicato de sete bancos e ligada a quatro metas ambientais: redu\u00e7\u00e3o anual de gases de efeito estufa por tonelada de cana processada; diminui\u00e7\u00e3o anual do consumo de \u00e1gua por tonelada de cana processada; aumento por ano da porcentagem de cana certificada e melhoria na pontua\u00e7\u00e3o de avalia\u00e7\u00e3o formal de crit\u00e9rios ambientais, sociais e de governan\u00e7a (ESG, na sigla em ingl\u00eas).<\/p>\n<p>Para cada ano em que a empresa cumprir essas metas (verificadas por auditoria independente) haver\u00e1 uma redu\u00e7\u00e3o na taxa de juros. Algumas conquistas importantes j\u00e1 foram atingidas nesse sentido, como a redu\u00e7\u00e3o de 13% na emiss\u00e3o de CO2 equivalente a cada tonelada de cana processada e a diminui\u00e7\u00e3o de 8% no consumo de \u00e1gua no processamento de cana. A Tereos tamb\u00e9m aumentou para 30% a parcela de cana certificada\/avaliada sustent\u00e1vel conforme os padr\u00f5es da Bonsucro e FSA-SAI <em>Platform<\/em>. Para 2030, o objetivo \u00e9 alcan\u00e7ar a propor\u00e7\u00e3o de 75%.<\/p>\n<p>\u201cNosso crescimento \u00e9 baseado em um modelo que coloca a produ\u00e7\u00e3o de energias renov\u00e1veis aliada \u00e0 economia circular como base da estrat\u00e9gia do nosso neg\u00f3cio. Essa abordagem permite a valoriza\u00e7\u00e3o integral das mat\u00e9rias-primas agr\u00edcolas, uma atitude ecol\u00f3gica mensurada e controlada, colocando a sustentabilidade no centro de nossas decis\u00f5es\u201d, diz Santoul.<\/p>\n<h3><strong>Recursos h\u00eddricos e recupera\u00e7\u00e3o de nascentes <\/strong><\/h3>\n<p>Durante o exerc\u00edcio 2020\/2021, a Tereos Brasil investiu R$ 1,2 milh\u00e3o para monitoramento de \u00e1guas e efluentes. Os investimentos foram aplicados no projeto GOTA (Gerenciamento, Otimiza\u00e7\u00e3o e Tratamento de \u00c1gua), em a\u00e7\u00f5es como instala\u00e7\u00e3o de medidores de vaz\u00e3o nos locais de capta\u00e7\u00e3o e pontos que necessitam de medi\u00e7\u00e3o de consumo. Em virtude do processamento recorde de cana-de-a\u00e7\u00facar na safra, houve um aumento da demanda por \u00e1gua. Por outro lado, a capta\u00e7\u00e3o por tonelada de cana mo\u00edda foi 3% menor, comprovando a efici\u00eancia no processo.<\/p>\n<p>O viveiro de mudas, localizado em Ol\u00edmpia (SP), \u00e9 uma iniciativa de grande impacto regional. O projeto apoia a\u00e7\u00f5es de reflorestamento e recupera\u00e7\u00e3o de nascentes, tanto nas unidades da Tereos como nas comunidades vizinhas. Em cinco anos, foram doadas mais de 750 mil mudas de \u00e1rvores nativas para produtores parceiros e institui\u00e7\u00f5es p\u00fablicas.<\/p>\n<h3><strong>Tereos em n\u00fameros<\/strong><\/h3>\n<p><img loading=\"lazy\" decoding=\"async\" class=\"aligncenter wp-image-8612\" src=\"https:\/\/tereos.com\/app\/uploads\/sites\/7\/2021\/12\/ativo-1150x.png\" alt=\"\" width=\"850\" height=\"819\" srcset=\"https:\/\/www.tereos.com\/app\/uploads\/sites\/7\/2021\/12\/ativo-1150x.png 1395w, https:\/\/www.tereos.com\/app\/uploads\/sites\/7\/2021\/12\/ativo-1150x-300x289.png 300w\" sizes=\"(max-width: 850px) 100vw, 850px\" \/><\/p>\n<p>A vers\u00e3o completa do Relat\u00f3rio de Sustentabilidade da Tereos A\u00e7\u00facar &amp; Energia Brasil est\u00e1 dispon\u00edvel no <a href=\"https:\/\/tereos.com\/app\/uploads\/sites\/7\/2021\/12\/tereos-rs2020-navegavel-03.pdf\" target=\"_blank\" rel=\"noopener\">site da empresa<\/a>.<\/p>\n"}]}},"yoast_head":"<!-- This site is optimized with the Yoast SEO plugin v23.7 - https:\/\/yoast.com\/wordpress\/plugins\/seo\/ -->\n<title>Tereos lan\u00e7a seu primeiro Relat\u00f3rio de Sustentabilidade Brasil e apresenta compromissos para suas frentes de atua\u00e7\u00e3o - Brasil<\/title>\n<meta name=\"robots\" content=\"index, follow, max-snippet:-1, max-image-preview:large, max-video-preview:-1\" \/>\n<link rel=\"canonical\" href=\"https:\/\/br.tereos.com\/pt-pt\/press-releases\/tereos-lanca-seu-primeiro-relatorio-de-sustentabilidade-brasil-e-apresenta-compromissos-para-suas-frentes-de-atuacao\/\" \/>\n<meta property=\"og:locale\" content=\"pt_PT\" \/>\n<meta property=\"og:type\" content=\"article\" \/>\n<meta property=\"og:title\" content=\"Tereos lan\u00e7a seu primeiro Relat\u00f3rio de Sustentabilidade Brasil e apresenta compromissos para suas frentes de atua\u00e7\u00e3o - Brasil\" \/>\n<meta property=\"og:url\" content=\"https:\/\/br.tereos.com\/pt-pt\/press-releases\/tereos-lanca-seu-primeiro-relatorio-de-sustentabilidade-brasil-e-apresenta-compromissos-para-suas-frentes-de-atuacao\/\" \/>\n<meta property=\"og:site_name\" content=\"Brasil\" \/>\n<meta property=\"article:modified_time\" content=\"2021-12-20T12:31:46+00:00\" \/>\n<meta property=\"og:image\" content=\"https:\/\/www.tereos.com\/app\/uploads\/sites\/7\/2021\/12\/relatorio.png\" \/>\n\t<meta property=\"og:image:width\" content=\"1024\" \/>\n\t<meta property=\"og:image:height\" content=\"767\" \/>\n\t<meta property=\"og:image:type\" content=\"image\/png\" \/>\n<meta name=\"twitter:card\" content=\"summary_large_image\" \/>\n<script type=\"application\/ld+json\" class=\"yoast-schema-graph\">{\"@context\":\"https:\/\/schema.org\",\"@graph\":[{\"@type\":\"WebPage\",\"@id\":\"https:\/\/br.tereos.com\/pt-pt\/press-releases\/tereos-lanca-seu-primeiro-relatorio-de-sustentabilidade-brasil-e-apresenta-compromissos-para-suas-frentes-de-atuacao\/\",\"url\":\"https:\/\/br.tereos.com\/pt-pt\/press-releases\/tereos-lanca-seu-primeiro-relatorio-de-sustentabilidade-brasil-e-apresenta-compromissos-para-suas-frentes-de-atuacao\/\",\"name\":\"Tereos lan\u00e7a seu primeiro Relat\u00f3rio de Sustentabilidade Brasil e apresenta compromissos para suas frentes de atua\u00e7\u00e3o - Brasil\",\"isPartOf\":{\"@id\":\"https:\/\/br.tereos.com\/pt-pt\/#website\"},\"primaryImageOfPage\":{\"@id\":\"https:\/\/br.tereos.com\/pt-pt\/press-releases\/tereos-lanca-seu-primeiro-relatorio-de-sustentabilidade-brasil-e-apresenta-compromissos-para-suas-frentes-de-atuacao\/#primaryimage\"},\"image\":{\"@id\":\"https:\/\/br.tereos.com\/pt-pt\/press-releases\/tereos-lanca-seu-primeiro-relatorio-de-sustentabilidade-brasil-e-apresenta-compromissos-para-suas-frentes-de-atuacao\/#primaryimage\"},\"thumbnailUrl\":\"https:\/\/www.tereos.com\/app\/uploads\/sites\/7\/2021\/12\/relatorio.png\",\"datePublished\":\"2021-12-20T12:15:18+00:00\",\"dateModified\":\"2021-12-20T12:31:46+00:00\",\"breadcrumb\":{\"@id\":\"https:\/\/br.tereos.com\/pt-pt\/press-releases\/tereos-lanca-seu-primeiro-relatorio-de-sustentabilidade-brasil-e-apresenta-compromissos-para-suas-frentes-de-atuacao\/#breadcrumb\"},\"inLanguage\":\"pt-PT\",\"potentialAction\":[{\"@type\":\"ReadAction\",\"target\":[\"https:\/\/br.tereos.com\/pt-pt\/press-releases\/tereos-lanca-seu-primeiro-relatorio-de-sustentabilidade-brasil-e-apresenta-compromissos-para-suas-frentes-de-atuacao\/\"]}]},{\"@type\":\"ImageObject\",\"inLanguage\":\"pt-PT\",\"@id\":\"https:\/\/br.tereos.com\/pt-pt\/press-releases\/tereos-lanca-seu-primeiro-relatorio-de-sustentabilidade-brasil-e-apresenta-compromissos-para-suas-frentes-de-atuacao\/#primaryimage\",\"url\":\"https:\/\/www.tereos.com\/app\/uploads\/sites\/7\/2021\/12\/relatorio.png\",\"contentUrl\":\"https:\/\/www.tereos.com\/app\/uploads\/sites\/7\/2021\/12\/relatorio.png\",\"width\":4001,\"height\":2997},{\"@type\":\"BreadcrumbList\",\"@id\":\"https:\/\/br.tereos.com\/pt-pt\/press-releases\/tereos-lanca-seu-primeiro-relatorio-de-sustentabilidade-brasil-e-apresenta-compromissos-para-suas-frentes-de-atuacao\/#breadcrumb\",\"itemListElement\":[{\"@type\":\"ListItem\",\"position\":1,\"name\":\"Home\",\"item\":\"https:\/\/br.tereos.com\/pt-pt\/\"},{\"@type\":\"ListItem\",\"position\":2,\"name\":\"Tereos lan\u00e7a seu primeiro Relat\u00f3rio de Sustentabilidade Brasil e apresenta compromissos para suas frentes de atua\u00e7\u00e3o\"}]},{\"@type\":\"WebSite\",\"@id\":\"https:\/\/br.tereos.com\/pt-pt\/#website\",\"url\":\"https:\/\/br.tereos.com\/pt-pt\/\",\"name\":\"Brasil\",\"description\":\"Un site utilisant WordPress\",\"potentialAction\":[{\"@type\":\"SearchAction\",\"target\":{\"@type\":\"EntryPoint\",\"urlTemplate\":\"https:\/\/br.tereos.com\/pt-pt\/?s={search_term_string}\"},\"query-input\":{\"@type\":\"PropertyValueSpecification\",\"valueRequired\":true,\"valueName\":\"search_term_string\"}}],\"inLanguage\":\"pt-PT\"}]}<\/script>\n<!-- \/ Yoast SEO plugin. -->","yoast_head_json":{"title":"Tereos lan\u00e7a seu primeiro Relat\u00f3rio de Sustentabilidade Brasil e apresenta compromissos para suas frentes de atua\u00e7\u00e3o - Brasil","robots":{"index":"index","follow":"follow","max-snippet":"max-snippet:-1","max-image-preview":"max-image-preview:large","max-video-preview":"max-video-preview:-1"},"canonical":"https:\/\/br.tereos.com\/pt-pt\/press-releases\/tereos-lanca-seu-primeiro-relatorio-de-sustentabilidade-brasil-e-apresenta-compromissos-para-suas-frentes-de-atuacao\/","og_locale":"pt_PT","og_type":"article","og_title":"Tereos lan\u00e7a seu primeiro Relat\u00f3rio de Sustentabilidade Brasil e apresenta compromissos para suas frentes de atua\u00e7\u00e3o - Brasil","og_url":"https:\/\/br.tereos.com\/pt-pt\/press-releases\/tereos-lanca-seu-primeiro-relatorio-de-sustentabilidade-brasil-e-apresenta-compromissos-para-suas-frentes-de-atuacao\/","og_site_name":"Brasil","article_modified_time":"2021-12-20T12:31:46+00:00","og_image":[{"url":"https:\/\/www.tereos.com\/app\/uploads\/sites\/7\/2021\/12\/relatorio.png","width":1024,"height":767,"type":"image\/png"}],"twitter_card":"summary_large_image","schema":{"@context":"https:\/\/schema.org","@graph":[{"@type":"WebPage","@id":"https:\/\/br.tereos.com\/pt-pt\/press-releases\/tereos-lanca-seu-primeiro-relatorio-de-sustentabilidade-brasil-e-apresenta-compromissos-para-suas-frentes-de-atuacao\/","url":"https:\/\/br.tereos.com\/pt-pt\/press-releases\/tereos-lanca-seu-primeiro-relatorio-de-sustentabilidade-brasil-e-apresenta-compromissos-para-suas-frentes-de-atuacao\/","name":"Tereos lan\u00e7a seu primeiro Relat\u00f3rio de Sustentabilidade Brasil e apresenta compromissos para suas frentes de atua\u00e7\u00e3o - Brasil","isPartOf":{"@id":"https:\/\/br.tereos.com\/pt-pt\/#website"},"primaryImageOfPage":{"@id":"https:\/\/br.tereos.com\/pt-pt\/press-releases\/tereos-lanca-seu-primeiro-relatorio-de-sustentabilidade-brasil-e-apresenta-compromissos-para-suas-frentes-de-atuacao\/#primaryimage"},"image":{"@id":"https:\/\/br.tereos.com\/pt-pt\/press-releases\/tereos-lanca-seu-primeiro-relatorio-de-sustentabilidade-brasil-e-apresenta-compromissos-para-suas-frentes-de-atuacao\/#primaryimage"},"thumbnailUrl":"https:\/\/www.tereos.com\/app\/uploads\/sites\/7\/2021\/12\/relatorio.png","datePublished":"2021-12-20T12:15:18+00:00","dateModified":"2021-12-20T12:31:46+00:00","breadcrumb":{"@id":"https:\/\/br.tereos.com\/pt-pt\/press-releases\/tereos-lanca-seu-primeiro-relatorio-de-sustentabilidade-brasil-e-apresenta-compromissos-para-suas-frentes-de-atuacao\/#breadcrumb"},"inLanguage":"pt-PT","potentialAction":[{"@type":"ReadAction","target":["https:\/\/br.tereos.com\/pt-pt\/press-releases\/tereos-lanca-seu-primeiro-relatorio-de-sustentabilidade-brasil-e-apresenta-compromissos-para-suas-frentes-de-atuacao\/"]}]},{"@type":"ImageObject","inLanguage":"pt-PT","@id":"https:\/\/br.tereos.com\/pt-pt\/press-releases\/tereos-lanca-seu-primeiro-relatorio-de-sustentabilidade-brasil-e-apresenta-compromissos-para-suas-frentes-de-atuacao\/#primaryimage","url":"https:\/\/www.tereos.com\/app\/uploads\/sites\/7\/2021\/12\/relatorio.png","contentUrl":"https:\/\/www.tereos.com\/app\/uploads\/sites\/7\/2021\/12\/relatorio.png","width":4001,"height":2997},{"@type":"BreadcrumbList","@id":"https:\/\/br.tereos.com\/pt-pt\/press-releases\/tereos-lanca-seu-primeiro-relatorio-de-sustentabilidade-brasil-e-apresenta-compromissos-para-suas-frentes-de-atuacao\/#breadcrumb","itemListElement":[{"@type":"ListItem","position":1,"name":"Home","item":"https:\/\/br.tereos.com\/pt-pt\/"},{"@type":"ListItem","position":2,"name":"Tereos lan\u00e7a seu primeiro Relat\u00f3rio de Sustentabilidade Brasil e apresenta compromissos para suas frentes de atua\u00e7\u00e3o"}]},{"@type":"WebSite","@id":"https:\/\/br.tereos.com\/pt-pt\/#website","url":"https:\/\/br.tereos.com\/pt-pt\/","name":"Brasil","description":"Un site utilisant WordPress","potentialAction":[{"@type":"SearchAction","target":{"@type":"EntryPoint","urlTemplate":"https:\/\/br.tereos.com\/pt-pt\/?s={search_term_string}"},"query-input":{"@type":"PropertyValueSpecification","valueRequired":true,"valueName":"search_term_string"}}],"inLanguage":"pt-PT"}]}},"featured_media_src":"https:\/\/www.tereos.com\/app\/uploads\/sites\/7\/2021\/12\/relatorio-520x390-c-default.png","date_formatted":"20 December 2021 ","_links":{"self":[{"href":"https:\/\/br.tereos.com\/pt-pt\/wp-json\/wp\/v2\/press-release\/8608"}],"collection":[{"href":"https:\/\/br.tereos.com\/pt-pt\/wp-json\/wp\/v2\/press-release"}],"about":[{"href":"https:\/\/br.tereos.com\/pt-pt\/wp-json\/wp\/v2\/types\/press_release"}],"author":[{"embeddable":true,"href":"https:\/\/br.tereos.com\/pt-pt\/wp-json\/wp\/v2\/users\/278"}],"version-history":[{"count":3,"href":"https:\/\/br.tereos.com\/pt-pt\/wp-json\/wp\/v2\/press-release\/8608\/revisions"}],"predecessor-version":[{"id":8629,"href":"https:\/\/br.tereos.com\/pt-pt\/wp-json\/wp\/v2\/press-release\/8608\/revisions\/8629"}],"wp:featuredmedia":[{"embeddable":true,"href":"https:\/\/br.tereos.com\/pt-pt\/wp-json\/wp\/v2\/media\/8628"}],"wp:attachment":[{"href":"https:\/\/br.tereos.com\/pt-pt\/wp-json\/wp\/v2\/media?parent=8608"}],"wp:term":[{"taxonomy":"category","embeddable":true,"href":"https:\/\/br.tereos.com\/pt-pt\/wp-json\/wp\/v2\/categories?post=8608"}],"curies":[{"name":"wp","href":"https:\/\/api.w.org\/{rel}","templated":true}]}}