{"id":8517,"date":"2021-10-28T19:21:17","date_gmt":"2021-10-28T17:21:17","guid":{"rendered":"https:\/\/br.tereos.com\/?post_type=press_release&#038;p=8517"},"modified":"2021-11-24T19:24:56","modified_gmt":"2021-11-24T18:24:56","slug":"tereos-instala-salas-de-apoio-a-amamentacao-em-unidades-no-noroeste-paulista","status":"publish","type":"press_release","link":"https:\/\/br.tereos.com\/pt-pt\/press-releases\/tereos-instala-salas-de-apoio-a-amamentacao-em-unidades-no-noroeste-paulista\/","title":{"rendered":"Tereos instala salas de apoio \u00e0 amamenta\u00e7\u00e3o em unidades no noroeste paulista"},"author":278,"featured_media":8519,"template":"","categories":[],"class_list":["post-8517","press_release","type-press_release","status-publish","has-post-thumbnail","hentry"],"acf":{"cover_image":8519,"cover_clone":{"cover_image":8519},"file":{"ID":8520,"id":8520,"title":"Tereos instala salas de apoio \u00e0 amamenta\u00e7\u00e3o em unidades no noroeste paulista","filename":"tereos-instala-salas-de-apoio-a-amamentacao-em-unidades-no-noroeste-paulista.pdf","filesize":107151,"url":"https:\/\/www.tereos.com\/app\/uploads\/sites\/7\/2021\/11\/tereos-instala-salas-de-apoio-a-amamentacao-em-unidades-no-noroeste-paulista.pdf","link":"https:\/\/br.tereos.com\/pt-pt\/press-releases\/tereos-instala-salas-de-apoio-a-amamentacao-em-unidades-no-noroeste-paulista\/tereos-instala-salas-de-apoio-a-amamentacao-em-unidades-no-noroeste-paulista\/","alt":"","author":"278","description":"","caption":"","name":"tereos-instala-salas-de-apoio-a-amamentacao-em-unidades-no-noroeste-paulista","status":"inherit","uploaded_to":8517,"date":"2021-11-24 18:23:18","modified":"2021-11-24 18:23:18","menu_order":0,"mime_type":"application\/pdf","type":"application","subtype":"pdf","icon":"https:\/\/br.tereos.com\/wp\/wp-includes\/images\/media\/document.png"},"pdf_clone":{"file":{"ID":8520,"id":8520,"title":"Tereos instala salas de apoio \u00e0 amamenta\u00e7\u00e3o em unidades no noroeste paulista","filename":"tereos-instala-salas-de-apoio-a-amamentacao-em-unidades-no-noroeste-paulista.pdf","filesize":107151,"url":"https:\/\/www.tereos.com\/app\/uploads\/sites\/7\/2021\/11\/tereos-instala-salas-de-apoio-a-amamentacao-em-unidades-no-noroeste-paulista.pdf","link":"https:\/\/br.tereos.com\/pt-pt\/press-releases\/tereos-instala-salas-de-apoio-a-amamentacao-em-unidades-no-noroeste-paulista\/tereos-instala-salas-de-apoio-a-amamentacao-em-unidades-no-noroeste-paulista\/","alt":"","author":"278","description":"","caption":"","name":"tereos-instala-salas-de-apoio-a-amamentacao-em-unidades-no-noroeste-paulista","status":"inherit","uploaded_to":8517,"date":"2021-11-24 18:23:18","modified":"2021-11-24 18:23:18","menu_order":0,"mime_type":"application\/pdf","type":"application","subtype":"pdf","icon":"https:\/\/br.tereos.com\/wp\/wp-includes\/images\/media\/document.png"}},"headline":"Iniciativa integra s\u00e9rie de a\u00e7\u00f5es do programa de Diversidade &amp; Inclus\u00e3o da companhia","headline_clone":{"headline":"Iniciativa integra s\u00e9rie de a\u00e7\u00f5es do programa de Diversidade &amp; Inclus\u00e3o da companhia"},"has_anchors":false,"sections":[{"acf_fc_layout":"rich_text","anchor_title":"","text":"<p>A Tereos A\u00e7\u00facar &amp; Energia Brasil, uma das l\u00edderes do setor sucroenerg\u00e9tico brasileiro, instalou salas de apoio \u00e0 amamenta\u00e7\u00e3o em tr\u00eas de suas unidades localizadas no noroeste paulista, nas cidades de Ol\u00edmpia, Gua\u00edra e Sever\u00ednia.<\/p>\n<p>Os espa\u00e7os s\u00e3o voltados para as m\u00e3es que retornaram da licen\u00e7a-maternidade e que precisam fazer a ordenha e armazenamento do leite materno. As salas contam com poltrona reclin\u00e1vel, espa\u00e7o para higieniza\u00e7\u00e3o dos recipientes, mesa e um refrigerador para manter o leite, al\u00e9m de \u00e1lcool em gel e climatiza\u00e7\u00e3o.<\/p>\n<p>A primeira sala foi inaugurada em 2019 na unidade Cruz Alta (Ol\u00edmpia), seguida pela unidade Mandu (Gua\u00edra) e tamb\u00e9m Sever\u00ednia, aberta agora em outubro deste ano. A instala\u00e7\u00e3o dos espa\u00e7os faz parte das iniciativas da Tereos dentro de seu programa de Diversidade &amp; Inclus\u00e3o, que contempla a\u00e7\u00f5es de integra\u00e7\u00e3o e debates sobre o tema.<\/p>\n<p>\u201cAs salas de apoio \u00e0 amamenta\u00e7\u00e3o chegam para refor\u00e7ar a nossa preocupa\u00e7\u00e3o com o bem-estar das nossas colaboradoras que est\u00e3o retornando da licen\u00e7a-maternidade. Desta forma, tornamos o nosso ambiente mais inclusivo e estendemos nosso apoio ao cuidado das fam\u00edlias de nossas colaboradoras\u201d, afirma Carlos Leston, diretor de RH da Tereos.<\/p>\n<p>Para 2022, a companhia prev\u00ea a implementa\u00e7\u00e3o de salas nas unidades de Tanabi, Guaraci, Pitangueiras e Colina.<\/p>\n"}],"flexible_editorial_clone":{"has_anchors":false,"sections":[{"acf_fc_layout":"rich_text","anchor_title":"","text":"<p>A Tereos A\u00e7\u00facar &amp; Energia Brasil, uma das l\u00edderes do setor sucroenerg\u00e9tico brasileiro, instalou salas de apoio \u00e0 amamenta\u00e7\u00e3o em tr\u00eas de suas unidades localizadas no noroeste paulista, nas cidades de Ol\u00edmpia, Gua\u00edra e Sever\u00ednia.<\/p>\n<p>Os espa\u00e7os s\u00e3o voltados para as m\u00e3es que retornaram da licen\u00e7a-maternidade e que precisam fazer a ordenha e armazenamento do leite materno. As salas contam com poltrona reclin\u00e1vel, espa\u00e7o para higieniza\u00e7\u00e3o dos recipientes, mesa e um refrigerador para manter o leite, al\u00e9m de \u00e1lcool em gel e climatiza\u00e7\u00e3o.<\/p>\n<p>A primeira sala foi inaugurada em 2019 na unidade Cruz Alta (Ol\u00edmpia), seguida pela unidade Mandu (Gua\u00edra) e tamb\u00e9m Sever\u00ednia, aberta agora em outubro deste ano. A instala\u00e7\u00e3o dos espa\u00e7os faz parte das iniciativas da Tereos dentro de seu programa de Diversidade &amp; Inclus\u00e3o, que contempla a\u00e7\u00f5es de integra\u00e7\u00e3o e debates sobre o tema.<\/p>\n<p>\u201cAs salas de apoio \u00e0 amamenta\u00e7\u00e3o chegam para refor\u00e7ar a nossa preocupa\u00e7\u00e3o com o bem-estar das nossas colaboradoras que est\u00e3o retornando da licen\u00e7a-maternidade. Desta forma, tornamos o nosso ambiente mais inclusivo e estendemos nosso apoio ao cuidado das fam\u00edlias de nossas colaboradoras\u201d, afirma Carlos Leston, diretor de RH da Tereos.<\/p>\n<p>Para 2022, a companhia prev\u00ea a implementa\u00e7\u00e3o de salas nas unidades de Tanabi, Guaraci, Pitangueiras e Colina.<\/p>\n"}]}},"yoast_head":"<!-- This site is optimized with the Yoast SEO plugin v23.7 - https:\/\/yoast.com\/wordpress\/plugins\/seo\/ -->\n<title>Tereos instala salas de apoio \u00e0 amamenta\u00e7\u00e3o em unidades no noroeste paulista - Brasil<\/title>\n<meta name=\"robots\" content=\"index, follow, max-snippet:-1, max-image-preview:large, max-video-preview:-1\" \/>\n<link rel=\"canonical\" href=\"https:\/\/br.tereos.com\/pt-pt\/press-releases\/tereos-instala-salas-de-apoio-a-amamentacao-em-unidades-no-noroeste-paulista\/\" \/>\n<meta property=\"og:locale\" content=\"pt_PT\" \/>\n<meta property=\"og:type\" content=\"article\" \/>\n<meta property=\"og:title\" content=\"Tereos instala salas de apoio \u00e0 amamenta\u00e7\u00e3o em unidades no noroeste paulista - Brasil\" \/>\n<meta property=\"og:url\" content=\"https:\/\/br.tereos.com\/pt-pt\/press-releases\/tereos-instala-salas-de-apoio-a-amamentacao-em-unidades-no-noroeste-paulista\/\" \/>\n<meta property=\"og:site_name\" content=\"Brasil\" \/>\n<meta property=\"article:modified_time\" content=\"2021-11-24T18:24:56+00:00\" \/>\n<meta property=\"og:image\" content=\"https:\/\/www.tereos.com\/app\/uploads\/sites\/7\/2021\/11\/ativo-1.png\" \/>\n\t<meta property=\"og:image:width\" content=\"1024\" \/>\n\t<meta property=\"og:image:height\" content=\"767\" \/>\n\t<meta property=\"og:image:type\" content=\"image\/png\" \/>\n<meta name=\"twitter:card\" content=\"summary_large_image\" \/>\n<script type=\"application\/ld+json\" class=\"yoast-schema-graph\">{\"@context\":\"https:\/\/schema.org\",\"@graph\":[{\"@type\":\"WebPage\",\"@id\":\"https:\/\/br.tereos.com\/pt-pt\/press-releases\/tereos-instala-salas-de-apoio-a-amamentacao-em-unidades-no-noroeste-paulista\/\",\"url\":\"https:\/\/br.tereos.com\/pt-pt\/press-releases\/tereos-instala-salas-de-apoio-a-amamentacao-em-unidades-no-noroeste-paulista\/\",\"name\":\"Tereos instala salas de apoio \u00e0 amamenta\u00e7\u00e3o em unidades no noroeste paulista - Brasil\",\"isPartOf\":{\"@id\":\"https:\/\/br.tereos.com\/pt-pt\/#website\"},\"primaryImageOfPage\":{\"@id\":\"https:\/\/br.tereos.com\/pt-pt\/press-releases\/tereos-instala-salas-de-apoio-a-amamentacao-em-unidades-no-noroeste-paulista\/#primaryimage\"},\"image\":{\"@id\":\"https:\/\/br.tereos.com\/pt-pt\/press-releases\/tereos-instala-salas-de-apoio-a-amamentacao-em-unidades-no-noroeste-paulista\/#primaryimage\"},\"thumbnailUrl\":\"https:\/\/www.tereos.com\/app\/uploads\/sites\/7\/2021\/11\/ativo-1.png\",\"datePublished\":\"2021-10-28T17:21:17+00:00\",\"dateModified\":\"2021-11-24T18:24:56+00:00\",\"breadcrumb\":{\"@id\":\"https:\/\/br.tereos.com\/pt-pt\/press-releases\/tereos-instala-salas-de-apoio-a-amamentacao-em-unidades-no-noroeste-paulista\/#breadcrumb\"},\"inLanguage\":\"pt-PT\",\"potentialAction\":[{\"@type\":\"ReadAction\",\"target\":[\"https:\/\/br.tereos.com\/pt-pt\/press-releases\/tereos-instala-salas-de-apoio-a-amamentacao-em-unidades-no-noroeste-paulista\/\"]}]},{\"@type\":\"ImageObject\",\"inLanguage\":\"pt-PT\",\"@id\":\"https:\/\/br.tereos.com\/pt-pt\/press-releases\/tereos-instala-salas-de-apoio-a-amamentacao-em-unidades-no-noroeste-paulista\/#primaryimage\",\"url\":\"https:\/\/www.tereos.com\/app\/uploads\/sites\/7\/2021\/11\/ativo-1.png\",\"contentUrl\":\"https:\/\/www.tereos.com\/app\/uploads\/sites\/7\/2021\/11\/ativo-1.png\",\"width\":4001,\"height\":2997},{\"@type\":\"BreadcrumbList\",\"@id\":\"https:\/\/br.tereos.com\/pt-pt\/press-releases\/tereos-instala-salas-de-apoio-a-amamentacao-em-unidades-no-noroeste-paulista\/#breadcrumb\",\"itemListElement\":[{\"@type\":\"ListItem\",\"position\":1,\"name\":\"Home\",\"item\":\"https:\/\/br.tereos.com\/pt-pt\/\"},{\"@type\":\"ListItem\",\"position\":2,\"name\":\"Tereos instala salas de apoio \u00e0 amamenta\u00e7\u00e3o em unidades no noroeste paulista\"}]},{\"@type\":\"WebSite\",\"@id\":\"https:\/\/br.tereos.com\/pt-pt\/#website\",\"url\":\"https:\/\/br.tereos.com\/pt-pt\/\",\"name\":\"Brasil\",\"description\":\"Un site utilisant WordPress\",\"potentialAction\":[{\"@type\":\"SearchAction\",\"target\":{\"@type\":\"EntryPoint\",\"urlTemplate\":\"https:\/\/br.tereos.com\/pt-pt\/?s={search_term_string}\"},\"query-input\":{\"@type\":\"PropertyValueSpecification\",\"valueRequired\":true,\"valueName\":\"search_term_string\"}}],\"inLanguage\":\"pt-PT\"}]}<\/script>\n<!-- \/ Yoast SEO plugin. -->","yoast_head_json":{"title":"Tereos instala salas de apoio \u00e0 amamenta\u00e7\u00e3o em unidades no noroeste paulista - Brasil","robots":{"index":"index","follow":"follow","max-snippet":"max-snippet:-1","max-image-preview":"max-image-preview:large","max-video-preview":"max-video-preview:-1"},"canonical":"https:\/\/br.tereos.com\/pt-pt\/press-releases\/tereos-instala-salas-de-apoio-a-amamentacao-em-unidades-no-noroeste-paulista\/","og_locale":"pt_PT","og_type":"article","og_title":"Tereos instala salas de apoio \u00e0 amamenta\u00e7\u00e3o em unidades no noroeste paulista - Brasil","og_url":"https:\/\/br.tereos.com\/pt-pt\/press-releases\/tereos-instala-salas-de-apoio-a-amamentacao-em-unidades-no-noroeste-paulista\/","og_site_name":"Brasil","article_modified_time":"2021-11-24T18:24:56+00:00","og_image":[{"url":"https:\/\/www.tereos.com\/app\/uploads\/sites\/7\/2021\/11\/ativo-1.png","width":1024,"height":767,"type":"image\/png"}],"twitter_card":"summary_large_image","schema":{"@context":"https:\/\/schema.org","@graph":[{"@type":"WebPage","@id":"https:\/\/br.tereos.com\/pt-pt\/press-releases\/tereos-instala-salas-de-apoio-a-amamentacao-em-unidades-no-noroeste-paulista\/","url":"https:\/\/br.tereos.com\/pt-pt\/press-releases\/tereos-instala-salas-de-apoio-a-amamentacao-em-unidades-no-noroeste-paulista\/","name":"Tereos instala salas de apoio \u00e0 amamenta\u00e7\u00e3o em unidades no noroeste paulista - Brasil","isPartOf":{"@id":"https:\/\/br.tereos.com\/pt-pt\/#website"},"primaryImageOfPage":{"@id":"https:\/\/br.tereos.com\/pt-pt\/press-releases\/tereos-instala-salas-de-apoio-a-amamentacao-em-unidades-no-noroeste-paulista\/#primaryimage"},"image":{"@id":"https:\/\/br.tereos.com\/pt-pt\/press-releases\/tereos-instala-salas-de-apoio-a-amamentacao-em-unidades-no-noroeste-paulista\/#primaryimage"},"thumbnailUrl":"https:\/\/www.tereos.com\/app\/uploads\/sites\/7\/2021\/11\/ativo-1.png","datePublished":"2021-10-28T17:21:17+00:00","dateModified":"2021-11-24T18:24:56+00:00","breadcrumb":{"@id":"https:\/\/br.tereos.com\/pt-pt\/press-releases\/tereos-instala-salas-de-apoio-a-amamentacao-em-unidades-no-noroeste-paulista\/#breadcrumb"},"inLanguage":"pt-PT","potentialAction":[{"@type":"ReadAction","target":["https:\/\/br.tereos.com\/pt-pt\/press-releases\/tereos-instala-salas-de-apoio-a-amamentacao-em-unidades-no-noroeste-paulista\/"]}]},{"@type":"ImageObject","inLanguage":"pt-PT","@id":"https:\/\/br.tereos.com\/pt-pt\/press-releases\/tereos-instala-salas-de-apoio-a-amamentacao-em-unidades-no-noroeste-paulista\/#primaryimage","url":"https:\/\/www.tereos.com\/app\/uploads\/sites\/7\/2021\/11\/ativo-1.png","contentUrl":"https:\/\/www.tereos.com\/app\/uploads\/sites\/7\/2021\/11\/ativo-1.png","width":4001,"height":2997},{"@type":"BreadcrumbList","@id":"https:\/\/br.tereos.com\/pt-pt\/press-releases\/tereos-instala-salas-de-apoio-a-amamentacao-em-unidades-no-noroeste-paulista\/#breadcrumb","itemListElement":[{"@type":"ListItem","position":1,"name":"Home","item":"https:\/\/br.tereos.com\/pt-pt\/"},{"@type":"ListItem","position":2,"name":"Tereos instala salas de apoio \u00e0 amamenta\u00e7\u00e3o em unidades no noroeste paulista"}]},{"@type":"WebSite","@id":"https:\/\/br.tereos.com\/pt-pt\/#website","url":"https:\/\/br.tereos.com\/pt-pt\/","name":"Brasil","description":"Un site utilisant WordPress","potentialAction":[{"@type":"SearchAction","target":{"@type":"EntryPoint","urlTemplate":"https:\/\/br.tereos.com\/pt-pt\/?s={search_term_string}"},"query-input":{"@type":"PropertyValueSpecification","valueRequired":true,"valueName":"search_term_string"}}],"inLanguage":"pt-PT"}]}},"featured_media_src":"https:\/\/www.tereos.com\/app\/uploads\/sites\/7\/2021\/11\/ativo-1-520x390-c-default.png","date_formatted":"28 October 2021 ","_links":{"self":[{"href":"https:\/\/br.tereos.com\/pt-pt\/wp-json\/wp\/v2\/press-release\/8517"}],"collection":[{"href":"https:\/\/br.tereos.com\/pt-pt\/wp-json\/wp\/v2\/press-release"}],"about":[{"href":"https:\/\/br.tereos.com\/pt-pt\/wp-json\/wp\/v2\/types\/press_release"}],"author":[{"embeddable":true,"href":"https:\/\/br.tereos.com\/pt-pt\/wp-json\/wp\/v2\/users\/278"}],"version-history":[{"count":2,"href":"https:\/\/br.tereos.com\/pt-pt\/wp-json\/wp\/v2\/press-release\/8517\/revisions"}],"predecessor-version":[{"id":8522,"href":"https:\/\/br.tereos.com\/pt-pt\/wp-json\/wp\/v2\/press-release\/8517\/revisions\/8522"}],"wp:featuredmedia":[{"embeddable":true,"href":"https:\/\/br.tereos.com\/pt-pt\/wp-json\/wp\/v2\/media\/8519"}],"wp:attachment":[{"href":"https:\/\/br.tereos.com\/pt-pt\/wp-json\/wp\/v2\/media?parent=8517"}],"wp:term":[{"taxonomy":"category","embeddable":true,"href":"https:\/\/br.tereos.com\/pt-pt\/wp-json\/wp\/v2\/categories?post=8517"}],"curies":[{"name":"wp","href":"https:\/\/api.w.org\/{rel}","templated":true}]}}