{"id":8505,"date":"2021-11-23T12:28:28","date_gmt":"2021-11-23T11:28:28","guid":{"rendered":"https:\/\/br.tereos.com\/?post_type=press_release&#038;p=8505"},"modified":"2021-12-20T13:37:45","modified_gmt":"2021-12-20T12:37:45","slug":"tereos-e-vli-movimentam-955-mil-toneladas-de-acucar-em-12-meses-com-novos-armazens","status":"publish","type":"press_release","link":"https:\/\/br.tereos.com\/pt-pt\/press-releases\/tereos-e-vli-movimentam-955-mil-toneladas-de-acucar-em-12-meses-com-novos-armazens\/","title":{"rendered":"Tereos e VLI movimentam 955 mil toneladas de a\u00e7\u00facar em 12 meses com novos armaz\u00e9ns"},"author":278,"featured_media":8513,"template":"","categories":[],"class_list":["post-8505","press_release","type-press_release","status-publish","has-post-thumbnail","hentry"],"acf":{"cover_image":8513,"cover_clone":{"cover_image":8513},"file":{"ID":8514,"id":8514,"title":"Tereos e VLI movimentam 955 mil toneladas de a\u00e7\u00facar em 12 meses com novos armaz\u00e9ns","filename":"tereos-e-vli-movimentam-955-mil-toneladas-de-acucar-em-12-meses-com-novos-armazens.pdf","filesize":159360,"url":"https:\/\/www.tereos.com\/app\/uploads\/sites\/7\/2021\/11\/tereos-e-vli-movimentam-955-mil-toneladas-de-acucar-em-12-meses-com-novos-armazens.pdf","link":"https:\/\/br.tereos.com\/pt-pt\/press-releases\/tereos-e-vli-movimentam-955-mil-toneladas-de-acucar-em-12-meses-com-novos-armazens\/tereos-e-vli-movimentam-955-mil-toneladas-de-acucar-em-12-meses-com-novos-armazens\/","alt":"","author":"278","description":"","caption":"","name":"tereos-e-vli-movimentam-955-mil-toneladas-de-acucar-em-12-meses-com-novos-armazens","status":"inherit","uploaded_to":8505,"date":"2021-11-24 18:18:20","modified":"2021-11-24 18:18:20","menu_order":0,"mime_type":"application\/pdf","type":"application","subtype":"pdf","icon":"https:\/\/br.tereos.com\/wp\/wp-includes\/images\/media\/document.png"},"pdf_clone":{"file":{"ID":8514,"id":8514,"title":"Tereos e VLI movimentam 955 mil toneladas de a\u00e7\u00facar em 12 meses com novos armaz\u00e9ns","filename":"tereos-e-vli-movimentam-955-mil-toneladas-de-acucar-em-12-meses-com-novos-armazens.pdf","filesize":159360,"url":"https:\/\/www.tereos.com\/app\/uploads\/sites\/7\/2021\/11\/tereos-e-vli-movimentam-955-mil-toneladas-de-acucar-em-12-meses-com-novos-armazens.pdf","link":"https:\/\/br.tereos.com\/pt-pt\/press-releases\/tereos-e-vli-movimentam-955-mil-toneladas-de-acucar-em-12-meses-com-novos-armazens\/tereos-e-vli-movimentam-955-mil-toneladas-de-acucar-em-12-meses-com-novos-armazens\/","alt":"","author":"278","description":"","caption":"","name":"tereos-e-vli-movimentam-955-mil-toneladas-de-acucar-em-12-meses-com-novos-armazens","status":"inherit","uploaded_to":8505,"date":"2021-11-24 18:18:20","modified":"2021-11-24 18:18:20","menu_order":0,"mime_type":"application\/pdf","type":"application","subtype":"pdf","icon":"https:\/\/br.tereos.com\/wp\/wp-includes\/images\/media\/document.png"}},"headline":"Ativos localizados no Tiplam (Porto de Santos) e em Guar\u00e1, interior de S\u00e3o Paulo, completam primeiro anivers\u00e1rio neste m\u00eas de novembro e s\u00e3o resultado de um investimento combinado de R$ 205 milh\u00f5es","headline_clone":{"headline":"Ativos localizados no Tiplam (Porto de Santos) e em Guar\u00e1, interior de S\u00e3o Paulo, completam primeiro anivers\u00e1rio neste m\u00eas de novembro e s\u00e3o resultado de um investimento combinado de R$ 205 milh\u00f5es"},"has_anchors":false,"sections":[{"acf_fc_layout":"rich_text","anchor_title":"","text":"<p>Um ano ap\u00f3s a ativa\u00e7\u00e3o de dois novos armaz\u00e9ns constru\u00eddos para aumentar a efici\u00eancia da cadeia log\u00edstica de exporta\u00e7\u00e3o de a\u00e7\u00facar, a Tereos, uma das empresas l\u00edderes no pa\u00eds na produ\u00e7\u00e3o de a\u00e7\u00facar, etanol e energia, e a VLI celebram a marca de 955 mil toneladas movimentadas no per\u00edodo. O n\u00famero \u00e9 30,6% maior que as 731 mil toneladas registradas nos 12 meses que antecederam a inaugura\u00e7\u00e3o dos empreendimentos, o que atesta o ganho em competitividade proporcionado pelos ativos, mesmo em uma temporada de quebra de safra.<\/p>\n<p>O aumento nos volumes de a\u00e7\u00facar da Tereos tamb\u00e9m ser\u00e1 respons\u00e1vel pela alta no volume total do insumo exportado pelo Terminal Integrador Portu\u00e1rio Luiz Antonio Mesquita (Tiplam), que fechar\u00e1 2021 com n\u00fameros superiores aos praticados em 2020. Atualmente, o Tiplam \u00e9 respons\u00e1vel pela exporta\u00e7\u00e3o de 25% de todo o a\u00e7\u00facar brasileiro via litoral santista.<\/p>\n<p>\u201cEste fluxo simboliza tanto a integra\u00e7\u00e3o de modais quanto o atendimento desde a origem da carga at\u00e9 o porto, diretrizes log\u00edsticas sob as quais a atua\u00e7\u00e3o da VLI \u00e9 embasada. A movimenta\u00e7\u00e3o representa o compromisso da companhia em viabilizar as adequa\u00e7\u00f5es que a singularidade de cada opera\u00e7\u00e3o nos demanda\u201d, afirma Ernesto Pousada, CEO da VLI.<\/p>\n<p>\u201cAl\u00e9m do aumento do potencial de volume a ser exportado e do ganho de efici\u00eancia nas opera\u00e7\u00f5es, a parceria com a VLI tamb\u00e9m vem ao encontro das iniciativas da Tereos em sustentabilidade, j\u00e1 que com o transporte ferrovi\u00e1rio, reduzimos as emiss\u00f5es de gases de efeito estufa. Essa marca de quase 1 milh\u00e3o de toneladas transportadas celebra o sucesso e a sinergia que temos com a VLI\u201d, comenta Pierre Santoul, diretor-presidente da Tereos no Brasil.<\/p>\n<h3>Alta nos volumes movimentados<\/h3>\n<p>Por interm\u00e9dio de suas opera\u00e7\u00f5es ferrovi\u00e1rias, a VLI registra uma s\u00e9rie de consecutivos aumentos no volume total de a\u00e7\u00facar movimentado. Em 2020 foram 5,31 milh\u00f5es de toneladas ante 4,21 milh\u00f5es em 2019, alta de 26% no per\u00edodo.<\/p>\n<p>Os n\u00fameros refor\u00e7am a import\u00e2ncia da log\u00edstica intermodal para o escoamento de a\u00e7\u00facar e gr\u00e3os produzidos no pa\u00eds. No complexo portu\u00e1rio do Tiplam, porta de sa\u00edda para os volumes destinados \u00e0 exporta\u00e7\u00e3o, a integra\u00e7\u00e3o com o modal ferrovi\u00e1rio e a chegada de 100% da carga exportada pelos trilhos tornam o processo de escoamento mais \u00e1gil.<\/p>\n<h3>Hist\u00f3rico<\/h3>\n<p>Em 16 de novembro de 2020, VLI e Tereos inauguraram dois armaz\u00e9ns de a\u00e7\u00facar constru\u00eddos nos terminais do Porto de Santos e na cidade de Guar\u00e1 (SP), frutos da parceria estabelecida pelas empresas, no valor de R$ 205 milh\u00f5es, com capacidade para 240 mil toneladas.<\/p>\n<p>O armaz\u00e9m localizado no Terminal Integrador Portu\u00e1rio Luiz Antonio Mesquita (Tiplam), ativo da VLI localizado em Santos, tem capacidade para armazenar 115 mil toneladas de a\u00e7\u00facar bruto. O segundo armaz\u00e9m situa-se no terminal de Guar\u00e1, estrutura da VLI no interior de S\u00e3o Paulo, na regi\u00e3o onde est\u00e3o localizadas as unidades industriais da Tereos. A instala\u00e7\u00e3o tem capacidade para 125 mil toneladas, das quais 80 mil toneladas s\u00e3o destinadas \u00e0 armazenagem de a\u00e7\u00facar da Tereos.<\/p>\n<p>As constru\u00e7\u00f5es fazem parte do acordo de longo prazo assinado pelas duas empresas em junho de 2018, com investimentos de R$ 145 milh\u00f5es por parte da Tereos e R$ R$ 60 milh\u00f5es pela VLI, e que prev\u00ea uma capacidade de transporte de 1 milh\u00e3o de toneladas de a\u00e7\u00facar bruto por ano.<\/p>\n<p>Em maio de 2019, a Tereos come\u00e7ou a embarcar o volume integral do seu a\u00e7\u00facar bruto pelo sistema ferrovi\u00e1rio integrado da VLI. As cargas de a\u00e7\u00facar partem do terminal de Guar\u00e1 por meio do sistema ferrovi\u00e1rio operado pela VLI at\u00e9 o Tiplam.<\/p>\n"}],"flexible_editorial_clone":{"has_anchors":false,"sections":[{"acf_fc_layout":"rich_text","anchor_title":"","text":"<p>Um ano ap\u00f3s a ativa\u00e7\u00e3o de dois novos armaz\u00e9ns constru\u00eddos para aumentar a efici\u00eancia da cadeia log\u00edstica de exporta\u00e7\u00e3o de a\u00e7\u00facar, a Tereos, uma das empresas l\u00edderes no pa\u00eds na produ\u00e7\u00e3o de a\u00e7\u00facar, etanol e energia, e a VLI celebram a marca de 955 mil toneladas movimentadas no per\u00edodo. O n\u00famero \u00e9 30,6% maior que as 731 mil toneladas registradas nos 12 meses que antecederam a inaugura\u00e7\u00e3o dos empreendimentos, o que atesta o ganho em competitividade proporcionado pelos ativos, mesmo em uma temporada de quebra de safra.<\/p>\n<p>O aumento nos volumes de a\u00e7\u00facar da Tereos tamb\u00e9m ser\u00e1 respons\u00e1vel pela alta no volume total do insumo exportado pelo Terminal Integrador Portu\u00e1rio Luiz Antonio Mesquita (Tiplam), que fechar\u00e1 2021 com n\u00fameros superiores aos praticados em 2020. Atualmente, o Tiplam \u00e9 respons\u00e1vel pela exporta\u00e7\u00e3o de 25% de todo o a\u00e7\u00facar brasileiro via litoral santista.<\/p>\n<p>\u201cEste fluxo simboliza tanto a integra\u00e7\u00e3o de modais quanto o atendimento desde a origem da carga at\u00e9 o porto, diretrizes log\u00edsticas sob as quais a atua\u00e7\u00e3o da VLI \u00e9 embasada. A movimenta\u00e7\u00e3o representa o compromisso da companhia em viabilizar as adequa\u00e7\u00f5es que a singularidade de cada opera\u00e7\u00e3o nos demanda\u201d, afirma Ernesto Pousada, CEO da VLI.<\/p>\n<p>\u201cAl\u00e9m do aumento do potencial de volume a ser exportado e do ganho de efici\u00eancia nas opera\u00e7\u00f5es, a parceria com a VLI tamb\u00e9m vem ao encontro das iniciativas da Tereos em sustentabilidade, j\u00e1 que com o transporte ferrovi\u00e1rio, reduzimos as emiss\u00f5es de gases de efeito estufa. Essa marca de quase 1 milh\u00e3o de toneladas transportadas celebra o sucesso e a sinergia que temos com a VLI\u201d, comenta Pierre Santoul, diretor-presidente da Tereos no Brasil.<\/p>\n<h3>Alta nos volumes movimentados<\/h3>\n<p>Por interm\u00e9dio de suas opera\u00e7\u00f5es ferrovi\u00e1rias, a VLI registra uma s\u00e9rie de consecutivos aumentos no volume total de a\u00e7\u00facar movimentado. Em 2020 foram 5,31 milh\u00f5es de toneladas ante 4,21 milh\u00f5es em 2019, alta de 26% no per\u00edodo.<\/p>\n<p>Os n\u00fameros refor\u00e7am a import\u00e2ncia da log\u00edstica intermodal para o escoamento de a\u00e7\u00facar e gr\u00e3os produzidos no pa\u00eds. No complexo portu\u00e1rio do Tiplam, porta de sa\u00edda para os volumes destinados \u00e0 exporta\u00e7\u00e3o, a integra\u00e7\u00e3o com o modal ferrovi\u00e1rio e a chegada de 100% da carga exportada pelos trilhos tornam o processo de escoamento mais \u00e1gil.<\/p>\n<h3>Hist\u00f3rico<\/h3>\n<p>Em 16 de novembro de 2020, VLI e Tereos inauguraram dois armaz\u00e9ns de a\u00e7\u00facar constru\u00eddos nos terminais do Porto de Santos e na cidade de Guar\u00e1 (SP), frutos da parceria estabelecida pelas empresas, no valor de R$ 205 milh\u00f5es, com capacidade para 240 mil toneladas.<\/p>\n<p>O armaz\u00e9m localizado no Terminal Integrador Portu\u00e1rio Luiz Antonio Mesquita (Tiplam), ativo da VLI localizado em Santos, tem capacidade para armazenar 115 mil toneladas de a\u00e7\u00facar bruto. O segundo armaz\u00e9m situa-se no terminal de Guar\u00e1, estrutura da VLI no interior de S\u00e3o Paulo, na regi\u00e3o onde est\u00e3o localizadas as unidades industriais da Tereos. A instala\u00e7\u00e3o tem capacidade para 125 mil toneladas, das quais 80 mil toneladas s\u00e3o destinadas \u00e0 armazenagem de a\u00e7\u00facar da Tereos.<\/p>\n<p>As constru\u00e7\u00f5es fazem parte do acordo de longo prazo assinado pelas duas empresas em junho de 2018, com investimentos de R$ 145 milh\u00f5es por parte da Tereos e R$ R$ 60 milh\u00f5es pela VLI, e que prev\u00ea uma capacidade de transporte de 1 milh\u00e3o de toneladas de a\u00e7\u00facar bruto por ano.<\/p>\n<p>Em maio de 2019, a Tereos come\u00e7ou a embarcar o volume integral do seu a\u00e7\u00facar bruto pelo sistema ferrovi\u00e1rio integrado da VLI. As cargas de a\u00e7\u00facar partem do terminal de Guar\u00e1 por meio do sistema ferrovi\u00e1rio operado pela VLI at\u00e9 o Tiplam.<\/p>\n"}]}},"yoast_head":"<!-- This site is optimized with the Yoast SEO plugin v23.7 - https:\/\/yoast.com\/wordpress\/plugins\/seo\/ -->\n<title>Tereos e VLI movimentam 955 mil toneladas de a\u00e7\u00facar em 12 meses com novos armaz\u00e9ns - Brasil<\/title>\n<meta name=\"robots\" content=\"index, follow, max-snippet:-1, max-image-preview:large, max-video-preview:-1\" \/>\n<link rel=\"canonical\" href=\"https:\/\/br.tereos.com\/pt-pt\/press-releases\/tereos-e-vli-movimentam-955-mil-toneladas-de-acucar-em-12-meses-com-novos-armazens\/\" \/>\n<meta property=\"og:locale\" content=\"pt_PT\" \/>\n<meta property=\"og:type\" content=\"article\" \/>\n<meta property=\"og:title\" content=\"Tereos e VLI movimentam 955 mil toneladas de a\u00e7\u00facar em 12 meses com novos armaz\u00e9ns - Brasil\" \/>\n<meta property=\"og:url\" content=\"https:\/\/br.tereos.com\/pt-pt\/press-releases\/tereos-e-vli-movimentam-955-mil-toneladas-de-acucar-em-12-meses-com-novos-armazens\/\" \/>\n<meta property=\"og:site_name\" content=\"Brasil\" \/>\n<meta property=\"article:modified_time\" content=\"2021-12-20T12:37:45+00:00\" \/>\n<meta property=\"og:image\" content=\"https:\/\/www.tereos.com\/app\/uploads\/sites\/7\/2021\/11\/ativo-5.png\" \/>\n\t<meta property=\"og:image:width\" content=\"1024\" \/>\n\t<meta property=\"og:image:height\" content=\"767\" \/>\n\t<meta property=\"og:image:type\" content=\"image\/png\" \/>\n<meta name=\"twitter:card\" content=\"summary_large_image\" \/>\n<script type=\"application\/ld+json\" class=\"yoast-schema-graph\">{\"@context\":\"https:\/\/schema.org\",\"@graph\":[{\"@type\":\"WebPage\",\"@id\":\"https:\/\/br.tereos.com\/pt-pt\/press-releases\/tereos-e-vli-movimentam-955-mil-toneladas-de-acucar-em-12-meses-com-novos-armazens\/\",\"url\":\"https:\/\/br.tereos.com\/pt-pt\/press-releases\/tereos-e-vli-movimentam-955-mil-toneladas-de-acucar-em-12-meses-com-novos-armazens\/\",\"name\":\"Tereos e VLI movimentam 955 mil toneladas de a\u00e7\u00facar em 12 meses com novos armaz\u00e9ns - Brasil\",\"isPartOf\":{\"@id\":\"https:\/\/br.tereos.com\/pt-pt\/#website\"},\"primaryImageOfPage\":{\"@id\":\"https:\/\/br.tereos.com\/pt-pt\/press-releases\/tereos-e-vli-movimentam-955-mil-toneladas-de-acucar-em-12-meses-com-novos-armazens\/#primaryimage\"},\"image\":{\"@id\":\"https:\/\/br.tereos.com\/pt-pt\/press-releases\/tereos-e-vli-movimentam-955-mil-toneladas-de-acucar-em-12-meses-com-novos-armazens\/#primaryimage\"},\"thumbnailUrl\":\"https:\/\/www.tereos.com\/app\/uploads\/sites\/7\/2021\/11\/ativo-5.png\",\"datePublished\":\"2021-11-23T11:28:28+00:00\",\"dateModified\":\"2021-12-20T12:37:45+00:00\",\"breadcrumb\":{\"@id\":\"https:\/\/br.tereos.com\/pt-pt\/press-releases\/tereos-e-vli-movimentam-955-mil-toneladas-de-acucar-em-12-meses-com-novos-armazens\/#breadcrumb\"},\"inLanguage\":\"pt-PT\",\"potentialAction\":[{\"@type\":\"ReadAction\",\"target\":[\"https:\/\/br.tereos.com\/pt-pt\/press-releases\/tereos-e-vli-movimentam-955-mil-toneladas-de-acucar-em-12-meses-com-novos-armazens\/\"]}]},{\"@type\":\"ImageObject\",\"inLanguage\":\"pt-PT\",\"@id\":\"https:\/\/br.tereos.com\/pt-pt\/press-releases\/tereos-e-vli-movimentam-955-mil-toneladas-de-acucar-em-12-meses-com-novos-armazens\/#primaryimage\",\"url\":\"https:\/\/www.tereos.com\/app\/uploads\/sites\/7\/2021\/11\/ativo-5.png\",\"contentUrl\":\"https:\/\/www.tereos.com\/app\/uploads\/sites\/7\/2021\/11\/ativo-5.png\",\"width\":4000,\"height\":2997},{\"@type\":\"BreadcrumbList\",\"@id\":\"https:\/\/br.tereos.com\/pt-pt\/press-releases\/tereos-e-vli-movimentam-955-mil-toneladas-de-acucar-em-12-meses-com-novos-armazens\/#breadcrumb\",\"itemListElement\":[{\"@type\":\"ListItem\",\"position\":1,\"name\":\"Home\",\"item\":\"https:\/\/br.tereos.com\/pt-pt\/\"},{\"@type\":\"ListItem\",\"position\":2,\"name\":\"Tereos e VLI movimentam 955 mil toneladas de a\u00e7\u00facar em 12 meses com novos armaz\u00e9ns\"}]},{\"@type\":\"WebSite\",\"@id\":\"https:\/\/br.tereos.com\/pt-pt\/#website\",\"url\":\"https:\/\/br.tereos.com\/pt-pt\/\",\"name\":\"Brasil\",\"description\":\"Un site utilisant WordPress\",\"potentialAction\":[{\"@type\":\"SearchAction\",\"target\":{\"@type\":\"EntryPoint\",\"urlTemplate\":\"https:\/\/br.tereos.com\/pt-pt\/?s={search_term_string}\"},\"query-input\":{\"@type\":\"PropertyValueSpecification\",\"valueRequired\":true,\"valueName\":\"search_term_string\"}}],\"inLanguage\":\"pt-PT\"}]}<\/script>\n<!-- \/ Yoast SEO plugin. -->","yoast_head_json":{"title":"Tereos e VLI movimentam 955 mil toneladas de a\u00e7\u00facar em 12 meses com novos armaz\u00e9ns - Brasil","robots":{"index":"index","follow":"follow","max-snippet":"max-snippet:-1","max-image-preview":"max-image-preview:large","max-video-preview":"max-video-preview:-1"},"canonical":"https:\/\/br.tereos.com\/pt-pt\/press-releases\/tereos-e-vli-movimentam-955-mil-toneladas-de-acucar-em-12-meses-com-novos-armazens\/","og_locale":"pt_PT","og_type":"article","og_title":"Tereos e VLI movimentam 955 mil toneladas de a\u00e7\u00facar em 12 meses com novos armaz\u00e9ns - Brasil","og_url":"https:\/\/br.tereos.com\/pt-pt\/press-releases\/tereos-e-vli-movimentam-955-mil-toneladas-de-acucar-em-12-meses-com-novos-armazens\/","og_site_name":"Brasil","article_modified_time":"2021-12-20T12:37:45+00:00","og_image":[{"url":"https:\/\/www.tereos.com\/app\/uploads\/sites\/7\/2021\/11\/ativo-5.png","width":1024,"height":767,"type":"image\/png"}],"twitter_card":"summary_large_image","schema":{"@context":"https:\/\/schema.org","@graph":[{"@type":"WebPage","@id":"https:\/\/br.tereos.com\/pt-pt\/press-releases\/tereos-e-vli-movimentam-955-mil-toneladas-de-acucar-em-12-meses-com-novos-armazens\/","url":"https:\/\/br.tereos.com\/pt-pt\/press-releases\/tereos-e-vli-movimentam-955-mil-toneladas-de-acucar-em-12-meses-com-novos-armazens\/","name":"Tereos e VLI movimentam 955 mil toneladas de a\u00e7\u00facar em 12 meses com novos armaz\u00e9ns - Brasil","isPartOf":{"@id":"https:\/\/br.tereos.com\/pt-pt\/#website"},"primaryImageOfPage":{"@id":"https:\/\/br.tereos.com\/pt-pt\/press-releases\/tereos-e-vli-movimentam-955-mil-toneladas-de-acucar-em-12-meses-com-novos-armazens\/#primaryimage"},"image":{"@id":"https:\/\/br.tereos.com\/pt-pt\/press-releases\/tereos-e-vli-movimentam-955-mil-toneladas-de-acucar-em-12-meses-com-novos-armazens\/#primaryimage"},"thumbnailUrl":"https:\/\/www.tereos.com\/app\/uploads\/sites\/7\/2021\/11\/ativo-5.png","datePublished":"2021-11-23T11:28:28+00:00","dateModified":"2021-12-20T12:37:45+00:00","breadcrumb":{"@id":"https:\/\/br.tereos.com\/pt-pt\/press-releases\/tereos-e-vli-movimentam-955-mil-toneladas-de-acucar-em-12-meses-com-novos-armazens\/#breadcrumb"},"inLanguage":"pt-PT","potentialAction":[{"@type":"ReadAction","target":["https:\/\/br.tereos.com\/pt-pt\/press-releases\/tereos-e-vli-movimentam-955-mil-toneladas-de-acucar-em-12-meses-com-novos-armazens\/"]}]},{"@type":"ImageObject","inLanguage":"pt-PT","@id":"https:\/\/br.tereos.com\/pt-pt\/press-releases\/tereos-e-vli-movimentam-955-mil-toneladas-de-acucar-em-12-meses-com-novos-armazens\/#primaryimage","url":"https:\/\/www.tereos.com\/app\/uploads\/sites\/7\/2021\/11\/ativo-5.png","contentUrl":"https:\/\/www.tereos.com\/app\/uploads\/sites\/7\/2021\/11\/ativo-5.png","width":4000,"height":2997},{"@type":"BreadcrumbList","@id":"https:\/\/br.tereos.com\/pt-pt\/press-releases\/tereos-e-vli-movimentam-955-mil-toneladas-de-acucar-em-12-meses-com-novos-armazens\/#breadcrumb","itemListElement":[{"@type":"ListItem","position":1,"name":"Home","item":"https:\/\/br.tereos.com\/pt-pt\/"},{"@type":"ListItem","position":2,"name":"Tereos e VLI movimentam 955 mil toneladas de a\u00e7\u00facar em 12 meses com novos armaz\u00e9ns"}]},{"@type":"WebSite","@id":"https:\/\/br.tereos.com\/pt-pt\/#website","url":"https:\/\/br.tereos.com\/pt-pt\/","name":"Brasil","description":"Un site utilisant WordPress","potentialAction":[{"@type":"SearchAction","target":{"@type":"EntryPoint","urlTemplate":"https:\/\/br.tereos.com\/pt-pt\/?s={search_term_string}"},"query-input":{"@type":"PropertyValueSpecification","valueRequired":true,"valueName":"search_term_string"}}],"inLanguage":"pt-PT"}]}},"featured_media_src":"https:\/\/www.tereos.com\/app\/uploads\/sites\/7\/2021\/11\/ativo-5-520x390-c-default.png","date_formatted":"23 November 2021 ","_links":{"self":[{"href":"https:\/\/br.tereos.com\/pt-pt\/wp-json\/wp\/v2\/press-release\/8505"}],"collection":[{"href":"https:\/\/br.tereos.com\/pt-pt\/wp-json\/wp\/v2\/press-release"}],"about":[{"href":"https:\/\/br.tereos.com\/pt-pt\/wp-json\/wp\/v2\/types\/press_release"}],"author":[{"embeddable":true,"href":"https:\/\/br.tereos.com\/pt-pt\/wp-json\/wp\/v2\/users\/278"}],"version-history":[{"count":2,"href":"https:\/\/br.tereos.com\/pt-pt\/wp-json\/wp\/v2\/press-release\/8505\/revisions"}],"predecessor-version":[{"id":8518,"href":"https:\/\/br.tereos.com\/pt-pt\/wp-json\/wp\/v2\/press-release\/8505\/revisions\/8518"}],"wp:featuredmedia":[{"embeddable":true,"href":"https:\/\/br.tereos.com\/pt-pt\/wp-json\/wp\/v2\/media\/8513"}],"wp:attachment":[{"href":"https:\/\/br.tereos.com\/pt-pt\/wp-json\/wp\/v2\/media?parent=8505"}],"wp:term":[{"taxonomy":"category","embeddable":true,"href":"https:\/\/br.tereos.com\/pt-pt\/wp-json\/wp\/v2\/categories?post=8505"}],"curies":[{"name":"wp","href":"https:\/\/api.w.org\/{rel}","templated":true}]}}