{"id":8360,"date":"2021-08-31T18:56:44","date_gmt":"2021-08-31T16:56:44","guid":{"rendered":"https:\/\/br.tereos.com\/?post_type=press_release&#038;p=8360"},"modified":"2021-10-25T15:10:03","modified_gmt":"2021-10-25T13:10:03","slug":"tereos-recebe-certificacao-i-rec-e-passa-a-comercializar-creditos-de-energia-renovavel","status":"publish","type":"press_release","link":"https:\/\/br.tereos.com\/pt-pt\/press-releases\/tereos-recebe-certificacao-i-rec-e-passa-a-comercializar-creditos-de-energia-renovavel\/","title":{"rendered":"Tereos recebe certifica\u00e7\u00e3o I-REC e passa a comercializar cr\u00e9ditos de energia renov\u00e1vel"},"author":278,"featured_media":8480,"template":"","categories":[],"class_list":["post-8360","press_release","type-press_release","status-publish","has-post-thumbnail","hentry"],"acf":{"cover_image":8480,"cover_clone":{"cover_image":8480},"file":{"ID":8497,"id":8497,"title":"Tereos - 2021.08 Certifica\u00e7\u00e3o I-REC_rev","filename":"tereos-2021-08-certificacao-i-rec-rev.pdf","filesize":129972,"url":"https:\/\/www.tereos.com\/app\/uploads\/sites\/7\/2021\/08\/tereos-2021-08-certificacao-i-rec-rev.pdf","link":"https:\/\/br.tereos.com\/pt-pt\/press-releases\/tereos-recebe-certificacao-i-rec-e-passa-a-comercializar-creditos-de-energia-renovavel\/tereos-2021-08-certificacao-i-rec_rev\/","alt":"","author":"278","description":"","caption":"","name":"tereos-2021-08-certificacao-i-rec_rev","status":"inherit","uploaded_to":8360,"date":"2021-10-25 13:09:53","modified":"2021-10-25 13:09:53","menu_order":0,"mime_type":"application\/pdf","type":"application","subtype":"pdf","icon":"https:\/\/br.tereos.com\/wp\/wp-includes\/images\/media\/document.png"},"pdf_clone":{"file":{"ID":8497,"id":8497,"title":"Tereos - 2021.08 Certifica\u00e7\u00e3o I-REC_rev","filename":"tereos-2021-08-certificacao-i-rec-rev.pdf","filesize":129972,"url":"https:\/\/www.tereos.com\/app\/uploads\/sites\/7\/2021\/08\/tereos-2021-08-certificacao-i-rec-rev.pdf","link":"https:\/\/br.tereos.com\/pt-pt\/press-releases\/tereos-recebe-certificacao-i-rec-e-passa-a-comercializar-creditos-de-energia-renovavel\/tereos-2021-08-certificacao-i-rec_rev\/","alt":"","author":"278","description":"","caption":"","name":"tereos-2021-08-certificacao-i-rec_rev","status":"inherit","uploaded_to":8360,"date":"2021-10-25 13:09:53","modified":"2021-10-25 13:09:53","menu_order":0,"mime_type":"application\/pdf","type":"application","subtype":"pdf","icon":"https:\/\/br.tereos.com\/wp\/wp-includes\/images\/media\/document.png"}},"headline":"Aliada aos princ\u00edpios de sustentabilidade da companhia, certifica\u00e7\u00e3o permite a rastreabilidade da origem da energia e comprova gera\u00e7\u00e3o a partir de fonte limpa e renov\u00e1vel","headline_clone":{"headline":"Aliada aos princ\u00edpios de sustentabilidade da companhia, certifica\u00e7\u00e3o permite a rastreabilidade da origem da energia e comprova gera\u00e7\u00e3o a partir de fonte limpa e renov\u00e1vel"},"has_anchors":false,"sections":[{"acf_fc_layout":"rich_text","anchor_title":"","text":"<p>A Tereos, uma das l\u00edderes mundiais na produ\u00e7\u00e3o de a\u00e7\u00facar e etanol e uma das maiores produtoras de energia a partir da fonte biomassa no pa\u00eds, acaba de receber a certifica\u00e7\u00e3o I-REC. O sistema, atualmente reconhecido por cerca de 70 pa\u00edses, permite que a companhia garanta que a energia produzida em suas unidades \u00e9 proveniente de fontes renov\u00e1veis e limpas. A certifica\u00e7\u00e3o gera cr\u00e9ditos de energia renov\u00e1vel que podem ser comercializados pela empresa, fortalecendo, assim, os valores ESG da Tereos, clientes e parceiros.<\/p>\n<p>De acordo com Gustavo Segantini, diretor comercial da Tereos, a sustentabilidade \u00e9 um dos pilares fundamentais da companhia. \u201cNossa mat\u00e9ria-prima, a cana-de-a\u00e7\u00facar, opera na l\u00f3gica da economia circular. Em cada etapa do processo produtivo, contamos com pr\u00e1ticas sustent\u00e1veis que visam aproveitar ao m\u00e1ximo tudo o que a cana oferece, gerando menos res\u00edduos e otimizando recursos\u201d, comenta.<\/p>\n<p>Al\u00e9m de ser realizado por meio de uma fonte limpa e renov\u00e1vel, o processo de cogera\u00e7\u00e3o de energia a partir da biomassa da cana reafirma o compromisso da Tereos com a sustentabilidade por meio de a\u00e7\u00f5es que reduzem a emiss\u00e3o de gases de efeito estufa, otimizam a capta\u00e7\u00e3o e uso de \u00e1gua e promovem maior efici\u00eancia na produ\u00e7\u00e3o.<\/p>\n<p>A Tereos possui um potencial de gera\u00e7\u00e3o de energia de 1,4 milh\u00e3o MWh para comercializa\u00e7\u00e3o e a perspectiva \u00e9 de ter metade desse montante dispon\u00edvel para gera\u00e7\u00e3o de cr\u00e9ditos de energia renov\u00e1vel para negocia\u00e7\u00e3o no mercado j\u00e1 em 2021 \u2013 os chamados \u201cRECS\u201d.<\/p>\n<p>\u201cCom a agenda ESG cada vez mais forte, muitas empresas passaram a adquirir energia somente de fontes geradoras certificadas pelo I-REC. Dessa forma, al\u00e9m de potencializar os ganhos financeiros, a certifica\u00e7\u00e3o contribui com o fortalecimento do neg\u00f3cio atendendo uma demanda crescente dos nossos clientes e parceiros no mercado\u201d, afirma Segantini.<\/p>\n<h3>Energia Verde<\/h3>\n<p>Al\u00e9m da certifica\u00e7\u00e3o I-REC, a Tereos possui tamb\u00e9m o Selo Energia Verde, idealizado pela UNICA (Uni\u00e3o da Ind\u00fastria de Cana-de-A\u00e7\u00facar) em parceria com a C\u00e2mara de Comercializa\u00e7\u00e3o de Energia El\u00e9trica (CCEE) e apoio da Associa\u00e7\u00e3o Brasileira dos Comercializadores de Energia (ABRACEEL). O selo \u00e9 concedido a empresas que produzem energia el\u00e9trica a partir da biomassa da cana e cumprem requisitos de sustentabilidade, efici\u00eancia energ\u00e9tica e boas pr\u00e1ticas agr\u00edcolas e industriais.<\/p>\n"}],"flexible_editorial_clone":{"has_anchors":false,"sections":[{"acf_fc_layout":"rich_text","anchor_title":"","text":"<p>A Tereos, uma das l\u00edderes mundiais na produ\u00e7\u00e3o de a\u00e7\u00facar e etanol e uma das maiores produtoras de energia a partir da fonte biomassa no pa\u00eds, acaba de receber a certifica\u00e7\u00e3o I-REC. O sistema, atualmente reconhecido por cerca de 70 pa\u00edses, permite que a companhia garanta que a energia produzida em suas unidades \u00e9 proveniente de fontes renov\u00e1veis e limpas. A certifica\u00e7\u00e3o gera cr\u00e9ditos de energia renov\u00e1vel que podem ser comercializados pela empresa, fortalecendo, assim, os valores ESG da Tereos, clientes e parceiros.<\/p>\n<p>De acordo com Gustavo Segantini, diretor comercial da Tereos, a sustentabilidade \u00e9 um dos pilares fundamentais da companhia. \u201cNossa mat\u00e9ria-prima, a cana-de-a\u00e7\u00facar, opera na l\u00f3gica da economia circular. Em cada etapa do processo produtivo, contamos com pr\u00e1ticas sustent\u00e1veis que visam aproveitar ao m\u00e1ximo tudo o que a cana oferece, gerando menos res\u00edduos e otimizando recursos\u201d, comenta.<\/p>\n<p>Al\u00e9m de ser realizado por meio de uma fonte limpa e renov\u00e1vel, o processo de cogera\u00e7\u00e3o de energia a partir da biomassa da cana reafirma o compromisso da Tereos com a sustentabilidade por meio de a\u00e7\u00f5es que reduzem a emiss\u00e3o de gases de efeito estufa, otimizam a capta\u00e7\u00e3o e uso de \u00e1gua e promovem maior efici\u00eancia na produ\u00e7\u00e3o.<\/p>\n<p>A Tereos possui um potencial de gera\u00e7\u00e3o de energia de 1,4 milh\u00e3o MWh para comercializa\u00e7\u00e3o e a perspectiva \u00e9 de ter metade desse montante dispon\u00edvel para gera\u00e7\u00e3o de cr\u00e9ditos de energia renov\u00e1vel para negocia\u00e7\u00e3o no mercado j\u00e1 em 2021 \u2013 os chamados \u201cRECS\u201d.<\/p>\n<p>\u201cCom a agenda ESG cada vez mais forte, muitas empresas passaram a adquirir energia somente de fontes geradoras certificadas pelo I-REC. Dessa forma, al\u00e9m de potencializar os ganhos financeiros, a certifica\u00e7\u00e3o contribui com o fortalecimento do neg\u00f3cio atendendo uma demanda crescente dos nossos clientes e parceiros no mercado\u201d, afirma Segantini.<\/p>\n<h3>Energia Verde<\/h3>\n<p>Al\u00e9m da certifica\u00e7\u00e3o I-REC, a Tereos possui tamb\u00e9m o Selo Energia Verde, idealizado pela UNICA (Uni\u00e3o da Ind\u00fastria de Cana-de-A\u00e7\u00facar) em parceria com a C\u00e2mara de Comercializa\u00e7\u00e3o de Energia El\u00e9trica (CCEE) e apoio da Associa\u00e7\u00e3o Brasileira dos Comercializadores de Energia (ABRACEEL). O selo \u00e9 concedido a empresas que produzem energia el\u00e9trica a partir da biomassa da cana e cumprem requisitos de sustentabilidade, efici\u00eancia energ\u00e9tica e boas pr\u00e1ticas agr\u00edcolas e industriais.<\/p>\n"}]}},"yoast_head":"<!-- This site is optimized with the Yoast SEO plugin v23.7 - https:\/\/yoast.com\/wordpress\/plugins\/seo\/ -->\n<title>Tereos recebe certifica\u00e7\u00e3o I-REC e passa a comercializar cr\u00e9ditos de energia renov\u00e1vel - Brasil<\/title>\n<meta name=\"robots\" content=\"index, follow, max-snippet:-1, max-image-preview:large, max-video-preview:-1\" \/>\n<link rel=\"canonical\" href=\"https:\/\/br.tereos.com\/pt-pt\/press-releases\/tereos-recebe-certificacao-i-rec-e-passa-a-comercializar-creditos-de-energia-renovavel\/\" \/>\n<meta property=\"og:locale\" content=\"pt_PT\" \/>\n<meta property=\"og:type\" content=\"article\" \/>\n<meta property=\"og:title\" content=\"Tereos recebe certifica\u00e7\u00e3o I-REC e passa a comercializar cr\u00e9ditos de energia renov\u00e1vel - Brasil\" \/>\n<meta property=\"og:url\" content=\"https:\/\/br.tereos.com\/pt-pt\/press-releases\/tereos-recebe-certificacao-i-rec-e-passa-a-comercializar-creditos-de-energia-renovavel\/\" \/>\n<meta property=\"og:site_name\" content=\"Brasil\" \/>\n<meta property=\"article:modified_time\" content=\"2021-10-25T13:10:03+00:00\" \/>\n<meta property=\"og:image\" content=\"https:\/\/www.tereos.com\/app\/uploads\/sites\/7\/2021\/08\/i-rec300x-8.png\" \/>\n\t<meta property=\"og:image:width\" content=\"1024\" \/>\n\t<meta property=\"og:image:height\" content=\"768\" \/>\n\t<meta property=\"og:image:type\" content=\"image\/png\" \/>\n<meta name=\"twitter:card\" content=\"summary_large_image\" \/>\n<script type=\"application\/ld+json\" class=\"yoast-schema-graph\">{\"@context\":\"https:\/\/schema.org\",\"@graph\":[{\"@type\":\"WebPage\",\"@id\":\"https:\/\/br.tereos.com\/pt-pt\/press-releases\/tereos-recebe-certificacao-i-rec-e-passa-a-comercializar-creditos-de-energia-renovavel\/\",\"url\":\"https:\/\/br.tereos.com\/pt-pt\/press-releases\/tereos-recebe-certificacao-i-rec-e-passa-a-comercializar-creditos-de-energia-renovavel\/\",\"name\":\"Tereos recebe certifica\u00e7\u00e3o I-REC e passa a comercializar cr\u00e9ditos de energia renov\u00e1vel - Brasil\",\"isPartOf\":{\"@id\":\"https:\/\/br.tereos.com\/pt-pt\/#website\"},\"primaryImageOfPage\":{\"@id\":\"https:\/\/br.tereos.com\/pt-pt\/press-releases\/tereos-recebe-certificacao-i-rec-e-passa-a-comercializar-creditos-de-energia-renovavel\/#primaryimage\"},\"image\":{\"@id\":\"https:\/\/br.tereos.com\/pt-pt\/press-releases\/tereos-recebe-certificacao-i-rec-e-passa-a-comercializar-creditos-de-energia-renovavel\/#primaryimage\"},\"thumbnailUrl\":\"https:\/\/www.tereos.com\/app\/uploads\/sites\/7\/2021\/08\/i-rec300x-8.png\",\"datePublished\":\"2021-08-31T16:56:44+00:00\",\"dateModified\":\"2021-10-25T13:10:03+00:00\",\"breadcrumb\":{\"@id\":\"https:\/\/br.tereos.com\/pt-pt\/press-releases\/tereos-recebe-certificacao-i-rec-e-passa-a-comercializar-creditos-de-energia-renovavel\/#breadcrumb\"},\"inLanguage\":\"pt-PT\",\"potentialAction\":[{\"@type\":\"ReadAction\",\"target\":[\"https:\/\/br.tereos.com\/pt-pt\/press-releases\/tereos-recebe-certificacao-i-rec-e-passa-a-comercializar-creditos-de-energia-renovavel\/\"]}]},{\"@type\":\"ImageObject\",\"inLanguage\":\"pt-PT\",\"@id\":\"https:\/\/br.tereos.com\/pt-pt\/press-releases\/tereos-recebe-certificacao-i-rec-e-passa-a-comercializar-creditos-de-energia-renovavel\/#primaryimage\",\"url\":\"https:\/\/www.tereos.com\/app\/uploads\/sites\/7\/2021\/08\/i-rec300x-8.png\",\"contentUrl\":\"https:\/\/www.tereos.com\/app\/uploads\/sites\/7\/2021\/08\/i-rec300x-8.png\",\"width\":2669,\"height\":2003},{\"@type\":\"BreadcrumbList\",\"@id\":\"https:\/\/br.tereos.com\/pt-pt\/press-releases\/tereos-recebe-certificacao-i-rec-e-passa-a-comercializar-creditos-de-energia-renovavel\/#breadcrumb\",\"itemListElement\":[{\"@type\":\"ListItem\",\"position\":1,\"name\":\"Home\",\"item\":\"https:\/\/br.tereos.com\/pt-pt\/\"},{\"@type\":\"ListItem\",\"position\":2,\"name\":\"Tereos recebe certifica\u00e7\u00e3o I-REC e passa a comercializar cr\u00e9ditos de energia renov\u00e1vel\"}]},{\"@type\":\"WebSite\",\"@id\":\"https:\/\/br.tereos.com\/pt-pt\/#website\",\"url\":\"https:\/\/br.tereos.com\/pt-pt\/\",\"name\":\"Brasil\",\"description\":\"Un site utilisant WordPress\",\"potentialAction\":[{\"@type\":\"SearchAction\",\"target\":{\"@type\":\"EntryPoint\",\"urlTemplate\":\"https:\/\/br.tereos.com\/pt-pt\/?s={search_term_string}\"},\"query-input\":{\"@type\":\"PropertyValueSpecification\",\"valueRequired\":true,\"valueName\":\"search_term_string\"}}],\"inLanguage\":\"pt-PT\"}]}<\/script>\n<!-- \/ Yoast SEO plugin. -->","yoast_head_json":{"title":"Tereos recebe certifica\u00e7\u00e3o I-REC e passa a comercializar cr\u00e9ditos de energia renov\u00e1vel - Brasil","robots":{"index":"index","follow":"follow","max-snippet":"max-snippet:-1","max-image-preview":"max-image-preview:large","max-video-preview":"max-video-preview:-1"},"canonical":"https:\/\/br.tereos.com\/pt-pt\/press-releases\/tereos-recebe-certificacao-i-rec-e-passa-a-comercializar-creditos-de-energia-renovavel\/","og_locale":"pt_PT","og_type":"article","og_title":"Tereos recebe certifica\u00e7\u00e3o I-REC e passa a comercializar cr\u00e9ditos de energia renov\u00e1vel - Brasil","og_url":"https:\/\/br.tereos.com\/pt-pt\/press-releases\/tereos-recebe-certificacao-i-rec-e-passa-a-comercializar-creditos-de-energia-renovavel\/","og_site_name":"Brasil","article_modified_time":"2021-10-25T13:10:03+00:00","og_image":[{"url":"https:\/\/www.tereos.com\/app\/uploads\/sites\/7\/2021\/08\/i-rec300x-8.png","width":1024,"height":768,"type":"image\/png"}],"twitter_card":"summary_large_image","schema":{"@context":"https:\/\/schema.org","@graph":[{"@type":"WebPage","@id":"https:\/\/br.tereos.com\/pt-pt\/press-releases\/tereos-recebe-certificacao-i-rec-e-passa-a-comercializar-creditos-de-energia-renovavel\/","url":"https:\/\/br.tereos.com\/pt-pt\/press-releases\/tereos-recebe-certificacao-i-rec-e-passa-a-comercializar-creditos-de-energia-renovavel\/","name":"Tereos recebe certifica\u00e7\u00e3o I-REC e passa a comercializar cr\u00e9ditos de energia renov\u00e1vel - Brasil","isPartOf":{"@id":"https:\/\/br.tereos.com\/pt-pt\/#website"},"primaryImageOfPage":{"@id":"https:\/\/br.tereos.com\/pt-pt\/press-releases\/tereos-recebe-certificacao-i-rec-e-passa-a-comercializar-creditos-de-energia-renovavel\/#primaryimage"},"image":{"@id":"https:\/\/br.tereos.com\/pt-pt\/press-releases\/tereos-recebe-certificacao-i-rec-e-passa-a-comercializar-creditos-de-energia-renovavel\/#primaryimage"},"thumbnailUrl":"https:\/\/www.tereos.com\/app\/uploads\/sites\/7\/2021\/08\/i-rec300x-8.png","datePublished":"2021-08-31T16:56:44+00:00","dateModified":"2021-10-25T13:10:03+00:00","breadcrumb":{"@id":"https:\/\/br.tereos.com\/pt-pt\/press-releases\/tereos-recebe-certificacao-i-rec-e-passa-a-comercializar-creditos-de-energia-renovavel\/#breadcrumb"},"inLanguage":"pt-PT","potentialAction":[{"@type":"ReadAction","target":["https:\/\/br.tereos.com\/pt-pt\/press-releases\/tereos-recebe-certificacao-i-rec-e-passa-a-comercializar-creditos-de-energia-renovavel\/"]}]},{"@type":"ImageObject","inLanguage":"pt-PT","@id":"https:\/\/br.tereos.com\/pt-pt\/press-releases\/tereos-recebe-certificacao-i-rec-e-passa-a-comercializar-creditos-de-energia-renovavel\/#primaryimage","url":"https:\/\/www.tereos.com\/app\/uploads\/sites\/7\/2021\/08\/i-rec300x-8.png","contentUrl":"https:\/\/www.tereos.com\/app\/uploads\/sites\/7\/2021\/08\/i-rec300x-8.png","width":2669,"height":2003},{"@type":"BreadcrumbList","@id":"https:\/\/br.tereos.com\/pt-pt\/press-releases\/tereos-recebe-certificacao-i-rec-e-passa-a-comercializar-creditos-de-energia-renovavel\/#breadcrumb","itemListElement":[{"@type":"ListItem","position":1,"name":"Home","item":"https:\/\/br.tereos.com\/pt-pt\/"},{"@type":"ListItem","position":2,"name":"Tereos recebe certifica\u00e7\u00e3o I-REC e passa a comercializar cr\u00e9ditos de energia renov\u00e1vel"}]},{"@type":"WebSite","@id":"https:\/\/br.tereos.com\/pt-pt\/#website","url":"https:\/\/br.tereos.com\/pt-pt\/","name":"Brasil","description":"Un site utilisant WordPress","potentialAction":[{"@type":"SearchAction","target":{"@type":"EntryPoint","urlTemplate":"https:\/\/br.tereos.com\/pt-pt\/?s={search_term_string}"},"query-input":{"@type":"PropertyValueSpecification","valueRequired":true,"valueName":"search_term_string"}}],"inLanguage":"pt-PT"}]}},"featured_media_src":"https:\/\/www.tereos.com\/app\/uploads\/sites\/7\/2021\/08\/i-rec300x-8-520x390-c-default.png","date_formatted":"31 August 2021 ","_links":{"self":[{"href":"https:\/\/br.tereos.com\/pt-pt\/wp-json\/wp\/v2\/press-release\/8360"}],"collection":[{"href":"https:\/\/br.tereos.com\/pt-pt\/wp-json\/wp\/v2\/press-release"}],"about":[{"href":"https:\/\/br.tereos.com\/pt-pt\/wp-json\/wp\/v2\/types\/press_release"}],"author":[{"embeddable":true,"href":"https:\/\/br.tereos.com\/pt-pt\/wp-json\/wp\/v2\/users\/278"}],"version-history":[{"count":3,"href":"https:\/\/br.tereos.com\/pt-pt\/wp-json\/wp\/v2\/press-release\/8360\/revisions"}],"predecessor-version":[{"id":8498,"href":"https:\/\/br.tereos.com\/pt-pt\/wp-json\/wp\/v2\/press-release\/8360\/revisions\/8498"}],"wp:featuredmedia":[{"embeddable":true,"href":"https:\/\/br.tereos.com\/pt-pt\/wp-json\/wp\/v2\/media\/8480"}],"wp:attachment":[{"href":"https:\/\/br.tereos.com\/pt-pt\/wp-json\/wp\/v2\/media?parent=8360"}],"wp:term":[{"taxonomy":"category","embeddable":true,"href":"https:\/\/br.tereos.com\/pt-pt\/wp-json\/wp\/v2\/categories?post=8360"}],"curies":[{"name":"wp","href":"https:\/\/api.w.org\/{rel}","templated":true}]}}