{"id":8350,"date":"2021-07-02T17:55:56","date_gmt":"2021-07-02T15:55:56","guid":{"rendered":"https:\/\/br.tereos.com\/?post_type=press_release&#038;p=8350"},"modified":"2021-09-02T17:57:57","modified_gmt":"2021-09-02T15:57:57","slug":"e-commerce-do-acucar-guarani-adiciona-novos-produtos-em-seu-portfolio","status":"publish","type":"press_release","link":"https:\/\/br.tereos.com\/pt-pt\/press-releases\/e-commerce-do-acucar-guarani-adiciona-novos-produtos-em-seu-portfolio\/","title":{"rendered":"E-commerce do A\u00e7\u00facar Guarani adiciona novos produtos em seu portf\u00f3lio"},"author":278,"featured_media":0,"template":"","categories":[],"class_list":["post-8350","press_release","type-press_release","status-publish","hentry"],"acf":{"cover_image":false,"cover_clone":{"cover_image":false},"file":{"ID":8351,"id":8351,"title":"E-commerce do A\u00e7\u00facar Guarani adiciona novos produtos em seu portf\u00f3lio","filename":"e-commerce-do-acucar-guarani-adiciona-novos-produtos-em-seu-portfolio.pdf","filesize":142602,"url":"https:\/\/www.tereos.com\/app\/uploads\/sites\/7\/2021\/09\/e-commerce-do-acucar-guarani-adiciona-novos-produtos-em-seu-portfolio.pdf","link":"https:\/\/br.tereos.com\/pt-pt\/press-releases\/e-commerce-do-acucar-guarani-adiciona-novos-produtos-em-seu-portfolio\/e-commerce-do-acucar-guarani-adiciona-novos-produtos-em-seu-portfolio-2\/","alt":"","author":"278","description":"","caption":"","name":"e-commerce-do-acucar-guarani-adiciona-novos-produtos-em-seu-portfolio-2","status":"inherit","uploaded_to":8350,"date":"2021-09-02 15:56:12","modified":"2021-09-02 15:56:12","menu_order":0,"mime_type":"application\/pdf","type":"application","subtype":"pdf","icon":"https:\/\/br.tereos.com\/wp\/wp-includes\/images\/media\/document.png"},"pdf_clone":{"file":{"ID":8351,"id":8351,"title":"E-commerce do A\u00e7\u00facar Guarani adiciona novos produtos em seu portf\u00f3lio","filename":"e-commerce-do-acucar-guarani-adiciona-novos-produtos-em-seu-portfolio.pdf","filesize":142602,"url":"https:\/\/www.tereos.com\/app\/uploads\/sites\/7\/2021\/09\/e-commerce-do-acucar-guarani-adiciona-novos-produtos-em-seu-portfolio.pdf","link":"https:\/\/br.tereos.com\/pt-pt\/press-releases\/e-commerce-do-acucar-guarani-adiciona-novos-produtos-em-seu-portfolio\/e-commerce-do-acucar-guarani-adiciona-novos-produtos-em-seu-portfolio-2\/","alt":"","author":"278","description":"","caption":"","name":"e-commerce-do-acucar-guarani-adiciona-novos-produtos-em-seu-portfolio-2","status":"inherit","uploaded_to":8350,"date":"2021-09-02 15:56:12","modified":"2021-09-02 15:56:12","menu_order":0,"mime_type":"application\/pdf","type":"application","subtype":"pdf","icon":"https:\/\/br.tereos.com\/wp\/wp-includes\/images\/media\/document.png"}},"headline":"Al\u00e9m de toda a linha de a\u00e7\u00facares da companhia, a loja virtual voltada a PMEs passa a comercializar tamb\u00e9m amido de milho e f\u00e9cula de mandioca","headline_clone":{"headline":"Al\u00e9m de toda a linha de a\u00e7\u00facares da companhia, a loja virtual voltada a PMEs passa a comercializar tamb\u00e9m amido de milho e f\u00e9cula de mandioca"},"has_anchors":false,"sections":[{"acf_fc_layout":"rich_text","anchor_title":"","text":"<p>O e-commerce do <a href=\"https:\/\/www.aguarani.com.br\/\">A\u00e7\u00facar Guarani<\/a>, marca de varejo da Tereos, acaba de anunciar uma novidade. Agora, al\u00e9m de todas as linhas de a\u00e7\u00facares da companhia, os pequenos varejistas tamb\u00e9m possuem a op\u00e7\u00e3o de adquirir sacos de 25 quilos de amido de milho e de f\u00e9cula de mandioca.<\/p>\n<p>Produzidos pela divis\u00e3o Tereos Amidos &amp; Ado\u00e7antes, os produtos s\u00e3o utilizados na composi\u00e7\u00e3o de alimentos como balas e confeitos, chocolate, panifica\u00e7\u00e3o, l\u00e1cteos, sorvete, tapioca, carnes processadas, caldos, sopas e molhos, bebidas e pratos prontos.<\/p>\n<p>Lan\u00e7ada em 2018, a loja virtual da Guarani \u00e9 uma iniciativa pioneira no setor e oferece praticidade e conveni\u00eancia para os pequenos e m\u00e9dios neg\u00f3cios adquirirem produtos direto da ind\u00fastria com condi\u00e7\u00f5es especiais.<\/p>\n<p>\u201cA inclus\u00e3o de novos produtos vem trazer ainda mais possibilidades aos varejistas, que passam a contar com mais op\u00e7\u00f5es em nosso ambiente digital para abastecer seus estabelecimentos. Continuamos em uma situa\u00e7\u00e3o de pandemia e oferecer diferentes meios para facilitar o acesso a produtos de alimenta\u00e7\u00e3o \u00e9 fundamental\u201d, complementa Gustavo Segantini, diretor comercial da Tereos.<\/p>\n<p>Inicialmente, os produtos est\u00e3o dispon\u00edveis para a cidade de S\u00e3o Paulo e regi\u00e3o metropolitana e, em breve, ser\u00e3o oferecidos aos demais mercados. Para mais informa\u00e7\u00f5es, acesse: www.aguarani.com.br.<\/p>\n"}],"flexible_editorial_clone":{"has_anchors":false,"sections":[{"acf_fc_layout":"rich_text","anchor_title":"","text":"<p>O e-commerce do <a href=\"https:\/\/www.aguarani.com.br\/\">A\u00e7\u00facar Guarani<\/a>, marca de varejo da Tereos, acaba de anunciar uma novidade. Agora, al\u00e9m de todas as linhas de a\u00e7\u00facares da companhia, os pequenos varejistas tamb\u00e9m possuem a op\u00e7\u00e3o de adquirir sacos de 25 quilos de amido de milho e de f\u00e9cula de mandioca.<\/p>\n<p>Produzidos pela divis\u00e3o Tereos Amidos &amp; Ado\u00e7antes, os produtos s\u00e3o utilizados na composi\u00e7\u00e3o de alimentos como balas e confeitos, chocolate, panifica\u00e7\u00e3o, l\u00e1cteos, sorvete, tapioca, carnes processadas, caldos, sopas e molhos, bebidas e pratos prontos.<\/p>\n<p>Lan\u00e7ada em 2018, a loja virtual da Guarani \u00e9 uma iniciativa pioneira no setor e oferece praticidade e conveni\u00eancia para os pequenos e m\u00e9dios neg\u00f3cios adquirirem produtos direto da ind\u00fastria com condi\u00e7\u00f5es especiais.<\/p>\n<p>\u201cA inclus\u00e3o de novos produtos vem trazer ainda mais possibilidades aos varejistas, que passam a contar com mais op\u00e7\u00f5es em nosso ambiente digital para abastecer seus estabelecimentos. Continuamos em uma situa\u00e7\u00e3o de pandemia e oferecer diferentes meios para facilitar o acesso a produtos de alimenta\u00e7\u00e3o \u00e9 fundamental\u201d, complementa Gustavo Segantini, diretor comercial da Tereos.<\/p>\n<p>Inicialmente, os produtos est\u00e3o dispon\u00edveis para a cidade de S\u00e3o Paulo e regi\u00e3o metropolitana e, em breve, ser\u00e3o oferecidos aos demais mercados. Para mais informa\u00e7\u00f5es, acesse: www.aguarani.com.br.<\/p>\n"}]}},"yoast_head":"<!-- This site is optimized with the Yoast SEO plugin v23.7 - https:\/\/yoast.com\/wordpress\/plugins\/seo\/ -->\n<title>E-commerce do A\u00e7\u00facar Guarani adiciona novos produtos em seu portf\u00f3lio - Brasil<\/title>\n<meta name=\"robots\" content=\"index, follow, max-snippet:-1, max-image-preview:large, max-video-preview:-1\" \/>\n<link rel=\"canonical\" href=\"https:\/\/br.tereos.com\/pt-pt\/press-releases\/e-commerce-do-acucar-guarani-adiciona-novos-produtos-em-seu-portfolio\/\" \/>\n<meta property=\"og:locale\" content=\"pt_PT\" \/>\n<meta property=\"og:type\" content=\"article\" \/>\n<meta property=\"og:title\" content=\"E-commerce do A\u00e7\u00facar Guarani adiciona novos produtos em seu portf\u00f3lio - Brasil\" \/>\n<meta property=\"og:url\" content=\"https:\/\/br.tereos.com\/pt-pt\/press-releases\/e-commerce-do-acucar-guarani-adiciona-novos-produtos-em-seu-portfolio\/\" \/>\n<meta property=\"og:site_name\" content=\"Brasil\" \/>\n<meta property=\"article:modified_time\" content=\"2021-09-02T15:57:57+00:00\" \/>\n<meta name=\"twitter:card\" content=\"summary_large_image\" \/>\n<script type=\"application\/ld+json\" class=\"yoast-schema-graph\">{\"@context\":\"https:\/\/schema.org\",\"@graph\":[{\"@type\":\"WebPage\",\"@id\":\"https:\/\/br.tereos.com\/pt-pt\/press-releases\/e-commerce-do-acucar-guarani-adiciona-novos-produtos-em-seu-portfolio\/\",\"url\":\"https:\/\/br.tereos.com\/pt-pt\/press-releases\/e-commerce-do-acucar-guarani-adiciona-novos-produtos-em-seu-portfolio\/\",\"name\":\"E-commerce do A\u00e7\u00facar Guarani adiciona novos produtos em seu portf\u00f3lio - Brasil\",\"isPartOf\":{\"@id\":\"https:\/\/br.tereos.com\/pt-pt\/#website\"},\"datePublished\":\"2021-07-02T15:55:56+00:00\",\"dateModified\":\"2021-09-02T15:57:57+00:00\",\"breadcrumb\":{\"@id\":\"https:\/\/br.tereos.com\/pt-pt\/press-releases\/e-commerce-do-acucar-guarani-adiciona-novos-produtos-em-seu-portfolio\/#breadcrumb\"},\"inLanguage\":\"pt-PT\",\"potentialAction\":[{\"@type\":\"ReadAction\",\"target\":[\"https:\/\/br.tereos.com\/pt-pt\/press-releases\/e-commerce-do-acucar-guarani-adiciona-novos-produtos-em-seu-portfolio\/\"]}]},{\"@type\":\"BreadcrumbList\",\"@id\":\"https:\/\/br.tereos.com\/pt-pt\/press-releases\/e-commerce-do-acucar-guarani-adiciona-novos-produtos-em-seu-portfolio\/#breadcrumb\",\"itemListElement\":[{\"@type\":\"ListItem\",\"position\":1,\"name\":\"Home\",\"item\":\"https:\/\/br.tereos.com\/pt-pt\/\"},{\"@type\":\"ListItem\",\"position\":2,\"name\":\"E-commerce do A\u00e7\u00facar Guarani adiciona novos produtos em seu portf\u00f3lio\"}]},{\"@type\":\"WebSite\",\"@id\":\"https:\/\/br.tereos.com\/pt-pt\/#website\",\"url\":\"https:\/\/br.tereos.com\/pt-pt\/\",\"name\":\"Brasil\",\"description\":\"Un site utilisant WordPress\",\"potentialAction\":[{\"@type\":\"SearchAction\",\"target\":{\"@type\":\"EntryPoint\",\"urlTemplate\":\"https:\/\/br.tereos.com\/pt-pt\/?s={search_term_string}\"},\"query-input\":{\"@type\":\"PropertyValueSpecification\",\"valueRequired\":true,\"valueName\":\"search_term_string\"}}],\"inLanguage\":\"pt-PT\"}]}<\/script>\n<!-- \/ Yoast SEO plugin. -->","yoast_head_json":{"title":"E-commerce do A\u00e7\u00facar Guarani adiciona novos produtos em seu portf\u00f3lio - Brasil","robots":{"index":"index","follow":"follow","max-snippet":"max-snippet:-1","max-image-preview":"max-image-preview:large","max-video-preview":"max-video-preview:-1"},"canonical":"https:\/\/br.tereos.com\/pt-pt\/press-releases\/e-commerce-do-acucar-guarani-adiciona-novos-produtos-em-seu-portfolio\/","og_locale":"pt_PT","og_type":"article","og_title":"E-commerce do A\u00e7\u00facar Guarani adiciona novos produtos em seu portf\u00f3lio - Brasil","og_url":"https:\/\/br.tereos.com\/pt-pt\/press-releases\/e-commerce-do-acucar-guarani-adiciona-novos-produtos-em-seu-portfolio\/","og_site_name":"Brasil","article_modified_time":"2021-09-02T15:57:57+00:00","twitter_card":"summary_large_image","schema":{"@context":"https:\/\/schema.org","@graph":[{"@type":"WebPage","@id":"https:\/\/br.tereos.com\/pt-pt\/press-releases\/e-commerce-do-acucar-guarani-adiciona-novos-produtos-em-seu-portfolio\/","url":"https:\/\/br.tereos.com\/pt-pt\/press-releases\/e-commerce-do-acucar-guarani-adiciona-novos-produtos-em-seu-portfolio\/","name":"E-commerce do A\u00e7\u00facar Guarani adiciona novos produtos em seu portf\u00f3lio - Brasil","isPartOf":{"@id":"https:\/\/br.tereos.com\/pt-pt\/#website"},"datePublished":"2021-07-02T15:55:56+00:00","dateModified":"2021-09-02T15:57:57+00:00","breadcrumb":{"@id":"https:\/\/br.tereos.com\/pt-pt\/press-releases\/e-commerce-do-acucar-guarani-adiciona-novos-produtos-em-seu-portfolio\/#breadcrumb"},"inLanguage":"pt-PT","potentialAction":[{"@type":"ReadAction","target":["https:\/\/br.tereos.com\/pt-pt\/press-releases\/e-commerce-do-acucar-guarani-adiciona-novos-produtos-em-seu-portfolio\/"]}]},{"@type":"BreadcrumbList","@id":"https:\/\/br.tereos.com\/pt-pt\/press-releases\/e-commerce-do-acucar-guarani-adiciona-novos-produtos-em-seu-portfolio\/#breadcrumb","itemListElement":[{"@type":"ListItem","position":1,"name":"Home","item":"https:\/\/br.tereos.com\/pt-pt\/"},{"@type":"ListItem","position":2,"name":"E-commerce do A\u00e7\u00facar Guarani adiciona novos produtos em seu portf\u00f3lio"}]},{"@type":"WebSite","@id":"https:\/\/br.tereos.com\/pt-pt\/#website","url":"https:\/\/br.tereos.com\/pt-pt\/","name":"Brasil","description":"Un site utilisant WordPress","potentialAction":[{"@type":"SearchAction","target":{"@type":"EntryPoint","urlTemplate":"https:\/\/br.tereos.com\/pt-pt\/?s={search_term_string}"},"query-input":{"@type":"PropertyValueSpecification","valueRequired":true,"valueName":"search_term_string"}}],"inLanguage":"pt-PT"}]}},"featured_media_src":false,"date_formatted":"2 July 2021 ","_links":{"self":[{"href":"https:\/\/br.tereos.com\/pt-pt\/wp-json\/wp\/v2\/press-release\/8350"}],"collection":[{"href":"https:\/\/br.tereos.com\/pt-pt\/wp-json\/wp\/v2\/press-release"}],"about":[{"href":"https:\/\/br.tereos.com\/pt-pt\/wp-json\/wp\/v2\/types\/press_release"}],"author":[{"embeddable":true,"href":"https:\/\/br.tereos.com\/pt-pt\/wp-json\/wp\/v2\/users\/278"}],"version-history":[{"count":2,"href":"https:\/\/br.tereos.com\/pt-pt\/wp-json\/wp\/v2\/press-release\/8350\/revisions"}],"predecessor-version":[{"id":8353,"href":"https:\/\/br.tereos.com\/pt-pt\/wp-json\/wp\/v2\/press-release\/8350\/revisions\/8353"}],"wp:attachment":[{"href":"https:\/\/br.tereos.com\/pt-pt\/wp-json\/wp\/v2\/media?parent=8350"}],"wp:term":[{"taxonomy":"category","embeddable":true,"href":"https:\/\/br.tereos.com\/pt-pt\/wp-json\/wp\/v2\/categories?post=8350"}],"curies":[{"name":"wp","href":"https:\/\/api.w.org\/{rel}","templated":true}]}}