{"id":8097,"date":"2021-01-11T17:24:27","date_gmt":"2021-01-11T16:24:27","guid":{"rendered":"https:\/\/br.tereos.com\/?post_type=press_release&#038;p=8097"},"modified":"2021-01-26T15:54:58","modified_gmt":"2021-01-26T14:54:58","slug":"tereos-seleciona-para-180-vagas-de-jovem-aprendiz","status":"publish","type":"press_release","link":"https:\/\/br.tereos.com\/pt-pt\/press-releases\/tereos-seleciona-para-180-vagas-de-jovem-aprendiz\/","title":{"rendered":"Tereos seleciona para 180 vagas de Jovem Aprendiz"},"author":13,"featured_media":8103,"template":"","categories":[],"class_list":["post-8097","press_release","type-press_release","status-publish","has-post-thumbnail","hentry"],"acf":{"cover_image":8103,"cover_clone":{"cover_image":8103},"file":{"ID":8098,"id":8098,"title":"11 01 2021 Jovem Aprendiz","filename":"11-01-2021-jovem-aprendiz-comunic-2.pdf","filesize":62730,"url":"https:\/\/www.tereos.com\/app\/uploads\/sites\/7\/2021\/01\/11-01-2021-jovem-aprendiz-comunic-2.pdf","link":"https:\/\/br.tereos.com\/pt-pt\/press-releases\/tereos-seleciona-para-180-vagas-de-jovem-aprendiz\/11-01-2021-jovem-aprendiz_comunic-2\/","alt":"","author":"13","description":"","caption":"","name":"11-01-2021-jovem-aprendiz_comunic-2","status":"inherit","uploaded_to":8097,"date":"2021-01-14 16:27:18","modified":"2021-01-14 16:27:31","menu_order":0,"mime_type":"application\/pdf","type":"application","subtype":"pdf","icon":"https:\/\/br.tereos.com\/wp\/wp-includes\/images\/media\/document.png"},"pdf_clone":{"file":{"ID":8098,"id":8098,"title":"11 01 2021 Jovem Aprendiz","filename":"11-01-2021-jovem-aprendiz-comunic-2.pdf","filesize":62730,"url":"https:\/\/www.tereos.com\/app\/uploads\/sites\/7\/2021\/01\/11-01-2021-jovem-aprendiz-comunic-2.pdf","link":"https:\/\/br.tereos.com\/pt-pt\/press-releases\/tereos-seleciona-para-180-vagas-de-jovem-aprendiz\/11-01-2021-jovem-aprendiz_comunic-2\/","alt":"","author":"13","description":"","caption":"","name":"11-01-2021-jovem-aprendiz_comunic-2","status":"inherit","uploaded_to":8097,"date":"2021-01-14 16:27:18","modified":"2021-01-14 16:27:31","menu_order":0,"mime_type":"application\/pdf","type":"application","subtype":"pdf","icon":"https:\/\/br.tereos.com\/wp\/wp-includes\/images\/media\/document.png"}},"headline":"Inscri\u00e7\u00f5es s\u00e3o online para jovens de 16 a 22 anos, que sejam residentes nas cidades de S\u00e3o Jos\u00e9 do Rio Preto, Ol\u00edmpia, Pitangueiras, Barretos, Colina, Gua\u00edra, Guaraci, Altair ou Tanabi","headline_clone":{"headline":"Inscri\u00e7\u00f5es s\u00e3o online para jovens de 16 a 22 anos, que sejam residentes nas cidades de S\u00e3o Jos\u00e9 do Rio Preto, Ol\u00edmpia, Pitangueiras, Barretos, Colina, Gua\u00edra, Guaraci, Altair ou Tanabi"},"sections":[{"acf_fc_layout":"rich_text","anchor_title":"","text":"<p><strong>Ol\u00edmpia, 11 de janeiro de 2021 &#8211;<\/strong> A Tereos A\u00e7\u00facar &amp; Energia Brasil, subsidi\u00e1ria integral do grupo Tereos, segundo maior produtor de a\u00e7\u00facar do mundo, est\u00e1 com inscri\u00e7\u00f5es abertas at\u00e9 a pr\u00f3xima sexta-feira, dia 15\/01, para o processo seletivo do programa Jovem Aprendiz. Ao todo, s\u00e3o 180 vagas nas sete unidades produtoras do grupo, localizadas nas cidades de Gua\u00edra, Guaraci, Pitangueiras, Tanabi, Ol\u00edmpia, Sever\u00ednia e Colina.<\/p>\n<p>O programa completo ter\u00e1 18 meses de dura\u00e7\u00e3o e ser\u00e1 realizado em parceria com institui\u00e7\u00f5es como a ETEC Paula Souza, Senac, Senai e CIEE.<\/p>\n<p>Para se inscrever, os interessados devem ter entre 16 e 22 anos, ter cursado ou estar cursando o ensino m\u00e9dio ou estar cursando algum curso de gradua\u00e7\u00e3o e morar nas cidades de S\u00e3o Jos\u00e9 do Rio Preto, Ol\u00edmpia, Pitangueiras, Barretos, Colina, Gua\u00edra, Guaraci, Altair ou Tanabi.<\/p>\n<p>Aos selecionados, a empresa oferece bolsa aux\u00edlio, aulas pr\u00e1ticas e te\u00f3ricas, transporte para as unidades Tereos, refeit\u00f3rio na empresa, vale alimenta\u00e7\u00e3o.<\/p>\n<p>As inscri\u00e7\u00f5es devem ser feitas pelo link https:\/\/trabalheconosco.vagas.com.br\/tereos\/oportunidade\/jovem-aprendiz\/2147111.<\/p>\n"}],"flexible_editorial_clone":{"has_anchors":false,"sections":[{"acf_fc_layout":"rich_text","anchor_title":"","text":"<p><strong>Ol\u00edmpia, 11 de janeiro de 2021 &#8211;<\/strong> A Tereos A\u00e7\u00facar &amp; Energia Brasil, subsidi\u00e1ria integral do grupo Tereos, segundo maior produtor de a\u00e7\u00facar do mundo, est\u00e1 com inscri\u00e7\u00f5es abertas at\u00e9 a pr\u00f3xima sexta-feira, dia 15\/01, para o processo seletivo do programa Jovem Aprendiz. Ao todo, s\u00e3o 180 vagas nas sete unidades produtoras do grupo, localizadas nas cidades de Gua\u00edra, Guaraci, Pitangueiras, Tanabi, Ol\u00edmpia, Sever\u00ednia e Colina.<\/p>\n<p>O programa completo ter\u00e1 18 meses de dura\u00e7\u00e3o e ser\u00e1 realizado em parceria com institui\u00e7\u00f5es como a ETEC Paula Souza, Senac, Senai e CIEE.<\/p>\n<p>Para se inscrever, os interessados devem ter entre 16 e 22 anos, ter cursado ou estar cursando o ensino m\u00e9dio ou estar cursando algum curso de gradua\u00e7\u00e3o e morar nas cidades de S\u00e3o Jos\u00e9 do Rio Preto, Ol\u00edmpia, Pitangueiras, Barretos, Colina, Gua\u00edra, Guaraci, Altair ou Tanabi.<\/p>\n<p>Aos selecionados, a empresa oferece bolsa aux\u00edlio, aulas pr\u00e1ticas e te\u00f3ricas, transporte para as unidades Tereos, refeit\u00f3rio na empresa, vale alimenta\u00e7\u00e3o.<\/p>\n<p>As inscri\u00e7\u00f5es devem ser feitas pelo link https:\/\/trabalheconosco.vagas.com.br\/tereos\/oportunidade\/jovem-aprendiz\/2147111.<\/p>\n"}]}},"yoast_head":"<!-- This site is optimized with the Yoast SEO plugin v23.7 - https:\/\/yoast.com\/wordpress\/plugins\/seo\/ -->\n<title>Tereos seleciona para 180 vagas de Jovem Aprendiz - Brasil<\/title>\n<meta name=\"robots\" content=\"index, follow, max-snippet:-1, max-image-preview:large, max-video-preview:-1\" \/>\n<link rel=\"canonical\" href=\"https:\/\/br.tereos.com\/pt-pt\/press-releases\/tereos-seleciona-para-180-vagas-de-jovem-aprendiz\/\" \/>\n<meta property=\"og:locale\" content=\"pt_PT\" \/>\n<meta property=\"og:type\" content=\"article\" \/>\n<meta property=\"og:title\" content=\"Tereos seleciona para 180 vagas de Jovem Aprendiz - Brasil\" \/>\n<meta property=\"og:url\" content=\"https:\/\/br.tereos.com\/pt-pt\/press-releases\/tereos-seleciona-para-180-vagas-de-jovem-aprendiz\/\" \/>\n<meta property=\"og:site_name\" content=\"Brasil\" \/>\n<meta property=\"article:modified_time\" content=\"2021-01-26T14:54:58+00:00\" \/>\n<meta property=\"og:image\" content=\"https:\/\/www.tereos.com\/app\/uploads\/sites\/7\/2021\/01\/programa-jovem-aprendiz-kv-qr-code-1-e1611672881490.png\" \/>\n\t<meta property=\"og:image:width\" content=\"506\" \/>\n\t<meta property=\"og:image:height\" content=\"456\" \/>\n\t<meta property=\"og:image:type\" content=\"image\/png\" \/>\n<meta name=\"twitter:card\" content=\"summary_large_image\" \/>\n<script type=\"application\/ld+json\" class=\"yoast-schema-graph\">{\"@context\":\"https:\/\/schema.org\",\"@graph\":[{\"@type\":\"WebPage\",\"@id\":\"https:\/\/br.tereos.com\/pt-pt\/press-releases\/tereos-seleciona-para-180-vagas-de-jovem-aprendiz\/\",\"url\":\"https:\/\/br.tereos.com\/pt-pt\/press-releases\/tereos-seleciona-para-180-vagas-de-jovem-aprendiz\/\",\"name\":\"Tereos seleciona para 180 vagas de Jovem Aprendiz - Brasil\",\"isPartOf\":{\"@id\":\"https:\/\/br.tereos.com\/pt-pt\/#website\"},\"primaryImageOfPage\":{\"@id\":\"https:\/\/br.tereos.com\/pt-pt\/press-releases\/tereos-seleciona-para-180-vagas-de-jovem-aprendiz\/#primaryimage\"},\"image\":{\"@id\":\"https:\/\/br.tereos.com\/pt-pt\/press-releases\/tereos-seleciona-para-180-vagas-de-jovem-aprendiz\/#primaryimage\"},\"thumbnailUrl\":\"https:\/\/www.tereos.com\/app\/uploads\/sites\/7\/2021\/01\/programa-jovem-aprendiz-kv-qr-code-1-e1611672881490.png\",\"datePublished\":\"2021-01-11T16:24:27+00:00\",\"dateModified\":\"2021-01-26T14:54:58+00:00\",\"breadcrumb\":{\"@id\":\"https:\/\/br.tereos.com\/pt-pt\/press-releases\/tereos-seleciona-para-180-vagas-de-jovem-aprendiz\/#breadcrumb\"},\"inLanguage\":\"pt-PT\",\"potentialAction\":[{\"@type\":\"ReadAction\",\"target\":[\"https:\/\/br.tereos.com\/pt-pt\/press-releases\/tereos-seleciona-para-180-vagas-de-jovem-aprendiz\/\"]}]},{\"@type\":\"ImageObject\",\"inLanguage\":\"pt-PT\",\"@id\":\"https:\/\/br.tereos.com\/pt-pt\/press-releases\/tereos-seleciona-para-180-vagas-de-jovem-aprendiz\/#primaryimage\",\"url\":\"https:\/\/www.tereos.com\/app\/uploads\/sites\/7\/2021\/01\/programa-jovem-aprendiz-kv-qr-code-1-e1611672881490.png\",\"contentUrl\":\"https:\/\/www.tereos.com\/app\/uploads\/sites\/7\/2021\/01\/programa-jovem-aprendiz-kv-qr-code-1-e1611672881490.png\",\"width\":506,\"height\":456},{\"@type\":\"BreadcrumbList\",\"@id\":\"https:\/\/br.tereos.com\/pt-pt\/press-releases\/tereos-seleciona-para-180-vagas-de-jovem-aprendiz\/#breadcrumb\",\"itemListElement\":[{\"@type\":\"ListItem\",\"position\":1,\"name\":\"Home\",\"item\":\"https:\/\/br.tereos.com\/pt-pt\/\"},{\"@type\":\"ListItem\",\"position\":2,\"name\":\"Tereos seleciona para 180 vagas de Jovem Aprendiz\"}]},{\"@type\":\"WebSite\",\"@id\":\"https:\/\/br.tereos.com\/pt-pt\/#website\",\"url\":\"https:\/\/br.tereos.com\/pt-pt\/\",\"name\":\"Brasil\",\"description\":\"Un site utilisant WordPress\",\"potentialAction\":[{\"@type\":\"SearchAction\",\"target\":{\"@type\":\"EntryPoint\",\"urlTemplate\":\"https:\/\/br.tereos.com\/pt-pt\/?s={search_term_string}\"},\"query-input\":{\"@type\":\"PropertyValueSpecification\",\"valueRequired\":true,\"valueName\":\"search_term_string\"}}],\"inLanguage\":\"pt-PT\"}]}<\/script>\n<!-- \/ Yoast SEO plugin. -->","yoast_head_json":{"title":"Tereos seleciona para 180 vagas de Jovem Aprendiz - Brasil","robots":{"index":"index","follow":"follow","max-snippet":"max-snippet:-1","max-image-preview":"max-image-preview:large","max-video-preview":"max-video-preview:-1"},"canonical":"https:\/\/br.tereos.com\/pt-pt\/press-releases\/tereos-seleciona-para-180-vagas-de-jovem-aprendiz\/","og_locale":"pt_PT","og_type":"article","og_title":"Tereos seleciona para 180 vagas de Jovem Aprendiz - Brasil","og_url":"https:\/\/br.tereos.com\/pt-pt\/press-releases\/tereos-seleciona-para-180-vagas-de-jovem-aprendiz\/","og_site_name":"Brasil","article_modified_time":"2021-01-26T14:54:58+00:00","og_image":[{"width":506,"height":456,"url":"https:\/\/www.tereos.com\/app\/uploads\/sites\/7\/2021\/01\/programa-jovem-aprendiz-kv-qr-code-1-e1611672881490.png","type":"image\/png"}],"twitter_card":"summary_large_image","schema":{"@context":"https:\/\/schema.org","@graph":[{"@type":"WebPage","@id":"https:\/\/br.tereos.com\/pt-pt\/press-releases\/tereos-seleciona-para-180-vagas-de-jovem-aprendiz\/","url":"https:\/\/br.tereos.com\/pt-pt\/press-releases\/tereos-seleciona-para-180-vagas-de-jovem-aprendiz\/","name":"Tereos seleciona para 180 vagas de Jovem Aprendiz - Brasil","isPartOf":{"@id":"https:\/\/br.tereos.com\/pt-pt\/#website"},"primaryImageOfPage":{"@id":"https:\/\/br.tereos.com\/pt-pt\/press-releases\/tereos-seleciona-para-180-vagas-de-jovem-aprendiz\/#primaryimage"},"image":{"@id":"https:\/\/br.tereos.com\/pt-pt\/press-releases\/tereos-seleciona-para-180-vagas-de-jovem-aprendiz\/#primaryimage"},"thumbnailUrl":"https:\/\/www.tereos.com\/app\/uploads\/sites\/7\/2021\/01\/programa-jovem-aprendiz-kv-qr-code-1-e1611672881490.png","datePublished":"2021-01-11T16:24:27+00:00","dateModified":"2021-01-26T14:54:58+00:00","breadcrumb":{"@id":"https:\/\/br.tereos.com\/pt-pt\/press-releases\/tereos-seleciona-para-180-vagas-de-jovem-aprendiz\/#breadcrumb"},"inLanguage":"pt-PT","potentialAction":[{"@type":"ReadAction","target":["https:\/\/br.tereos.com\/pt-pt\/press-releases\/tereos-seleciona-para-180-vagas-de-jovem-aprendiz\/"]}]},{"@type":"ImageObject","inLanguage":"pt-PT","@id":"https:\/\/br.tereos.com\/pt-pt\/press-releases\/tereos-seleciona-para-180-vagas-de-jovem-aprendiz\/#primaryimage","url":"https:\/\/www.tereos.com\/app\/uploads\/sites\/7\/2021\/01\/programa-jovem-aprendiz-kv-qr-code-1-e1611672881490.png","contentUrl":"https:\/\/www.tereos.com\/app\/uploads\/sites\/7\/2021\/01\/programa-jovem-aprendiz-kv-qr-code-1-e1611672881490.png","width":506,"height":456},{"@type":"BreadcrumbList","@id":"https:\/\/br.tereos.com\/pt-pt\/press-releases\/tereos-seleciona-para-180-vagas-de-jovem-aprendiz\/#breadcrumb","itemListElement":[{"@type":"ListItem","position":1,"name":"Home","item":"https:\/\/br.tereos.com\/pt-pt\/"},{"@type":"ListItem","position":2,"name":"Tereos seleciona para 180 vagas de Jovem Aprendiz"}]},{"@type":"WebSite","@id":"https:\/\/br.tereos.com\/pt-pt\/#website","url":"https:\/\/br.tereos.com\/pt-pt\/","name":"Brasil","description":"Un site utilisant WordPress","potentialAction":[{"@type":"SearchAction","target":{"@type":"EntryPoint","urlTemplate":"https:\/\/br.tereos.com\/pt-pt\/?s={search_term_string}"},"query-input":{"@type":"PropertyValueSpecification","valueRequired":true,"valueName":"search_term_string"}}],"inLanguage":"pt-PT"}]}},"featured_media_src":"https:\/\/www.tereos.com\/app\/uploads\/sites\/7\/2021\/01\/programa-jovem-aprendiz-kv-qr-code-1-e1611672881490-520x390-c-default.png","date_formatted":"11 January 2021 ","_links":{"self":[{"href":"https:\/\/br.tereos.com\/pt-pt\/wp-json\/wp\/v2\/press-release\/8097"}],"collection":[{"href":"https:\/\/br.tereos.com\/pt-pt\/wp-json\/wp\/v2\/press-release"}],"about":[{"href":"https:\/\/br.tereos.com\/pt-pt\/wp-json\/wp\/v2\/types\/press_release"}],"author":[{"embeddable":true,"href":"https:\/\/br.tereos.com\/pt-pt\/wp-json\/wp\/v2\/users\/13"}],"version-history":[{"count":3,"href":"https:\/\/br.tereos.com\/pt-pt\/wp-json\/wp\/v2\/press-release\/8097\/revisions"}],"predecessor-version":[{"id":8105,"href":"https:\/\/br.tereos.com\/pt-pt\/wp-json\/wp\/v2\/press-release\/8097\/revisions\/8105"}],"wp:featuredmedia":[{"embeddable":true,"href":"https:\/\/br.tereos.com\/pt-pt\/wp-json\/wp\/v2\/media\/8103"}],"wp:attachment":[{"href":"https:\/\/br.tereos.com\/pt-pt\/wp-json\/wp\/v2\/media?parent=8097"}],"wp:term":[{"taxonomy":"category","embeddable":true,"href":"https:\/\/br.tereos.com\/pt-pt\/wp-json\/wp\/v2\/categories?post=8097"}],"curies":[{"name":"wp","href":"https:\/\/api.w.org\/{rel}","templated":true}]}}