{"id":8069,"date":"2020-11-25T21:09:52","date_gmt":"2020-11-25T20:09:52","guid":{"rendered":"https:\/\/br.tereos.com\/?post_type=press_release&#038;p=8069"},"modified":"2020-11-26T20:47:20","modified_gmt":"2020-11-26T19:47:20","slug":"inscricoes-para-programa-de-trainees-da-tereos-vao-ate-15-de-dezembro","status":"publish","type":"press_release","link":"https:\/\/br.tereos.com\/pt-pt\/press-releases\/inscricoes-para-programa-de-trainees-da-tereos-vao-ate-15-de-dezembro\/","title":{"rendered":"Inscri\u00e7\u00f5es para programa de trainees da Tereos v\u00e3o at\u00e9 15 de dezembro"},"author":13,"featured_media":0,"template":"","categories":[],"class_list":["post-8069","press_release","type-press_release","status-publish","hentry"],"acf":{"cover_image":false,"cover_clone":{"cover_image":false},"file":{"ID":8070,"id":8070,"title":"Inscri\u00e7\u00f5es para o programa de trainees da Tereos v\u00e3o at\u00e9 15 de dezembro","filename":"inscricoes-para-o-programa-de-trainees-da-tereos-vao-ate-15-de-dezembro.pdf","filesize":152495,"url":"https:\/\/www.tereos.com\/app\/uploads\/sites\/7\/2020\/11\/inscricoes-para-o-programa-de-trainees-da-tereos-vao-ate-15-de-dezembro.pdf","link":"https:\/\/br.tereos.com\/pt-pt\/press-releases\/inscricoes-para-programa-de-trainees-da-tereos-vao-ate-15-de-dezembro\/inscricoes-para-o-programa-de-trainees-da-tereos-vao-ate-15-de-dezembro\/","alt":"","author":"13","description":"","caption":"","name":"inscricoes-para-o-programa-de-trainees-da-tereos-vao-ate-15-de-dezembro","status":"inherit","uploaded_to":8069,"date":"2020-11-25 20:08:41","modified":"2020-11-25 20:08:41","menu_order":0,"mime_type":"application\/pdf","type":"application","subtype":"pdf","icon":"https:\/\/br.tereos.com\/wp\/wp-includes\/images\/media\/document.png"},"pdf_clone":{"file":{"ID":8070,"id":8070,"title":"Inscri\u00e7\u00f5es para o programa de trainees da Tereos v\u00e3o at\u00e9 15 de dezembro","filename":"inscricoes-para-o-programa-de-trainees-da-tereos-vao-ate-15-de-dezembro.pdf","filesize":152495,"url":"https:\/\/www.tereos.com\/app\/uploads\/sites\/7\/2020\/11\/inscricoes-para-o-programa-de-trainees-da-tereos-vao-ate-15-de-dezembro.pdf","link":"https:\/\/br.tereos.com\/pt-pt\/press-releases\/inscricoes-para-programa-de-trainees-da-tereos-vao-ate-15-de-dezembro\/inscricoes-para-o-programa-de-trainees-da-tereos-vao-ate-15-de-dezembro\/","alt":"","author":"13","description":"","caption":"","name":"inscricoes-para-o-programa-de-trainees-da-tereos-vao-ate-15-de-dezembro","status":"inherit","uploaded_to":8069,"date":"2020-11-25 20:08:41","modified":"2020-11-25 20:08:41","menu_order":0,"mime_type":"application\/pdf","type":"application","subtype":"pdf","icon":"https:\/\/br.tereos.com\/wp\/wp-includes\/images\/media\/document.png"}},"headline":"Ser\u00e3o oferecidas vagas em diversas \u00e1reas nas unidades industriais do Grupo; interessados devem ter forma\u00e7\u00e3o superior conclu\u00edda entre dezembro de 2018 e fevereiro de 2021","headline_clone":{"headline":"Ser\u00e3o oferecidas vagas em diversas \u00e1reas nas unidades industriais do Grupo; interessados devem ter forma\u00e7\u00e3o superior conclu\u00edda entre dezembro de 2018 e fevereiro de 2021"},"sections":[{"acf_fc_layout":"rich_text","anchor_title":"","text":"<p>A Tereos, uma das l\u00edderes mundiais na produ\u00e7\u00e3o de a\u00e7\u00facar, \u00e1lcool e amidos, est\u00e1 com inscri\u00e7\u00f5es abertas para o programa de trainees 2021. O prazo vai at\u00e9 o dia 15 de dezembro.<\/p>\n<p>As vagas dispon\u00edveis s\u00e3o para atuar em diversas \u00e1reas nas unidades industriais do Grupo. O programa tem dura\u00e7\u00e3o de 18 meses e os participantes j\u00e1 come\u00e7am como colaboradores efetivos.<\/p>\n<p>\u201cO programa de trainees \u00e9 voltado para o desenvolvimento acelerado desses jovens para que eles possam exercer fun\u00e7\u00f5es estrat\u00e9gicas dentro da empresa. Assim, n\u00f3s conseguimos preparar o profissional dentro do perfil e das demandas exigidas pelo nosso neg\u00f3cio\u201d, diz Rui Carvalho, gerente-executivo de Desenvolvimento Humano e Organizacional da Tereos.<\/p>\n<p>Na Tereos, os trainees t\u00eam acesso a participa\u00e7\u00e3o nos lucros e resultados, plano de sa\u00fade, previd\u00eancia privada, plano odontol\u00f3gico, restaurante na empresa, seguro de vida, transporte e vale-alimenta\u00e7\u00e3o, al\u00e9m de sal\u00e1rio compat\u00edvel com o mercado.<\/p>\n<p>Segundo Carvalho, durante o programa, os jovens passam por diversas \u00e1reas, treinamentos t\u00e9cnicos e comportamentais, mentorias, reuni\u00f5es de feedback, e desenvolvem um projeto com foco na melhoria de processos.<\/p>\n<p>Os pr\u00e9-requisitos para participa\u00e7\u00e3o s\u00e3o: ter forma\u00e7\u00e3o superior conclu\u00edda entre dezembro de 2018 e fevereiro de 2021, flu\u00eancia em ingl\u00eas e disponibilidade para residir no interior do estado de S\u00e3o Paulo.<\/p>\n<p>A empresa procura candidatos que tenham como compet\u00eancias protagonismo, bom relacionamento interpessoal, comunica\u00e7\u00e3o assertiva, capacidade de trabalhar em equipe, foco no resultado, capacidade de an\u00e1lise, inova\u00e7\u00e3o e transforma\u00e7\u00e3o.<\/p>\n<p>\u201cN\u00e3o \u00e9 preciso ter experi\u00eancia pr\u00e9via, estamos buscando o potencial, o talento\u201d, complementa o gerente-executivo da Tereos.<\/p>\n<p><strong>Inscri\u00e7\u00e3o interativa<\/strong><\/p>\n<p>As inscri\u00e7\u00f5es neste ano ser\u00e3o realizadas em uma plataforma interativa que permitir\u00e1 aos interessados, al\u00e9m de fazer o cadastro, conhecer melhor a Tereos. \u201cEnquanto os candidatos v\u00e3o respondendo ao question\u00e1rio de inscri\u00e7\u00e3o, tamb\u00e9m v\u00e3o aprendendo sobre o nosso neg\u00f3cio, com v\u00eddeos e mensagens informativas da empresa\u201d, explica Carvalho.<\/p>\n<p>Para se inscrever, o interessado deve acessar o link<a href=\"https:\/\/traineetereos2021.yio.digital\/login\"> https:\/\/traineetereos2021.yio.digital\/login<\/a><\/p>\n<p>&nbsp;<\/p>\n<p>&nbsp;<\/p>\n"}],"flexible_editorial_clone":{"has_anchors":false,"sections":[{"acf_fc_layout":"rich_text","anchor_title":"","text":"<p>A Tereos, uma das l\u00edderes mundiais na produ\u00e7\u00e3o de a\u00e7\u00facar, \u00e1lcool e amidos, est\u00e1 com inscri\u00e7\u00f5es abertas para o programa de trainees 2021. O prazo vai at\u00e9 o dia 15 de dezembro.<\/p>\n<p>As vagas dispon\u00edveis s\u00e3o para atuar em diversas \u00e1reas nas unidades industriais do Grupo. O programa tem dura\u00e7\u00e3o de 18 meses e os participantes j\u00e1 come\u00e7am como colaboradores efetivos.<\/p>\n<p>\u201cO programa de trainees \u00e9 voltado para o desenvolvimento acelerado desses jovens para que eles possam exercer fun\u00e7\u00f5es estrat\u00e9gicas dentro da empresa. Assim, n\u00f3s conseguimos preparar o profissional dentro do perfil e das demandas exigidas pelo nosso neg\u00f3cio\u201d, diz Rui Carvalho, gerente-executivo de Desenvolvimento Humano e Organizacional da Tereos.<\/p>\n<p>Na Tereos, os trainees t\u00eam acesso a participa\u00e7\u00e3o nos lucros e resultados, plano de sa\u00fade, previd\u00eancia privada, plano odontol\u00f3gico, restaurante na empresa, seguro de vida, transporte e vale-alimenta\u00e7\u00e3o, al\u00e9m de sal\u00e1rio compat\u00edvel com o mercado.<\/p>\n<p>Segundo Carvalho, durante o programa, os jovens passam por diversas \u00e1reas, treinamentos t\u00e9cnicos e comportamentais, mentorias, reuni\u00f5es de feedback, e desenvolvem um projeto com foco na melhoria de processos.<\/p>\n<p>Os pr\u00e9-requisitos para participa\u00e7\u00e3o s\u00e3o: ter forma\u00e7\u00e3o superior conclu\u00edda entre dezembro de 2018 e fevereiro de 2021, flu\u00eancia em ingl\u00eas e disponibilidade para residir no interior do estado de S\u00e3o Paulo.<\/p>\n<p>A empresa procura candidatos que tenham como compet\u00eancias protagonismo, bom relacionamento interpessoal, comunica\u00e7\u00e3o assertiva, capacidade de trabalhar em equipe, foco no resultado, capacidade de an\u00e1lise, inova\u00e7\u00e3o e transforma\u00e7\u00e3o.<\/p>\n<p>\u201cN\u00e3o \u00e9 preciso ter experi\u00eancia pr\u00e9via, estamos buscando o potencial, o talento\u201d, complementa o gerente-executivo da Tereos.<\/p>\n<p><strong>Inscri\u00e7\u00e3o interativa<\/strong><\/p>\n<p>As inscri\u00e7\u00f5es neste ano ser\u00e3o realizadas em uma plataforma interativa que permitir\u00e1 aos interessados, al\u00e9m de fazer o cadastro, conhecer melhor a Tereos. \u201cEnquanto os candidatos v\u00e3o respondendo ao question\u00e1rio de inscri\u00e7\u00e3o, tamb\u00e9m v\u00e3o aprendendo sobre o nosso neg\u00f3cio, com v\u00eddeos e mensagens informativas da empresa\u201d, explica Carvalho.<\/p>\n<p>Para se inscrever, o interessado deve acessar o link<a href=\"https:\/\/traineetereos2021.yio.digital\/login\"> https:\/\/traineetereos2021.yio.digital\/login<\/a><\/p>\n<p>&nbsp;<\/p>\n<p>&nbsp;<\/p>\n"}]}},"yoast_head":"<!-- This site is optimized with the Yoast SEO plugin v23.7 - https:\/\/yoast.com\/wordpress\/plugins\/seo\/ -->\n<title>Inscri\u00e7\u00f5es para programa de trainees da Tereos v\u00e3o at\u00e9 15 de dezembro - Brasil<\/title>\n<meta name=\"robots\" content=\"index, follow, max-snippet:-1, max-image-preview:large, max-video-preview:-1\" \/>\n<link rel=\"canonical\" href=\"https:\/\/br.tereos.com\/pt-pt\/press-releases\/inscricoes-para-programa-de-trainees-da-tereos-vao-ate-15-de-dezembro\/\" \/>\n<meta property=\"og:locale\" content=\"pt_PT\" \/>\n<meta property=\"og:type\" content=\"article\" \/>\n<meta property=\"og:title\" content=\"Inscri\u00e7\u00f5es para programa de trainees da Tereos v\u00e3o at\u00e9 15 de dezembro - Brasil\" \/>\n<meta property=\"og:url\" content=\"https:\/\/br.tereos.com\/pt-pt\/press-releases\/inscricoes-para-programa-de-trainees-da-tereos-vao-ate-15-de-dezembro\/\" \/>\n<meta property=\"og:site_name\" content=\"Brasil\" \/>\n<meta property=\"article:modified_time\" content=\"2020-11-26T19:47:20+00:00\" \/>\n<meta name=\"twitter:card\" content=\"summary_large_image\" \/>\n<script type=\"application\/ld+json\" class=\"yoast-schema-graph\">{\"@context\":\"https:\/\/schema.org\",\"@graph\":[{\"@type\":\"WebPage\",\"@id\":\"https:\/\/br.tereos.com\/pt-pt\/press-releases\/inscricoes-para-programa-de-trainees-da-tereos-vao-ate-15-de-dezembro\/\",\"url\":\"https:\/\/br.tereos.com\/pt-pt\/press-releases\/inscricoes-para-programa-de-trainees-da-tereos-vao-ate-15-de-dezembro\/\",\"name\":\"Inscri\u00e7\u00f5es para programa de trainees da Tereos v\u00e3o at\u00e9 15 de dezembro - Brasil\",\"isPartOf\":{\"@id\":\"https:\/\/br.tereos.com\/pt-pt\/#website\"},\"datePublished\":\"2020-11-25T20:09:52+00:00\",\"dateModified\":\"2020-11-26T19:47:20+00:00\",\"breadcrumb\":{\"@id\":\"https:\/\/br.tereos.com\/pt-pt\/press-releases\/inscricoes-para-programa-de-trainees-da-tereos-vao-ate-15-de-dezembro\/#breadcrumb\"},\"inLanguage\":\"pt-PT\",\"potentialAction\":[{\"@type\":\"ReadAction\",\"target\":[\"https:\/\/br.tereos.com\/pt-pt\/press-releases\/inscricoes-para-programa-de-trainees-da-tereos-vao-ate-15-de-dezembro\/\"]}]},{\"@type\":\"BreadcrumbList\",\"@id\":\"https:\/\/br.tereos.com\/pt-pt\/press-releases\/inscricoes-para-programa-de-trainees-da-tereos-vao-ate-15-de-dezembro\/#breadcrumb\",\"itemListElement\":[{\"@type\":\"ListItem\",\"position\":1,\"name\":\"Home\",\"item\":\"https:\/\/br.tereos.com\/pt-pt\/\"},{\"@type\":\"ListItem\",\"position\":2,\"name\":\"Inscri\u00e7\u00f5es para programa de trainees da Tereos v\u00e3o at\u00e9 15 de dezembro\"}]},{\"@type\":\"WebSite\",\"@id\":\"https:\/\/br.tereos.com\/pt-pt\/#website\",\"url\":\"https:\/\/br.tereos.com\/pt-pt\/\",\"name\":\"Brasil\",\"description\":\"Un site utilisant WordPress\",\"potentialAction\":[{\"@type\":\"SearchAction\",\"target\":{\"@type\":\"EntryPoint\",\"urlTemplate\":\"https:\/\/br.tereos.com\/pt-pt\/?s={search_term_string}\"},\"query-input\":{\"@type\":\"PropertyValueSpecification\",\"valueRequired\":true,\"valueName\":\"search_term_string\"}}],\"inLanguage\":\"pt-PT\"}]}<\/script>\n<!-- \/ Yoast SEO plugin. -->","yoast_head_json":{"title":"Inscri\u00e7\u00f5es para programa de trainees da Tereos v\u00e3o at\u00e9 15 de dezembro - Brasil","robots":{"index":"index","follow":"follow","max-snippet":"max-snippet:-1","max-image-preview":"max-image-preview:large","max-video-preview":"max-video-preview:-1"},"canonical":"https:\/\/br.tereos.com\/pt-pt\/press-releases\/inscricoes-para-programa-de-trainees-da-tereos-vao-ate-15-de-dezembro\/","og_locale":"pt_PT","og_type":"article","og_title":"Inscri\u00e7\u00f5es para programa de trainees da Tereos v\u00e3o at\u00e9 15 de dezembro - Brasil","og_url":"https:\/\/br.tereos.com\/pt-pt\/press-releases\/inscricoes-para-programa-de-trainees-da-tereos-vao-ate-15-de-dezembro\/","og_site_name":"Brasil","article_modified_time":"2020-11-26T19:47:20+00:00","twitter_card":"summary_large_image","schema":{"@context":"https:\/\/schema.org","@graph":[{"@type":"WebPage","@id":"https:\/\/br.tereos.com\/pt-pt\/press-releases\/inscricoes-para-programa-de-trainees-da-tereos-vao-ate-15-de-dezembro\/","url":"https:\/\/br.tereos.com\/pt-pt\/press-releases\/inscricoes-para-programa-de-trainees-da-tereos-vao-ate-15-de-dezembro\/","name":"Inscri\u00e7\u00f5es para programa de trainees da Tereos v\u00e3o at\u00e9 15 de dezembro - Brasil","isPartOf":{"@id":"https:\/\/br.tereos.com\/pt-pt\/#website"},"datePublished":"2020-11-25T20:09:52+00:00","dateModified":"2020-11-26T19:47:20+00:00","breadcrumb":{"@id":"https:\/\/br.tereos.com\/pt-pt\/press-releases\/inscricoes-para-programa-de-trainees-da-tereos-vao-ate-15-de-dezembro\/#breadcrumb"},"inLanguage":"pt-PT","potentialAction":[{"@type":"ReadAction","target":["https:\/\/br.tereos.com\/pt-pt\/press-releases\/inscricoes-para-programa-de-trainees-da-tereos-vao-ate-15-de-dezembro\/"]}]},{"@type":"BreadcrumbList","@id":"https:\/\/br.tereos.com\/pt-pt\/press-releases\/inscricoes-para-programa-de-trainees-da-tereos-vao-ate-15-de-dezembro\/#breadcrumb","itemListElement":[{"@type":"ListItem","position":1,"name":"Home","item":"https:\/\/br.tereos.com\/pt-pt\/"},{"@type":"ListItem","position":2,"name":"Inscri\u00e7\u00f5es para programa de trainees da Tereos v\u00e3o at\u00e9 15 de dezembro"}]},{"@type":"WebSite","@id":"https:\/\/br.tereos.com\/pt-pt\/#website","url":"https:\/\/br.tereos.com\/pt-pt\/","name":"Brasil","description":"Un site utilisant WordPress","potentialAction":[{"@type":"SearchAction","target":{"@type":"EntryPoint","urlTemplate":"https:\/\/br.tereos.com\/pt-pt\/?s={search_term_string}"},"query-input":{"@type":"PropertyValueSpecification","valueRequired":true,"valueName":"search_term_string"}}],"inLanguage":"pt-PT"}]}},"featured_media_src":false,"date_formatted":"25 November 2020 ","_links":{"self":[{"href":"https:\/\/br.tereos.com\/pt-pt\/wp-json\/wp\/v2\/press-release\/8069"}],"collection":[{"href":"https:\/\/br.tereos.com\/pt-pt\/wp-json\/wp\/v2\/press-release"}],"about":[{"href":"https:\/\/br.tereos.com\/pt-pt\/wp-json\/wp\/v2\/types\/press_release"}],"author":[{"embeddable":true,"href":"https:\/\/br.tereos.com\/pt-pt\/wp-json\/wp\/v2\/users\/13"}],"version-history":[{"count":3,"href":"https:\/\/br.tereos.com\/pt-pt\/wp-json\/wp\/v2\/press-release\/8069\/revisions"}],"predecessor-version":[{"id":8074,"href":"https:\/\/br.tereos.com\/pt-pt\/wp-json\/wp\/v2\/press-release\/8069\/revisions\/8074"}],"wp:attachment":[{"href":"https:\/\/br.tereos.com\/pt-pt\/wp-json\/wp\/v2\/media?parent=8069"}],"wp:term":[{"taxonomy":"category","embeddable":true,"href":"https:\/\/br.tereos.com\/pt-pt\/wp-json\/wp\/v2\/categories?post=8069"}],"curies":[{"name":"wp","href":"https:\/\/api.w.org\/{rel}","templated":true}]}}