{"id":8013,"date":"2020-10-07T17:03:30","date_gmt":"2020-10-07T15:03:30","guid":{"rendered":"https:\/\/br.tereos.com\/?post_type=press_release&#038;p=8013"},"modified":"2020-10-07T17:03:30","modified_gmt":"2020-10-07T15:03:30","slug":"tereosbrasil-abre-inscricoes-para-programa-de-estagio-de-verao","status":"publish","type":"press_release","link":"https:\/\/br.tereos.com\/pt-pt\/press-releases\/tereosbrasil-abre-inscricoes-para-programa-de-estagio-de-verao\/","title":{"rendered":"Tereos abre inscri\u00e7\u00f5es para programa de est\u00e1gio de ver\u00e3o"},"author":13,"featured_media":0,"template":"","categories":[],"class_list":["post-8013","press_release","type-press_release","status-publish","hentry"],"acf":{"cover_image":false,"cover_clone":{"cover_image":false},"file":{"ID":8014,"id":8014,"title":"2020.10.06 Inscri\u00e7\u00f5es para o programa de est\u00e1gio de ver\u00e3o da Tereos v\u00e3o at\u00e9 18 de outubro","filename":"2020-10-06-inscries-para-o-programa-de-estgio-de-vero-da-tereos-vo-at-18-de-outubro.pdf","filesize":118516,"url":"https:\/\/www.tereos.com\/app\/uploads\/sites\/7\/2020\/10\/2020-10-06-inscries-para-o-programa-de-estgio-de-vero-da-tereos-vo-at-18-de-outubro.pdf","link":"https:\/\/br.tereos.com\/pt-pt\/press-releases\/tereosbrasil-abre-inscricoes-para-programa-de-estagio-de-verao\/2020-10-06-inscricoes-para-o-programa-de-estagio-de-verao-da-tereos-vao-ate-18-de-outubro\/","alt":"","author":"13","description":"","caption":"","name":"2020-10-06-inscricoes-para-o-programa-de-estagio-de-verao-da-tereos-vao-ate-18-de-outubro","status":"inherit","uploaded_to":8013,"date":"2020-10-07 15:00:03","modified":"2020-10-07 15:00:03","menu_order":0,"mime_type":"application\/pdf","type":"application","subtype":"pdf","icon":"https:\/\/br.tereos.com\/wp\/wp-includes\/images\/media\/document.png"},"pdf_clone":{"file":{"ID":8014,"id":8014,"title":"2020.10.06 Inscri\u00e7\u00f5es para o programa de est\u00e1gio de ver\u00e3o da Tereos v\u00e3o at\u00e9 18 de outubro","filename":"2020-10-06-inscries-para-o-programa-de-estgio-de-vero-da-tereos-vo-at-18-de-outubro.pdf","filesize":118516,"url":"https:\/\/www.tereos.com\/app\/uploads\/sites\/7\/2020\/10\/2020-10-06-inscries-para-o-programa-de-estgio-de-vero-da-tereos-vo-at-18-de-outubro.pdf","link":"https:\/\/br.tereos.com\/pt-pt\/press-releases\/tereosbrasil-abre-inscricoes-para-programa-de-estagio-de-verao\/2020-10-06-inscricoes-para-o-programa-de-estagio-de-verao-da-tereos-vao-ate-18-de-outubro\/","alt":"","author":"13","description":"","caption":"","name":"2020-10-06-inscricoes-para-o-programa-de-estagio-de-verao-da-tereos-vao-ate-18-de-outubro","status":"inherit","uploaded_to":8013,"date":"2020-10-07 15:00:03","modified":"2020-10-07 15:00:03","menu_order":0,"mime_type":"application\/pdf","type":"application","subtype":"pdf","icon":"https:\/\/br.tereos.com\/wp\/wp-includes\/images\/media\/document.png"}},"headline":"Em sua 3\u00aa edi\u00e7\u00e3o, Summer Experience ser\u00e1 realizado em janeiro e fevereiro de 2021. Interessados t\u00eam at\u00e9 o dia 18 de outubro para se inscrever","headline_clone":{"headline":"Em sua 3\u00aa edi\u00e7\u00e3o, Summer Experience ser\u00e1 realizado em janeiro e fevereiro de 2021. Interessados t\u00eam at\u00e9 o dia 18 de outubro para se inscrever"},"sections":[{"acf_fc_layout":"rich_text","anchor_title":"","text":"<p>A Tereos, uma das l\u00edderes mundiais na produ\u00e7\u00e3o de a\u00e7\u00facar, etanol e amidos, deu in\u00edcio nesta ter\u00e7a-feira, 6, \u00e0s inscri\u00e7\u00f5es para o Tereos Summer Experience, programa de est\u00e1gio de ver\u00e3o que seleciona estudantes universit\u00e1rios para atuar em v\u00e1rias \u00e1reas de neg\u00f3cios da empresa.<\/p>\n<p>Podem se inscrever estudantes das \u00e1reas de Agronomia, Engenharias Agron\u00f4mica\/Agr\u00edcola, Engenharia Qu\u00edmica, Engenharia de Alimentos, Engenharia Ambiental, Engenharia El\u00e9trica\/Eletr\u00f4nica, Engenharia Mec\u00e2nica\/Mecatr\u00f4nica, Engenharia de Produ\u00e7\u00e3o, Qu\u00edmica e cursos afins.<\/p>\n<p>Para participar da sele\u00e7\u00e3o, os candidatos devem estar cursando ensino superior, ter n\u00edvel intermedi\u00e1rio de ingl\u00eas ou franc\u00eas, dom\u00ednio de ferramentas de inform\u00e1tica e disponibilidade para estagiar seis horas por dia, de segunda a sexta, durante dois meses \u2013 janeiro e fevereiro de 2021. O est\u00e1gio acontece em tr\u00eas unidades do Grupo, localizadas na regi\u00e3o noroeste do estado de S\u00e3o Paulo.<\/p>\n<p>Os selecionados ter\u00e3o bolsa-aux\u00edlio, seguro de vida, transporte oferecido pela empresa, refeit\u00f3rio no local e hospedagem em hotel financiado pela empresa durante todo o programa.<\/p>\n<p>Para se inscrever, os interessados dever\u00e3o acessar <a href=\"http:\/\/www.vagas.com.br\/v2112342\">www.vagas.com.br\/v2112342<\/a>. As inscri\u00e7\u00f5es v\u00e3o at\u00e9 o dia 18 de outubro.<\/p>\n<p>O processo seletivo ser\u00e1 totalmente online e composto por triagem de curr\u00edculos, provas online (franc\u00eas ou ingl\u00eas, conhecimentos gerais e racioc\u00ednio l\u00f3gico), videoentrevista e entrevista individual. No entanto, o est\u00e1gio ser\u00e1 presencial.<\/p>\n<p>Esta \u00e9 a terceira edi\u00e7\u00e3o do Tereos Summer Experience. Na segunda edi\u00e7\u00e3o, o programa teve 5.370 inscritos, um crescimento de quase 30% na compara\u00e7\u00e3o com a primeira, realizada no in\u00edcio de 2019.<\/p>\n"}],"flexible_editorial_clone":{"has_anchors":false,"sections":[{"acf_fc_layout":"rich_text","anchor_title":"","text":"<p>A Tereos, uma das l\u00edderes mundiais na produ\u00e7\u00e3o de a\u00e7\u00facar, etanol e amidos, deu in\u00edcio nesta ter\u00e7a-feira, 6, \u00e0s inscri\u00e7\u00f5es para o Tereos Summer Experience, programa de est\u00e1gio de ver\u00e3o que seleciona estudantes universit\u00e1rios para atuar em v\u00e1rias \u00e1reas de neg\u00f3cios da empresa.<\/p>\n<p>Podem se inscrever estudantes das \u00e1reas de Agronomia, Engenharias Agron\u00f4mica\/Agr\u00edcola, Engenharia Qu\u00edmica, Engenharia de Alimentos, Engenharia Ambiental, Engenharia El\u00e9trica\/Eletr\u00f4nica, Engenharia Mec\u00e2nica\/Mecatr\u00f4nica, Engenharia de Produ\u00e7\u00e3o, Qu\u00edmica e cursos afins.<\/p>\n<p>Para participar da sele\u00e7\u00e3o, os candidatos devem estar cursando ensino superior, ter n\u00edvel intermedi\u00e1rio de ingl\u00eas ou franc\u00eas, dom\u00ednio de ferramentas de inform\u00e1tica e disponibilidade para estagiar seis horas por dia, de segunda a sexta, durante dois meses \u2013 janeiro e fevereiro de 2021. O est\u00e1gio acontece em tr\u00eas unidades do Grupo, localizadas na regi\u00e3o noroeste do estado de S\u00e3o Paulo.<\/p>\n<p>Os selecionados ter\u00e3o bolsa-aux\u00edlio, seguro de vida, transporte oferecido pela empresa, refeit\u00f3rio no local e hospedagem em hotel financiado pela empresa durante todo o programa.<\/p>\n<p>Para se inscrever, os interessados dever\u00e3o acessar <a href=\"http:\/\/www.vagas.com.br\/v2112342\">www.vagas.com.br\/v2112342<\/a>. As inscri\u00e7\u00f5es v\u00e3o at\u00e9 o dia 18 de outubro.<\/p>\n<p>O processo seletivo ser\u00e1 totalmente online e composto por triagem de curr\u00edculos, provas online (franc\u00eas ou ingl\u00eas, conhecimentos gerais e racioc\u00ednio l\u00f3gico), videoentrevista e entrevista individual. No entanto, o est\u00e1gio ser\u00e1 presencial.<\/p>\n<p>Esta \u00e9 a terceira edi\u00e7\u00e3o do Tereos Summer Experience. Na segunda edi\u00e7\u00e3o, o programa teve 5.370 inscritos, um crescimento de quase 30% na compara\u00e7\u00e3o com a primeira, realizada no in\u00edcio de 2019.<\/p>\n"}]}},"yoast_head":"<!-- This site is optimized with the Yoast SEO plugin v23.7 - https:\/\/yoast.com\/wordpress\/plugins\/seo\/ -->\n<title>Tereos abre inscri\u00e7\u00f5es para programa de est\u00e1gio de ver\u00e3o - Brasil<\/title>\n<meta name=\"robots\" content=\"index, follow, max-snippet:-1, max-image-preview:large, max-video-preview:-1\" \/>\n<link rel=\"canonical\" href=\"https:\/\/br.tereos.com\/pt-pt\/press-releases\/tereosbrasil-abre-inscricoes-para-programa-de-estagio-de-verao\/\" \/>\n<meta property=\"og:locale\" content=\"pt_PT\" \/>\n<meta property=\"og:type\" content=\"article\" \/>\n<meta property=\"og:title\" content=\"Tereos abre inscri\u00e7\u00f5es para programa de est\u00e1gio de ver\u00e3o - Brasil\" \/>\n<meta property=\"og:url\" content=\"https:\/\/br.tereos.com\/pt-pt\/press-releases\/tereosbrasil-abre-inscricoes-para-programa-de-estagio-de-verao\/\" \/>\n<meta property=\"og:site_name\" content=\"Brasil\" \/>\n<meta name=\"twitter:card\" content=\"summary_large_image\" \/>\n<script type=\"application\/ld+json\" class=\"yoast-schema-graph\">{\"@context\":\"https:\/\/schema.org\",\"@graph\":[{\"@type\":\"WebPage\",\"@id\":\"https:\/\/br.tereos.com\/pt-pt\/press-releases\/tereosbrasil-abre-inscricoes-para-programa-de-estagio-de-verao\/\",\"url\":\"https:\/\/br.tereos.com\/pt-pt\/press-releases\/tereosbrasil-abre-inscricoes-para-programa-de-estagio-de-verao\/\",\"name\":\"Tereos abre inscri\u00e7\u00f5es para programa de est\u00e1gio de ver\u00e3o - Brasil\",\"isPartOf\":{\"@id\":\"https:\/\/br.tereos.com\/pt-pt\/#website\"},\"datePublished\":\"2020-10-07T15:03:30+00:00\",\"dateModified\":\"2020-10-07T15:03:30+00:00\",\"breadcrumb\":{\"@id\":\"https:\/\/br.tereos.com\/pt-pt\/press-releases\/tereosbrasil-abre-inscricoes-para-programa-de-estagio-de-verao\/#breadcrumb\"},\"inLanguage\":\"pt-PT\",\"potentialAction\":[{\"@type\":\"ReadAction\",\"target\":[\"https:\/\/br.tereos.com\/pt-pt\/press-releases\/tereosbrasil-abre-inscricoes-para-programa-de-estagio-de-verao\/\"]}]},{\"@type\":\"BreadcrumbList\",\"@id\":\"https:\/\/br.tereos.com\/pt-pt\/press-releases\/tereosbrasil-abre-inscricoes-para-programa-de-estagio-de-verao\/#breadcrumb\",\"itemListElement\":[{\"@type\":\"ListItem\",\"position\":1,\"name\":\"Home\",\"item\":\"https:\/\/br.tereos.com\/pt-pt\/\"},{\"@type\":\"ListItem\",\"position\":2,\"name\":\"Tereos abre inscri\u00e7\u00f5es para programa de est\u00e1gio de ver\u00e3o\"}]},{\"@type\":\"WebSite\",\"@id\":\"https:\/\/br.tereos.com\/pt-pt\/#website\",\"url\":\"https:\/\/br.tereos.com\/pt-pt\/\",\"name\":\"Brasil\",\"description\":\"Un site utilisant WordPress\",\"potentialAction\":[{\"@type\":\"SearchAction\",\"target\":{\"@type\":\"EntryPoint\",\"urlTemplate\":\"https:\/\/br.tereos.com\/pt-pt\/?s={search_term_string}\"},\"query-input\":{\"@type\":\"PropertyValueSpecification\",\"valueRequired\":true,\"valueName\":\"search_term_string\"}}],\"inLanguage\":\"pt-PT\"}]}<\/script>\n<!-- \/ Yoast SEO plugin. -->","yoast_head_json":{"title":"Tereos abre inscri\u00e7\u00f5es para programa de est\u00e1gio de ver\u00e3o - Brasil","robots":{"index":"index","follow":"follow","max-snippet":"max-snippet:-1","max-image-preview":"max-image-preview:large","max-video-preview":"max-video-preview:-1"},"canonical":"https:\/\/br.tereos.com\/pt-pt\/press-releases\/tereosbrasil-abre-inscricoes-para-programa-de-estagio-de-verao\/","og_locale":"pt_PT","og_type":"article","og_title":"Tereos abre inscri\u00e7\u00f5es para programa de est\u00e1gio de ver\u00e3o - Brasil","og_url":"https:\/\/br.tereos.com\/pt-pt\/press-releases\/tereosbrasil-abre-inscricoes-para-programa-de-estagio-de-verao\/","og_site_name":"Brasil","twitter_card":"summary_large_image","schema":{"@context":"https:\/\/schema.org","@graph":[{"@type":"WebPage","@id":"https:\/\/br.tereos.com\/pt-pt\/press-releases\/tereosbrasil-abre-inscricoes-para-programa-de-estagio-de-verao\/","url":"https:\/\/br.tereos.com\/pt-pt\/press-releases\/tereosbrasil-abre-inscricoes-para-programa-de-estagio-de-verao\/","name":"Tereos abre inscri\u00e7\u00f5es para programa de est\u00e1gio de ver\u00e3o - Brasil","isPartOf":{"@id":"https:\/\/br.tereos.com\/pt-pt\/#website"},"datePublished":"2020-10-07T15:03:30+00:00","dateModified":"2020-10-07T15:03:30+00:00","breadcrumb":{"@id":"https:\/\/br.tereos.com\/pt-pt\/press-releases\/tereosbrasil-abre-inscricoes-para-programa-de-estagio-de-verao\/#breadcrumb"},"inLanguage":"pt-PT","potentialAction":[{"@type":"ReadAction","target":["https:\/\/br.tereos.com\/pt-pt\/press-releases\/tereosbrasil-abre-inscricoes-para-programa-de-estagio-de-verao\/"]}]},{"@type":"BreadcrumbList","@id":"https:\/\/br.tereos.com\/pt-pt\/press-releases\/tereosbrasil-abre-inscricoes-para-programa-de-estagio-de-verao\/#breadcrumb","itemListElement":[{"@type":"ListItem","position":1,"name":"Home","item":"https:\/\/br.tereos.com\/pt-pt\/"},{"@type":"ListItem","position":2,"name":"Tereos abre inscri\u00e7\u00f5es para programa de est\u00e1gio de ver\u00e3o"}]},{"@type":"WebSite","@id":"https:\/\/br.tereos.com\/pt-pt\/#website","url":"https:\/\/br.tereos.com\/pt-pt\/","name":"Brasil","description":"Un site utilisant WordPress","potentialAction":[{"@type":"SearchAction","target":{"@type":"EntryPoint","urlTemplate":"https:\/\/br.tereos.com\/pt-pt\/?s={search_term_string}"},"query-input":{"@type":"PropertyValueSpecification","valueRequired":true,"valueName":"search_term_string"}}],"inLanguage":"pt-PT"}]}},"featured_media_src":false,"date_formatted":"7 October 2020 ","_links":{"self":[{"href":"https:\/\/br.tereos.com\/pt-pt\/wp-json\/wp\/v2\/press-release\/8013"}],"collection":[{"href":"https:\/\/br.tereos.com\/pt-pt\/wp-json\/wp\/v2\/press-release"}],"about":[{"href":"https:\/\/br.tereos.com\/pt-pt\/wp-json\/wp\/v2\/types\/press_release"}],"author":[{"embeddable":true,"href":"https:\/\/br.tereos.com\/pt-pt\/wp-json\/wp\/v2\/users\/13"}],"version-history":[{"count":1,"href":"https:\/\/br.tereos.com\/pt-pt\/wp-json\/wp\/v2\/press-release\/8013\/revisions"}],"predecessor-version":[{"id":8015,"href":"https:\/\/br.tereos.com\/pt-pt\/wp-json\/wp\/v2\/press-release\/8013\/revisions\/8015"}],"wp:attachment":[{"href":"https:\/\/br.tereos.com\/pt-pt\/wp-json\/wp\/v2\/media?parent=8013"}],"wp:term":[{"taxonomy":"category","embeddable":true,"href":"https:\/\/br.tereos.com\/pt-pt\/wp-json\/wp\/v2\/categories?post=8013"}],"curies":[{"name":"wp","href":"https:\/\/api.w.org\/{rel}","templated":true}]}}