{"id":7976,"date":"2020-09-16T15:40:27","date_gmt":"2020-09-16T13:40:27","guid":{"rendered":"https:\/\/br.tereos.com\/?post_type=press_release&#038;p=7976"},"modified":"2020-09-16T15:45:01","modified_gmt":"2020-09-16T13:45:01","slug":"tereos-promove-campanha-setembro-amarelo-com-o-foco-na-saude-mental-de-seus-colaboradores","status":"publish","type":"press_release","link":"https:\/\/br.tereos.com\/pt-pt\/press-releases\/tereos-promove-campanha-setembro-amarelo-com-o-foco-na-saude-mental-de-seus-colaboradores\/","title":{"rendered":"Tereos promove campanha Setembro Amarelo com o foco na sa\u00fade mental de seus colaboradores"},"author":13,"featured_media":7978,"template":"","categories":[],"class_list":["post-7976","press_release","type-press_release","status-publish","has-post-thumbnail","hentry"],"acf":{"cover_image":7978,"cover_clone":{"cover_image":7978},"file":{"ID":7977,"id":7977,"title":"16 09 2020 setembro amarelo","filename":"16-09-2020-setembro-amarelo.pdf","filesize":71789,"url":"https:\/\/www.tereos.com\/app\/uploads\/sites\/7\/2020\/09\/16-09-2020-setembro-amarelo.pdf","link":"https:\/\/br.tereos.com\/pt-pt\/press-releases\/tereos-promove-campanha-setembro-amarelo-com-o-foco-na-saude-mental-de-seus-colaboradores\/16-09-2020-setembro-amarelo\/","alt":"","author":"13","description":"","caption":"","name":"16-09-2020-setembro-amarelo","status":"inherit","uploaded_to":7976,"date":"2020-09-16 13:39:26","modified":"2020-09-16 13:39:26","menu_order":0,"mime_type":"application\/pdf","type":"application","subtype":"pdf","icon":"https:\/\/br.tereos.com\/wp\/wp-includes\/images\/media\/document.png"},"pdf_clone":{"file":{"ID":7977,"id":7977,"title":"16 09 2020 setembro amarelo","filename":"16-09-2020-setembro-amarelo.pdf","filesize":71789,"url":"https:\/\/www.tereos.com\/app\/uploads\/sites\/7\/2020\/09\/16-09-2020-setembro-amarelo.pdf","link":"https:\/\/br.tereos.com\/pt-pt\/press-releases\/tereos-promove-campanha-setembro-amarelo-com-o-foco-na-saude-mental-de-seus-colaboradores\/16-09-2020-setembro-amarelo\/","alt":"","author":"13","description":"","caption":"","name":"16-09-2020-setembro-amarelo","status":"inherit","uploaded_to":7976,"date":"2020-09-16 13:39:26","modified":"2020-09-16 13:39:26","menu_order":0,"mime_type":"application\/pdf","type":"application","subtype":"pdf","icon":"https:\/\/br.tereos.com\/wp\/wp-includes\/images\/media\/document.png"}},"headline":"A a\u00e7\u00e3o ser\u00e1 desenvolvida durante o m\u00eas todo e deve estimular di\u00e1logos sobre o tema e divulgar programa de apoio psicol\u00f3gico<br \/>\r\n","headline_clone":{"headline":"A a\u00e7\u00e3o ser\u00e1 desenvolvida durante o m\u00eas todo e deve estimular di\u00e1logos sobre o tema e divulgar programa de apoio psicol\u00f3gico<br \/>\r\n"},"sections":[{"acf_fc_layout":"rich_text","anchor_title":"","text":"<p>Sempre atenta \u00e0s medidas para preservar a sa\u00fade dos colaboradores e de seus familiares, a Tereos, uma das l\u00edderes mundiais na produ\u00e7\u00e3o de a\u00e7\u00facar, etanol e amidos, promove em todas as suas unidades a campanha Setembro Amarelo, que tem como foco estimular o di\u00e1logo aberto sobre sa\u00fade mental, al\u00e9m de promover o Programa de Apoio e Preven\u00e7\u00e3o \u00e0 Covid-19 (PAP Covid-19).<\/p>\n<p>Entre as a\u00e7\u00f5es previstas est\u00e3o atividades de orienta\u00e7\u00e3o nos refeit\u00f3rios do Grupo, distribui\u00e7\u00e3o de material explicativo sobre o tema, podcast com tem\u00e1ticas voltadas \u00e0 preven\u00e7\u00e3o e a medidas que podem ser adotadas em situa\u00e7\u00f5es de ansiedade, apoio a pessoas distantes e como identificar situa\u00e7\u00f5es suicidas.<\/p>\n<p>Tamb\u00e9m est\u00e3o previstas exibi\u00e7\u00f5es de v\u00eddeos com depoimentos sobre a tem\u00e1tica da campanha, al\u00e9m da divulga\u00e7\u00e3o de filmes, s\u00e9ries e v\u00eddeos que possam auxiliar em situa\u00e7\u00f5es de grande impacto emocional.<\/p>\n<p>&#8220;O nosso objetivo \u00e9 estimular a cultura de cuidado com a sa\u00fade mental entre os nossos colaboradores e seus familiares. Passamos por um momento cr\u00edtico, mais do em qualquer outro per\u00edodo, precisamos redobrar a aten\u00e7\u00e3o ao bem-estar psicol\u00f3gico. A Tereos adota um trabalho cont\u00ednuo de refor\u00e7o de seus comportamentos, atitude de escuta ativa e gest\u00e3o do feedback por meio de seus programas de desenvolvimento junto \u00e0s lideran\u00e7as com o apoio de Recursos Humanos\u201d, ressalta o diretor de Recursos Humanos da Tereos, Carlos Leston.<\/p>\n<p>Para fechar o calend\u00e1rio da campanha, no dia 23 de setembro a empresa promove uma <em>live<\/em> para debater os desdobramentos da pandemia na sa\u00fade mental das pessoas. O encontro virtual ser\u00e1 conduzido pelo psic\u00f3logo Luis Antonio da Silva que falar\u00e1 sobre a import\u00e2ncia de desapegar dos antigos h\u00e1bitos e a como aceitar esta nova realidade.<\/p>\n<p>Setembro Amarelo \u00e9 o nome de um movimento promovido pela Associa\u00e7\u00e3o Brasileira de Psiquiatria (ABP) com o apoio do Conselho Federal de Medicina, que traz luz para a\u00e7\u00f5es de conscientiza\u00e7\u00e3o sobre fatores de risco a comportamentos suicidas, prevendo orienta\u00e7\u00e3o adequada.<br \/>\n<strong>PAP<\/strong><\/p>\n<p>Em maio, in\u00edcio da pandemia no Brasil, a Tereos implementou o Programa de Apoio e Preven\u00e7\u00e3o ao Covid-19 (PAP Covid-19). O objetivo do PAP Covid-19 \u00e9 ajudar na sa\u00fade mental dos funcion\u00e1rios e seus dependentes, j\u00e1 que a pandemia do novo coronav\u00edrus pode trazer grandes impactos emocionais.<\/p>\n<p>Segundo o diretor de Recursos Humanos da Tereos, Carlos Leston, a pandemia trouxe uma s\u00e9rie de preocupa\u00e7\u00f5es para a popula\u00e7\u00e3o. \u201cNosso intuito foi apoiar os colaboradores e familiares com um servi\u00e7o especializado.\u201d<\/p>\n<p>O PAP Covid-19 atende os colaboradores e seus familiares por meio da parceria com a Social Consultoria, dispon\u00edvel 24 horas, todos os dias da semana. O contato \u00e9 realizado por telefone, de forma gratuita, por uma equipe de assistentes sociais e psic\u00f3logos, mantendo total sigilo. O atendimento trata de assuntos como: orienta\u00e7\u00f5es e esclarecimentos sobre o coronav\u00edrus e as diretrizes de \u00f3rg\u00e3os governamentais de sa\u00fade, acompanhamento de pessoas com coronav\u00edrus ou com sintomas, casos de dificuldade de adapta\u00e7\u00e3o ao isolamento social e apoio emocional diante de tristeza, estresse, p\u00e2nico, medo e outros aspectos.<\/p>\n<p><strong>\u00a0<\/strong><\/p>\n<p>&nbsp;<\/p>\n"}],"flexible_editorial_clone":{"has_anchors":false,"sections":[{"acf_fc_layout":"rich_text","anchor_title":"","text":"<p>Sempre atenta \u00e0s medidas para preservar a sa\u00fade dos colaboradores e de seus familiares, a Tereos, uma das l\u00edderes mundiais na produ\u00e7\u00e3o de a\u00e7\u00facar, etanol e amidos, promove em todas as suas unidades a campanha Setembro Amarelo, que tem como foco estimular o di\u00e1logo aberto sobre sa\u00fade mental, al\u00e9m de promover o Programa de Apoio e Preven\u00e7\u00e3o \u00e0 Covid-19 (PAP Covid-19).<\/p>\n<p>Entre as a\u00e7\u00f5es previstas est\u00e3o atividades de orienta\u00e7\u00e3o nos refeit\u00f3rios do Grupo, distribui\u00e7\u00e3o de material explicativo sobre o tema, podcast com tem\u00e1ticas voltadas \u00e0 preven\u00e7\u00e3o e a medidas que podem ser adotadas em situa\u00e7\u00f5es de ansiedade, apoio a pessoas distantes e como identificar situa\u00e7\u00f5es suicidas.<\/p>\n<p>Tamb\u00e9m est\u00e3o previstas exibi\u00e7\u00f5es de v\u00eddeos com depoimentos sobre a tem\u00e1tica da campanha, al\u00e9m da divulga\u00e7\u00e3o de filmes, s\u00e9ries e v\u00eddeos que possam auxiliar em situa\u00e7\u00f5es de grande impacto emocional.<\/p>\n<p>&#8220;O nosso objetivo \u00e9 estimular a cultura de cuidado com a sa\u00fade mental entre os nossos colaboradores e seus familiares. Passamos por um momento cr\u00edtico, mais do em qualquer outro per\u00edodo, precisamos redobrar a aten\u00e7\u00e3o ao bem-estar psicol\u00f3gico. A Tereos adota um trabalho cont\u00ednuo de refor\u00e7o de seus comportamentos, atitude de escuta ativa e gest\u00e3o do feedback por meio de seus programas de desenvolvimento junto \u00e0s lideran\u00e7as com o apoio de Recursos Humanos\u201d, ressalta o diretor de Recursos Humanos da Tereos, Carlos Leston.<\/p>\n<p>Para fechar o calend\u00e1rio da campanha, no dia 23 de setembro a empresa promove uma <em>live<\/em> para debater os desdobramentos da pandemia na sa\u00fade mental das pessoas. O encontro virtual ser\u00e1 conduzido pelo psic\u00f3logo Luis Antonio da Silva que falar\u00e1 sobre a import\u00e2ncia de desapegar dos antigos h\u00e1bitos e a como aceitar esta nova realidade.<\/p>\n<p>Setembro Amarelo \u00e9 o nome de um movimento promovido pela Associa\u00e7\u00e3o Brasileira de Psiquiatria (ABP) com o apoio do Conselho Federal de Medicina, que traz luz para a\u00e7\u00f5es de conscientiza\u00e7\u00e3o sobre fatores de risco a comportamentos suicidas, prevendo orienta\u00e7\u00e3o adequada.<br \/>\n<strong>PAP<\/strong><\/p>\n<p>Em maio, in\u00edcio da pandemia no Brasil, a Tereos implementou o Programa de Apoio e Preven\u00e7\u00e3o ao Covid-19 (PAP Covid-19). O objetivo do PAP Covid-19 \u00e9 ajudar na sa\u00fade mental dos funcion\u00e1rios e seus dependentes, j\u00e1 que a pandemia do novo coronav\u00edrus pode trazer grandes impactos emocionais.<\/p>\n<p>Segundo o diretor de Recursos Humanos da Tereos, Carlos Leston, a pandemia trouxe uma s\u00e9rie de preocupa\u00e7\u00f5es para a popula\u00e7\u00e3o. \u201cNosso intuito foi apoiar os colaboradores e familiares com um servi\u00e7o especializado.\u201d<\/p>\n<p>O PAP Covid-19 atende os colaboradores e seus familiares por meio da parceria com a Social Consultoria, dispon\u00edvel 24 horas, todos os dias da semana. O contato \u00e9 realizado por telefone, de forma gratuita, por uma equipe de assistentes sociais e psic\u00f3logos, mantendo total sigilo. O atendimento trata de assuntos como: orienta\u00e7\u00f5es e esclarecimentos sobre o coronav\u00edrus e as diretrizes de \u00f3rg\u00e3os governamentais de sa\u00fade, acompanhamento de pessoas com coronav\u00edrus ou com sintomas, casos de dificuldade de adapta\u00e7\u00e3o ao isolamento social e apoio emocional diante de tristeza, estresse, p\u00e2nico, medo e outros aspectos.<\/p>\n<p><strong>\u00a0<\/strong><\/p>\n<p>&nbsp;<\/p>\n"}]}},"yoast_head":"<!-- This site is optimized with the Yoast SEO plugin v23.7 - https:\/\/yoast.com\/wordpress\/plugins\/seo\/ -->\n<title>Tereos promove campanha Setembro Amarelo com o foco na sa\u00fade mental de seus colaboradores - Brasil<\/title>\n<meta name=\"robots\" content=\"index, follow, max-snippet:-1, max-image-preview:large, max-video-preview:-1\" \/>\n<link rel=\"canonical\" href=\"https:\/\/br.tereos.com\/pt-pt\/press-releases\/tereos-promove-campanha-setembro-amarelo-com-o-foco-na-saude-mental-de-seus-colaboradores\/\" \/>\n<meta property=\"og:locale\" content=\"pt_PT\" \/>\n<meta property=\"og:type\" content=\"article\" \/>\n<meta property=\"og:title\" content=\"Tereos promove campanha Setembro Amarelo com o foco na sa\u00fade mental de seus colaboradores - Brasil\" \/>\n<meta property=\"og:url\" content=\"https:\/\/br.tereos.com\/pt-pt\/press-releases\/tereos-promove-campanha-setembro-amarelo-com-o-foco-na-saude-mental-de-seus-colaboradores\/\" \/>\n<meta property=\"og:site_name\" content=\"Brasil\" \/>\n<meta property=\"article:modified_time\" content=\"2020-09-16T13:45:01+00:00\" \/>\n<meta property=\"og:image\" content=\"https:\/\/www.tereos.com\/app\/uploads\/sites\/7\/2020\/09\/post-setembro-amarelo-02-e1600263889475.png\" \/>\n\t<meta property=\"og:image:width\" content=\"2239\" \/>\n\t<meta property=\"og:image:height\" content=\"1063\" \/>\n\t<meta property=\"og:image:type\" content=\"image\/png\" \/>\n<meta name=\"twitter:card\" content=\"summary_large_image\" \/>\n<script type=\"application\/ld+json\" class=\"yoast-schema-graph\">{\"@context\":\"https:\/\/schema.org\",\"@graph\":[{\"@type\":\"WebPage\",\"@id\":\"https:\/\/br.tereos.com\/pt-pt\/press-releases\/tereos-promove-campanha-setembro-amarelo-com-o-foco-na-saude-mental-de-seus-colaboradores\/\",\"url\":\"https:\/\/br.tereos.com\/pt-pt\/press-releases\/tereos-promove-campanha-setembro-amarelo-com-o-foco-na-saude-mental-de-seus-colaboradores\/\",\"name\":\"Tereos promove campanha Setembro Amarelo com o foco na sa\u00fade mental de seus colaboradores - Brasil\",\"isPartOf\":{\"@id\":\"https:\/\/br.tereos.com\/pt-pt\/#website\"},\"primaryImageOfPage\":{\"@id\":\"https:\/\/br.tereos.com\/pt-pt\/press-releases\/tereos-promove-campanha-setembro-amarelo-com-o-foco-na-saude-mental-de-seus-colaboradores\/#primaryimage\"},\"image\":{\"@id\":\"https:\/\/br.tereos.com\/pt-pt\/press-releases\/tereos-promove-campanha-setembro-amarelo-com-o-foco-na-saude-mental-de-seus-colaboradores\/#primaryimage\"},\"thumbnailUrl\":\"https:\/\/www.tereos.com\/app\/uploads\/sites\/7\/2020\/09\/post-setembro-amarelo-02-e1600263889475.png\",\"datePublished\":\"2020-09-16T13:40:27+00:00\",\"dateModified\":\"2020-09-16T13:45:01+00:00\",\"breadcrumb\":{\"@id\":\"https:\/\/br.tereos.com\/pt-pt\/press-releases\/tereos-promove-campanha-setembro-amarelo-com-o-foco-na-saude-mental-de-seus-colaboradores\/#breadcrumb\"},\"inLanguage\":\"pt-PT\",\"potentialAction\":[{\"@type\":\"ReadAction\",\"target\":[\"https:\/\/br.tereos.com\/pt-pt\/press-releases\/tereos-promove-campanha-setembro-amarelo-com-o-foco-na-saude-mental-de-seus-colaboradores\/\"]}]},{\"@type\":\"ImageObject\",\"inLanguage\":\"pt-PT\",\"@id\":\"https:\/\/br.tereos.com\/pt-pt\/press-releases\/tereos-promove-campanha-setembro-amarelo-com-o-foco-na-saude-mental-de-seus-colaboradores\/#primaryimage\",\"url\":\"https:\/\/www.tereos.com\/app\/uploads\/sites\/7\/2020\/09\/post-setembro-amarelo-02-e1600263889475.png\",\"contentUrl\":\"https:\/\/www.tereos.com\/app\/uploads\/sites\/7\/2020\/09\/post-setembro-amarelo-02-e1600263889475.png\",\"width\":2239,\"height\":1063},{\"@type\":\"BreadcrumbList\",\"@id\":\"https:\/\/br.tereos.com\/pt-pt\/press-releases\/tereos-promove-campanha-setembro-amarelo-com-o-foco-na-saude-mental-de-seus-colaboradores\/#breadcrumb\",\"itemListElement\":[{\"@type\":\"ListItem\",\"position\":1,\"name\":\"Home\",\"item\":\"https:\/\/br.tereos.com\/pt-pt\/\"},{\"@type\":\"ListItem\",\"position\":2,\"name\":\"Tereos promove campanha Setembro Amarelo com o foco na sa\u00fade mental de seus colaboradores\"}]},{\"@type\":\"WebSite\",\"@id\":\"https:\/\/br.tereos.com\/pt-pt\/#website\",\"url\":\"https:\/\/br.tereos.com\/pt-pt\/\",\"name\":\"Brasil\",\"description\":\"Un site utilisant WordPress\",\"potentialAction\":[{\"@type\":\"SearchAction\",\"target\":{\"@type\":\"EntryPoint\",\"urlTemplate\":\"https:\/\/br.tereos.com\/pt-pt\/?s={search_term_string}\"},\"query-input\":{\"@type\":\"PropertyValueSpecification\",\"valueRequired\":true,\"valueName\":\"search_term_string\"}}],\"inLanguage\":\"pt-PT\"}]}<\/script>\n<!-- \/ Yoast SEO plugin. -->","yoast_head_json":{"title":"Tereos promove campanha Setembro Amarelo com o foco na sa\u00fade mental de seus colaboradores - Brasil","robots":{"index":"index","follow":"follow","max-snippet":"max-snippet:-1","max-image-preview":"max-image-preview:large","max-video-preview":"max-video-preview:-1"},"canonical":"https:\/\/br.tereos.com\/pt-pt\/press-releases\/tereos-promove-campanha-setembro-amarelo-com-o-foco-na-saude-mental-de-seus-colaboradores\/","og_locale":"pt_PT","og_type":"article","og_title":"Tereos promove campanha Setembro Amarelo com o foco na sa\u00fade mental de seus colaboradores - Brasil","og_url":"https:\/\/br.tereos.com\/pt-pt\/press-releases\/tereos-promove-campanha-setembro-amarelo-com-o-foco-na-saude-mental-de-seus-colaboradores\/","og_site_name":"Brasil","article_modified_time":"2020-09-16T13:45:01+00:00","og_image":[{"width":2239,"height":1063,"url":"https:\/\/www.tereos.com\/app\/uploads\/sites\/7\/2020\/09\/post-setembro-amarelo-02-e1600263889475.png","type":"image\/png"}],"twitter_card":"summary_large_image","schema":{"@context":"https:\/\/schema.org","@graph":[{"@type":"WebPage","@id":"https:\/\/br.tereos.com\/pt-pt\/press-releases\/tereos-promove-campanha-setembro-amarelo-com-o-foco-na-saude-mental-de-seus-colaboradores\/","url":"https:\/\/br.tereos.com\/pt-pt\/press-releases\/tereos-promove-campanha-setembro-amarelo-com-o-foco-na-saude-mental-de-seus-colaboradores\/","name":"Tereos promove campanha Setembro Amarelo com o foco na sa\u00fade mental de seus colaboradores - Brasil","isPartOf":{"@id":"https:\/\/br.tereos.com\/pt-pt\/#website"},"primaryImageOfPage":{"@id":"https:\/\/br.tereos.com\/pt-pt\/press-releases\/tereos-promove-campanha-setembro-amarelo-com-o-foco-na-saude-mental-de-seus-colaboradores\/#primaryimage"},"image":{"@id":"https:\/\/br.tereos.com\/pt-pt\/press-releases\/tereos-promove-campanha-setembro-amarelo-com-o-foco-na-saude-mental-de-seus-colaboradores\/#primaryimage"},"thumbnailUrl":"https:\/\/www.tereos.com\/app\/uploads\/sites\/7\/2020\/09\/post-setembro-amarelo-02-e1600263889475.png","datePublished":"2020-09-16T13:40:27+00:00","dateModified":"2020-09-16T13:45:01+00:00","breadcrumb":{"@id":"https:\/\/br.tereos.com\/pt-pt\/press-releases\/tereos-promove-campanha-setembro-amarelo-com-o-foco-na-saude-mental-de-seus-colaboradores\/#breadcrumb"},"inLanguage":"pt-PT","potentialAction":[{"@type":"ReadAction","target":["https:\/\/br.tereos.com\/pt-pt\/press-releases\/tereos-promove-campanha-setembro-amarelo-com-o-foco-na-saude-mental-de-seus-colaboradores\/"]}]},{"@type":"ImageObject","inLanguage":"pt-PT","@id":"https:\/\/br.tereos.com\/pt-pt\/press-releases\/tereos-promove-campanha-setembro-amarelo-com-o-foco-na-saude-mental-de-seus-colaboradores\/#primaryimage","url":"https:\/\/www.tereos.com\/app\/uploads\/sites\/7\/2020\/09\/post-setembro-amarelo-02-e1600263889475.png","contentUrl":"https:\/\/www.tereos.com\/app\/uploads\/sites\/7\/2020\/09\/post-setembro-amarelo-02-e1600263889475.png","width":2239,"height":1063},{"@type":"BreadcrumbList","@id":"https:\/\/br.tereos.com\/pt-pt\/press-releases\/tereos-promove-campanha-setembro-amarelo-com-o-foco-na-saude-mental-de-seus-colaboradores\/#breadcrumb","itemListElement":[{"@type":"ListItem","position":1,"name":"Home","item":"https:\/\/br.tereos.com\/pt-pt\/"},{"@type":"ListItem","position":2,"name":"Tereos promove campanha Setembro Amarelo com o foco na sa\u00fade mental de seus colaboradores"}]},{"@type":"WebSite","@id":"https:\/\/br.tereos.com\/pt-pt\/#website","url":"https:\/\/br.tereos.com\/pt-pt\/","name":"Brasil","description":"Un site utilisant WordPress","potentialAction":[{"@type":"SearchAction","target":{"@type":"EntryPoint","urlTemplate":"https:\/\/br.tereos.com\/pt-pt\/?s={search_term_string}"},"query-input":{"@type":"PropertyValueSpecification","valueRequired":true,"valueName":"search_term_string"}}],"inLanguage":"pt-PT"}]}},"featured_media_src":"https:\/\/www.tereos.com\/app\/uploads\/sites\/7\/2020\/09\/post-setembro-amarelo-02-e1600263889475-520x390-c-default.png","date_formatted":"16 September 2020 ","_links":{"self":[{"href":"https:\/\/br.tereos.com\/pt-pt\/wp-json\/wp\/v2\/press-release\/7976"}],"collection":[{"href":"https:\/\/br.tereos.com\/pt-pt\/wp-json\/wp\/v2\/press-release"}],"about":[{"href":"https:\/\/br.tereos.com\/pt-pt\/wp-json\/wp\/v2\/types\/press_release"}],"author":[{"embeddable":true,"href":"https:\/\/br.tereos.com\/pt-pt\/wp-json\/wp\/v2\/users\/13"}],"version-history":[{"count":3,"href":"https:\/\/br.tereos.com\/pt-pt\/wp-json\/wp\/v2\/press-release\/7976\/revisions"}],"predecessor-version":[{"id":7981,"href":"https:\/\/br.tereos.com\/pt-pt\/wp-json\/wp\/v2\/press-release\/7976\/revisions\/7981"}],"wp:featuredmedia":[{"embeddable":true,"href":"https:\/\/br.tereos.com\/pt-pt\/wp-json\/wp\/v2\/media\/7978"}],"wp:attachment":[{"href":"https:\/\/br.tereos.com\/pt-pt\/wp-json\/wp\/v2\/media?parent=7976"}],"wp:term":[{"taxonomy":"category","embeddable":true,"href":"https:\/\/br.tereos.com\/pt-pt\/wp-json\/wp\/v2\/categories?post=7976"}],"curies":[{"name":"wp","href":"https:\/\/api.w.org\/{rel}","templated":true}]}}