{"id":7903,"date":"2020-07-29T15:10:17","date_gmt":"2020-07-29T13:10:17","guid":{"rendered":"https:\/\/br.tereos.com\/?post_type=press_release&#038;p=7903"},"modified":"2020-08-03T21:19:43","modified_gmt":"2020-08-03T19:19:43","slug":"tereos-anuncia-financiamento-bancario-de-e-230-milhoes-garantido-pelo-governo-frances","status":"publish","type":"press_release","link":"https:\/\/br.tereos.com\/pt-pt\/press-releases\/tereos-anuncia-financiamento-bancario-de-e-230-milhoes-garantido-pelo-governo-frances\/","title":{"rendered":"Tereos anuncia financiamento banc\u00e1rio de  \u20ac 230 milh\u00f5es garantido pelo governo franc\u00eas"},"author":13,"featured_media":0,"template":"","categories":[],"class_list":["post-7903","press_release","type-press_release","status-publish","hentry"],"acf":{"cover_image":false,"cover_clone":{"cover_image":false},"file":{"ID":7904,"id":7904,"title":"Tereos anuncia financiamento banc\u00e1rio de \u20ac 230 milh\u00f5es garantido pelo governo franc\u00eas","filename":"tereos-anuncia-financiamento-bancrio-de-230-milhes-garantido-pelo-governo-francs.pdf","filesize":70286,"url":"https:\/\/www.tereos.com\/app\/uploads\/sites\/7\/2020\/08\/tereos-anuncia-financiamento-bancrio-de-230-milhes-garantido-pelo-governo-francs.pdf","link":"https:\/\/br.tereos.com\/pt-pt\/press-releases\/tereos-anuncia-financiamento-bancario-de-e-230-milhoes-garantido-pelo-governo-frances\/tereos-anuncia-financiamento-bancario-de-e-230-milhoes-garantido-pelo-governo-frances\/","alt":"","author":"13","description":"","caption":"","name":"tereos-anuncia-financiamento-bancario-de-e-230-milhoes-garantido-pelo-governo-frances","status":"inherit","uploaded_to":7903,"date":"2020-08-03 19:11:36","modified":"2020-08-03 19:11:36","menu_order":0,"mime_type":"application\/pdf","type":"application","subtype":"pdf","icon":"https:\/\/br.tereos.com\/wp\/wp-includes\/images\/media\/document.png"},"pdf_clone":{"file":{"ID":7904,"id":7904,"title":"Tereos anuncia financiamento banc\u00e1rio de \u20ac 230 milh\u00f5es garantido pelo governo franc\u00eas","filename":"tereos-anuncia-financiamento-bancrio-de-230-milhes-garantido-pelo-governo-francs.pdf","filesize":70286,"url":"https:\/\/www.tereos.com\/app\/uploads\/sites\/7\/2020\/08\/tereos-anuncia-financiamento-bancrio-de-230-milhes-garantido-pelo-governo-francs.pdf","link":"https:\/\/br.tereos.com\/pt-pt\/press-releases\/tereos-anuncia-financiamento-bancario-de-e-230-milhoes-garantido-pelo-governo-frances\/tereos-anuncia-financiamento-bancario-de-e-230-milhoes-garantido-pelo-governo-frances\/","alt":"","author":"13","description":"","caption":"","name":"tereos-anuncia-financiamento-bancario-de-e-230-milhoes-garantido-pelo-governo-frances","status":"inherit","uploaded_to":7903,"date":"2020-08-03 19:11:36","modified":"2020-08-03 19:11:36","menu_order":0,"mime_type":"application\/pdf","type":"application","subtype":"pdf","icon":"https:\/\/br.tereos.com\/wp\/wp-includes\/images\/media\/document.png"}},"headline":"","headline_clone":{"headline":""},"sections":[{"acf_fc_layout":"rich_text","anchor_title":"","text":"<p><span style=\"font-weight: 400\">Em um setor de alimentos em r\u00e1pida mudan\u00e7a, a crise da Covid-19 causou intensos impactos em toda a cadeia de suprimentos de alimentos e alterou drasticamente os padr\u00f5es de consumo. Ela p\u00f4s em evid\u00eancia os desafios relacionados \u00e0 seguran\u00e7a<\/span><span style=\"font-weight: 400\">\u00a0<\/span><span style=\"font-weight: 400\">\u00a0alimentar e \u00e0 import\u00e2ncia da produ\u00e7\u00e3o local competitiva para atender \u00e0s novas expectativas de nutri\u00e7\u00e3o, sa\u00fade e sustentabilidade. Neste contexto, a Tereos pretende acelerar a implementa\u00e7\u00e3o de seu plano de transforma\u00e7\u00e3o, conferindo a agilidade e a flexibilidade necess\u00e1rias para responder, no curto prazo, aos desafios ligados \u00e0 crise da sa\u00fade e permitindo dispor de solu\u00e7\u00f5es para enfrentar os desafios alimentares do futuro.<\/span><\/p>\n<p><span style=\"font-weight: 400\">Durante o confinamento, a Tereos conseguiu reconfigurar rapidamente suas opera\u00e7\u00f5es para garantir a continuidade do fornecimento aos clientes, especialmente o de alimentos. O Grupo tamb\u00e9m foi capaz de suprir uma grande demanda repentina de \u00e1lcool em gel farmac\u00eautico e de produtos destinados ao consumidor final, sobretudo os a\u00e7\u00facares vendidos sob a marca B\u00e9ghin-Say. Ao se adaptar, a Tereos manteve sua atividade em um n\u00edvel sustent\u00e1vel desde fevereiro e, por isso, n\u00e3o precisou recorrer \u00e0 jornada reduzida.<\/span><\/p>\n<p><span style=\"font-weight: 400\">Na Fran\u00e7a, a Tereos tamb\u00e9m produziu 200 mil litros de solu\u00e7\u00e3o hidroalco\u00f3lica durante o confinamento, que foram oferecidos \u00e0s Ag\u00eancias Regionais de Sa\u00fade de Grand-Est, de Centro Val-de-Loire, de Hauts-de-France e de Ile de France.<\/span><\/p>\n<p><span style=\"font-weight: 400\">No m\u00e9dio prazo, a Tereos pretende continuar promovendo a competitividade e o desenvolvimento de solu\u00e7\u00f5es nutricionais, prote\u00ednas vegetais e energias renov\u00e1veis, seus principais eixos estrat\u00e9gicos. Assim, o Grupo dar\u00e1 um passo significativo este ano na implanta\u00e7\u00e3o de seu plano de transforma\u00e7\u00e3o digital.<\/span><\/p>\n<p><span style=\"font-weight: 400\">No atual cen\u00e1rio de crise sanit\u00e1ria, o Grupo assegurou um financiamento banc\u00e1rio de \u20ac 230 milh\u00f5es, 80% garantidos pelo governo franc\u00eas e com prazo de vencimento de at\u00e9 cinco anos, que contribuir\u00e1 para esses desafios<\/span><span style=\"font-weight: 400\">] <\/span><span style=\"font-weight: 400\">.<\/span><\/p>\n<p><span style=\"font-weight: 400\">O financiamento foi poss\u00edvel gra\u00e7as ao suport<\/span><span style=\"font-weight: 400\">e do Banque Palatine, do BNP Paribas, do Bred Banque Populaire, da Caisse d\u2019Epargne et de Pr\u00e9voyance Grand Est Europe, do Commerzbank Aktiengesellschaft, da Co\u00f6peratieve Rabobank U.A., do Cr\u00e9dit Coop\u00e9ratif, do Cr\u00e9dit Industriel et Commercial e do Natixis (Agente de Documenta\u00e7\u00e3o e Facilitador).<\/span><\/p>\n<p><span style=\"font-weight: 400\">&#8220;Gostaria de agradecer ao Ministro da Economia e de Finan\u00e7as, \u00e0s suas equipes e ao governo franc\u00eas pelo compromisso com a Tereos, que atualmente mant\u00e9m na Fran\u00e7a uma produ\u00e7\u00e3o sustent\u00e1vel e competitiva de alimentos e produtos farmac\u00eauticos vitais ao pa\u00eds\u201d, afirmou Alexis Duval, diretor-presidente da Tereos. \u201cEste financiamento tamb\u00e9m reflete a confian\u00e7a de nossos parceiros banc\u00e1rios na qualidade dos resultados publicados pelo Grupo nas \u00faltimas semanas e, de maneira geral, nas escolhas estrat\u00e9gicas feitas pela Tereos. Isso ajudar\u00e1 a consolidar o bom momento iniciado pelo nosso plano de transforma\u00e7\u00e3o para o futuro, enquanto a crise sanit\u00e1ria acelera as mudan\u00e7as j\u00e1 em andamento no setor de alimentos.&#8221;<\/span><\/p>\n<p><span style=\"font-weight: 400\">Rothschild &amp; Co e White &amp; Case atuaram como consultores da Tereos e Bredin Prat como consultor de parceiros banc\u00e1rios.<\/span><\/p>\n<p>&nbsp;<\/p>\n"}],"flexible_editorial_clone":{"has_anchors":false,"sections":[{"acf_fc_layout":"rich_text","anchor_title":"","text":"<p><span style=\"font-weight: 400\">Em um setor de alimentos em r\u00e1pida mudan\u00e7a, a crise da Covid-19 causou intensos impactos em toda a cadeia de suprimentos de alimentos e alterou drasticamente os padr\u00f5es de consumo. Ela p\u00f4s em evid\u00eancia os desafios relacionados \u00e0 seguran\u00e7a<\/span><span style=\"font-weight: 400\">\u00a0<\/span><span style=\"font-weight: 400\">\u00a0alimentar e \u00e0 import\u00e2ncia da produ\u00e7\u00e3o local competitiva para atender \u00e0s novas expectativas de nutri\u00e7\u00e3o, sa\u00fade e sustentabilidade. Neste contexto, a Tereos pretende acelerar a implementa\u00e7\u00e3o de seu plano de transforma\u00e7\u00e3o, conferindo a agilidade e a flexibilidade necess\u00e1rias para responder, no curto prazo, aos desafios ligados \u00e0 crise da sa\u00fade e permitindo dispor de solu\u00e7\u00f5es para enfrentar os desafios alimentares do futuro.<\/span><\/p>\n<p><span style=\"font-weight: 400\">Durante o confinamento, a Tereos conseguiu reconfigurar rapidamente suas opera\u00e7\u00f5es para garantir a continuidade do fornecimento aos clientes, especialmente o de alimentos. O Grupo tamb\u00e9m foi capaz de suprir uma grande demanda repentina de \u00e1lcool em gel farmac\u00eautico e de produtos destinados ao consumidor final, sobretudo os a\u00e7\u00facares vendidos sob a marca B\u00e9ghin-Say. Ao se adaptar, a Tereos manteve sua atividade em um n\u00edvel sustent\u00e1vel desde fevereiro e, por isso, n\u00e3o precisou recorrer \u00e0 jornada reduzida.<\/span><\/p>\n<p><span style=\"font-weight: 400\">Na Fran\u00e7a, a Tereos tamb\u00e9m produziu 200 mil litros de solu\u00e7\u00e3o hidroalco\u00f3lica durante o confinamento, que foram oferecidos \u00e0s Ag\u00eancias Regionais de Sa\u00fade de Grand-Est, de Centro Val-de-Loire, de Hauts-de-France e de Ile de France.<\/span><\/p>\n<p><span style=\"font-weight: 400\">No m\u00e9dio prazo, a Tereos pretende continuar promovendo a competitividade e o desenvolvimento de solu\u00e7\u00f5es nutricionais, prote\u00ednas vegetais e energias renov\u00e1veis, seus principais eixos estrat\u00e9gicos. Assim, o Grupo dar\u00e1 um passo significativo este ano na implanta\u00e7\u00e3o de seu plano de transforma\u00e7\u00e3o digital.<\/span><\/p>\n<p><span style=\"font-weight: 400\">No atual cen\u00e1rio de crise sanit\u00e1ria, o Grupo assegurou um financiamento banc\u00e1rio de \u20ac 230 milh\u00f5es, 80% garantidos pelo governo franc\u00eas e com prazo de vencimento de at\u00e9 cinco anos, que contribuir\u00e1 para esses desafios<\/span><span style=\"font-weight: 400\">] <\/span><span style=\"font-weight: 400\">.<\/span><\/p>\n<p><span style=\"font-weight: 400\">O financiamento foi poss\u00edvel gra\u00e7as ao suport<\/span><span style=\"font-weight: 400\">e do Banque Palatine, do BNP Paribas, do Bred Banque Populaire, da Caisse d\u2019Epargne et de Pr\u00e9voyance Grand Est Europe, do Commerzbank Aktiengesellschaft, da Co\u00f6peratieve Rabobank U.A., do Cr\u00e9dit Coop\u00e9ratif, do Cr\u00e9dit Industriel et Commercial e do Natixis (Agente de Documenta\u00e7\u00e3o e Facilitador).<\/span><\/p>\n<p><span style=\"font-weight: 400\">&#8220;Gostaria de agradecer ao Ministro da Economia e de Finan\u00e7as, \u00e0s suas equipes e ao governo franc\u00eas pelo compromisso com a Tereos, que atualmente mant\u00e9m na Fran\u00e7a uma produ\u00e7\u00e3o sustent\u00e1vel e competitiva de alimentos e produtos farmac\u00eauticos vitais ao pa\u00eds\u201d, afirmou Alexis Duval, diretor-presidente da Tereos. \u201cEste financiamento tamb\u00e9m reflete a confian\u00e7a de nossos parceiros banc\u00e1rios na qualidade dos resultados publicados pelo Grupo nas \u00faltimas semanas e, de maneira geral, nas escolhas estrat\u00e9gicas feitas pela Tereos. Isso ajudar\u00e1 a consolidar o bom momento iniciado pelo nosso plano de transforma\u00e7\u00e3o para o futuro, enquanto a crise sanit\u00e1ria acelera as mudan\u00e7as j\u00e1 em andamento no setor de alimentos.&#8221;<\/span><\/p>\n<p><span style=\"font-weight: 400\">Rothschild &amp; Co e White &amp; Case atuaram como consultores da Tereos e Bredin Prat como consultor de parceiros banc\u00e1rios.<\/span><\/p>\n<p>&nbsp;<\/p>\n"}]}},"yoast_head":"<!-- This site is optimized with the Yoast SEO plugin v23.7 - https:\/\/yoast.com\/wordpress\/plugins\/seo\/ -->\n<title>Tereos anuncia financiamento banc\u00e1rio de \u20ac 230 milh\u00f5es garantido pelo governo franc\u00eas - Brasil<\/title>\n<meta name=\"robots\" content=\"index, follow, max-snippet:-1, max-image-preview:large, max-video-preview:-1\" \/>\n<link rel=\"canonical\" href=\"https:\/\/br.tereos.com\/pt-pt\/press-releases\/tereos-anuncia-financiamento-bancario-de-e-230-milhoes-garantido-pelo-governo-frances\/\" \/>\n<meta property=\"og:locale\" content=\"pt_PT\" \/>\n<meta property=\"og:type\" content=\"article\" \/>\n<meta property=\"og:title\" content=\"Tereos anuncia financiamento banc\u00e1rio de \u20ac 230 milh\u00f5es garantido pelo governo franc\u00eas - Brasil\" \/>\n<meta property=\"og:url\" content=\"https:\/\/br.tereos.com\/pt-pt\/press-releases\/tereos-anuncia-financiamento-bancario-de-e-230-milhoes-garantido-pelo-governo-frances\/\" \/>\n<meta property=\"og:site_name\" content=\"Brasil\" \/>\n<meta property=\"article:modified_time\" content=\"2020-08-03T19:19:43+00:00\" \/>\n<meta name=\"twitter:card\" content=\"summary_large_image\" \/>\n<script type=\"application\/ld+json\" class=\"yoast-schema-graph\">{\"@context\":\"https:\/\/schema.org\",\"@graph\":[{\"@type\":\"WebPage\",\"@id\":\"https:\/\/br.tereos.com\/pt-pt\/press-releases\/tereos-anuncia-financiamento-bancario-de-e-230-milhoes-garantido-pelo-governo-frances\/\",\"url\":\"https:\/\/br.tereos.com\/pt-pt\/press-releases\/tereos-anuncia-financiamento-bancario-de-e-230-milhoes-garantido-pelo-governo-frances\/\",\"name\":\"Tereos anuncia financiamento banc\u00e1rio de \u20ac 230 milh\u00f5es garantido pelo governo franc\u00eas - Brasil\",\"isPartOf\":{\"@id\":\"https:\/\/br.tereos.com\/pt-pt\/#website\"},\"datePublished\":\"2020-07-29T13:10:17+00:00\",\"dateModified\":\"2020-08-03T19:19:43+00:00\",\"breadcrumb\":{\"@id\":\"https:\/\/br.tereos.com\/pt-pt\/press-releases\/tereos-anuncia-financiamento-bancario-de-e-230-milhoes-garantido-pelo-governo-frances\/#breadcrumb\"},\"inLanguage\":\"pt-PT\",\"potentialAction\":[{\"@type\":\"ReadAction\",\"target\":[\"https:\/\/br.tereos.com\/pt-pt\/press-releases\/tereos-anuncia-financiamento-bancario-de-e-230-milhoes-garantido-pelo-governo-frances\/\"]}]},{\"@type\":\"BreadcrumbList\",\"@id\":\"https:\/\/br.tereos.com\/pt-pt\/press-releases\/tereos-anuncia-financiamento-bancario-de-e-230-milhoes-garantido-pelo-governo-frances\/#breadcrumb\",\"itemListElement\":[{\"@type\":\"ListItem\",\"position\":1,\"name\":\"Home\",\"item\":\"https:\/\/br.tereos.com\/pt-pt\/\"},{\"@type\":\"ListItem\",\"position\":2,\"name\":\"Tereos anuncia financiamento banc\u00e1rio de \u20ac 230 milh\u00f5es garantido pelo governo franc\u00eas\"}]},{\"@type\":\"WebSite\",\"@id\":\"https:\/\/br.tereos.com\/pt-pt\/#website\",\"url\":\"https:\/\/br.tereos.com\/pt-pt\/\",\"name\":\"Brasil\",\"description\":\"Un site utilisant WordPress\",\"potentialAction\":[{\"@type\":\"SearchAction\",\"target\":{\"@type\":\"EntryPoint\",\"urlTemplate\":\"https:\/\/br.tereos.com\/pt-pt\/?s={search_term_string}\"},\"query-input\":{\"@type\":\"PropertyValueSpecification\",\"valueRequired\":true,\"valueName\":\"search_term_string\"}}],\"inLanguage\":\"pt-PT\"}]}<\/script>\n<!-- \/ Yoast SEO plugin. -->","yoast_head_json":{"title":"Tereos anuncia financiamento banc\u00e1rio de \u20ac 230 milh\u00f5es garantido pelo governo franc\u00eas - Brasil","robots":{"index":"index","follow":"follow","max-snippet":"max-snippet:-1","max-image-preview":"max-image-preview:large","max-video-preview":"max-video-preview:-1"},"canonical":"https:\/\/br.tereos.com\/pt-pt\/press-releases\/tereos-anuncia-financiamento-bancario-de-e-230-milhoes-garantido-pelo-governo-frances\/","og_locale":"pt_PT","og_type":"article","og_title":"Tereos anuncia financiamento banc\u00e1rio de \u20ac 230 milh\u00f5es garantido pelo governo franc\u00eas - Brasil","og_url":"https:\/\/br.tereos.com\/pt-pt\/press-releases\/tereos-anuncia-financiamento-bancario-de-e-230-milhoes-garantido-pelo-governo-frances\/","og_site_name":"Brasil","article_modified_time":"2020-08-03T19:19:43+00:00","twitter_card":"summary_large_image","schema":{"@context":"https:\/\/schema.org","@graph":[{"@type":"WebPage","@id":"https:\/\/br.tereos.com\/pt-pt\/press-releases\/tereos-anuncia-financiamento-bancario-de-e-230-milhoes-garantido-pelo-governo-frances\/","url":"https:\/\/br.tereos.com\/pt-pt\/press-releases\/tereos-anuncia-financiamento-bancario-de-e-230-milhoes-garantido-pelo-governo-frances\/","name":"Tereos anuncia financiamento banc\u00e1rio de \u20ac 230 milh\u00f5es garantido pelo governo franc\u00eas - Brasil","isPartOf":{"@id":"https:\/\/br.tereos.com\/pt-pt\/#website"},"datePublished":"2020-07-29T13:10:17+00:00","dateModified":"2020-08-03T19:19:43+00:00","breadcrumb":{"@id":"https:\/\/br.tereos.com\/pt-pt\/press-releases\/tereos-anuncia-financiamento-bancario-de-e-230-milhoes-garantido-pelo-governo-frances\/#breadcrumb"},"inLanguage":"pt-PT","potentialAction":[{"@type":"ReadAction","target":["https:\/\/br.tereos.com\/pt-pt\/press-releases\/tereos-anuncia-financiamento-bancario-de-e-230-milhoes-garantido-pelo-governo-frances\/"]}]},{"@type":"BreadcrumbList","@id":"https:\/\/br.tereos.com\/pt-pt\/press-releases\/tereos-anuncia-financiamento-bancario-de-e-230-milhoes-garantido-pelo-governo-frances\/#breadcrumb","itemListElement":[{"@type":"ListItem","position":1,"name":"Home","item":"https:\/\/br.tereos.com\/pt-pt\/"},{"@type":"ListItem","position":2,"name":"Tereos anuncia financiamento banc\u00e1rio de \u20ac 230 milh\u00f5es garantido pelo governo franc\u00eas"}]},{"@type":"WebSite","@id":"https:\/\/br.tereos.com\/pt-pt\/#website","url":"https:\/\/br.tereos.com\/pt-pt\/","name":"Brasil","description":"Un site utilisant WordPress","potentialAction":[{"@type":"SearchAction","target":{"@type":"EntryPoint","urlTemplate":"https:\/\/br.tereos.com\/pt-pt\/?s={search_term_string}"},"query-input":{"@type":"PropertyValueSpecification","valueRequired":true,"valueName":"search_term_string"}}],"inLanguage":"pt-PT"}]}},"featured_media_src":false,"date_formatted":"29 July 2020 ","_links":{"self":[{"href":"https:\/\/br.tereos.com\/pt-pt\/wp-json\/wp\/v2\/press-release\/7903"}],"collection":[{"href":"https:\/\/br.tereos.com\/pt-pt\/wp-json\/wp\/v2\/press-release"}],"about":[{"href":"https:\/\/br.tereos.com\/pt-pt\/wp-json\/wp\/v2\/types\/press_release"}],"author":[{"embeddable":true,"href":"https:\/\/br.tereos.com\/pt-pt\/wp-json\/wp\/v2\/users\/13"}],"version-history":[{"count":1,"href":"https:\/\/br.tereos.com\/pt-pt\/wp-json\/wp\/v2\/press-release\/7903\/revisions"}],"predecessor-version":[{"id":7905,"href":"https:\/\/br.tereos.com\/pt-pt\/wp-json\/wp\/v2\/press-release\/7903\/revisions\/7905"}],"wp:attachment":[{"href":"https:\/\/br.tereos.com\/pt-pt\/wp-json\/wp\/v2\/media?parent=7903"}],"wp:term":[{"taxonomy":"category","embeddable":true,"href":"https:\/\/br.tereos.com\/pt-pt\/wp-json\/wp\/v2\/categories?post=7903"}],"curies":[{"name":"wp","href":"https:\/\/api.w.org\/{rel}","templated":true}]}}