{"id":7822,"date":"2020-06-17T19:57:36","date_gmt":"2020-06-17T17:57:36","guid":{"rendered":"https:\/\/br.tereos.com\/?post_type=press_release&#038;p=7822"},"modified":"2020-06-17T19:59:33","modified_gmt":"2020-06-17T17:59:33","slug":"caminhoneiros-recebem-doacao-de-cestas-basicas-e-alcool","status":"publish","type":"press_release","link":"https:\/\/br.tereos.com\/pt-pt\/press-releases\/caminhoneiros-recebem-doacao-de-cestas-basicas-e-alcool\/","title":{"rendered":"Caminhoneiros recebem doa\u00e7\u00e3o de cestas b\u00e1sicas e \u00e1lcool"},"author":13,"featured_media":7823,"template":"","categories":[],"class_list":["post-7822","press_release","type-press_release","status-publish","has-post-thumbnail","hentry"],"acf":{"cover_image":7823,"cover_clone":{"cover_image":7823},"file":{"ID":7824,"id":7824,"title":"_Caminhoneiros recebem doa\u00e7\u00e3o de cestas b\u00e1sicas e \u00e1lcool.docx","filename":"caminhoneiros-recebem-doao-de-cestas-bsicas-e-lcool-docx.pdf","filesize":112654,"url":"https:\/\/www.tereos.com\/app\/uploads\/sites\/7\/2020\/06\/caminhoneiros-recebem-doao-de-cestas-bsicas-e-lcool-docx.pdf","link":"https:\/\/br.tereos.com\/pt-pt\/press-releases\/caminhoneiros-recebem-doacao-de-cestas-basicas-e-alcool\/_caminhoneiros-recebem-doacao-de-cestas-basicas-e-alcool-docx\/","alt":"","author":"13","description":"","caption":"","name":"_caminhoneiros-recebem-doacao-de-cestas-basicas-e-alcool-docx","status":"inherit","uploaded_to":7822,"date":"2020-06-17 17:54:10","modified":"2020-06-17 17:54:10","menu_order":0,"mime_type":"application\/pdf","type":"application","subtype":"pdf","icon":"https:\/\/br.tereos.com\/wp\/wp-includes\/images\/media\/document.png"},"pdf_clone":{"file":{"ID":7824,"id":7824,"title":"_Caminhoneiros recebem doa\u00e7\u00e3o de cestas b\u00e1sicas e \u00e1lcool.docx","filename":"caminhoneiros-recebem-doao-de-cestas-bsicas-e-lcool-docx.pdf","filesize":112654,"url":"https:\/\/www.tereos.com\/app\/uploads\/sites\/7\/2020\/06\/caminhoneiros-recebem-doao-de-cestas-bsicas-e-lcool-docx.pdf","link":"https:\/\/br.tereos.com\/pt-pt\/press-releases\/caminhoneiros-recebem-doacao-de-cestas-basicas-e-alcool\/_caminhoneiros-recebem-doacao-de-cestas-basicas-e-alcool-docx\/","alt":"","author":"13","description":"","caption":"","name":"_caminhoneiros-recebem-doacao-de-cestas-basicas-e-alcool-docx","status":"inherit","uploaded_to":7822,"date":"2020-06-17 17:54:10","modified":"2020-06-17 17:54:10","menu_order":0,"mime_type":"application\/pdf","type":"application","subtype":"pdf","icon":"https:\/\/br.tereos.com\/wp\/wp-includes\/images\/media\/document.png"}},"headline":"Parceria entre VLI e Tereos refor\u00e7a preven\u00e7\u00e3o e apoio aos parceiros<br \/>\r\n","headline_clone":{"headline":"Parceria entre VLI e Tereos refor\u00e7a preven\u00e7\u00e3o e apoio aos parceiros<br \/>\r\n"},"sections":[{"acf_fc_layout":"rich_text","anchor_title":"","text":"<p>A VLI, companhia de solu\u00e7\u00f5es log\u00edsticas que opera<br \/>\nterminais, ferrovias e portos, em parceria com a Tereos, uma das l\u00edderes mundiais na<br \/>\nprodu\u00e7\u00e3o de a\u00e7\u00facar, etanol e amidos, est\u00e3o disponibilizando \u00e1lcool 70% e duas mil<br \/>\ncestas b\u00e1sicas para caminhoneiros que descarregam no terminal de Guar\u00e1, no interior<br \/>\nde S\u00e3o Paulo.<br \/>\nNa parceria, a Tereos \u00e9 respons\u00e1vel pela doa\u00e7\u00e3o de quatro mil litros de \u00e1lcool 70% e<br \/>\nquatro mil quilos de a\u00e7\u00facar Guarani, que comp\u00f5em as cestas. A VLI providenciou o<br \/>\nenvase para que o item de limpeza possa ser entregue aos caminhoneiros, al\u00e9m dos<br \/>\ndemais produtos. \u201cO momento pede mais parceria e engajamento entre empresas.<br \/>\nEstamos conectando a nossa cadeia para podermos, juntos, superar os desafios e<br \/>\nfortalecer ainda mais as nossas conex\u00f5es\u201d, destaca Maria Clara Fernandes, gerente<br \/>\nde Sustentabilidade da VLI.<br \/>\nA Tereos \u00e9 um dos clientes da VLI que descarregam no terminal intermodal de Guar\u00e1,<br \/>\nde onde o produto \u00e9 transferido para a ferrovia. O a\u00e7\u00facar descarregado ali \u00e9 produzido<br \/>\nnas sete unidades industriais do Grupo, localizadas na regi\u00e3o Noroeste do Estado de<br \/>\nS\u00e3o Paulo.<br \/>\n\u201cH\u00e1 dois anos, a Tereos e a VLI iniciaram uma parceria log\u00edstica para transporte e<br \/>\narmazenagem de a\u00e7\u00facar e agora uma nova parceria se realiza. Desta vez, a alian\u00e7a<br \/>\ntem como prop\u00f3sito ajudar a abastecer a mesa de trabalhadores importantes que<br \/>\ncontinuam atuando durante a pandemia: os caminhoneiros. \u00c9 essencial que as<br \/>\nempresas se unam para ajudar as comunidades em que atuam\u201d, aponta Roberto<br \/>\nPerosa, gerente-executivo de Rela\u00e7\u00f5es Institucionais da Tereos.<br \/>\nPor ser classificado como um servi\u00e7o essencial, o transporte de cargas segue<br \/>\nnormalmente e o foco das empresas \u00e9 contribuir para que os caminhoneiros possam<br \/>\ncontinuar as suas atividades em seguran\u00e7a. O sistema multimodal da VLI conecta<br \/>\nestradas, ferrovias e portos para oferecer ao mercado um escoamento mais \u00e1gil. No<br \/>\npico da safra de a\u00e7\u00facar, cerca de 450 caminhoneiros passam no terminal de Guar\u00e1<br \/>\ndiariamente.<\/p>\n"}],"flexible_editorial_clone":{"has_anchors":false,"sections":[{"acf_fc_layout":"rich_text","anchor_title":"","text":"<p>A VLI, companhia de solu\u00e7\u00f5es log\u00edsticas que opera<br \/>\nterminais, ferrovias e portos, em parceria com a Tereos, uma das l\u00edderes mundiais na<br \/>\nprodu\u00e7\u00e3o de a\u00e7\u00facar, etanol e amidos, est\u00e3o disponibilizando \u00e1lcool 70% e duas mil<br \/>\ncestas b\u00e1sicas para caminhoneiros que descarregam no terminal de Guar\u00e1, no interior<br \/>\nde S\u00e3o Paulo.<br \/>\nNa parceria, a Tereos \u00e9 respons\u00e1vel pela doa\u00e7\u00e3o de quatro mil litros de \u00e1lcool 70% e<br \/>\nquatro mil quilos de a\u00e7\u00facar Guarani, que comp\u00f5em as cestas. A VLI providenciou o<br \/>\nenvase para que o item de limpeza possa ser entregue aos caminhoneiros, al\u00e9m dos<br \/>\ndemais produtos. \u201cO momento pede mais parceria e engajamento entre empresas.<br \/>\nEstamos conectando a nossa cadeia para podermos, juntos, superar os desafios e<br \/>\nfortalecer ainda mais as nossas conex\u00f5es\u201d, destaca Maria Clara Fernandes, gerente<br \/>\nde Sustentabilidade da VLI.<br \/>\nA Tereos \u00e9 um dos clientes da VLI que descarregam no terminal intermodal de Guar\u00e1,<br \/>\nde onde o produto \u00e9 transferido para a ferrovia. O a\u00e7\u00facar descarregado ali \u00e9 produzido<br \/>\nnas sete unidades industriais do Grupo, localizadas na regi\u00e3o Noroeste do Estado de<br \/>\nS\u00e3o Paulo.<br \/>\n\u201cH\u00e1 dois anos, a Tereos e a VLI iniciaram uma parceria log\u00edstica para transporte e<br \/>\narmazenagem de a\u00e7\u00facar e agora uma nova parceria se realiza. Desta vez, a alian\u00e7a<br \/>\ntem como prop\u00f3sito ajudar a abastecer a mesa de trabalhadores importantes que<br \/>\ncontinuam atuando durante a pandemia: os caminhoneiros. \u00c9 essencial que as<br \/>\nempresas se unam para ajudar as comunidades em que atuam\u201d, aponta Roberto<br \/>\nPerosa, gerente-executivo de Rela\u00e7\u00f5es Institucionais da Tereos.<br \/>\nPor ser classificado como um servi\u00e7o essencial, o transporte de cargas segue<br \/>\nnormalmente e o foco das empresas \u00e9 contribuir para que os caminhoneiros possam<br \/>\ncontinuar as suas atividades em seguran\u00e7a. O sistema multimodal da VLI conecta<br \/>\nestradas, ferrovias e portos para oferecer ao mercado um escoamento mais \u00e1gil. No<br \/>\npico da safra de a\u00e7\u00facar, cerca de 450 caminhoneiros passam no terminal de Guar\u00e1<br \/>\ndiariamente.<\/p>\n"}]}},"yoast_head":"<!-- This site is optimized with the Yoast SEO plugin v23.7 - https:\/\/yoast.com\/wordpress\/plugins\/seo\/ -->\n<title>Caminhoneiros recebem doa\u00e7\u00e3o de cestas b\u00e1sicas e \u00e1lcool - Brasil<\/title>\n<meta name=\"robots\" content=\"index, follow, max-snippet:-1, max-image-preview:large, max-video-preview:-1\" \/>\n<link rel=\"canonical\" href=\"https:\/\/br.tereos.com\/pt-pt\/press-releases\/caminhoneiros-recebem-doacao-de-cestas-basicas-e-alcool\/\" \/>\n<meta property=\"og:locale\" content=\"pt_PT\" \/>\n<meta property=\"og:type\" content=\"article\" \/>\n<meta property=\"og:title\" content=\"Caminhoneiros recebem doa\u00e7\u00e3o de cestas b\u00e1sicas e \u00e1lcool - Brasil\" \/>\n<meta property=\"og:url\" content=\"https:\/\/br.tereos.com\/pt-pt\/press-releases\/caminhoneiros-recebem-doacao-de-cestas-basicas-e-alcool\/\" \/>\n<meta property=\"og:site_name\" content=\"Brasil\" \/>\n<meta property=\"article:modified_time\" content=\"2020-06-17T17:59:33+00:00\" \/>\n<meta property=\"og:image\" content=\"https:\/\/www.tereos.com\/app\/uploads\/sites\/7\/2020\/06\/tamanho-site-1920x1440-1.png\" \/>\n\t<meta property=\"og:image:width\" content=\"1024\" \/>\n\t<meta property=\"og:image:height\" content=\"768\" \/>\n\t<meta property=\"og:image:type\" content=\"image\/png\" \/>\n<meta name=\"twitter:card\" content=\"summary_large_image\" \/>\n<script type=\"application\/ld+json\" class=\"yoast-schema-graph\">{\"@context\":\"https:\/\/schema.org\",\"@graph\":[{\"@type\":\"WebPage\",\"@id\":\"https:\/\/br.tereos.com\/pt-pt\/press-releases\/caminhoneiros-recebem-doacao-de-cestas-basicas-e-alcool\/\",\"url\":\"https:\/\/br.tereos.com\/pt-pt\/press-releases\/caminhoneiros-recebem-doacao-de-cestas-basicas-e-alcool\/\",\"name\":\"Caminhoneiros recebem doa\u00e7\u00e3o de cestas b\u00e1sicas e \u00e1lcool - Brasil\",\"isPartOf\":{\"@id\":\"https:\/\/br.tereos.com\/pt-pt\/#website\"},\"primaryImageOfPage\":{\"@id\":\"https:\/\/br.tereos.com\/pt-pt\/press-releases\/caminhoneiros-recebem-doacao-de-cestas-basicas-e-alcool\/#primaryimage\"},\"image\":{\"@id\":\"https:\/\/br.tereos.com\/pt-pt\/press-releases\/caminhoneiros-recebem-doacao-de-cestas-basicas-e-alcool\/#primaryimage\"},\"thumbnailUrl\":\"https:\/\/www.tereos.com\/app\/uploads\/sites\/7\/2020\/06\/tamanho-site-1920x1440-1.png\",\"datePublished\":\"2020-06-17T17:57:36+00:00\",\"dateModified\":\"2020-06-17T17:59:33+00:00\",\"breadcrumb\":{\"@id\":\"https:\/\/br.tereos.com\/pt-pt\/press-releases\/caminhoneiros-recebem-doacao-de-cestas-basicas-e-alcool\/#breadcrumb\"},\"inLanguage\":\"pt-PT\",\"potentialAction\":[{\"@type\":\"ReadAction\",\"target\":[\"https:\/\/br.tereos.com\/pt-pt\/press-releases\/caminhoneiros-recebem-doacao-de-cestas-basicas-e-alcool\/\"]}]},{\"@type\":\"ImageObject\",\"inLanguage\":\"pt-PT\",\"@id\":\"https:\/\/br.tereos.com\/pt-pt\/press-releases\/caminhoneiros-recebem-doacao-de-cestas-basicas-e-alcool\/#primaryimage\",\"url\":\"https:\/\/www.tereos.com\/app\/uploads\/sites\/7\/2020\/06\/tamanho-site-1920x1440-1.png\",\"contentUrl\":\"https:\/\/www.tereos.com\/app\/uploads\/sites\/7\/2020\/06\/tamanho-site-1920x1440-1.png\",\"width\":1920,\"height\":1440},{\"@type\":\"BreadcrumbList\",\"@id\":\"https:\/\/br.tereos.com\/pt-pt\/press-releases\/caminhoneiros-recebem-doacao-de-cestas-basicas-e-alcool\/#breadcrumb\",\"itemListElement\":[{\"@type\":\"ListItem\",\"position\":1,\"name\":\"Home\",\"item\":\"https:\/\/br.tereos.com\/pt-pt\/\"},{\"@type\":\"ListItem\",\"position\":2,\"name\":\"Caminhoneiros recebem doa\u00e7\u00e3o de cestas b\u00e1sicas e \u00e1lcool\"}]},{\"@type\":\"WebSite\",\"@id\":\"https:\/\/br.tereos.com\/pt-pt\/#website\",\"url\":\"https:\/\/br.tereos.com\/pt-pt\/\",\"name\":\"Brasil\",\"description\":\"Un site utilisant WordPress\",\"potentialAction\":[{\"@type\":\"SearchAction\",\"target\":{\"@type\":\"EntryPoint\",\"urlTemplate\":\"https:\/\/br.tereos.com\/pt-pt\/?s={search_term_string}\"},\"query-input\":{\"@type\":\"PropertyValueSpecification\",\"valueRequired\":true,\"valueName\":\"search_term_string\"}}],\"inLanguage\":\"pt-PT\"}]}<\/script>\n<!-- \/ Yoast SEO plugin. -->","yoast_head_json":{"title":"Caminhoneiros recebem doa\u00e7\u00e3o de cestas b\u00e1sicas e \u00e1lcool - Brasil","robots":{"index":"index","follow":"follow","max-snippet":"max-snippet:-1","max-image-preview":"max-image-preview:large","max-video-preview":"max-video-preview:-1"},"canonical":"https:\/\/br.tereos.com\/pt-pt\/press-releases\/caminhoneiros-recebem-doacao-de-cestas-basicas-e-alcool\/","og_locale":"pt_PT","og_type":"article","og_title":"Caminhoneiros recebem doa\u00e7\u00e3o de cestas b\u00e1sicas e \u00e1lcool - Brasil","og_url":"https:\/\/br.tereos.com\/pt-pt\/press-releases\/caminhoneiros-recebem-doacao-de-cestas-basicas-e-alcool\/","og_site_name":"Brasil","article_modified_time":"2020-06-17T17:59:33+00:00","og_image":[{"url":"https:\/\/www.tereos.com\/app\/uploads\/sites\/7\/2020\/06\/tamanho-site-1920x1440-1.png","width":1024,"height":768,"type":"image\/png"}],"twitter_card":"summary_large_image","schema":{"@context":"https:\/\/schema.org","@graph":[{"@type":"WebPage","@id":"https:\/\/br.tereos.com\/pt-pt\/press-releases\/caminhoneiros-recebem-doacao-de-cestas-basicas-e-alcool\/","url":"https:\/\/br.tereos.com\/pt-pt\/press-releases\/caminhoneiros-recebem-doacao-de-cestas-basicas-e-alcool\/","name":"Caminhoneiros recebem doa\u00e7\u00e3o de cestas b\u00e1sicas e \u00e1lcool - Brasil","isPartOf":{"@id":"https:\/\/br.tereos.com\/pt-pt\/#website"},"primaryImageOfPage":{"@id":"https:\/\/br.tereos.com\/pt-pt\/press-releases\/caminhoneiros-recebem-doacao-de-cestas-basicas-e-alcool\/#primaryimage"},"image":{"@id":"https:\/\/br.tereos.com\/pt-pt\/press-releases\/caminhoneiros-recebem-doacao-de-cestas-basicas-e-alcool\/#primaryimage"},"thumbnailUrl":"https:\/\/www.tereos.com\/app\/uploads\/sites\/7\/2020\/06\/tamanho-site-1920x1440-1.png","datePublished":"2020-06-17T17:57:36+00:00","dateModified":"2020-06-17T17:59:33+00:00","breadcrumb":{"@id":"https:\/\/br.tereos.com\/pt-pt\/press-releases\/caminhoneiros-recebem-doacao-de-cestas-basicas-e-alcool\/#breadcrumb"},"inLanguage":"pt-PT","potentialAction":[{"@type":"ReadAction","target":["https:\/\/br.tereos.com\/pt-pt\/press-releases\/caminhoneiros-recebem-doacao-de-cestas-basicas-e-alcool\/"]}]},{"@type":"ImageObject","inLanguage":"pt-PT","@id":"https:\/\/br.tereos.com\/pt-pt\/press-releases\/caminhoneiros-recebem-doacao-de-cestas-basicas-e-alcool\/#primaryimage","url":"https:\/\/www.tereos.com\/app\/uploads\/sites\/7\/2020\/06\/tamanho-site-1920x1440-1.png","contentUrl":"https:\/\/www.tereos.com\/app\/uploads\/sites\/7\/2020\/06\/tamanho-site-1920x1440-1.png","width":1920,"height":1440},{"@type":"BreadcrumbList","@id":"https:\/\/br.tereos.com\/pt-pt\/press-releases\/caminhoneiros-recebem-doacao-de-cestas-basicas-e-alcool\/#breadcrumb","itemListElement":[{"@type":"ListItem","position":1,"name":"Home","item":"https:\/\/br.tereos.com\/pt-pt\/"},{"@type":"ListItem","position":2,"name":"Caminhoneiros recebem doa\u00e7\u00e3o de cestas b\u00e1sicas e \u00e1lcool"}]},{"@type":"WebSite","@id":"https:\/\/br.tereos.com\/pt-pt\/#website","url":"https:\/\/br.tereos.com\/pt-pt\/","name":"Brasil","description":"Un site utilisant WordPress","potentialAction":[{"@type":"SearchAction","target":{"@type":"EntryPoint","urlTemplate":"https:\/\/br.tereos.com\/pt-pt\/?s={search_term_string}"},"query-input":{"@type":"PropertyValueSpecification","valueRequired":true,"valueName":"search_term_string"}}],"inLanguage":"pt-PT"}]}},"featured_media_src":"https:\/\/www.tereos.com\/app\/uploads\/sites\/7\/2020\/06\/tamanho-site-1920x1440-1-520x390-c-default.png","date_formatted":"17 June 2020 ","_links":{"self":[{"href":"https:\/\/br.tereos.com\/pt-pt\/wp-json\/wp\/v2\/press-release\/7822"}],"collection":[{"href":"https:\/\/br.tereos.com\/pt-pt\/wp-json\/wp\/v2\/press-release"}],"about":[{"href":"https:\/\/br.tereos.com\/pt-pt\/wp-json\/wp\/v2\/types\/press_release"}],"author":[{"embeddable":true,"href":"https:\/\/br.tereos.com\/pt-pt\/wp-json\/wp\/v2\/users\/13"}],"version-history":[{"count":2,"href":"https:\/\/br.tereos.com\/pt-pt\/wp-json\/wp\/v2\/press-release\/7822\/revisions"}],"predecessor-version":[{"id":7826,"href":"https:\/\/br.tereos.com\/pt-pt\/wp-json\/wp\/v2\/press-release\/7822\/revisions\/7826"}],"wp:featuredmedia":[{"embeddable":true,"href":"https:\/\/br.tereos.com\/pt-pt\/wp-json\/wp\/v2\/media\/7823"}],"wp:attachment":[{"href":"https:\/\/br.tereos.com\/pt-pt\/wp-json\/wp\/v2\/media?parent=7822"}],"wp:term":[{"taxonomy":"category","embeddable":true,"href":"https:\/\/br.tereos.com\/pt-pt\/wp-json\/wp\/v2\/categories?post=7822"}],"curies":[{"name":"wp","href":"https:\/\/api.w.org\/{rel}","templated":true}]}}