{"id":7157,"date":"2019-12-30T11:14:39","date_gmt":"2019-12-30T10:14:39","guid":{"rendered":"https:\/\/br.tereos.com\/?post_type=press_release&#038;p=7157"},"modified":"2020-02-28T14:34:42","modified_gmt":"2020-02-28T13:34:42","slug":"moagem-de-cana-da-tereos-cresce-e-atinge-188-milhoes-de-toneladas-nesta-safra","status":"publish","type":"press_release","link":"https:\/\/br.tereos.com\/pt-pt\/press-releases\/moagem-de-cana-da-tereos-cresce-e-atinge-188-milhoes-de-toneladas-nesta-safra\/","title":{"rendered":"Moagem de cana da Tereos cresce e atinge 18,8 milh\u00f5es de toneladas nesta safra"},"author":9,"featured_media":7541,"template":"","categories":[],"class_list":["post-7157","press_release","type-press_release","status-publish","has-post-thumbnail","hentry"],"acf":{"cover_image":7541,"cover_clone":{"cover_image":7541},"file":{"ID":7158,"id":7158,"title":"27-11-2019-pr-encerramento-safra-pt","filename":"27-11-2019-pr-encerramento-safra-pt.pdf","filesize":33698,"url":"https:\/\/www.tereos.com\/app\/uploads\/sites\/7\/2019\/12\/27-11-2019-pr-encerramento-safra-pt.pdf","link":"https:\/\/br.tereos.com\/pt-pt\/press-releases\/moagem-de-cana-da-tereos-cresce-e-atinge-188-milhoes-de-toneladas-nesta-safra\/27-11-2019-pr-encerramento-safra-pt\/","alt":"","author":"9","description":"","caption":"","name":"27-11-2019-pr-encerramento-safra-pt","status":"inherit","uploaded_to":7157,"date":"2019-12-30 10:14:09","modified":"2019-12-30 10:14:09","menu_order":0,"mime_type":"application\/pdf","type":"application","subtype":"pdf","icon":"https:\/\/br.tereos.com\/wp\/wp-includes\/images\/media\/document.png"},"pdf_clone":{"file":{"ID":7158,"id":7158,"title":"27-11-2019-pr-encerramento-safra-pt","filename":"27-11-2019-pr-encerramento-safra-pt.pdf","filesize":33698,"url":"https:\/\/www.tereos.com\/app\/uploads\/sites\/7\/2019\/12\/27-11-2019-pr-encerramento-safra-pt.pdf","link":"https:\/\/br.tereos.com\/pt-pt\/press-releases\/moagem-de-cana-da-tereos-cresce-e-atinge-188-milhoes-de-toneladas-nesta-safra\/27-11-2019-pr-encerramento-safra-pt\/","alt":"","author":"9","description":"","caption":"","name":"27-11-2019-pr-encerramento-safra-pt","status":"inherit","uploaded_to":7157,"date":"2019-12-30 10:14:09","modified":"2019-12-30 10:14:09","menu_order":0,"mime_type":"application\/pdf","type":"application","subtype":"pdf","icon":"https:\/\/br.tereos.com\/wp\/wp-includes\/images\/media\/document.png"}},"headline":"Encerrada na primeira quinzena de novembro, safra 2019\/2020 registra aumento de 7,5% em rela\u00e7\u00e3o ao \u00faltimo per\u00edodo","headline_clone":{"headline":"Encerrada na primeira quinzena de novembro, safra 2019\/2020 registra aumento de 7,5% em rela\u00e7\u00e3o ao \u00faltimo per\u00edodo"},"sections":[{"acf_fc_layout":"rich_text","anchor_title":"","text":"<p>Ol\u00edmpia, 26 de novembro de 2019 &#8211; A Tereos A\u00e7\u00facar &amp; Energia Brasil, uma das<br \/>\nl\u00edderes do setor sucroenerg\u00e9tico brasileiro, processou ao longo da safra de 2019\/2020 um volume de 18,8 milh\u00f5es de toneladas de cana em suas sete unidades, um crescimento de 7,5% em rela\u00e7\u00e3o \u00e0 safra anterior. A empresa tamb\u00e9m registrou um aumento de 7% no rendimento agr\u00edcola, com uma m\u00e9dia de 11 toneladas de a\u00e7\u00facar por hectare.<\/p>\n<p>A empresa finalizou o ciclo com um mix de 60% para a\u00e7\u00facar e 40% para etanol.<br \/>\nForam produzidos 650 milh\u00f5es de litros de etanol e 1,6 milh\u00e3o de toneladas de a\u00e7\u00facar.<\/p>\n<p>Mesmo com adversidades clim\u00e1ticas na regi\u00e3o onde est\u00e3o as unidades da Tereos, o<br \/>\nGrupo teve um aumento em volume de cana maior do que a m\u00e9dia da regi\u00e3o Centro- Sul, que nesta safra foi 6,2% a mais do que na safra 2018\/2019.<br \/>\n\u201cNeste ano, ocorreu a varia\u00e7\u00e3o clim\u00e1tica mais dram\u00e1tica dos \u00faltimos 10 anos\u201d, afirmou Jacyr Costa Filho, diretor da Regi\u00e3o Brasil do Grupo Tereos. 2019 foi marcado por \u00edndices pluviom\u00e9tricos abaixo da m\u00e9dia hist\u00f3rica da \u00faltima d\u00e9cada, geada e temperaturas acima da m\u00e9dia no meio e no final da safra.<\/p>\n<p><strong>Mais efici\u00eancia nas opera\u00e7\u00f5es agroindustriais<\/strong><br \/>\nO Grupo tem investido em tecnologia na \u00e1rea agr\u00edcola para detectar as principais<br \/>\nperdas de performance e fazer corre\u00e7\u00f5es com mais agilidade, em tempo real, o que<br \/>\npossibilitou um incremento nos indicadores operacionais.<br \/>\nNa ind\u00fastria, a melhoria nos indicadores tamb\u00e9m tem sido uma constante.<br \/>\nConsiderando as cinco safras anteriores, as unidades da Tereos A\u00e7\u00facar apresentaram um aumento de 9% no \u00edndice de efici\u00eancia geral dos equipamentos industriais (OEE), chegando, neste ano, a 96,5%. \u201cGra\u00e7as aos investimentos em manuten\u00e7\u00e3o e ao aumento de produtividade dos \u00faltimos anos, a Tereos tem alcan\u00e7ado resultados operacionais bastante consistentes, com aumento de rendimento agr\u00edcola e melhor performance industrial\u201d, comentou Costa Filho.<br \/>\n\u201cNesta safra, come\u00e7amos a colher os frutos de investimentos conclu\u00eddos<br \/>\nrecentemente, caso, por exemplo, da nova caldeira da Unidade Cruz Alta, que<br \/>\naumentou a disponibilidade de energia cogerada, com maior efici\u00eancia ambiental\u201d,<br \/>\nacrescentou Costa Filho.<\/p>\n<p>Outro destaque ficou com o in\u00edcio das opera\u00e7\u00f5es da parceria firmada, em 2018, com a VLI, companhia log\u00edstica que integra ferrovias, terminais intermodais e portos, para o transporte de 1 milh\u00e3o de toneladas de a\u00e7\u00facar por ano. O primeiro embarque no sistema da VLI aconteceu em junho. Est\u00e1 prevista para o in\u00edcio da pr\u00f3xima safra a entrega dos dois armaz\u00e9ns de a\u00e7\u00facar nos terminais de Guar\u00e1 e no Tiplam, no Porto de Santos, tamb\u00e9m fruto do acordo entre as duas empresas.<\/p>\n"}],"flexible_editorial_clone":{"has_anchors":false,"sections":[{"acf_fc_layout":"rich_text","anchor_title":"","text":"<p>Ol\u00edmpia, 26 de novembro de 2019 &#8211; A Tereos A\u00e7\u00facar &amp; Energia Brasil, uma das<br \/>\nl\u00edderes do setor sucroenerg\u00e9tico brasileiro, processou ao longo da safra de 2019\/2020 um volume de 18,8 milh\u00f5es de toneladas de cana em suas sete unidades, um crescimento de 7,5% em rela\u00e7\u00e3o \u00e0 safra anterior. A empresa tamb\u00e9m registrou um aumento de 7% no rendimento agr\u00edcola, com uma m\u00e9dia de 11 toneladas de a\u00e7\u00facar por hectare.<\/p>\n<p>A empresa finalizou o ciclo com um mix de 60% para a\u00e7\u00facar e 40% para etanol.<br \/>\nForam produzidos 650 milh\u00f5es de litros de etanol e 1,6 milh\u00e3o de toneladas de a\u00e7\u00facar.<\/p>\n<p>Mesmo com adversidades clim\u00e1ticas na regi\u00e3o onde est\u00e3o as unidades da Tereos, o<br \/>\nGrupo teve um aumento em volume de cana maior do que a m\u00e9dia da regi\u00e3o Centro- Sul, que nesta safra foi 6,2% a mais do que na safra 2018\/2019.<br \/>\n\u201cNeste ano, ocorreu a varia\u00e7\u00e3o clim\u00e1tica mais dram\u00e1tica dos \u00faltimos 10 anos\u201d, afirmou Jacyr Costa Filho, diretor da Regi\u00e3o Brasil do Grupo Tereos. 2019 foi marcado por \u00edndices pluviom\u00e9tricos abaixo da m\u00e9dia hist\u00f3rica da \u00faltima d\u00e9cada, geada e temperaturas acima da m\u00e9dia no meio e no final da safra.<\/p>\n<p><strong>Mais efici\u00eancia nas opera\u00e7\u00f5es agroindustriais<\/strong><br \/>\nO Grupo tem investido em tecnologia na \u00e1rea agr\u00edcola para detectar as principais<br \/>\nperdas de performance e fazer corre\u00e7\u00f5es com mais agilidade, em tempo real, o que<br \/>\npossibilitou um incremento nos indicadores operacionais.<br \/>\nNa ind\u00fastria, a melhoria nos indicadores tamb\u00e9m tem sido uma constante.<br \/>\nConsiderando as cinco safras anteriores, as unidades da Tereos A\u00e7\u00facar apresentaram um aumento de 9% no \u00edndice de efici\u00eancia geral dos equipamentos industriais (OEE), chegando, neste ano, a 96,5%. \u201cGra\u00e7as aos investimentos em manuten\u00e7\u00e3o e ao aumento de produtividade dos \u00faltimos anos, a Tereos tem alcan\u00e7ado resultados operacionais bastante consistentes, com aumento de rendimento agr\u00edcola e melhor performance industrial\u201d, comentou Costa Filho.<br \/>\n\u201cNesta safra, come\u00e7amos a colher os frutos de investimentos conclu\u00eddos<br \/>\nrecentemente, caso, por exemplo, da nova caldeira da Unidade Cruz Alta, que<br \/>\naumentou a disponibilidade de energia cogerada, com maior efici\u00eancia ambiental\u201d,<br \/>\nacrescentou Costa Filho.<\/p>\n<p>Outro destaque ficou com o in\u00edcio das opera\u00e7\u00f5es da parceria firmada, em 2018, com a VLI, companhia log\u00edstica que integra ferrovias, terminais intermodais e portos, para o transporte de 1 milh\u00e3o de toneladas de a\u00e7\u00facar por ano. O primeiro embarque no sistema da VLI aconteceu em junho. Est\u00e1 prevista para o in\u00edcio da pr\u00f3xima safra a entrega dos dois armaz\u00e9ns de a\u00e7\u00facar nos terminais de Guar\u00e1 e no Tiplam, no Porto de Santos, tamb\u00e9m fruto do acordo entre as duas empresas.<\/p>\n"}]}},"yoast_head":"<!-- This site is optimized with the Yoast SEO plugin v23.7 - https:\/\/yoast.com\/wordpress\/plugins\/seo\/ -->\n<title>Moagem de cana da Tereos cresce e atinge 18,8 milh\u00f5es de toneladas nesta safra - Brasil<\/title>\n<meta name=\"robots\" content=\"index, follow, max-snippet:-1, max-image-preview:large, max-video-preview:-1\" \/>\n<link rel=\"canonical\" href=\"https:\/\/br.tereos.com\/pt-pt\/press-releases\/moagem-de-cana-da-tereos-cresce-e-atinge-188-milhoes-de-toneladas-nesta-safra\/\" \/>\n<meta property=\"og:locale\" content=\"pt_PT\" \/>\n<meta property=\"og:type\" content=\"article\" \/>\n<meta property=\"og:title\" content=\"Moagem de cana da Tereos cresce e atinge 18,8 milh\u00f5es de toneladas nesta safra - Brasil\" \/>\n<meta property=\"og:url\" content=\"https:\/\/br.tereos.com\/pt-pt\/press-releases\/moagem-de-cana-da-tereos-cresce-e-atinge-188-milhoes-de-toneladas-nesta-safra\/\" \/>\n<meta property=\"og:site_name\" content=\"Brasil\" \/>\n<meta property=\"article:modified_time\" content=\"2020-02-28T13:34:42+00:00\" \/>\n<meta property=\"og:image\" content=\"https:\/\/www.tereos.com\/app\/uploads\/sites\/7\/2019\/12\/fr3-0043-e1582896874549.jpg\" \/>\n\t<meta property=\"og:image:width\" content=\"4435\" \/>\n\t<meta property=\"og:image:height\" content=\"2375\" \/>\n\t<meta property=\"og:image:type\" content=\"image\/jpeg\" \/>\n<meta name=\"twitter:card\" content=\"summary_large_image\" \/>\n<script type=\"application\/ld+json\" class=\"yoast-schema-graph\">{\"@context\":\"https:\/\/schema.org\",\"@graph\":[{\"@type\":\"WebPage\",\"@id\":\"https:\/\/br.tereos.com\/pt-pt\/press-releases\/moagem-de-cana-da-tereos-cresce-e-atinge-188-milhoes-de-toneladas-nesta-safra\/\",\"url\":\"https:\/\/br.tereos.com\/pt-pt\/press-releases\/moagem-de-cana-da-tereos-cresce-e-atinge-188-milhoes-de-toneladas-nesta-safra\/\",\"name\":\"Moagem de cana da Tereos cresce e atinge 18,8 milh\u00f5es de toneladas nesta safra - Brasil\",\"isPartOf\":{\"@id\":\"https:\/\/br.tereos.com\/pt-pt\/#website\"},\"primaryImageOfPage\":{\"@id\":\"https:\/\/br.tereos.com\/pt-pt\/press-releases\/moagem-de-cana-da-tereos-cresce-e-atinge-188-milhoes-de-toneladas-nesta-safra\/#primaryimage\"},\"image\":{\"@id\":\"https:\/\/br.tereos.com\/pt-pt\/press-releases\/moagem-de-cana-da-tereos-cresce-e-atinge-188-milhoes-de-toneladas-nesta-safra\/#primaryimage\"},\"thumbnailUrl\":\"https:\/\/www.tereos.com\/app\/uploads\/sites\/7\/2019\/12\/fr3-0043-e1582896874549.jpg\",\"datePublished\":\"2019-12-30T10:14:39+00:00\",\"dateModified\":\"2020-02-28T13:34:42+00:00\",\"breadcrumb\":{\"@id\":\"https:\/\/br.tereos.com\/pt-pt\/press-releases\/moagem-de-cana-da-tereos-cresce-e-atinge-188-milhoes-de-toneladas-nesta-safra\/#breadcrumb\"},\"inLanguage\":\"pt-PT\",\"potentialAction\":[{\"@type\":\"ReadAction\",\"target\":[\"https:\/\/br.tereos.com\/pt-pt\/press-releases\/moagem-de-cana-da-tereos-cresce-e-atinge-188-milhoes-de-toneladas-nesta-safra\/\"]}]},{\"@type\":\"ImageObject\",\"inLanguage\":\"pt-PT\",\"@id\":\"https:\/\/br.tereos.com\/pt-pt\/press-releases\/moagem-de-cana-da-tereos-cresce-e-atinge-188-milhoes-de-toneladas-nesta-safra\/#primaryimage\",\"url\":\"https:\/\/www.tereos.com\/app\/uploads\/sites\/7\/2019\/12\/fr3-0043-e1582896874549.jpg\",\"contentUrl\":\"https:\/\/www.tereos.com\/app\/uploads\/sites\/7\/2019\/12\/fr3-0043-e1582896874549.jpg\",\"width\":4435,\"height\":2375,\"caption\":\"Foto: Ferdinando Ramos\/ Plus Images\"},{\"@type\":\"BreadcrumbList\",\"@id\":\"https:\/\/br.tereos.com\/pt-pt\/press-releases\/moagem-de-cana-da-tereos-cresce-e-atinge-188-milhoes-de-toneladas-nesta-safra\/#breadcrumb\",\"itemListElement\":[{\"@type\":\"ListItem\",\"position\":1,\"name\":\"Home\",\"item\":\"https:\/\/br.tereos.com\/pt-pt\/\"},{\"@type\":\"ListItem\",\"position\":2,\"name\":\"Moagem de cana da Tereos cresce e atinge 18,8 milh\u00f5es de toneladas nesta safra\"}]},{\"@type\":\"WebSite\",\"@id\":\"https:\/\/br.tereos.com\/pt-pt\/#website\",\"url\":\"https:\/\/br.tereos.com\/pt-pt\/\",\"name\":\"Brasil\",\"description\":\"Un site utilisant WordPress\",\"potentialAction\":[{\"@type\":\"SearchAction\",\"target\":{\"@type\":\"EntryPoint\",\"urlTemplate\":\"https:\/\/br.tereos.com\/pt-pt\/?s={search_term_string}\"},\"query-input\":{\"@type\":\"PropertyValueSpecification\",\"valueRequired\":true,\"valueName\":\"search_term_string\"}}],\"inLanguage\":\"pt-PT\"}]}<\/script>\n<!-- \/ Yoast SEO plugin. -->","yoast_head_json":{"title":"Moagem de cana da Tereos cresce e atinge 18,8 milh\u00f5es de toneladas nesta safra - Brasil","robots":{"index":"index","follow":"follow","max-snippet":"max-snippet:-1","max-image-preview":"max-image-preview:large","max-video-preview":"max-video-preview:-1"},"canonical":"https:\/\/br.tereos.com\/pt-pt\/press-releases\/moagem-de-cana-da-tereos-cresce-e-atinge-188-milhoes-de-toneladas-nesta-safra\/","og_locale":"pt_PT","og_type":"article","og_title":"Moagem de cana da Tereos cresce e atinge 18,8 milh\u00f5es de toneladas nesta safra - Brasil","og_url":"https:\/\/br.tereos.com\/pt-pt\/press-releases\/moagem-de-cana-da-tereos-cresce-e-atinge-188-milhoes-de-toneladas-nesta-safra\/","og_site_name":"Brasil","article_modified_time":"2020-02-28T13:34:42+00:00","og_image":[{"width":4435,"height":2375,"url":"https:\/\/www.tereos.com\/app\/uploads\/sites\/7\/2019\/12\/fr3-0043-e1582896874549.jpg","type":"image\/jpeg"}],"twitter_card":"summary_large_image","schema":{"@context":"https:\/\/schema.org","@graph":[{"@type":"WebPage","@id":"https:\/\/br.tereos.com\/pt-pt\/press-releases\/moagem-de-cana-da-tereos-cresce-e-atinge-188-milhoes-de-toneladas-nesta-safra\/","url":"https:\/\/br.tereos.com\/pt-pt\/press-releases\/moagem-de-cana-da-tereos-cresce-e-atinge-188-milhoes-de-toneladas-nesta-safra\/","name":"Moagem de cana da Tereos cresce e atinge 18,8 milh\u00f5es de toneladas nesta safra - Brasil","isPartOf":{"@id":"https:\/\/br.tereos.com\/pt-pt\/#website"},"primaryImageOfPage":{"@id":"https:\/\/br.tereos.com\/pt-pt\/press-releases\/moagem-de-cana-da-tereos-cresce-e-atinge-188-milhoes-de-toneladas-nesta-safra\/#primaryimage"},"image":{"@id":"https:\/\/br.tereos.com\/pt-pt\/press-releases\/moagem-de-cana-da-tereos-cresce-e-atinge-188-milhoes-de-toneladas-nesta-safra\/#primaryimage"},"thumbnailUrl":"https:\/\/www.tereos.com\/app\/uploads\/sites\/7\/2019\/12\/fr3-0043-e1582896874549.jpg","datePublished":"2019-12-30T10:14:39+00:00","dateModified":"2020-02-28T13:34:42+00:00","breadcrumb":{"@id":"https:\/\/br.tereos.com\/pt-pt\/press-releases\/moagem-de-cana-da-tereos-cresce-e-atinge-188-milhoes-de-toneladas-nesta-safra\/#breadcrumb"},"inLanguage":"pt-PT","potentialAction":[{"@type":"ReadAction","target":["https:\/\/br.tereos.com\/pt-pt\/press-releases\/moagem-de-cana-da-tereos-cresce-e-atinge-188-milhoes-de-toneladas-nesta-safra\/"]}]},{"@type":"ImageObject","inLanguage":"pt-PT","@id":"https:\/\/br.tereos.com\/pt-pt\/press-releases\/moagem-de-cana-da-tereos-cresce-e-atinge-188-milhoes-de-toneladas-nesta-safra\/#primaryimage","url":"https:\/\/www.tereos.com\/app\/uploads\/sites\/7\/2019\/12\/fr3-0043-e1582896874549.jpg","contentUrl":"https:\/\/www.tereos.com\/app\/uploads\/sites\/7\/2019\/12\/fr3-0043-e1582896874549.jpg","width":4435,"height":2375,"caption":"Foto: Ferdinando Ramos\/ Plus Images"},{"@type":"BreadcrumbList","@id":"https:\/\/br.tereos.com\/pt-pt\/press-releases\/moagem-de-cana-da-tereos-cresce-e-atinge-188-milhoes-de-toneladas-nesta-safra\/#breadcrumb","itemListElement":[{"@type":"ListItem","position":1,"name":"Home","item":"https:\/\/br.tereos.com\/pt-pt\/"},{"@type":"ListItem","position":2,"name":"Moagem de cana da Tereos cresce e atinge 18,8 milh\u00f5es de toneladas nesta safra"}]},{"@type":"WebSite","@id":"https:\/\/br.tereos.com\/pt-pt\/#website","url":"https:\/\/br.tereos.com\/pt-pt\/","name":"Brasil","description":"Un site utilisant WordPress","potentialAction":[{"@type":"SearchAction","target":{"@type":"EntryPoint","urlTemplate":"https:\/\/br.tereos.com\/pt-pt\/?s={search_term_string}"},"query-input":{"@type":"PropertyValueSpecification","valueRequired":true,"valueName":"search_term_string"}}],"inLanguage":"pt-PT"}]}},"featured_media_src":"https:\/\/www.tereos.com\/app\/uploads\/sites\/7\/2019\/12\/fr3-0043-e1582896874549-520x390-c-default.jpg","date_formatted":"30 December 2019 ","_links":{"self":[{"href":"https:\/\/br.tereos.com\/pt-pt\/wp-json\/wp\/v2\/press-release\/7157"}],"collection":[{"href":"https:\/\/br.tereos.com\/pt-pt\/wp-json\/wp\/v2\/press-release"}],"about":[{"href":"https:\/\/br.tereos.com\/pt-pt\/wp-json\/wp\/v2\/types\/press_release"}],"author":[{"embeddable":true,"href":"https:\/\/br.tereos.com\/pt-pt\/wp-json\/wp\/v2\/users\/9"}],"version-history":[{"count":3,"href":"https:\/\/br.tereos.com\/pt-pt\/wp-json\/wp\/v2\/press-release\/7157\/revisions"}],"predecessor-version":[{"id":7543,"href":"https:\/\/br.tereos.com\/pt-pt\/wp-json\/wp\/v2\/press-release\/7157\/revisions\/7543"}],"wp:featuredmedia":[{"embeddable":true,"href":"https:\/\/br.tereos.com\/pt-pt\/wp-json\/wp\/v2\/media\/7541"}],"wp:attachment":[{"href":"https:\/\/br.tereos.com\/pt-pt\/wp-json\/wp\/v2\/media?parent=7157"}],"wp:term":[{"taxonomy":"category","embeddable":true,"href":"https:\/\/br.tereos.com\/pt-pt\/wp-json\/wp\/v2\/categories?post=7157"}],"curies":[{"name":"wp","href":"https:\/\/api.w.org\/{rel}","templated":true}]}}