{"id":11836,"date":"2026-03-23T17:50:18","date_gmt":"2026-03-23T20:50:18","guid":{"rendered":"https:\/\/br.tereos.com\/?post_type=press_release&#038;p=11836"},"modified":"2026-04-01T17:58:54","modified_gmt":"2026-04-01T20:58:54","slug":"tereos-realiza-acao-especial-do-fazendo-acontecer-em-celebracao-ao-dia-mundial-da-agua","status":"publish","type":"press_release","link":"https:\/\/br.tereos.com\/pt-pt\/press-releases\/tereos-realiza-acao-especial-do-fazendo-acontecer-em-celebracao-ao-dia-mundial-da-agua\/","title":{"rendered":"Tereos realiza a\u00e7\u00e3o especial do Fazendo Acontecer em celebra\u00e7\u00e3o ao Dia Mundial da \u00c1gua"},"author":278,"featured_media":11840,"template":"","categories":[],"class_list":["post-11836","press_release","type-press_release","status-publish","has-post-thumbnail","hentry"],"acf":{"cover_image":11840,"cover_clone":{"cover_image":11840},"file":{"ID":11837,"id":11837,"title":"Tereos realiza a\u00e7\u00e3o especial do Fazendo Acontecer em celebra\u00e7\u00e3o ao Dia Mundial da \u00c1gua","filename":"tereos-realiza-acao-especial-do-fazendo-acontecer-em-celebracao-ao-dia-mundial-da-agua.pdf","filesize":253927,"url":"https:\/\/www.tereos.com\/app\/uploads\/sites\/7\/2026\/04\/tereos-realiza-acao-especial-do-fazendo-acontecer-em-celebracao-ao-dia-mundial-da-agua.pdf","link":"https:\/\/br.tereos.com\/pt-pt\/press-releases\/tereos-realiza-acao-especial-do-fazendo-acontecer-em-celebracao-ao-dia-mundial-da-agua\/tereos-realiza-acao-especial-do-fazendo-acontecer-em-celebracao-ao-dia-mundial-da-agua\/","alt":"","author":"278","description":"","caption":"","name":"tereos-realiza-acao-especial-do-fazendo-acontecer-em-celebracao-ao-dia-mundial-da-agua","status":"inherit","uploaded_to":11836,"date":"2026-04-01 20:51:57","modified":"2026-04-01 20:51:57","menu_order":0,"mime_type":"application\/pdf","type":"application","subtype":"pdf","icon":"https:\/\/br.tereos.com\/wp\/wp-includes\/images\/media\/document.png"},"pdf_clone":{"file":{"ID":11837,"id":11837,"title":"Tereos realiza a\u00e7\u00e3o especial do Fazendo Acontecer em celebra\u00e7\u00e3o ao Dia Mundial da \u00c1gua","filename":"tereos-realiza-acao-especial-do-fazendo-acontecer-em-celebracao-ao-dia-mundial-da-agua.pdf","filesize":253927,"url":"https:\/\/www.tereos.com\/app\/uploads\/sites\/7\/2026\/04\/tereos-realiza-acao-especial-do-fazendo-acontecer-em-celebracao-ao-dia-mundial-da-agua.pdf","link":"https:\/\/br.tereos.com\/pt-pt\/press-releases\/tereos-realiza-acao-especial-do-fazendo-acontecer-em-celebracao-ao-dia-mundial-da-agua\/tereos-realiza-acao-especial-do-fazendo-acontecer-em-celebracao-ao-dia-mundial-da-agua\/","alt":"","author":"278","description":"","caption":"","name":"tereos-realiza-acao-especial-do-fazendo-acontecer-em-celebracao-ao-dia-mundial-da-agua","status":"inherit","uploaded_to":11836,"date":"2026-04-01 20:51:57","modified":"2026-04-01 20:51:57","menu_order":0,"mime_type":"application\/pdf","type":"application","subtype":"pdf","icon":"https:\/\/br.tereos.com\/wp\/wp-includes\/images\/media\/document.png"}},"headline":"A iniciativa reuniu cerca de 30 volunt\u00e1rios em Ol\u00edmpia para refor\u00e7ar a import\u00e2ncia do uso consciente da \u00e1gua","headline_clone":{"headline":"A iniciativa reuniu cerca de 30 volunt\u00e1rios em Ol\u00edmpia para refor\u00e7ar a import\u00e2ncia do uso consciente da \u00e1gua"},"has_anchors":false,"sections":[{"acf_fc_layout":"rich_text","anchor_title":"","text":"<p><strong>Ol\u00edmpia, 23 de mar\u00e7o de 2026 \u2013<\/strong> Para marcar o Dia Mundial da \u00c1gua, a Tereos, uma das l\u00edderes globais na produ\u00e7\u00e3o de a\u00e7\u00facar, etanol e energia, promoveu uma edi\u00e7\u00e3o especial do Fazendo Acontecer, programa que chega \u00e0 sua 23\u00aa edi\u00e7\u00e3o, refor\u00e7ando o compromisso da empresa em gerar impacto positivo e fortalecer v\u00ednculos com as comunidades onde atua. A a\u00e7\u00e3o aconteceu em Ol\u00edmpia e reuniu cerca de 30 volunt\u00e1rios da unidade Cruz Alta.<\/p>\n<p>A iniciativa teve como foco a preserva\u00e7\u00e3o e o uso consciente da \u00e1gua, recurso essencial para a vida e tema central das atividades promovidas nesta edi\u00e7\u00e3o. Para simbolizar essa mensagem, um muro da EMEB Santo Seno foi totalmente revitalizado com uma pintura tem\u00e1tica de conscientiza\u00e7\u00e3o, transformando o espa\u00e7o e levando mais cor, cuidado e reflex\u00e3o aos moradores da regi\u00e3o. A a\u00e7\u00e3o contou com parceria da Prefeitura e da Secretaria de Meio Ambiente de Ol\u00edmpia.<\/p>\n<p>A pintura base foi desenvolvida por uma profissional contratada especialmente para o projeto, e os colaboradores volunt\u00e1rios participaram do preenchimento da arte, contribuindo ativamente para dar vida ao mural e refor\u00e7ar a import\u00e2ncia do engajamento coletivo.<\/p>\n<p>\u201cA \u00e1gua \u00e9 um recurso que sustenta a vida e inspira a responsabilidade de cada um de n\u00f3s. Por isso, a\u00e7\u00f5es de conscientiza\u00e7\u00e3o ganham ainda mais sentido em datas como o Dia Mundial da \u00c1gua. O Fazendo Acontecer mostra, na pr\u00e1tica, como o envolvimento da comunidade e dos nossos volunt\u00e1rios pode transformar espa\u00e7os e ampliar a reflex\u00e3o sobre o uso respons\u00e1vel desse bem t\u00e3o essencial. Mais do que uma revitaliza\u00e7\u00e3o, esta iniciativa refor\u00e7a o compromisso da Tereos com o cuidado, a preserva\u00e7\u00e3o e a constru\u00e7\u00e3o de um futuro mais sustent\u00e1vel para todos\u201d, conclui Patricia Togoro, Gerente de Comunica\u00e7\u00e3o da Tereos Brasil.<\/p>\n"}],"flexible_editorial_clone":{"has_anchors":false,"sections":[{"acf_fc_layout":"rich_text","anchor_title":"","text":"<p><strong>Ol\u00edmpia, 23 de mar\u00e7o de 2026 \u2013<\/strong> Para marcar o Dia Mundial da \u00c1gua, a Tereos, uma das l\u00edderes globais na produ\u00e7\u00e3o de a\u00e7\u00facar, etanol e energia, promoveu uma edi\u00e7\u00e3o especial do Fazendo Acontecer, programa que chega \u00e0 sua 23\u00aa edi\u00e7\u00e3o, refor\u00e7ando o compromisso da empresa em gerar impacto positivo e fortalecer v\u00ednculos com as comunidades onde atua. A a\u00e7\u00e3o aconteceu em Ol\u00edmpia e reuniu cerca de 30 volunt\u00e1rios da unidade Cruz Alta.<\/p>\n<p>A iniciativa teve como foco a preserva\u00e7\u00e3o e o uso consciente da \u00e1gua, recurso essencial para a vida e tema central das atividades promovidas nesta edi\u00e7\u00e3o. Para simbolizar essa mensagem, um muro da EMEB Santo Seno foi totalmente revitalizado com uma pintura tem\u00e1tica de conscientiza\u00e7\u00e3o, transformando o espa\u00e7o e levando mais cor, cuidado e reflex\u00e3o aos moradores da regi\u00e3o. A a\u00e7\u00e3o contou com parceria da Prefeitura e da Secretaria de Meio Ambiente de Ol\u00edmpia.<\/p>\n<p>A pintura base foi desenvolvida por uma profissional contratada especialmente para o projeto, e os colaboradores volunt\u00e1rios participaram do preenchimento da arte, contribuindo ativamente para dar vida ao mural e refor\u00e7ar a import\u00e2ncia do engajamento coletivo.<\/p>\n<p>\u201cA \u00e1gua \u00e9 um recurso que sustenta a vida e inspira a responsabilidade de cada um de n\u00f3s. Por isso, a\u00e7\u00f5es de conscientiza\u00e7\u00e3o ganham ainda mais sentido em datas como o Dia Mundial da \u00c1gua. O Fazendo Acontecer mostra, na pr\u00e1tica, como o envolvimento da comunidade e dos nossos volunt\u00e1rios pode transformar espa\u00e7os e ampliar a reflex\u00e3o sobre o uso respons\u00e1vel desse bem t\u00e3o essencial. Mais do que uma revitaliza\u00e7\u00e3o, esta iniciativa refor\u00e7a o compromisso da Tereos com o cuidado, a preserva\u00e7\u00e3o e a constru\u00e7\u00e3o de um futuro mais sustent\u00e1vel para todos\u201d, conclui Patricia Togoro, Gerente de Comunica\u00e7\u00e3o da Tereos Brasil.<\/p>\n"}]}},"yoast_head":"<!-- This site is optimized with the Yoast SEO plugin v23.7 - https:\/\/yoast.com\/wordpress\/plugins\/seo\/ -->\n<title>Tereos realiza a\u00e7\u00e3o especial do Fazendo Acontecer em celebra\u00e7\u00e3o ao Dia Mundial da \u00c1gua - Brasil<\/title>\n<meta name=\"robots\" content=\"index, follow, max-snippet:-1, max-image-preview:large, max-video-preview:-1\" \/>\n<link rel=\"canonical\" href=\"https:\/\/br.tereos.com\/pt-pt\/press-releases\/tereos-realiza-acao-especial-do-fazendo-acontecer-em-celebracao-ao-dia-mundial-da-agua\/\" \/>\n<meta property=\"og:locale\" content=\"pt_PT\" \/>\n<meta property=\"og:type\" content=\"article\" \/>\n<meta property=\"og:title\" content=\"Tereos realiza a\u00e7\u00e3o especial do Fazendo Acontecer em celebra\u00e7\u00e3o ao Dia Mundial da \u00c1gua - Brasil\" \/>\n<meta property=\"og:url\" content=\"https:\/\/br.tereos.com\/pt-pt\/press-releases\/tereos-realiza-acao-especial-do-fazendo-acontecer-em-celebracao-ao-dia-mundial-da-agua\/\" \/>\n<meta property=\"og:site_name\" content=\"Brasil\" \/>\n<meta property=\"article:modified_time\" content=\"2026-04-01T20:58:54+00:00\" \/>\n<meta property=\"og:image\" content=\"https:\/\/www.tereos.com\/app\/uploads\/sites\/7\/2026\/03\/img-1923.png\" \/>\n\t<meta property=\"og:image:width\" content=\"1024\" \/>\n\t<meta property=\"og:image:height\" content=\"576\" \/>\n\t<meta property=\"og:image:type\" content=\"image\/png\" \/>\n<meta name=\"twitter:card\" content=\"summary_large_image\" \/>\n<script type=\"application\/ld+json\" class=\"yoast-schema-graph\">{\"@context\":\"https:\/\/schema.org\",\"@graph\":[{\"@type\":\"WebPage\",\"@id\":\"https:\/\/br.tereos.com\/pt-pt\/press-releases\/tereos-realiza-acao-especial-do-fazendo-acontecer-em-celebracao-ao-dia-mundial-da-agua\/\",\"url\":\"https:\/\/br.tereos.com\/pt-pt\/press-releases\/tereos-realiza-acao-especial-do-fazendo-acontecer-em-celebracao-ao-dia-mundial-da-agua\/\",\"name\":\"Tereos realiza a\u00e7\u00e3o especial do Fazendo Acontecer em celebra\u00e7\u00e3o ao Dia Mundial da \u00c1gua - Brasil\",\"isPartOf\":{\"@id\":\"https:\/\/br.tereos.com\/pt-pt\/#website\"},\"primaryImageOfPage\":{\"@id\":\"https:\/\/br.tereos.com\/pt-pt\/press-releases\/tereos-realiza-acao-especial-do-fazendo-acontecer-em-celebracao-ao-dia-mundial-da-agua\/#primaryimage\"},\"image\":{\"@id\":\"https:\/\/br.tereos.com\/pt-pt\/press-releases\/tereos-realiza-acao-especial-do-fazendo-acontecer-em-celebracao-ao-dia-mundial-da-agua\/#primaryimage\"},\"thumbnailUrl\":\"https:\/\/www.tereos.com\/app\/uploads\/sites\/7\/2026\/03\/img-1923.png\",\"datePublished\":\"2026-03-23T20:50:18+00:00\",\"dateModified\":\"2026-04-01T20:58:54+00:00\",\"breadcrumb\":{\"@id\":\"https:\/\/br.tereos.com\/pt-pt\/press-releases\/tereos-realiza-acao-especial-do-fazendo-acontecer-em-celebracao-ao-dia-mundial-da-agua\/#breadcrumb\"},\"inLanguage\":\"pt-PT\",\"potentialAction\":[{\"@type\":\"ReadAction\",\"target\":[\"https:\/\/br.tereos.com\/pt-pt\/press-releases\/tereos-realiza-acao-especial-do-fazendo-acontecer-em-celebracao-ao-dia-mundial-da-agua\/\"]}]},{\"@type\":\"ImageObject\",\"inLanguage\":\"pt-PT\",\"@id\":\"https:\/\/br.tereos.com\/pt-pt\/press-releases\/tereos-realiza-acao-especial-do-fazendo-acontecer-em-celebracao-ao-dia-mundial-da-agua\/#primaryimage\",\"url\":\"https:\/\/www.tereos.com\/app\/uploads\/sites\/7\/2026\/03\/img-1923.png\",\"contentUrl\":\"https:\/\/www.tereos.com\/app\/uploads\/sites\/7\/2026\/03\/img-1923.png\",\"width\":2560,\"height\":1440},{\"@type\":\"BreadcrumbList\",\"@id\":\"https:\/\/br.tereos.com\/pt-pt\/press-releases\/tereos-realiza-acao-especial-do-fazendo-acontecer-em-celebracao-ao-dia-mundial-da-agua\/#breadcrumb\",\"itemListElement\":[{\"@type\":\"ListItem\",\"position\":1,\"name\":\"Home\",\"item\":\"https:\/\/br.tereos.com\/pt-pt\/\"},{\"@type\":\"ListItem\",\"position\":2,\"name\":\"Tereos realiza a\u00e7\u00e3o especial do Fazendo Acontecer em celebra\u00e7\u00e3o ao Dia Mundial da \u00c1gua\"}]},{\"@type\":\"WebSite\",\"@id\":\"https:\/\/br.tereos.com\/pt-pt\/#website\",\"url\":\"https:\/\/br.tereos.com\/pt-pt\/\",\"name\":\"Brasil\",\"description\":\"Un site utilisant WordPress\",\"potentialAction\":[{\"@type\":\"SearchAction\",\"target\":{\"@type\":\"EntryPoint\",\"urlTemplate\":\"https:\/\/br.tereos.com\/pt-pt\/?s={search_term_string}\"},\"query-input\":{\"@type\":\"PropertyValueSpecification\",\"valueRequired\":true,\"valueName\":\"search_term_string\"}}],\"inLanguage\":\"pt-PT\"}]}<\/script>\n<!-- \/ Yoast SEO plugin. -->","yoast_head_json":{"title":"Tereos realiza a\u00e7\u00e3o especial do Fazendo Acontecer em celebra\u00e7\u00e3o ao Dia Mundial da \u00c1gua - Brasil","robots":{"index":"index","follow":"follow","max-snippet":"max-snippet:-1","max-image-preview":"max-image-preview:large","max-video-preview":"max-video-preview:-1"},"canonical":"https:\/\/br.tereos.com\/pt-pt\/press-releases\/tereos-realiza-acao-especial-do-fazendo-acontecer-em-celebracao-ao-dia-mundial-da-agua\/","og_locale":"pt_PT","og_type":"article","og_title":"Tereos realiza a\u00e7\u00e3o especial do Fazendo Acontecer em celebra\u00e7\u00e3o ao Dia Mundial da \u00c1gua - Brasil","og_url":"https:\/\/br.tereos.com\/pt-pt\/press-releases\/tereos-realiza-acao-especial-do-fazendo-acontecer-em-celebracao-ao-dia-mundial-da-agua\/","og_site_name":"Brasil","article_modified_time":"2026-04-01T20:58:54+00:00","og_image":[{"url":"https:\/\/www.tereos.com\/app\/uploads\/sites\/7\/2026\/03\/img-1923.png","width":1024,"height":576,"type":"image\/png"}],"twitter_card":"summary_large_image","schema":{"@context":"https:\/\/schema.org","@graph":[{"@type":"WebPage","@id":"https:\/\/br.tereos.com\/pt-pt\/press-releases\/tereos-realiza-acao-especial-do-fazendo-acontecer-em-celebracao-ao-dia-mundial-da-agua\/","url":"https:\/\/br.tereos.com\/pt-pt\/press-releases\/tereos-realiza-acao-especial-do-fazendo-acontecer-em-celebracao-ao-dia-mundial-da-agua\/","name":"Tereos realiza a\u00e7\u00e3o especial do Fazendo Acontecer em celebra\u00e7\u00e3o ao Dia Mundial da \u00c1gua - Brasil","isPartOf":{"@id":"https:\/\/br.tereos.com\/pt-pt\/#website"},"primaryImageOfPage":{"@id":"https:\/\/br.tereos.com\/pt-pt\/press-releases\/tereos-realiza-acao-especial-do-fazendo-acontecer-em-celebracao-ao-dia-mundial-da-agua\/#primaryimage"},"image":{"@id":"https:\/\/br.tereos.com\/pt-pt\/press-releases\/tereos-realiza-acao-especial-do-fazendo-acontecer-em-celebracao-ao-dia-mundial-da-agua\/#primaryimage"},"thumbnailUrl":"https:\/\/www.tereos.com\/app\/uploads\/sites\/7\/2026\/03\/img-1923.png","datePublished":"2026-03-23T20:50:18+00:00","dateModified":"2026-04-01T20:58:54+00:00","breadcrumb":{"@id":"https:\/\/br.tereos.com\/pt-pt\/press-releases\/tereos-realiza-acao-especial-do-fazendo-acontecer-em-celebracao-ao-dia-mundial-da-agua\/#breadcrumb"},"inLanguage":"pt-PT","potentialAction":[{"@type":"ReadAction","target":["https:\/\/br.tereos.com\/pt-pt\/press-releases\/tereos-realiza-acao-especial-do-fazendo-acontecer-em-celebracao-ao-dia-mundial-da-agua\/"]}]},{"@type":"ImageObject","inLanguage":"pt-PT","@id":"https:\/\/br.tereos.com\/pt-pt\/press-releases\/tereos-realiza-acao-especial-do-fazendo-acontecer-em-celebracao-ao-dia-mundial-da-agua\/#primaryimage","url":"https:\/\/www.tereos.com\/app\/uploads\/sites\/7\/2026\/03\/img-1923.png","contentUrl":"https:\/\/www.tereos.com\/app\/uploads\/sites\/7\/2026\/03\/img-1923.png","width":2560,"height":1440},{"@type":"BreadcrumbList","@id":"https:\/\/br.tereos.com\/pt-pt\/press-releases\/tereos-realiza-acao-especial-do-fazendo-acontecer-em-celebracao-ao-dia-mundial-da-agua\/#breadcrumb","itemListElement":[{"@type":"ListItem","position":1,"name":"Home","item":"https:\/\/br.tereos.com\/pt-pt\/"},{"@type":"ListItem","position":2,"name":"Tereos realiza a\u00e7\u00e3o especial do Fazendo Acontecer em celebra\u00e7\u00e3o ao Dia Mundial da \u00c1gua"}]},{"@type":"WebSite","@id":"https:\/\/br.tereos.com\/pt-pt\/#website","url":"https:\/\/br.tereos.com\/pt-pt\/","name":"Brasil","description":"Un site utilisant WordPress","potentialAction":[{"@type":"SearchAction","target":{"@type":"EntryPoint","urlTemplate":"https:\/\/br.tereos.com\/pt-pt\/?s={search_term_string}"},"query-input":{"@type":"PropertyValueSpecification","valueRequired":true,"valueName":"search_term_string"}}],"inLanguage":"pt-PT"}]}},"featured_media_src":"https:\/\/www.tereos.com\/app\/uploads\/sites\/7\/2026\/03\/img-1923-520x390-c-default.png","date_formatted":"23 March 2026 ","_links":{"self":[{"href":"https:\/\/br.tereos.com\/pt-pt\/wp-json\/wp\/v2\/press-release\/11836"}],"collection":[{"href":"https:\/\/br.tereos.com\/pt-pt\/wp-json\/wp\/v2\/press-release"}],"about":[{"href":"https:\/\/br.tereos.com\/pt-pt\/wp-json\/wp\/v2\/types\/press_release"}],"author":[{"embeddable":true,"href":"https:\/\/br.tereos.com\/pt-pt\/wp-json\/wp\/v2\/users\/278"}],"version-history":[{"count":2,"href":"https:\/\/br.tereos.com\/pt-pt\/wp-json\/wp\/v2\/press-release\/11836\/revisions"}],"predecessor-version":[{"id":11842,"href":"https:\/\/br.tereos.com\/pt-pt\/wp-json\/wp\/v2\/press-release\/11836\/revisions\/11842"}],"wp:featuredmedia":[{"embeddable":true,"href":"https:\/\/br.tereos.com\/pt-pt\/wp-json\/wp\/v2\/media\/11840"}],"wp:attachment":[{"href":"https:\/\/br.tereos.com\/pt-pt\/wp-json\/wp\/v2\/media?parent=11836"}],"wp:term":[{"taxonomy":"category","embeddable":true,"href":"https:\/\/br.tereos.com\/pt-pt\/wp-json\/wp\/v2\/categories?post=11836"}],"curies":[{"name":"wp","href":"https:\/\/api.w.org\/{rel}","templated":true}]}}