{"id":11793,"date":"2026-02-04T15:40:39","date_gmt":"2026-02-04T18:40:39","guid":{"rendered":"https:\/\/br.tereos.com\/?post_type=press_release&#038;p=11793"},"modified":"2026-03-10T15:45:53","modified_gmt":"2026-03-10T18:45:53","slug":"acucar-guarani-fortalece-sua-atuacao-no-carnaval-com-experiencias-unicas-para-os-folioes","status":"publish","type":"press_release","link":"https:\/\/br.tereos.com\/pt-pt\/press-releases\/acucar-guarani-fortalece-sua-atuacao-no-carnaval-com-experiencias-unicas-para-os-folioes\/","title":{"rendered":"A\u00e7\u00facar Guarani fortalece sua atua\u00e7\u00e3o no Carnaval com experi\u00eancias \u00fanicas para os foli\u00f5es"},"author":278,"featured_media":0,"template":"","categories":[],"class_list":["post-11793","press_release","type-press_release","status-publish","hentry"],"acf":{"cover_image":false,"cover_clone":{"cover_image":false},"file":{"ID":11794,"id":11794,"title":"A\u00e7\u00facar Guarani fortalece sua atua\u00e7\u00e3o no Carnaval com experi\u00eancias \u00fanicas para os foli\u00f5es","filename":"acucar-guarani-fortalece-sua-atuacao-no-carnaval-com-experiencias-unicas-para-os-folioes.pdf","filesize":244366,"url":"https:\/\/www.tereos.com\/app\/uploads\/sites\/7\/2026\/03\/acucar-guarani-fortalece-sua-atuacao-no-carnaval-com-experiencias-unicas-para-os-folioes.pdf","link":"https:\/\/br.tereos.com\/pt-pt\/press-releases\/acucar-guarani-fortalece-sua-atuacao-no-carnaval-com-experiencias-unicas-para-os-folioes\/acucar-guarani-fortalece-sua-atuacao-no-carnaval-com-experiencias-unicas-para-os-folioes\/","alt":"","author":"278","description":"","caption":"","name":"acucar-guarani-fortalece-sua-atuacao-no-carnaval-com-experiencias-unicas-para-os-folioes","status":"inherit","uploaded_to":11793,"date":"2026-03-10 18:44:45","modified":"2026-03-10 18:44:45","menu_order":0,"mime_type":"application\/pdf","type":"application","subtype":"pdf","icon":"https:\/\/br.tereos.com\/wp\/wp-includes\/images\/media\/document.png"},"pdf_clone":{"file":{"ID":11794,"id":11794,"title":"A\u00e7\u00facar Guarani fortalece sua atua\u00e7\u00e3o no Carnaval com experi\u00eancias \u00fanicas para os foli\u00f5es","filename":"acucar-guarani-fortalece-sua-atuacao-no-carnaval-com-experiencias-unicas-para-os-folioes.pdf","filesize":244366,"url":"https:\/\/www.tereos.com\/app\/uploads\/sites\/7\/2026\/03\/acucar-guarani-fortalece-sua-atuacao-no-carnaval-com-experiencias-unicas-para-os-folioes.pdf","link":"https:\/\/br.tereos.com\/pt-pt\/press-releases\/acucar-guarani-fortalece-sua-atuacao-no-carnaval-com-experiencias-unicas-para-os-folioes\/acucar-guarani-fortalece-sua-atuacao-no-carnaval-com-experiencias-unicas-para-os-folioes\/","alt":"","author":"278","description":"","caption":"","name":"acucar-guarani-fortalece-sua-atuacao-no-carnaval-com-experiencias-unicas-para-os-folioes","status":"inherit","uploaded_to":11793,"date":"2026-03-10 18:44:45","modified":"2026-03-10 18:44:45","menu_order":0,"mime_type":"application\/pdf","type":"application","subtype":"pdf","icon":"https:\/\/br.tereos.com\/wp\/wp-includes\/images\/media\/document.png"}},"headline":"Com patroc\u00ednios e ativa\u00e7\u00f5es em eventos tradicionais da regi\u00e3o, a marca refor\u00e7a sua presen\u00e7a e incentivo \u00e0 cultura local","headline_clone":{"headline":"Com patroc\u00ednios e ativa\u00e7\u00f5es em eventos tradicionais da regi\u00e3o, a marca refor\u00e7a sua presen\u00e7a e incentivo \u00e0 cultura local"},"has_anchors":false,"sections":[{"acf_fc_layout":"rich_text","anchor_title":"","text":"<p><strong>S\u00e3o Jos\u00e9 do Rio Preto, 4 de fevereiro de 2026 \u2013 <\/strong>A A\u00e7\u00facar Guarani, marca de varejo da Tereos, uma das l\u00edderes na produ\u00e7\u00e3o de a\u00e7\u00facar, etanol e bioenergia do pa\u00eds, participa do Carnaval com iniciativas que unem divers\u00e3o, intera\u00e7\u00e3o e incentivo \u00e0 cultura.<\/p>\n<p>Para abrir as comemora\u00e7\u00f5es, a Guarani apoia o Toca da Carlota, bloquinho de rua gratuito que acontece no dia 07 de fevereiro, nas ruas de Engenheiro Schmitt, distrito de Rio Preto, antecipando o clima festivo e levando alegria para a comunidade local.<\/p>\n<p>Na sequ\u00eancia, est\u00e1 o Blokinho Kombinados, que acontece no dia 14 de fevereiro, na Swift, em S\u00e3o Jos\u00e9 do Rio Preto. Como patrocinadora master, a Guarani apoia esta matin\u00ea voltada para fam\u00edlias e p\u00fablico infantil. Durante a festa, os foli\u00f5es poder\u00e3o participar de experi\u00eancias como a cabine de v\u00eddeo 360\u00ba: quem postar seu v\u00eddeo marcando a Guarani ganhar\u00e1 um kit especial para aproveitar ainda mais a divers\u00e3o.<\/p>\n<p>Outro grande momento \u00e9 o Oba Festival, que retorna a Votuporanga nos dias 14, 15 e 16 de fevereiro. A Guarani mant\u00e9m seu patroc\u00ednio neste evento e assina o tradicional concurso de fantasias, que ser\u00e1 realizado na segunda-feira, dia 16.<\/p>\n<p><strong>Sustentabilidade<\/strong><\/p>\n<p>Durante o Oba Festival, a Tereos tamb\u00e9m refor\u00e7ar\u00e1 seu compromisso com a sustentabilidade por meio da neutraliza\u00e7\u00e3o das emiss\u00f5es de carbono do consumo de energia el\u00e9trica durante todos os dias do evento, utilizando cr\u00e9ditos de energia renov\u00e1vel gerados pela certifica\u00e7\u00e3o internacional I-REC. Essa certifica\u00e7\u00e3o, obtida pela Tereos em 2021, garante que a energia el\u00e9trica gerada pela empresa \u00e9 proveniente de fonte limpa \u2013 a biomassa da cana-de-a\u00e7\u00facar.<\/p>\n<p>\u201cO Carnaval \u00e9 uma oportunidade \u00fanica de celebrar a cultura e criar conex\u00f5es genu\u00ednas com as pessoas. Com o apoio aos eventos, buscamos oferecer experi\u00eancias que encantem e, ao mesmo tempo, reforcem nosso compromisso com a inova\u00e7\u00e3o e a sustentabilidade, inclusive com iniciativas como o uso de energia renov\u00e1vel\u201d, afirma Gustavo Segantini, diretor comercial da Tereos.<\/p>\n"}],"flexible_editorial_clone":{"has_anchors":false,"sections":[{"acf_fc_layout":"rich_text","anchor_title":"","text":"<p><strong>S\u00e3o Jos\u00e9 do Rio Preto, 4 de fevereiro de 2026 \u2013 <\/strong>A A\u00e7\u00facar Guarani, marca de varejo da Tereos, uma das l\u00edderes na produ\u00e7\u00e3o de a\u00e7\u00facar, etanol e bioenergia do pa\u00eds, participa do Carnaval com iniciativas que unem divers\u00e3o, intera\u00e7\u00e3o e incentivo \u00e0 cultura.<\/p>\n<p>Para abrir as comemora\u00e7\u00f5es, a Guarani apoia o Toca da Carlota, bloquinho de rua gratuito que acontece no dia 07 de fevereiro, nas ruas de Engenheiro Schmitt, distrito de Rio Preto, antecipando o clima festivo e levando alegria para a comunidade local.<\/p>\n<p>Na sequ\u00eancia, est\u00e1 o Blokinho Kombinados, que acontece no dia 14 de fevereiro, na Swift, em S\u00e3o Jos\u00e9 do Rio Preto. Como patrocinadora master, a Guarani apoia esta matin\u00ea voltada para fam\u00edlias e p\u00fablico infantil. Durante a festa, os foli\u00f5es poder\u00e3o participar de experi\u00eancias como a cabine de v\u00eddeo 360\u00ba: quem postar seu v\u00eddeo marcando a Guarani ganhar\u00e1 um kit especial para aproveitar ainda mais a divers\u00e3o.<\/p>\n<p>Outro grande momento \u00e9 o Oba Festival, que retorna a Votuporanga nos dias 14, 15 e 16 de fevereiro. A Guarani mant\u00e9m seu patroc\u00ednio neste evento e assina o tradicional concurso de fantasias, que ser\u00e1 realizado na segunda-feira, dia 16.<\/p>\n<p><strong>Sustentabilidade<\/strong><\/p>\n<p>Durante o Oba Festival, a Tereos tamb\u00e9m refor\u00e7ar\u00e1 seu compromisso com a sustentabilidade por meio da neutraliza\u00e7\u00e3o das emiss\u00f5es de carbono do consumo de energia el\u00e9trica durante todos os dias do evento, utilizando cr\u00e9ditos de energia renov\u00e1vel gerados pela certifica\u00e7\u00e3o internacional I-REC. Essa certifica\u00e7\u00e3o, obtida pela Tereos em 2021, garante que a energia el\u00e9trica gerada pela empresa \u00e9 proveniente de fonte limpa \u2013 a biomassa da cana-de-a\u00e7\u00facar.<\/p>\n<p>\u201cO Carnaval \u00e9 uma oportunidade \u00fanica de celebrar a cultura e criar conex\u00f5es genu\u00ednas com as pessoas. Com o apoio aos eventos, buscamos oferecer experi\u00eancias que encantem e, ao mesmo tempo, reforcem nosso compromisso com a inova\u00e7\u00e3o e a sustentabilidade, inclusive com iniciativas como o uso de energia renov\u00e1vel\u201d, afirma Gustavo Segantini, diretor comercial da Tereos.<\/p>\n"}]}},"yoast_head":"<!-- This site is optimized with the Yoast SEO plugin v23.7 - https:\/\/yoast.com\/wordpress\/plugins\/seo\/ -->\n<title>A\u00e7\u00facar Guarani fortalece sua atua\u00e7\u00e3o no Carnaval com experi\u00eancias \u00fanicas para os foli\u00f5es - Brasil<\/title>\n<meta name=\"robots\" content=\"index, follow, max-snippet:-1, max-image-preview:large, max-video-preview:-1\" \/>\n<link rel=\"canonical\" href=\"https:\/\/br.tereos.com\/pt-pt\/press-releases\/acucar-guarani-fortalece-sua-atuacao-no-carnaval-com-experiencias-unicas-para-os-folioes\/\" \/>\n<meta property=\"og:locale\" content=\"pt_PT\" \/>\n<meta property=\"og:type\" content=\"article\" \/>\n<meta property=\"og:title\" content=\"A\u00e7\u00facar Guarani fortalece sua atua\u00e7\u00e3o no Carnaval com experi\u00eancias \u00fanicas para os foli\u00f5es - Brasil\" \/>\n<meta property=\"og:url\" content=\"https:\/\/br.tereos.com\/pt-pt\/press-releases\/acucar-guarani-fortalece-sua-atuacao-no-carnaval-com-experiencias-unicas-para-os-folioes\/\" \/>\n<meta property=\"og:site_name\" content=\"Brasil\" \/>\n<meta property=\"article:modified_time\" content=\"2026-03-10T18:45:53+00:00\" \/>\n<meta name=\"twitter:card\" content=\"summary_large_image\" \/>\n<script type=\"application\/ld+json\" class=\"yoast-schema-graph\">{\"@context\":\"https:\/\/schema.org\",\"@graph\":[{\"@type\":\"WebPage\",\"@id\":\"https:\/\/br.tereos.com\/pt-pt\/press-releases\/acucar-guarani-fortalece-sua-atuacao-no-carnaval-com-experiencias-unicas-para-os-folioes\/\",\"url\":\"https:\/\/br.tereos.com\/pt-pt\/press-releases\/acucar-guarani-fortalece-sua-atuacao-no-carnaval-com-experiencias-unicas-para-os-folioes\/\",\"name\":\"A\u00e7\u00facar Guarani fortalece sua atua\u00e7\u00e3o no Carnaval com experi\u00eancias \u00fanicas para os foli\u00f5es - Brasil\",\"isPartOf\":{\"@id\":\"https:\/\/br.tereos.com\/pt-pt\/#website\"},\"datePublished\":\"2026-02-04T18:40:39+00:00\",\"dateModified\":\"2026-03-10T18:45:53+00:00\",\"breadcrumb\":{\"@id\":\"https:\/\/br.tereos.com\/pt-pt\/press-releases\/acucar-guarani-fortalece-sua-atuacao-no-carnaval-com-experiencias-unicas-para-os-folioes\/#breadcrumb\"},\"inLanguage\":\"pt-PT\",\"potentialAction\":[{\"@type\":\"ReadAction\",\"target\":[\"https:\/\/br.tereos.com\/pt-pt\/press-releases\/acucar-guarani-fortalece-sua-atuacao-no-carnaval-com-experiencias-unicas-para-os-folioes\/\"]}]},{\"@type\":\"BreadcrumbList\",\"@id\":\"https:\/\/br.tereos.com\/pt-pt\/press-releases\/acucar-guarani-fortalece-sua-atuacao-no-carnaval-com-experiencias-unicas-para-os-folioes\/#breadcrumb\",\"itemListElement\":[{\"@type\":\"ListItem\",\"position\":1,\"name\":\"Home\",\"item\":\"https:\/\/br.tereos.com\/pt-pt\/\"},{\"@type\":\"ListItem\",\"position\":2,\"name\":\"A\u00e7\u00facar Guarani fortalece sua atua\u00e7\u00e3o no Carnaval com experi\u00eancias \u00fanicas para os foli\u00f5es\"}]},{\"@type\":\"WebSite\",\"@id\":\"https:\/\/br.tereos.com\/pt-pt\/#website\",\"url\":\"https:\/\/br.tereos.com\/pt-pt\/\",\"name\":\"Brasil\",\"description\":\"Un site utilisant WordPress\",\"potentialAction\":[{\"@type\":\"SearchAction\",\"target\":{\"@type\":\"EntryPoint\",\"urlTemplate\":\"https:\/\/br.tereos.com\/pt-pt\/?s={search_term_string}\"},\"query-input\":{\"@type\":\"PropertyValueSpecification\",\"valueRequired\":true,\"valueName\":\"search_term_string\"}}],\"inLanguage\":\"pt-PT\"}]}<\/script>\n<!-- \/ Yoast SEO plugin. -->","yoast_head_json":{"title":"A\u00e7\u00facar Guarani fortalece sua atua\u00e7\u00e3o no Carnaval com experi\u00eancias \u00fanicas para os foli\u00f5es - Brasil","robots":{"index":"index","follow":"follow","max-snippet":"max-snippet:-1","max-image-preview":"max-image-preview:large","max-video-preview":"max-video-preview:-1"},"canonical":"https:\/\/br.tereos.com\/pt-pt\/press-releases\/acucar-guarani-fortalece-sua-atuacao-no-carnaval-com-experiencias-unicas-para-os-folioes\/","og_locale":"pt_PT","og_type":"article","og_title":"A\u00e7\u00facar Guarani fortalece sua atua\u00e7\u00e3o no Carnaval com experi\u00eancias \u00fanicas para os foli\u00f5es - Brasil","og_url":"https:\/\/br.tereos.com\/pt-pt\/press-releases\/acucar-guarani-fortalece-sua-atuacao-no-carnaval-com-experiencias-unicas-para-os-folioes\/","og_site_name":"Brasil","article_modified_time":"2026-03-10T18:45:53+00:00","twitter_card":"summary_large_image","schema":{"@context":"https:\/\/schema.org","@graph":[{"@type":"WebPage","@id":"https:\/\/br.tereos.com\/pt-pt\/press-releases\/acucar-guarani-fortalece-sua-atuacao-no-carnaval-com-experiencias-unicas-para-os-folioes\/","url":"https:\/\/br.tereos.com\/pt-pt\/press-releases\/acucar-guarani-fortalece-sua-atuacao-no-carnaval-com-experiencias-unicas-para-os-folioes\/","name":"A\u00e7\u00facar Guarani fortalece sua atua\u00e7\u00e3o no Carnaval com experi\u00eancias \u00fanicas para os foli\u00f5es - Brasil","isPartOf":{"@id":"https:\/\/br.tereos.com\/pt-pt\/#website"},"datePublished":"2026-02-04T18:40:39+00:00","dateModified":"2026-03-10T18:45:53+00:00","breadcrumb":{"@id":"https:\/\/br.tereos.com\/pt-pt\/press-releases\/acucar-guarani-fortalece-sua-atuacao-no-carnaval-com-experiencias-unicas-para-os-folioes\/#breadcrumb"},"inLanguage":"pt-PT","potentialAction":[{"@type":"ReadAction","target":["https:\/\/br.tereos.com\/pt-pt\/press-releases\/acucar-guarani-fortalece-sua-atuacao-no-carnaval-com-experiencias-unicas-para-os-folioes\/"]}]},{"@type":"BreadcrumbList","@id":"https:\/\/br.tereos.com\/pt-pt\/press-releases\/acucar-guarani-fortalece-sua-atuacao-no-carnaval-com-experiencias-unicas-para-os-folioes\/#breadcrumb","itemListElement":[{"@type":"ListItem","position":1,"name":"Home","item":"https:\/\/br.tereos.com\/pt-pt\/"},{"@type":"ListItem","position":2,"name":"A\u00e7\u00facar Guarani fortalece sua atua\u00e7\u00e3o no Carnaval com experi\u00eancias \u00fanicas para os foli\u00f5es"}]},{"@type":"WebSite","@id":"https:\/\/br.tereos.com\/pt-pt\/#website","url":"https:\/\/br.tereos.com\/pt-pt\/","name":"Brasil","description":"Un site utilisant WordPress","potentialAction":[{"@type":"SearchAction","target":{"@type":"EntryPoint","urlTemplate":"https:\/\/br.tereos.com\/pt-pt\/?s={search_term_string}"},"query-input":{"@type":"PropertyValueSpecification","valueRequired":true,"valueName":"search_term_string"}}],"inLanguage":"pt-PT"}]}},"featured_media_src":false,"date_formatted":"4 February 2026 ","_links":{"self":[{"href":"https:\/\/br.tereos.com\/pt-pt\/wp-json\/wp\/v2\/press-release\/11793"}],"collection":[{"href":"https:\/\/br.tereos.com\/pt-pt\/wp-json\/wp\/v2\/press-release"}],"about":[{"href":"https:\/\/br.tereos.com\/pt-pt\/wp-json\/wp\/v2\/types\/press_release"}],"author":[{"embeddable":true,"href":"https:\/\/br.tereos.com\/pt-pt\/wp-json\/wp\/v2\/users\/278"}],"version-history":[{"count":1,"href":"https:\/\/br.tereos.com\/pt-pt\/wp-json\/wp\/v2\/press-release\/11793\/revisions"}],"predecessor-version":[{"id":11796,"href":"https:\/\/br.tereos.com\/pt-pt\/wp-json\/wp\/v2\/press-release\/11793\/revisions\/11796"}],"wp:attachment":[{"href":"https:\/\/br.tereos.com\/pt-pt\/wp-json\/wp\/v2\/media?parent=11793"}],"wp:term":[{"taxonomy":"category","embeddable":true,"href":"https:\/\/br.tereos.com\/pt-pt\/wp-json\/wp\/v2\/categories?post=11793"}],"curies":[{"name":"wp","href":"https:\/\/api.w.org\/{rel}","templated":true}]}}