{"id":11768,"date":"2026-01-05T14:30:08","date_gmt":"2026-01-05T17:30:08","guid":{"rendered":"https:\/\/br.tereos.com\/?post_type=press_release&#038;p=11768"},"modified":"2026-03-10T14:45:34","modified_gmt":"2026-03-10T17:45:34","slug":"tereos-abre-cerca-de-400-vagas-de-emprego-para-a-safra-26-27-no-noroeste-paulista","status":"publish","type":"press_release","link":"https:\/\/br.tereos.com\/pt-pt\/press-releases\/tereos-abre-cerca-de-400-vagas-de-emprego-para-a-safra-26-27-no-noroeste-paulista\/","title":{"rendered":"Tereos abre cerca de 400 vagas de emprego para a safra 26\/27 no Noroeste Paulista"},"author":278,"featured_media":11769,"template":"","categories":[],"class_list":["post-11768","press_release","type-press_release","status-publish","has-post-thumbnail","hentry"],"acf":{"cover_image":11769,"cover_clone":{"cover_image":11769},"file":{"ID":11771,"id":11771,"title":"Tereos abre cerca de 400 vagas de emprego","filename":"tereos-abre-cerca-de-400-vagas-de-emprego.pdf","filesize":192485,"url":"https:\/\/www.tereos.com\/app\/uploads\/sites\/7\/2026\/03\/tereos-abre-cerca-de-400-vagas-de-emprego.pdf","link":"https:\/\/br.tereos.com\/pt-pt\/press-releases\/tereos-abre-cerca-de-400-vagas-de-emprego-para-a-safra-26-27-no-noroeste-paulista\/tereos-abre-cerca-de-400-vagas-de-emprego\/","alt":"","author":"278","description":"","caption":"","name":"tereos-abre-cerca-de-400-vagas-de-emprego","status":"inherit","uploaded_to":11768,"date":"2026-03-10 17:41:46","modified":"2026-03-10 17:41:46","menu_order":0,"mime_type":"application\/pdf","type":"application","subtype":"pdf","icon":"https:\/\/br.tereos.com\/wp\/wp-includes\/images\/media\/document.png"},"pdf_clone":{"file":{"ID":11771,"id":11771,"title":"Tereos abre cerca de 400 vagas de emprego","filename":"tereos-abre-cerca-de-400-vagas-de-emprego.pdf","filesize":192485,"url":"https:\/\/www.tereos.com\/app\/uploads\/sites\/7\/2026\/03\/tereos-abre-cerca-de-400-vagas-de-emprego.pdf","link":"https:\/\/br.tereos.com\/pt-pt\/press-releases\/tereos-abre-cerca-de-400-vagas-de-emprego-para-a-safra-26-27-no-noroeste-paulista\/tereos-abre-cerca-de-400-vagas-de-emprego\/","alt":"","author":"278","description":"","caption":"","name":"tereos-abre-cerca-de-400-vagas-de-emprego","status":"inherit","uploaded_to":11768,"date":"2026-03-10 17:41:46","modified":"2026-03-10 17:41:46","menu_order":0,"mime_type":"application\/pdf","type":"application","subtype":"pdf","icon":"https:\/\/br.tereos.com\/wp\/wp-includes\/images\/media\/document.png"}},"headline":"Processo seletivo contempla diferentes fun\u00e7\u00f5es operacionais e t\u00e9cnicas nas unidades Andrade, Cruz Alta, Mandu, S\u00e3o Jos\u00e9, Tanabi e Vertente","headline_clone":{"headline":"Processo seletivo contempla diferentes fun\u00e7\u00f5es operacionais e t\u00e9cnicas nas unidades Andrade, Cruz Alta, Mandu, S\u00e3o Jos\u00e9, Tanabi e Vertente"},"has_anchors":false,"sections":[{"acf_fc_layout":"rich_text","anchor_title":"","text":"<p><strong>S\u00e3o Jos\u00e9 do Rio Preto, janeiro de 2026 \u2013<\/strong> A Tereos, uma das l\u00edderes na produ\u00e7\u00e3o de a\u00e7\u00facar, etanol e energia renov\u00e1vel do pa\u00eds, abriu processo seletivo para a safra 26\/27 com aproximadamente 400 oportunidades em diversas \u00e1reas. As vagas contemplam posi\u00e7\u00f5es safristas e efetivas nas unidades Andrade, Cruz Alta, Mandu, S\u00e3o Jos\u00e9, Tanabi e Vertente, alinhadas \u00e0 opera\u00e7\u00e3o da companhia e refor\u00e7ando seu compromisso com o desenvolvimento regional.<\/p>\n<p>As contrata\u00e7\u00f5es abrangem fun\u00e7\u00f5es operacionais e t\u00e9cnicas, como auxiliar industrial, mec\u00e2nico, operador de movimenta\u00e7\u00e3o de a\u00e7\u00facar, analista de laborat\u00f3rio, tratorista, motorista, auxiliar de servi\u00e7os gerais, operador de motobomba e de colhedora. A iniciativa busca profissionais para atuar diretamente nas opera\u00e7\u00f5es da companhia durante o pr\u00f3ximo ciclo.<\/p>\n<p>A Tereos tamb\u00e9m oferece benef\u00edcios como plano de sa\u00fade, plano odontol\u00f3gico, vale-alimenta\u00e7\u00e3o, aux\u00edlio-farm\u00e1cia e transporte, refor\u00e7ando o cuidado com seus colaboradores. O processo seletivo inclui etapas como entrevistas com equipes de Desenvolvimento Humano e Organizacional (DHO) e lideran\u00e7a, testes pr\u00e1ticos, exames admissionais e integra\u00e7\u00e3o.<\/p>\n<p>Os interessados podem enviar curr\u00edculo at\u00e9 20 de janeiro de 2026 pelos n\u00fameros de WhatsApp, ou realizar a entrega presencial nas portarias das unidades. A empresa mant\u00e9m sua pol\u00edtica de diversidade e inclus\u00e3o, garantindo espa\u00e7o para pessoas com defici\u00eancia no processo seletivo.<\/p>\n<p>Confira os contatos das unidades:<\/p>\n<ul>\n<li><strong>Unidade Andrade<\/strong>: (17) 99605-8103<\/li>\n<li><strong>Unidade Cruz Alta<\/strong>: (17) 99676-6389<\/li>\n<li><strong>Unidade Mandu<\/strong>: (17) 99729-2177<\/li>\n<li><strong>Unidade S\u00e3o Jos\u00e9<\/strong>: (17) 99631-0318<\/li>\n<li><strong>Unidade Tanabi<\/strong>: (17) 99749-5242<\/li>\n<li><strong>Usina Vertente<\/strong>: (17) 99732-7390<\/li>\n<\/ul>\n<p>&nbsp;<\/p>\n"}],"flexible_editorial_clone":{"has_anchors":false,"sections":[{"acf_fc_layout":"rich_text","anchor_title":"","text":"<p><strong>S\u00e3o Jos\u00e9 do Rio Preto, janeiro de 2026 \u2013<\/strong> A Tereos, uma das l\u00edderes na produ\u00e7\u00e3o de a\u00e7\u00facar, etanol e energia renov\u00e1vel do pa\u00eds, abriu processo seletivo para a safra 26\/27 com aproximadamente 400 oportunidades em diversas \u00e1reas. As vagas contemplam posi\u00e7\u00f5es safristas e efetivas nas unidades Andrade, Cruz Alta, Mandu, S\u00e3o Jos\u00e9, Tanabi e Vertente, alinhadas \u00e0 opera\u00e7\u00e3o da companhia e refor\u00e7ando seu compromisso com o desenvolvimento regional.<\/p>\n<p>As contrata\u00e7\u00f5es abrangem fun\u00e7\u00f5es operacionais e t\u00e9cnicas, como auxiliar industrial, mec\u00e2nico, operador de movimenta\u00e7\u00e3o de a\u00e7\u00facar, analista de laborat\u00f3rio, tratorista, motorista, auxiliar de servi\u00e7os gerais, operador de motobomba e de colhedora. A iniciativa busca profissionais para atuar diretamente nas opera\u00e7\u00f5es da companhia durante o pr\u00f3ximo ciclo.<\/p>\n<p>A Tereos tamb\u00e9m oferece benef\u00edcios como plano de sa\u00fade, plano odontol\u00f3gico, vale-alimenta\u00e7\u00e3o, aux\u00edlio-farm\u00e1cia e transporte, refor\u00e7ando o cuidado com seus colaboradores. O processo seletivo inclui etapas como entrevistas com equipes de Desenvolvimento Humano e Organizacional (DHO) e lideran\u00e7a, testes pr\u00e1ticos, exames admissionais e integra\u00e7\u00e3o.<\/p>\n<p>Os interessados podem enviar curr\u00edculo at\u00e9 20 de janeiro de 2026 pelos n\u00fameros de WhatsApp, ou realizar a entrega presencial nas portarias das unidades. A empresa mant\u00e9m sua pol\u00edtica de diversidade e inclus\u00e3o, garantindo espa\u00e7o para pessoas com defici\u00eancia no processo seletivo.<\/p>\n<p>Confira os contatos das unidades:<\/p>\n<ul>\n<li><strong>Unidade Andrade<\/strong>: (17) 99605-8103<\/li>\n<li><strong>Unidade Cruz Alta<\/strong>: (17) 99676-6389<\/li>\n<li><strong>Unidade Mandu<\/strong>: (17) 99729-2177<\/li>\n<li><strong>Unidade S\u00e3o Jos\u00e9<\/strong>: (17) 99631-0318<\/li>\n<li><strong>Unidade Tanabi<\/strong>: (17) 99749-5242<\/li>\n<li><strong>Usina Vertente<\/strong>: (17) 99732-7390<\/li>\n<\/ul>\n<p>&nbsp;<\/p>\n"}]}},"yoast_head":"<!-- This site is optimized with the Yoast SEO plugin v23.7 - https:\/\/yoast.com\/wordpress\/plugins\/seo\/ -->\n<title>Tereos abre cerca de 400 vagas de emprego para a safra 26\/27 no Noroeste Paulista - Brasil<\/title>\n<meta name=\"robots\" content=\"index, follow, max-snippet:-1, max-image-preview:large, max-video-preview:-1\" \/>\n<link rel=\"canonical\" href=\"https:\/\/br.tereos.com\/pt-pt\/press-releases\/tereos-abre-cerca-de-400-vagas-de-emprego-para-a-safra-26-27-no-noroeste-paulista\/\" \/>\n<meta property=\"og:locale\" content=\"pt_PT\" \/>\n<meta property=\"og:type\" content=\"article\" \/>\n<meta property=\"og:title\" content=\"Tereos abre cerca de 400 vagas de emprego para a safra 26\/27 no Noroeste Paulista - Brasil\" \/>\n<meta property=\"og:url\" content=\"https:\/\/br.tereos.com\/pt-pt\/press-releases\/tereos-abre-cerca-de-400-vagas-de-emprego-para-a-safra-26-27-no-noroeste-paulista\/\" \/>\n<meta property=\"og:site_name\" content=\"Brasil\" \/>\n<meta property=\"article:modified_time\" content=\"2026-03-10T17:45:34+00:00\" \/>\n<meta property=\"og:image\" content=\"https:\/\/www.tereos.com\/app\/uploads\/sites\/7\/2026\/03\/pagina-65-scaled.jpg\" \/>\n\t<meta property=\"og:image:width\" content=\"2560\" \/>\n\t<meta property=\"og:image:height\" content=\"1707\" \/>\n\t<meta property=\"og:image:type\" content=\"image\/jpeg\" \/>\n<meta name=\"twitter:card\" content=\"summary_large_image\" \/>\n<script type=\"application\/ld+json\" class=\"yoast-schema-graph\">{\"@context\":\"https:\/\/schema.org\",\"@graph\":[{\"@type\":\"WebPage\",\"@id\":\"https:\/\/br.tereos.com\/pt-pt\/press-releases\/tereos-abre-cerca-de-400-vagas-de-emprego-para-a-safra-26-27-no-noroeste-paulista\/\",\"url\":\"https:\/\/br.tereos.com\/pt-pt\/press-releases\/tereos-abre-cerca-de-400-vagas-de-emprego-para-a-safra-26-27-no-noroeste-paulista\/\",\"name\":\"Tereos abre cerca de 400 vagas de emprego para a safra 26\/27 no Noroeste Paulista - Brasil\",\"isPartOf\":{\"@id\":\"https:\/\/br.tereos.com\/pt-pt\/#website\"},\"primaryImageOfPage\":{\"@id\":\"https:\/\/br.tereos.com\/pt-pt\/press-releases\/tereos-abre-cerca-de-400-vagas-de-emprego-para-a-safra-26-27-no-noroeste-paulista\/#primaryimage\"},\"image\":{\"@id\":\"https:\/\/br.tereos.com\/pt-pt\/press-releases\/tereos-abre-cerca-de-400-vagas-de-emprego-para-a-safra-26-27-no-noroeste-paulista\/#primaryimage\"},\"thumbnailUrl\":\"https:\/\/www.tereos.com\/app\/uploads\/sites\/7\/2026\/03\/pagina-65-scaled.jpg\",\"datePublished\":\"2026-01-05T17:30:08+00:00\",\"dateModified\":\"2026-03-10T17:45:34+00:00\",\"breadcrumb\":{\"@id\":\"https:\/\/br.tereos.com\/pt-pt\/press-releases\/tereos-abre-cerca-de-400-vagas-de-emprego-para-a-safra-26-27-no-noroeste-paulista\/#breadcrumb\"},\"inLanguage\":\"pt-PT\",\"potentialAction\":[{\"@type\":\"ReadAction\",\"target\":[\"https:\/\/br.tereos.com\/pt-pt\/press-releases\/tereos-abre-cerca-de-400-vagas-de-emprego-para-a-safra-26-27-no-noroeste-paulista\/\"]}]},{\"@type\":\"ImageObject\",\"inLanguage\":\"pt-PT\",\"@id\":\"https:\/\/br.tereos.com\/pt-pt\/press-releases\/tereos-abre-cerca-de-400-vagas-de-emprego-para-a-safra-26-27-no-noroeste-paulista\/#primaryimage\",\"url\":\"https:\/\/www.tereos.com\/app\/uploads\/sites\/7\/2026\/03\/pagina-65-scaled.jpg\",\"contentUrl\":\"https:\/\/www.tereos.com\/app\/uploads\/sites\/7\/2026\/03\/pagina-65-scaled.jpg\",\"width\":2560,\"height\":1707,\"caption\":\"GUA\u00cdRA, SP, BRASIL - 25.07.2024: Tereos Unidade Mandu - Aplica\u00e7\u00e3o de vinha\u00e7a localizada. (Fotos: Diego Padgurschi \/ Ag\u00eancia Mexerica \/ Tereos Divulga\u00e7\u00e3o)\"},{\"@type\":\"BreadcrumbList\",\"@id\":\"https:\/\/br.tereos.com\/pt-pt\/press-releases\/tereos-abre-cerca-de-400-vagas-de-emprego-para-a-safra-26-27-no-noroeste-paulista\/#breadcrumb\",\"itemListElement\":[{\"@type\":\"ListItem\",\"position\":1,\"name\":\"Home\",\"item\":\"https:\/\/br.tereos.com\/pt-pt\/\"},{\"@type\":\"ListItem\",\"position\":2,\"name\":\"Tereos abre cerca de 400 vagas de emprego para a safra 26\/27 no Noroeste Paulista\"}]},{\"@type\":\"WebSite\",\"@id\":\"https:\/\/br.tereos.com\/pt-pt\/#website\",\"url\":\"https:\/\/br.tereos.com\/pt-pt\/\",\"name\":\"Brasil\",\"description\":\"Un site utilisant WordPress\",\"potentialAction\":[{\"@type\":\"SearchAction\",\"target\":{\"@type\":\"EntryPoint\",\"urlTemplate\":\"https:\/\/br.tereos.com\/pt-pt\/?s={search_term_string}\"},\"query-input\":{\"@type\":\"PropertyValueSpecification\",\"valueRequired\":true,\"valueName\":\"search_term_string\"}}],\"inLanguage\":\"pt-PT\"}]}<\/script>\n<!-- \/ Yoast SEO plugin. -->","yoast_head_json":{"title":"Tereos abre cerca de 400 vagas de emprego para a safra 26\/27 no Noroeste Paulista - Brasil","robots":{"index":"index","follow":"follow","max-snippet":"max-snippet:-1","max-image-preview":"max-image-preview:large","max-video-preview":"max-video-preview:-1"},"canonical":"https:\/\/br.tereos.com\/pt-pt\/press-releases\/tereos-abre-cerca-de-400-vagas-de-emprego-para-a-safra-26-27-no-noroeste-paulista\/","og_locale":"pt_PT","og_type":"article","og_title":"Tereos abre cerca de 400 vagas de emprego para a safra 26\/27 no Noroeste Paulista - Brasil","og_url":"https:\/\/br.tereos.com\/pt-pt\/press-releases\/tereos-abre-cerca-de-400-vagas-de-emprego-para-a-safra-26-27-no-noroeste-paulista\/","og_site_name":"Brasil","article_modified_time":"2026-03-10T17:45:34+00:00","og_image":[{"width":2560,"height":1707,"url":"https:\/\/www.tereos.com\/app\/uploads\/sites\/7\/2026\/03\/pagina-65-scaled.jpg","type":"image\/jpeg"}],"twitter_card":"summary_large_image","schema":{"@context":"https:\/\/schema.org","@graph":[{"@type":"WebPage","@id":"https:\/\/br.tereos.com\/pt-pt\/press-releases\/tereos-abre-cerca-de-400-vagas-de-emprego-para-a-safra-26-27-no-noroeste-paulista\/","url":"https:\/\/br.tereos.com\/pt-pt\/press-releases\/tereos-abre-cerca-de-400-vagas-de-emprego-para-a-safra-26-27-no-noroeste-paulista\/","name":"Tereos abre cerca de 400 vagas de emprego para a safra 26\/27 no Noroeste Paulista - Brasil","isPartOf":{"@id":"https:\/\/br.tereos.com\/pt-pt\/#website"},"primaryImageOfPage":{"@id":"https:\/\/br.tereos.com\/pt-pt\/press-releases\/tereos-abre-cerca-de-400-vagas-de-emprego-para-a-safra-26-27-no-noroeste-paulista\/#primaryimage"},"image":{"@id":"https:\/\/br.tereos.com\/pt-pt\/press-releases\/tereos-abre-cerca-de-400-vagas-de-emprego-para-a-safra-26-27-no-noroeste-paulista\/#primaryimage"},"thumbnailUrl":"https:\/\/www.tereos.com\/app\/uploads\/sites\/7\/2026\/03\/pagina-65-scaled.jpg","datePublished":"2026-01-05T17:30:08+00:00","dateModified":"2026-03-10T17:45:34+00:00","breadcrumb":{"@id":"https:\/\/br.tereos.com\/pt-pt\/press-releases\/tereos-abre-cerca-de-400-vagas-de-emprego-para-a-safra-26-27-no-noroeste-paulista\/#breadcrumb"},"inLanguage":"pt-PT","potentialAction":[{"@type":"ReadAction","target":["https:\/\/br.tereos.com\/pt-pt\/press-releases\/tereos-abre-cerca-de-400-vagas-de-emprego-para-a-safra-26-27-no-noroeste-paulista\/"]}]},{"@type":"ImageObject","inLanguage":"pt-PT","@id":"https:\/\/br.tereos.com\/pt-pt\/press-releases\/tereos-abre-cerca-de-400-vagas-de-emprego-para-a-safra-26-27-no-noroeste-paulista\/#primaryimage","url":"https:\/\/www.tereos.com\/app\/uploads\/sites\/7\/2026\/03\/pagina-65-scaled.jpg","contentUrl":"https:\/\/www.tereos.com\/app\/uploads\/sites\/7\/2026\/03\/pagina-65-scaled.jpg","width":2560,"height":1707,"caption":"GUA\u00cdRA, SP, BRASIL - 25.07.2024: Tereos Unidade Mandu - Aplica\u00e7\u00e3o de vinha\u00e7a localizada. (Fotos: Diego Padgurschi \/ Ag\u00eancia Mexerica \/ Tereos Divulga\u00e7\u00e3o)"},{"@type":"BreadcrumbList","@id":"https:\/\/br.tereos.com\/pt-pt\/press-releases\/tereos-abre-cerca-de-400-vagas-de-emprego-para-a-safra-26-27-no-noroeste-paulista\/#breadcrumb","itemListElement":[{"@type":"ListItem","position":1,"name":"Home","item":"https:\/\/br.tereos.com\/pt-pt\/"},{"@type":"ListItem","position":2,"name":"Tereos abre cerca de 400 vagas de emprego para a safra 26\/27 no Noroeste Paulista"}]},{"@type":"WebSite","@id":"https:\/\/br.tereos.com\/pt-pt\/#website","url":"https:\/\/br.tereos.com\/pt-pt\/","name":"Brasil","description":"Un site utilisant WordPress","potentialAction":[{"@type":"SearchAction","target":{"@type":"EntryPoint","urlTemplate":"https:\/\/br.tereos.com\/pt-pt\/?s={search_term_string}"},"query-input":{"@type":"PropertyValueSpecification","valueRequired":true,"valueName":"search_term_string"}}],"inLanguage":"pt-PT"}]}},"featured_media_src":"https:\/\/www.tereos.com\/app\/uploads\/sites\/7\/2026\/03\/pagina-65-scaled-520x390-c-default.jpg","date_formatted":"5 January 2026 ","_links":{"self":[{"href":"https:\/\/br.tereos.com\/pt-pt\/wp-json\/wp\/v2\/press-release\/11768"}],"collection":[{"href":"https:\/\/br.tereos.com\/pt-pt\/wp-json\/wp\/v2\/press-release"}],"about":[{"href":"https:\/\/br.tereos.com\/pt-pt\/wp-json\/wp\/v2\/types\/press_release"}],"author":[{"embeddable":true,"href":"https:\/\/br.tereos.com\/pt-pt\/wp-json\/wp\/v2\/users\/278"}],"version-history":[{"count":1,"href":"https:\/\/br.tereos.com\/pt-pt\/wp-json\/wp\/v2\/press-release\/11768\/revisions"}],"predecessor-version":[{"id":11773,"href":"https:\/\/br.tereos.com\/pt-pt\/wp-json\/wp\/v2\/press-release\/11768\/revisions\/11773"}],"wp:featuredmedia":[{"embeddable":true,"href":"https:\/\/br.tereos.com\/pt-pt\/wp-json\/wp\/v2\/media\/11769"}],"wp:attachment":[{"href":"https:\/\/br.tereos.com\/pt-pt\/wp-json\/wp\/v2\/media?parent=11768"}],"wp:term":[{"taxonomy":"category","embeddable":true,"href":"https:\/\/br.tereos.com\/pt-pt\/wp-json\/wp\/v2\/categories?post=11768"}],"curies":[{"name":"wp","href":"https:\/\/api.w.org\/{rel}","templated":true}]}}