{"id":11735,"date":"2025-12-15T16:11:25","date_gmt":"2025-12-15T19:11:25","guid":{"rendered":"https:\/\/br.tereos.com\/?post_type=press_release&#038;p=11735"},"modified":"2025-12-16T16:32:01","modified_gmt":"2025-12-16T19:32:01","slug":"tereos-celebra-25-anos-no-brasil-com-doacao-de-acucar-para-municipios-da-regiao","status":"publish","type":"press_release","link":"https:\/\/br.tereos.com\/pt-pt\/press-releases\/tereos-celebra-25-anos-no-brasil-com-doacao-de-acucar-para-municipios-da-regiao\/","title":{"rendered":"Tereos celebra 25 anos no Brasil com doa\u00e7\u00e3o de a\u00e7\u00facar para munic\u00edpios da regi\u00e3o"},"author":278,"featured_media":0,"template":"","categories":[],"class_list":["post-11735","press_release","type-press_release","status-publish","hentry"],"acf":{"cover_image":false,"cover_clone":{"cover_image":false},"file":{"ID":11736,"id":11736,"title":"Tereos celebra 25 anos no Brasil com doa\u00e7\u00e3o de a\u00e7\u00facar para munic\u00edpios da regi\u00e3o","filename":"tereos-celebra-25-anos-no-brasil-com-doacao-de-acucar-para-municipios-da-regiao.pdf","filesize":178395,"url":"https:\/\/www.tereos.com\/app\/uploads\/sites\/7\/2025\/12\/tereos-celebra-25-anos-no-brasil-com-doacao-de-acucar-para-municipios-da-regiao.pdf","link":"https:\/\/br.tereos.com\/pt-pt\/press-releases\/tereos-celebra-25-anos-no-brasil-com-doacao-de-acucar-para-municipios-da-regiao\/tereos-celebra-25-anos-no-brasil-com-doacao-de-acucar-para-municipios-da-regiao\/","alt":"","author":"278","description":"","caption":"","name":"tereos-celebra-25-anos-no-brasil-com-doacao-de-acucar-para-municipios-da-regiao","status":"inherit","uploaded_to":11735,"date":"2025-12-16 19:15:55","modified":"2025-12-16 19:15:55","menu_order":0,"mime_type":"application\/pdf","type":"application","subtype":"pdf","icon":"https:\/\/br.tereos.com\/wp\/wp-includes\/images\/media\/document.png"},"pdf_clone":{"file":{"ID":11736,"id":11736,"title":"Tereos celebra 25 anos no Brasil com doa\u00e7\u00e3o de a\u00e7\u00facar para munic\u00edpios da regi\u00e3o","filename":"tereos-celebra-25-anos-no-brasil-com-doacao-de-acucar-para-municipios-da-regiao.pdf","filesize":178395,"url":"https:\/\/www.tereos.com\/app\/uploads\/sites\/7\/2025\/12\/tereos-celebra-25-anos-no-brasil-com-doacao-de-acucar-para-municipios-da-regiao.pdf","link":"https:\/\/br.tereos.com\/pt-pt\/press-releases\/tereos-celebra-25-anos-no-brasil-com-doacao-de-acucar-para-municipios-da-regiao\/tereos-celebra-25-anos-no-brasil-com-doacao-de-acucar-para-municipios-da-regiao\/","alt":"","author":"278","description":"","caption":"","name":"tereos-celebra-25-anos-no-brasil-com-doacao-de-acucar-para-municipios-da-regiao","status":"inherit","uploaded_to":11735,"date":"2025-12-16 19:15:55","modified":"2025-12-16 19:15:55","menu_order":0,"mime_type":"application\/pdf","type":"application","subtype":"pdf","icon":"https:\/\/br.tereos.com\/wp\/wp-includes\/images\/media\/document.png"}},"headline":"A\u00e7\u00e3o refor\u00e7a compromisso social da companhia e sua conex\u00e3o hist\u00f3rica com as comunidades onde atua<br \/>\r\n","headline_clone":{"headline":"A\u00e7\u00e3o refor\u00e7a compromisso social da companhia e sua conex\u00e3o hist\u00f3rica com as comunidades onde atua<br \/>\r\n"},"has_anchors":false,"sections":[{"acf_fc_layout":"rich_text","anchor_title":"","text":"<p><strong>Ol\u00edmpia, 15 de dezembro de 2025 \u2013<\/strong> Em comemora\u00e7\u00e3o aos seus 25 anos de atua\u00e7\u00e3o no Brasil, a Tereos, uma das l\u00edderes globais em produ\u00e7\u00e3o de a\u00e7\u00facar, etanol e bioenergia, anuncia uma iniciativa especial voltada ao fortalecimento das comunidades do entorno de suas opera\u00e7\u00f5es: a doa\u00e7\u00e3o de 25 toneladas de a\u00e7\u00facar para 25 munic\u00edpios do noroeste paulista, localizados em sua \u00e1rea de atua\u00e7\u00e3o no Estado de S\u00e3o Paulo.<\/p>\n<p>As doa\u00e7\u00f5es come\u00e7am hoje, 15 de dezembro, e ser\u00e3o repassadas aos munic\u00edpios, respons\u00e1veis por direcion\u00e1-las \u00e0s iniciativas e servi\u00e7os que atendem a comunidade.<\/p>\n<p>A a\u00e7\u00e3o integra o calend\u00e1rio comemorativo da presen\u00e7a da companhia no pa\u00eds e simboliza o compromisso da Tereos com o desenvolvimento socioecon\u00f4mico regional \u2014 v\u00ednculo constru\u00eddo ao longo de duas d\u00e9cadas e meia, marcado por parcerias com produtores, investimentos em tecnologia, gera\u00e7\u00e3o de empregos e di\u00e1logo permanente com a comunidade.<\/p>\n<p>\u201cCelebrar 25 anos no Brasil \u00e9 reconhecer a for\u00e7a das pessoas que caminham conosco desde o in\u00edcio. Fazemos parte da hist\u00f3ria desses munic\u00edpios e queremos retribuir a confian\u00e7a e a parceria que sempre nos impulsionaram. A doa\u00e7\u00e3o de 25 toneladas de a\u00e7\u00facar neste marco simb\u00f3lico refor\u00e7a nossa conex\u00e3o com o territ\u00f3rio e reafirma nosso compromisso em gerar impacto positivo para as comunidades\u201d afirma Douglas Leonardo de Souza, Gerente de Rela\u00e7\u00f5es Institucionais da Tereos.<\/p>\n<p>As doa\u00e7\u00f5es est\u00e3o sendo destinadas aos munic\u00edpios de Altair, Bebedouro, Colina, Col\u00f4mbia, Cosmorama, Gua\u00edra, Guaraci, Ipigu\u00e1, Jaborandi, Mirassol, Mirassol\u00e2ndia, Monte Apraz\u00edvel, Monte Azul Paulista, Morro Agudo, Nova Granada, Ol\u00edmpia, Onda Verde, Palmital, Pitangueiras, Sever\u00ednia, Tabapu\u00e3, Tanabi, Terra Roxa, Uchoa e Viradouro.<\/p>\n"}],"flexible_editorial_clone":{"has_anchors":false,"sections":[{"acf_fc_layout":"rich_text","anchor_title":"","text":"<p><strong>Ol\u00edmpia, 15 de dezembro de 2025 \u2013<\/strong> Em comemora\u00e7\u00e3o aos seus 25 anos de atua\u00e7\u00e3o no Brasil, a Tereos, uma das l\u00edderes globais em produ\u00e7\u00e3o de a\u00e7\u00facar, etanol e bioenergia, anuncia uma iniciativa especial voltada ao fortalecimento das comunidades do entorno de suas opera\u00e7\u00f5es: a doa\u00e7\u00e3o de 25 toneladas de a\u00e7\u00facar para 25 munic\u00edpios do noroeste paulista, localizados em sua \u00e1rea de atua\u00e7\u00e3o no Estado de S\u00e3o Paulo.<\/p>\n<p>As doa\u00e7\u00f5es come\u00e7am hoje, 15 de dezembro, e ser\u00e3o repassadas aos munic\u00edpios, respons\u00e1veis por direcion\u00e1-las \u00e0s iniciativas e servi\u00e7os que atendem a comunidade.<\/p>\n<p>A a\u00e7\u00e3o integra o calend\u00e1rio comemorativo da presen\u00e7a da companhia no pa\u00eds e simboliza o compromisso da Tereos com o desenvolvimento socioecon\u00f4mico regional \u2014 v\u00ednculo constru\u00eddo ao longo de duas d\u00e9cadas e meia, marcado por parcerias com produtores, investimentos em tecnologia, gera\u00e7\u00e3o de empregos e di\u00e1logo permanente com a comunidade.<\/p>\n<p>\u201cCelebrar 25 anos no Brasil \u00e9 reconhecer a for\u00e7a das pessoas que caminham conosco desde o in\u00edcio. Fazemos parte da hist\u00f3ria desses munic\u00edpios e queremos retribuir a confian\u00e7a e a parceria que sempre nos impulsionaram. A doa\u00e7\u00e3o de 25 toneladas de a\u00e7\u00facar neste marco simb\u00f3lico refor\u00e7a nossa conex\u00e3o com o territ\u00f3rio e reafirma nosso compromisso em gerar impacto positivo para as comunidades\u201d afirma Douglas Leonardo de Souza, Gerente de Rela\u00e7\u00f5es Institucionais da Tereos.<\/p>\n<p>As doa\u00e7\u00f5es est\u00e3o sendo destinadas aos munic\u00edpios de Altair, Bebedouro, Colina, Col\u00f4mbia, Cosmorama, Gua\u00edra, Guaraci, Ipigu\u00e1, Jaborandi, Mirassol, Mirassol\u00e2ndia, Monte Apraz\u00edvel, Monte Azul Paulista, Morro Agudo, Nova Granada, Ol\u00edmpia, Onda Verde, Palmital, Pitangueiras, Sever\u00ednia, Tabapu\u00e3, Tanabi, Terra Roxa, Uchoa e Viradouro.<\/p>\n"}]}},"yoast_head":"<!-- This site is optimized with the Yoast SEO plugin v23.7 - https:\/\/yoast.com\/wordpress\/plugins\/seo\/ -->\n<title>Tereos celebra 25 anos no Brasil com doa\u00e7\u00e3o de a\u00e7\u00facar para munic\u00edpios da regi\u00e3o - Brasil<\/title>\n<meta name=\"robots\" content=\"index, follow, max-snippet:-1, max-image-preview:large, max-video-preview:-1\" \/>\n<link rel=\"canonical\" href=\"https:\/\/br.tereos.com\/pt-pt\/press-releases\/tereos-celebra-25-anos-no-brasil-com-doacao-de-acucar-para-municipios-da-regiao\/\" \/>\n<meta property=\"og:locale\" content=\"pt_PT\" \/>\n<meta property=\"og:type\" content=\"article\" \/>\n<meta property=\"og:title\" content=\"Tereos celebra 25 anos no Brasil com doa\u00e7\u00e3o de a\u00e7\u00facar para munic\u00edpios da regi\u00e3o - Brasil\" \/>\n<meta property=\"og:url\" content=\"https:\/\/br.tereos.com\/pt-pt\/press-releases\/tereos-celebra-25-anos-no-brasil-com-doacao-de-acucar-para-municipios-da-regiao\/\" \/>\n<meta property=\"og:site_name\" content=\"Brasil\" \/>\n<meta property=\"article:modified_time\" content=\"2025-12-16T19:32:01+00:00\" \/>\n<meta name=\"twitter:card\" content=\"summary_large_image\" \/>\n<script type=\"application\/ld+json\" class=\"yoast-schema-graph\">{\"@context\":\"https:\/\/schema.org\",\"@graph\":[{\"@type\":\"WebPage\",\"@id\":\"https:\/\/br.tereos.com\/pt-pt\/press-releases\/tereos-celebra-25-anos-no-brasil-com-doacao-de-acucar-para-municipios-da-regiao\/\",\"url\":\"https:\/\/br.tereos.com\/pt-pt\/press-releases\/tereos-celebra-25-anos-no-brasil-com-doacao-de-acucar-para-municipios-da-regiao\/\",\"name\":\"Tereos celebra 25 anos no Brasil com doa\u00e7\u00e3o de a\u00e7\u00facar para munic\u00edpios da regi\u00e3o - Brasil\",\"isPartOf\":{\"@id\":\"https:\/\/br.tereos.com\/pt-pt\/#website\"},\"datePublished\":\"2025-12-15T19:11:25+00:00\",\"dateModified\":\"2025-12-16T19:32:01+00:00\",\"breadcrumb\":{\"@id\":\"https:\/\/br.tereos.com\/pt-pt\/press-releases\/tereos-celebra-25-anos-no-brasil-com-doacao-de-acucar-para-municipios-da-regiao\/#breadcrumb\"},\"inLanguage\":\"pt-PT\",\"potentialAction\":[{\"@type\":\"ReadAction\",\"target\":[\"https:\/\/br.tereos.com\/pt-pt\/press-releases\/tereos-celebra-25-anos-no-brasil-com-doacao-de-acucar-para-municipios-da-regiao\/\"]}]},{\"@type\":\"BreadcrumbList\",\"@id\":\"https:\/\/br.tereos.com\/pt-pt\/press-releases\/tereos-celebra-25-anos-no-brasil-com-doacao-de-acucar-para-municipios-da-regiao\/#breadcrumb\",\"itemListElement\":[{\"@type\":\"ListItem\",\"position\":1,\"name\":\"Home\",\"item\":\"https:\/\/br.tereos.com\/pt-pt\/\"},{\"@type\":\"ListItem\",\"position\":2,\"name\":\"Tereos celebra 25 anos no Brasil com doa\u00e7\u00e3o de a\u00e7\u00facar para munic\u00edpios da regi\u00e3o\"}]},{\"@type\":\"WebSite\",\"@id\":\"https:\/\/br.tereos.com\/pt-pt\/#website\",\"url\":\"https:\/\/br.tereos.com\/pt-pt\/\",\"name\":\"Brasil\",\"description\":\"Un site utilisant WordPress\",\"potentialAction\":[{\"@type\":\"SearchAction\",\"target\":{\"@type\":\"EntryPoint\",\"urlTemplate\":\"https:\/\/br.tereos.com\/pt-pt\/?s={search_term_string}\"},\"query-input\":{\"@type\":\"PropertyValueSpecification\",\"valueRequired\":true,\"valueName\":\"search_term_string\"}}],\"inLanguage\":\"pt-PT\"}]}<\/script>\n<!-- \/ Yoast SEO plugin. -->","yoast_head_json":{"title":"Tereos celebra 25 anos no Brasil com doa\u00e7\u00e3o de a\u00e7\u00facar para munic\u00edpios da regi\u00e3o - Brasil","robots":{"index":"index","follow":"follow","max-snippet":"max-snippet:-1","max-image-preview":"max-image-preview:large","max-video-preview":"max-video-preview:-1"},"canonical":"https:\/\/br.tereos.com\/pt-pt\/press-releases\/tereos-celebra-25-anos-no-brasil-com-doacao-de-acucar-para-municipios-da-regiao\/","og_locale":"pt_PT","og_type":"article","og_title":"Tereos celebra 25 anos no Brasil com doa\u00e7\u00e3o de a\u00e7\u00facar para munic\u00edpios da regi\u00e3o - Brasil","og_url":"https:\/\/br.tereos.com\/pt-pt\/press-releases\/tereos-celebra-25-anos-no-brasil-com-doacao-de-acucar-para-municipios-da-regiao\/","og_site_name":"Brasil","article_modified_time":"2025-12-16T19:32:01+00:00","twitter_card":"summary_large_image","schema":{"@context":"https:\/\/schema.org","@graph":[{"@type":"WebPage","@id":"https:\/\/br.tereos.com\/pt-pt\/press-releases\/tereos-celebra-25-anos-no-brasil-com-doacao-de-acucar-para-municipios-da-regiao\/","url":"https:\/\/br.tereos.com\/pt-pt\/press-releases\/tereos-celebra-25-anos-no-brasil-com-doacao-de-acucar-para-municipios-da-regiao\/","name":"Tereos celebra 25 anos no Brasil com doa\u00e7\u00e3o de a\u00e7\u00facar para munic\u00edpios da regi\u00e3o - Brasil","isPartOf":{"@id":"https:\/\/br.tereos.com\/pt-pt\/#website"},"datePublished":"2025-12-15T19:11:25+00:00","dateModified":"2025-12-16T19:32:01+00:00","breadcrumb":{"@id":"https:\/\/br.tereos.com\/pt-pt\/press-releases\/tereos-celebra-25-anos-no-brasil-com-doacao-de-acucar-para-municipios-da-regiao\/#breadcrumb"},"inLanguage":"pt-PT","potentialAction":[{"@type":"ReadAction","target":["https:\/\/br.tereos.com\/pt-pt\/press-releases\/tereos-celebra-25-anos-no-brasil-com-doacao-de-acucar-para-municipios-da-regiao\/"]}]},{"@type":"BreadcrumbList","@id":"https:\/\/br.tereos.com\/pt-pt\/press-releases\/tereos-celebra-25-anos-no-brasil-com-doacao-de-acucar-para-municipios-da-regiao\/#breadcrumb","itemListElement":[{"@type":"ListItem","position":1,"name":"Home","item":"https:\/\/br.tereos.com\/pt-pt\/"},{"@type":"ListItem","position":2,"name":"Tereos celebra 25 anos no Brasil com doa\u00e7\u00e3o de a\u00e7\u00facar para munic\u00edpios da regi\u00e3o"}]},{"@type":"WebSite","@id":"https:\/\/br.tereos.com\/pt-pt\/#website","url":"https:\/\/br.tereos.com\/pt-pt\/","name":"Brasil","description":"Un site utilisant WordPress","potentialAction":[{"@type":"SearchAction","target":{"@type":"EntryPoint","urlTemplate":"https:\/\/br.tereos.com\/pt-pt\/?s={search_term_string}"},"query-input":{"@type":"PropertyValueSpecification","valueRequired":true,"valueName":"search_term_string"}}],"inLanguage":"pt-PT"}]}},"featured_media_src":false,"date_formatted":"15 December 2025 ","_links":{"self":[{"href":"https:\/\/br.tereos.com\/pt-pt\/wp-json\/wp\/v2\/press-release\/11735"}],"collection":[{"href":"https:\/\/br.tereos.com\/pt-pt\/wp-json\/wp\/v2\/press-release"}],"about":[{"href":"https:\/\/br.tereos.com\/pt-pt\/wp-json\/wp\/v2\/types\/press_release"}],"author":[{"embeddable":true,"href":"https:\/\/br.tereos.com\/pt-pt\/wp-json\/wp\/v2\/users\/278"}],"version-history":[{"count":1,"href":"https:\/\/br.tereos.com\/pt-pt\/wp-json\/wp\/v2\/press-release\/11735\/revisions"}],"predecessor-version":[{"id":11738,"href":"https:\/\/br.tereos.com\/pt-pt\/wp-json\/wp\/v2\/press-release\/11735\/revisions\/11738"}],"wp:attachment":[{"href":"https:\/\/br.tereos.com\/pt-pt\/wp-json\/wp\/v2\/media?parent=11735"}],"wp:term":[{"taxonomy":"category","embeddable":true,"href":"https:\/\/br.tereos.com\/pt-pt\/wp-json\/wp\/v2\/categories?post=11735"}],"curies":[{"name":"wp","href":"https:\/\/api.w.org\/{rel}","templated":true}]}}