{"id":11721,"date":"2025-12-08T15:51:16","date_gmt":"2025-12-08T18:51:16","guid":{"rendered":"https:\/\/br.tereos.com\/?post_type=press_release&#038;p=11721"},"modified":"2025-12-16T15:54:30","modified_gmt":"2025-12-16T18:54:30","slug":"tereos-e-destaque-no-22o-premio-visao-agro-brasil","status":"publish","type":"press_release","link":"https:\/\/br.tereos.com\/pt-pt\/press-releases\/tereos-e-destaque-no-22o-premio-visao-agro-brasil\/","title":{"rendered":"Tereos \u00e9 destaque no 22\u00ba Pr\u00eamio Vis\u00e3o Agro Brasil"},"author":278,"featured_media":0,"template":"","categories":[],"class_list":["post-11721","press_release","type-press_release","status-publish","hentry"],"acf":{"cover_image":false,"cover_clone":{"cover_image":false},"file":{"ID":11722,"id":11722,"title":"Tereos \u00e9 destaque no 22\u00ba Pr\u00eamio Vis\u00e3o Agro Brasil","filename":"tereos-e-destaque-no-22o-premio-visao-agro-brasil.pdf","filesize":184901,"url":"https:\/\/www.tereos.com\/app\/uploads\/sites\/7\/2025\/12\/tereos-e-destaque-no-22o-premio-visao-agro-brasil.pdf","link":"https:\/\/br.tereos.com\/pt-pt\/press-releases\/tereos-e-destaque-no-22o-premio-visao-agro-brasil\/tereos-e-destaque-no-22o-premio-visao-agro-brasil\/","alt":"","author":"278","description":"","caption":"","name":"tereos-e-destaque-no-22o-premio-visao-agro-brasil","status":"inherit","uploaded_to":11721,"date":"2025-12-16 18:54:03","modified":"2025-12-16 18:54:03","menu_order":0,"mime_type":"application\/pdf","type":"application","subtype":"pdf","icon":"https:\/\/br.tereos.com\/wp\/wp-includes\/images\/media\/document.png"},"pdf_clone":{"file":{"ID":11722,"id":11722,"title":"Tereos \u00e9 destaque no 22\u00ba Pr\u00eamio Vis\u00e3o Agro Brasil","filename":"tereos-e-destaque-no-22o-premio-visao-agro-brasil.pdf","filesize":184901,"url":"https:\/\/www.tereos.com\/app\/uploads\/sites\/7\/2025\/12\/tereos-e-destaque-no-22o-premio-visao-agro-brasil.pdf","link":"https:\/\/br.tereos.com\/pt-pt\/press-releases\/tereos-e-destaque-no-22o-premio-visao-agro-brasil\/tereos-e-destaque-no-22o-premio-visao-agro-brasil\/","alt":"","author":"278","description":"","caption":"","name":"tereos-e-destaque-no-22o-premio-visao-agro-brasil","status":"inherit","uploaded_to":11721,"date":"2025-12-16 18:54:03","modified":"2025-12-16 18:54:03","menu_order":0,"mime_type":"application\/pdf","type":"application","subtype":"pdf","icon":"https:\/\/br.tereos.com\/wp\/wp-includes\/images\/media\/document.png"}},"headline":"Empresa \u00e9 reconhecida nacionalmente pela excel\u00eancia em gest\u00e3o agroindustrial e de pessoas","headline_clone":{"headline":"Empresa \u00e9 reconhecida nacionalmente pela excel\u00eancia em gest\u00e3o agroindustrial e de pessoas"},"has_anchors":false,"sections":[{"acf_fc_layout":"rich_text","anchor_title":"","text":"<p><strong>Ol\u00edmpia, 08 de dezembro de 2025 &#8211;<\/strong> A Tereos foi duplamente premiada no 22\u00ba Pr\u00eamio Vis\u00e3o Agro Brasil, realizado na \u00faltima quinta-feira, dia 04 de dezembro, em Ribeir\u00e3o Preto (SP). A empresa conquistou os t\u00edtulos de melhor usina do pa\u00eds nas categorias \u2018Gest\u00e3o Agroindustrial\u2019 e \u2018Gest\u00e3o de Pessoas \u2013 J\u00fari T\u00e9cnico\u2019, reafirmando seu protagonismo e compromisso com a inova\u00e7\u00e3o, efici\u00eancia e sustentabilidade.<\/p>\n<p>Em 2024, a Tereos tamb\u00e9m foi reconhecida na categoria Gest\u00e3o de Pessoas, na vers\u00e3o Brasil do Brasil, e em julho deste ano, foi eleita como melhor usina da regi\u00e3o centro-sul na gest\u00e3o de pessoas, no Vis\u00e3o Agro Centro Sul.<\/p>\n<p>Com mais de duas d\u00e9cadas de tradi\u00e7\u00e3o, o Pr\u00eamio Vis\u00e3o Agro Brasil \u00e9 uma das mais prestigiadas homenagens do setor, reconhecendo empresas, lideran\u00e7as e projetos que contribuem para o avan\u00e7o tecnol\u00f3gico, a sustentabilidade e a competitividade da cadeia produtiva de bioenergia no pa\u00eds.<\/p>\n<p>A sele\u00e7\u00e3o dos homenageados foi realizada por um j\u00fari t\u00e9cnico composto por especialistas, que avaliaram crit\u00e9rios como inova\u00e7\u00e3o tecnol\u00f3gica, desempenho, gest\u00e3o e impacto econ\u00f4mico.<\/p>\n<p>\u201cEsses pr\u00eamios refletem o trabalho de um time comprometido com resultados sustent\u00e1veis e com a evolu\u00e7\u00e3o do setor. A Tereos tem investido continuamente em tecnologia, efici\u00eancia e no desenvolvimento das pessoas, pilares que sustentam nosso crescimento e posicionam a empresa entre as refer\u00eancias da ind\u00fastria\u201d, destacou Camila Matiuzzi, Gerente de Desenvolvimento Humano Organizacional, que representou a Tereos durante a premia\u00e7\u00e3o.<\/p>\n"}],"flexible_editorial_clone":{"has_anchors":false,"sections":[{"acf_fc_layout":"rich_text","anchor_title":"","text":"<p><strong>Ol\u00edmpia, 08 de dezembro de 2025 &#8211;<\/strong> A Tereos foi duplamente premiada no 22\u00ba Pr\u00eamio Vis\u00e3o Agro Brasil, realizado na \u00faltima quinta-feira, dia 04 de dezembro, em Ribeir\u00e3o Preto (SP). A empresa conquistou os t\u00edtulos de melhor usina do pa\u00eds nas categorias \u2018Gest\u00e3o Agroindustrial\u2019 e \u2018Gest\u00e3o de Pessoas \u2013 J\u00fari T\u00e9cnico\u2019, reafirmando seu protagonismo e compromisso com a inova\u00e7\u00e3o, efici\u00eancia e sustentabilidade.<\/p>\n<p>Em 2024, a Tereos tamb\u00e9m foi reconhecida na categoria Gest\u00e3o de Pessoas, na vers\u00e3o Brasil do Brasil, e em julho deste ano, foi eleita como melhor usina da regi\u00e3o centro-sul na gest\u00e3o de pessoas, no Vis\u00e3o Agro Centro Sul.<\/p>\n<p>Com mais de duas d\u00e9cadas de tradi\u00e7\u00e3o, o Pr\u00eamio Vis\u00e3o Agro Brasil \u00e9 uma das mais prestigiadas homenagens do setor, reconhecendo empresas, lideran\u00e7as e projetos que contribuem para o avan\u00e7o tecnol\u00f3gico, a sustentabilidade e a competitividade da cadeia produtiva de bioenergia no pa\u00eds.<\/p>\n<p>A sele\u00e7\u00e3o dos homenageados foi realizada por um j\u00fari t\u00e9cnico composto por especialistas, que avaliaram crit\u00e9rios como inova\u00e7\u00e3o tecnol\u00f3gica, desempenho, gest\u00e3o e impacto econ\u00f4mico.<\/p>\n<p>\u201cEsses pr\u00eamios refletem o trabalho de um time comprometido com resultados sustent\u00e1veis e com a evolu\u00e7\u00e3o do setor. A Tereos tem investido continuamente em tecnologia, efici\u00eancia e no desenvolvimento das pessoas, pilares que sustentam nosso crescimento e posicionam a empresa entre as refer\u00eancias da ind\u00fastria\u201d, destacou Camila Matiuzzi, Gerente de Desenvolvimento Humano Organizacional, que representou a Tereos durante a premia\u00e7\u00e3o.<\/p>\n"}]}},"yoast_head":"<!-- This site is optimized with the Yoast SEO plugin v23.7 - https:\/\/yoast.com\/wordpress\/plugins\/seo\/ -->\n<title>Tereos \u00e9 destaque no 22\u00ba Pr\u00eamio Vis\u00e3o Agro Brasil - Brasil<\/title>\n<meta name=\"robots\" content=\"index, follow, max-snippet:-1, max-image-preview:large, max-video-preview:-1\" \/>\n<link rel=\"canonical\" href=\"https:\/\/br.tereos.com\/pt-pt\/press-releases\/tereos-e-destaque-no-22o-premio-visao-agro-brasil\/\" \/>\n<meta property=\"og:locale\" content=\"pt_PT\" \/>\n<meta property=\"og:type\" content=\"article\" \/>\n<meta property=\"og:title\" content=\"Tereos \u00e9 destaque no 22\u00ba Pr\u00eamio Vis\u00e3o Agro Brasil - Brasil\" \/>\n<meta property=\"og:url\" content=\"https:\/\/br.tereos.com\/pt-pt\/press-releases\/tereos-e-destaque-no-22o-premio-visao-agro-brasil\/\" \/>\n<meta property=\"og:site_name\" content=\"Brasil\" \/>\n<meta property=\"article:modified_time\" content=\"2025-12-16T18:54:30+00:00\" \/>\n<meta name=\"twitter:card\" content=\"summary_large_image\" \/>\n<script type=\"application\/ld+json\" class=\"yoast-schema-graph\">{\"@context\":\"https:\/\/schema.org\",\"@graph\":[{\"@type\":\"WebPage\",\"@id\":\"https:\/\/br.tereos.com\/pt-pt\/press-releases\/tereos-e-destaque-no-22o-premio-visao-agro-brasil\/\",\"url\":\"https:\/\/br.tereos.com\/pt-pt\/press-releases\/tereos-e-destaque-no-22o-premio-visao-agro-brasil\/\",\"name\":\"Tereos \u00e9 destaque no 22\u00ba Pr\u00eamio Vis\u00e3o Agro Brasil - Brasil\",\"isPartOf\":{\"@id\":\"https:\/\/br.tereos.com\/pt-pt\/#website\"},\"datePublished\":\"2025-12-08T18:51:16+00:00\",\"dateModified\":\"2025-12-16T18:54:30+00:00\",\"breadcrumb\":{\"@id\":\"https:\/\/br.tereos.com\/pt-pt\/press-releases\/tereos-e-destaque-no-22o-premio-visao-agro-brasil\/#breadcrumb\"},\"inLanguage\":\"pt-PT\",\"potentialAction\":[{\"@type\":\"ReadAction\",\"target\":[\"https:\/\/br.tereos.com\/pt-pt\/press-releases\/tereos-e-destaque-no-22o-premio-visao-agro-brasil\/\"]}]},{\"@type\":\"BreadcrumbList\",\"@id\":\"https:\/\/br.tereos.com\/pt-pt\/press-releases\/tereos-e-destaque-no-22o-premio-visao-agro-brasil\/#breadcrumb\",\"itemListElement\":[{\"@type\":\"ListItem\",\"position\":1,\"name\":\"Home\",\"item\":\"https:\/\/br.tereos.com\/pt-pt\/\"},{\"@type\":\"ListItem\",\"position\":2,\"name\":\"Tereos \u00e9 destaque no 22\u00ba Pr\u00eamio Vis\u00e3o Agro Brasil\"}]},{\"@type\":\"WebSite\",\"@id\":\"https:\/\/br.tereos.com\/pt-pt\/#website\",\"url\":\"https:\/\/br.tereos.com\/pt-pt\/\",\"name\":\"Brasil\",\"description\":\"Un site utilisant WordPress\",\"potentialAction\":[{\"@type\":\"SearchAction\",\"target\":{\"@type\":\"EntryPoint\",\"urlTemplate\":\"https:\/\/br.tereos.com\/pt-pt\/?s={search_term_string}\"},\"query-input\":{\"@type\":\"PropertyValueSpecification\",\"valueRequired\":true,\"valueName\":\"search_term_string\"}}],\"inLanguage\":\"pt-PT\"}]}<\/script>\n<!-- \/ Yoast SEO plugin. -->","yoast_head_json":{"title":"Tereos \u00e9 destaque no 22\u00ba Pr\u00eamio Vis\u00e3o Agro Brasil - Brasil","robots":{"index":"index","follow":"follow","max-snippet":"max-snippet:-1","max-image-preview":"max-image-preview:large","max-video-preview":"max-video-preview:-1"},"canonical":"https:\/\/br.tereos.com\/pt-pt\/press-releases\/tereos-e-destaque-no-22o-premio-visao-agro-brasil\/","og_locale":"pt_PT","og_type":"article","og_title":"Tereos \u00e9 destaque no 22\u00ba Pr\u00eamio Vis\u00e3o Agro Brasil - Brasil","og_url":"https:\/\/br.tereos.com\/pt-pt\/press-releases\/tereos-e-destaque-no-22o-premio-visao-agro-brasil\/","og_site_name":"Brasil","article_modified_time":"2025-12-16T18:54:30+00:00","twitter_card":"summary_large_image","schema":{"@context":"https:\/\/schema.org","@graph":[{"@type":"WebPage","@id":"https:\/\/br.tereos.com\/pt-pt\/press-releases\/tereos-e-destaque-no-22o-premio-visao-agro-brasil\/","url":"https:\/\/br.tereos.com\/pt-pt\/press-releases\/tereos-e-destaque-no-22o-premio-visao-agro-brasil\/","name":"Tereos \u00e9 destaque no 22\u00ba Pr\u00eamio Vis\u00e3o Agro Brasil - Brasil","isPartOf":{"@id":"https:\/\/br.tereos.com\/pt-pt\/#website"},"datePublished":"2025-12-08T18:51:16+00:00","dateModified":"2025-12-16T18:54:30+00:00","breadcrumb":{"@id":"https:\/\/br.tereos.com\/pt-pt\/press-releases\/tereos-e-destaque-no-22o-premio-visao-agro-brasil\/#breadcrumb"},"inLanguage":"pt-PT","potentialAction":[{"@type":"ReadAction","target":["https:\/\/br.tereos.com\/pt-pt\/press-releases\/tereos-e-destaque-no-22o-premio-visao-agro-brasil\/"]}]},{"@type":"BreadcrumbList","@id":"https:\/\/br.tereos.com\/pt-pt\/press-releases\/tereos-e-destaque-no-22o-premio-visao-agro-brasil\/#breadcrumb","itemListElement":[{"@type":"ListItem","position":1,"name":"Home","item":"https:\/\/br.tereos.com\/pt-pt\/"},{"@type":"ListItem","position":2,"name":"Tereos \u00e9 destaque no 22\u00ba Pr\u00eamio Vis\u00e3o Agro Brasil"}]},{"@type":"WebSite","@id":"https:\/\/br.tereos.com\/pt-pt\/#website","url":"https:\/\/br.tereos.com\/pt-pt\/","name":"Brasil","description":"Un site utilisant WordPress","potentialAction":[{"@type":"SearchAction","target":{"@type":"EntryPoint","urlTemplate":"https:\/\/br.tereos.com\/pt-pt\/?s={search_term_string}"},"query-input":{"@type":"PropertyValueSpecification","valueRequired":true,"valueName":"search_term_string"}}],"inLanguage":"pt-PT"}]}},"featured_media_src":false,"date_formatted":"8 December 2025 ","_links":{"self":[{"href":"https:\/\/br.tereos.com\/pt-pt\/wp-json\/wp\/v2\/press-release\/11721"}],"collection":[{"href":"https:\/\/br.tereos.com\/pt-pt\/wp-json\/wp\/v2\/press-release"}],"about":[{"href":"https:\/\/br.tereos.com\/pt-pt\/wp-json\/wp\/v2\/types\/press_release"}],"author":[{"embeddable":true,"href":"https:\/\/br.tereos.com\/pt-pt\/wp-json\/wp\/v2\/users\/278"}],"version-history":[{"count":1,"href":"https:\/\/br.tereos.com\/pt-pt\/wp-json\/wp\/v2\/press-release\/11721\/revisions"}],"predecessor-version":[{"id":11724,"href":"https:\/\/br.tereos.com\/pt-pt\/wp-json\/wp\/v2\/press-release\/11721\/revisions\/11724"}],"wp:attachment":[{"href":"https:\/\/br.tereos.com\/pt-pt\/wp-json\/wp\/v2\/media?parent=11721"}],"wp:term":[{"taxonomy":"category","embeddable":true,"href":"https:\/\/br.tereos.com\/pt-pt\/wp-json\/wp\/v2\/categories?post=11721"}],"curies":[{"name":"wp","href":"https:\/\/api.w.org\/{rel}","templated":true}]}}