{"id":11709,"date":"2025-10-28T15:38:20","date_gmt":"2025-10-28T18:38:20","guid":{"rendered":"https:\/\/br.tereos.com\/?post_type=press_release&#038;p=11709"},"modified":"2025-12-16T15:40:43","modified_gmt":"2025-12-16T18:40:43","slug":"tereos-renova-parceria-com-festival-experiencia-gastronomica","status":"publish","type":"press_release","link":"https:\/\/br.tereos.com\/pt-pt\/press-releases\/tereos-renova-parceria-com-festival-experiencia-gastronomica\/","title":{"rendered":"Tereos renova parceria com festival Experi\u00eancia Gastron\u00f4mica"},"author":278,"featured_media":0,"template":"","categories":[],"class_list":["post-11709","press_release","type-press_release","status-publish","hentry"],"acf":{"cover_image":false,"cover_clone":{"cover_image":false},"file":{"ID":11710,"id":11710,"title":"Tereos renova parceria com festival Experi\u00eancia Gastron\u00f4mica","filename":"tereos-renova-parceria-com-festival-experiencia-gastronomica.pdf","filesize":318876,"url":"https:\/\/www.tereos.com\/app\/uploads\/sites\/7\/2025\/12\/tereos-renova-parceria-com-festival-experiencia-gastronomica.pdf","link":"https:\/\/br.tereos.com\/pt-pt\/press-releases\/tereos-renova-parceria-com-festival-experiencia-gastronomica\/tereos-renova-parceria-com-festival-experiencia-gastronomica\/","alt":"","author":"278","description":"","caption":"","name":"tereos-renova-parceria-com-festival-experiencia-gastronomica","status":"inherit","uploaded_to":11709,"date":"2025-12-16 18:40:22","modified":"2025-12-16 18:40:22","menu_order":0,"mime_type":"application\/pdf","type":"application","subtype":"pdf","icon":"https:\/\/br.tereos.com\/wp\/wp-includes\/images\/media\/document.png"},"pdf_clone":{"file":{"ID":11710,"id":11710,"title":"Tereos renova parceria com festival Experi\u00eancia Gastron\u00f4mica","filename":"tereos-renova-parceria-com-festival-experiencia-gastronomica.pdf","filesize":318876,"url":"https:\/\/www.tereos.com\/app\/uploads\/sites\/7\/2025\/12\/tereos-renova-parceria-com-festival-experiencia-gastronomica.pdf","link":"https:\/\/br.tereos.com\/pt-pt\/press-releases\/tereos-renova-parceria-com-festival-experiencia-gastronomica\/tereos-renova-parceria-com-festival-experiencia-gastronomica\/","alt":"","author":"278","description":"","caption":"","name":"tereos-renova-parceria-com-festival-experiencia-gastronomica","status":"inherit","uploaded_to":11709,"date":"2025-12-16 18:40:22","modified":"2025-12-16 18:40:22","menu_order":0,"mime_type":"application\/pdf","type":"application","subtype":"pdf","icon":"https:\/\/br.tereos.com\/wp\/wp-includes\/images\/media\/document.png"}},"headline":"Evento, que ser\u00e1 realizado em S\u00e3o Jos\u00e9 do Rio Preto entre outubro e novembro, ter\u00e1 compensa\u00e7\u00e3o de energia por meio de cr\u00e9ditos renov\u00e1veis","headline_clone":{"headline":"Evento, que ser\u00e1 realizado em S\u00e3o Jos\u00e9 do Rio Preto entre outubro e novembro, ter\u00e1 compensa\u00e7\u00e3o de energia por meio de cr\u00e9ditos renov\u00e1veis"},"has_anchors":false,"sections":[{"acf_fc_layout":"rich_text","anchor_title":"","text":"<p><strong>S\u00e3o Jos\u00e9 do Rio Preto, 28 de outubro de 2025 \u2013<\/strong> A Tereos, uma das l\u00edderes globais na produ\u00e7\u00e3o de a\u00e7\u00facar, etanol e bioenergia, marca presen\u00e7a pelo terceiro ano consecutivo no festival Experi\u00eancia Gastron\u00f4mica, que acontece de 28 de outubro a 29 de novembro em S\u00e3o Jos\u00e9 do Rio Preto (SP). O evento, que re\u00fane alguns dos melhores restaurantes da cidade e celebra a diversidade da culin\u00e1ria paulista e brasileira, refor\u00e7a em 2025 seu compromisso com a sustentabilidade \u2014 pilar que tamb\u00e9m orienta a atua\u00e7\u00e3o da Tereos em todas as suas frentes de neg\u00f3cio.<\/p>\n<p>Neste ano, a parceria ganha novos sabores e continua a gerar impacto positivo. A Tereos doou a\u00e7\u00facar para os 26 restaurantes participantes do circuito, refor\u00e7ando seu prop\u00f3sito de apoiar e valorizar a gastronomia regional por meio da marca Guarani.<\/p>\n<p>A companhia manter\u00e1 a compensa\u00e7\u00e3o de energia el\u00e9trica do evento, reafirmando seu compromisso com a transi\u00e7\u00e3o energ\u00e9tica e com a redu\u00e7\u00e3o de emiss\u00f5es de carbono. A a\u00e7\u00e3o ser\u00e1 realizada por meio da certifica\u00e7\u00e3o internacional I-REC (International Renewable Energy Certificate), que atesta a origem renov\u00e1vel da energia gerada pela Tereos a partir da biomassa da cana-de-a\u00e7\u00facar.<\/p>\n<p>\u201cA Tereos acredita no poder das parcerias que unem sustentabilidade, cultura e valoriza\u00e7\u00e3o regional. Estar mais uma vez junto ao Experi\u00eancia Gastron\u00f4mica \u00e9 motivo de orgulho, pois compartilhamos o mesmo prop\u00f3sito: promover o desenvolvimento sustent\u00e1vel e fortalecer as comunidades onde atuamos\u201d, afirma Gustavo Segantini, diretor comercial da Tereos.<\/p>\n<p><strong>Hist\u00f3rico<\/strong><\/p>\n<p>Desde o seu lan\u00e7amento, h\u00e1 tr\u00eas anos, o Experi\u00eancia Gastron\u00f4mica consolidou-se como um dos principais circuitos gastron\u00f4micos do interior paulista. Com cerca de 10 mil visitantes, 50 restaurantes, 15 oficinas culin\u00e1rias e 100 chefs participantes, o evento nasceu em S\u00e3o Jos\u00e9 do Rio Preto e vem expandindo sua atua\u00e7\u00e3o para novas localidades, atraindo amantes da boa mesa e estimulando toda a cadeia do setor.<\/p>\n<p>Para mais informa\u00e7\u00f5es sobre o evento e a programa\u00e7\u00e3o completa, acesse: <a href=\"http:\/\/www.experienciagastronomica.com.br\">www.experienciagastronomica.com.br<\/a>.<\/p>\n"}],"flexible_editorial_clone":{"has_anchors":false,"sections":[{"acf_fc_layout":"rich_text","anchor_title":"","text":"<p><strong>S\u00e3o Jos\u00e9 do Rio Preto, 28 de outubro de 2025 \u2013<\/strong> A Tereos, uma das l\u00edderes globais na produ\u00e7\u00e3o de a\u00e7\u00facar, etanol e bioenergia, marca presen\u00e7a pelo terceiro ano consecutivo no festival Experi\u00eancia Gastron\u00f4mica, que acontece de 28 de outubro a 29 de novembro em S\u00e3o Jos\u00e9 do Rio Preto (SP). O evento, que re\u00fane alguns dos melhores restaurantes da cidade e celebra a diversidade da culin\u00e1ria paulista e brasileira, refor\u00e7a em 2025 seu compromisso com a sustentabilidade \u2014 pilar que tamb\u00e9m orienta a atua\u00e7\u00e3o da Tereos em todas as suas frentes de neg\u00f3cio.<\/p>\n<p>Neste ano, a parceria ganha novos sabores e continua a gerar impacto positivo. A Tereos doou a\u00e7\u00facar para os 26 restaurantes participantes do circuito, refor\u00e7ando seu prop\u00f3sito de apoiar e valorizar a gastronomia regional por meio da marca Guarani.<\/p>\n<p>A companhia manter\u00e1 a compensa\u00e7\u00e3o de energia el\u00e9trica do evento, reafirmando seu compromisso com a transi\u00e7\u00e3o energ\u00e9tica e com a redu\u00e7\u00e3o de emiss\u00f5es de carbono. A a\u00e7\u00e3o ser\u00e1 realizada por meio da certifica\u00e7\u00e3o internacional I-REC (International Renewable Energy Certificate), que atesta a origem renov\u00e1vel da energia gerada pela Tereos a partir da biomassa da cana-de-a\u00e7\u00facar.<\/p>\n<p>\u201cA Tereos acredita no poder das parcerias que unem sustentabilidade, cultura e valoriza\u00e7\u00e3o regional. Estar mais uma vez junto ao Experi\u00eancia Gastron\u00f4mica \u00e9 motivo de orgulho, pois compartilhamos o mesmo prop\u00f3sito: promover o desenvolvimento sustent\u00e1vel e fortalecer as comunidades onde atuamos\u201d, afirma Gustavo Segantini, diretor comercial da Tereos.<\/p>\n<p><strong>Hist\u00f3rico<\/strong><\/p>\n<p>Desde o seu lan\u00e7amento, h\u00e1 tr\u00eas anos, o Experi\u00eancia Gastron\u00f4mica consolidou-se como um dos principais circuitos gastron\u00f4micos do interior paulista. Com cerca de 10 mil visitantes, 50 restaurantes, 15 oficinas culin\u00e1rias e 100 chefs participantes, o evento nasceu em S\u00e3o Jos\u00e9 do Rio Preto e vem expandindo sua atua\u00e7\u00e3o para novas localidades, atraindo amantes da boa mesa e estimulando toda a cadeia do setor.<\/p>\n<p>Para mais informa\u00e7\u00f5es sobre o evento e a programa\u00e7\u00e3o completa, acesse: <a href=\"http:\/\/www.experienciagastronomica.com.br\">www.experienciagastronomica.com.br<\/a>.<\/p>\n"}]}},"yoast_head":"<!-- This site is optimized with the Yoast SEO plugin v23.7 - https:\/\/yoast.com\/wordpress\/plugins\/seo\/ -->\n<title>Tereos renova parceria com festival Experi\u00eancia Gastron\u00f4mica - Brasil<\/title>\n<meta name=\"robots\" content=\"index, follow, max-snippet:-1, max-image-preview:large, max-video-preview:-1\" \/>\n<link rel=\"canonical\" href=\"https:\/\/br.tereos.com\/pt-pt\/press-releases\/tereos-renova-parceria-com-festival-experiencia-gastronomica\/\" \/>\n<meta property=\"og:locale\" content=\"pt_PT\" \/>\n<meta property=\"og:type\" content=\"article\" \/>\n<meta property=\"og:title\" content=\"Tereos renova parceria com festival Experi\u00eancia Gastron\u00f4mica - Brasil\" \/>\n<meta property=\"og:url\" content=\"https:\/\/br.tereos.com\/pt-pt\/press-releases\/tereos-renova-parceria-com-festival-experiencia-gastronomica\/\" \/>\n<meta property=\"og:site_name\" content=\"Brasil\" \/>\n<meta property=\"article:modified_time\" content=\"2025-12-16T18:40:43+00:00\" \/>\n<meta name=\"twitter:card\" content=\"summary_large_image\" \/>\n<script type=\"application\/ld+json\" class=\"yoast-schema-graph\">{\"@context\":\"https:\/\/schema.org\",\"@graph\":[{\"@type\":\"WebPage\",\"@id\":\"https:\/\/br.tereos.com\/pt-pt\/press-releases\/tereos-renova-parceria-com-festival-experiencia-gastronomica\/\",\"url\":\"https:\/\/br.tereos.com\/pt-pt\/press-releases\/tereos-renova-parceria-com-festival-experiencia-gastronomica\/\",\"name\":\"Tereos renova parceria com festival Experi\u00eancia Gastron\u00f4mica - Brasil\",\"isPartOf\":{\"@id\":\"https:\/\/br.tereos.com\/pt-pt\/#website\"},\"datePublished\":\"2025-10-28T18:38:20+00:00\",\"dateModified\":\"2025-12-16T18:40:43+00:00\",\"breadcrumb\":{\"@id\":\"https:\/\/br.tereos.com\/pt-pt\/press-releases\/tereos-renova-parceria-com-festival-experiencia-gastronomica\/#breadcrumb\"},\"inLanguage\":\"pt-PT\",\"potentialAction\":[{\"@type\":\"ReadAction\",\"target\":[\"https:\/\/br.tereos.com\/pt-pt\/press-releases\/tereos-renova-parceria-com-festival-experiencia-gastronomica\/\"]}]},{\"@type\":\"BreadcrumbList\",\"@id\":\"https:\/\/br.tereos.com\/pt-pt\/press-releases\/tereos-renova-parceria-com-festival-experiencia-gastronomica\/#breadcrumb\",\"itemListElement\":[{\"@type\":\"ListItem\",\"position\":1,\"name\":\"Home\",\"item\":\"https:\/\/br.tereos.com\/pt-pt\/\"},{\"@type\":\"ListItem\",\"position\":2,\"name\":\"Tereos renova parceria com festival Experi\u00eancia Gastron\u00f4mica\"}]},{\"@type\":\"WebSite\",\"@id\":\"https:\/\/br.tereos.com\/pt-pt\/#website\",\"url\":\"https:\/\/br.tereos.com\/pt-pt\/\",\"name\":\"Brasil\",\"description\":\"Un site utilisant WordPress\",\"potentialAction\":[{\"@type\":\"SearchAction\",\"target\":{\"@type\":\"EntryPoint\",\"urlTemplate\":\"https:\/\/br.tereos.com\/pt-pt\/?s={search_term_string}\"},\"query-input\":{\"@type\":\"PropertyValueSpecification\",\"valueRequired\":true,\"valueName\":\"search_term_string\"}}],\"inLanguage\":\"pt-PT\"}]}<\/script>\n<!-- \/ Yoast SEO plugin. -->","yoast_head_json":{"title":"Tereos renova parceria com festival Experi\u00eancia Gastron\u00f4mica - Brasil","robots":{"index":"index","follow":"follow","max-snippet":"max-snippet:-1","max-image-preview":"max-image-preview:large","max-video-preview":"max-video-preview:-1"},"canonical":"https:\/\/br.tereos.com\/pt-pt\/press-releases\/tereos-renova-parceria-com-festival-experiencia-gastronomica\/","og_locale":"pt_PT","og_type":"article","og_title":"Tereos renova parceria com festival Experi\u00eancia Gastron\u00f4mica - Brasil","og_url":"https:\/\/br.tereos.com\/pt-pt\/press-releases\/tereos-renova-parceria-com-festival-experiencia-gastronomica\/","og_site_name":"Brasil","article_modified_time":"2025-12-16T18:40:43+00:00","twitter_card":"summary_large_image","schema":{"@context":"https:\/\/schema.org","@graph":[{"@type":"WebPage","@id":"https:\/\/br.tereos.com\/pt-pt\/press-releases\/tereos-renova-parceria-com-festival-experiencia-gastronomica\/","url":"https:\/\/br.tereos.com\/pt-pt\/press-releases\/tereos-renova-parceria-com-festival-experiencia-gastronomica\/","name":"Tereos renova parceria com festival Experi\u00eancia Gastron\u00f4mica - Brasil","isPartOf":{"@id":"https:\/\/br.tereos.com\/pt-pt\/#website"},"datePublished":"2025-10-28T18:38:20+00:00","dateModified":"2025-12-16T18:40:43+00:00","breadcrumb":{"@id":"https:\/\/br.tereos.com\/pt-pt\/press-releases\/tereos-renova-parceria-com-festival-experiencia-gastronomica\/#breadcrumb"},"inLanguage":"pt-PT","potentialAction":[{"@type":"ReadAction","target":["https:\/\/br.tereos.com\/pt-pt\/press-releases\/tereos-renova-parceria-com-festival-experiencia-gastronomica\/"]}]},{"@type":"BreadcrumbList","@id":"https:\/\/br.tereos.com\/pt-pt\/press-releases\/tereos-renova-parceria-com-festival-experiencia-gastronomica\/#breadcrumb","itemListElement":[{"@type":"ListItem","position":1,"name":"Home","item":"https:\/\/br.tereos.com\/pt-pt\/"},{"@type":"ListItem","position":2,"name":"Tereos renova parceria com festival Experi\u00eancia Gastron\u00f4mica"}]},{"@type":"WebSite","@id":"https:\/\/br.tereos.com\/pt-pt\/#website","url":"https:\/\/br.tereos.com\/pt-pt\/","name":"Brasil","description":"Un site utilisant WordPress","potentialAction":[{"@type":"SearchAction","target":{"@type":"EntryPoint","urlTemplate":"https:\/\/br.tereos.com\/pt-pt\/?s={search_term_string}"},"query-input":{"@type":"PropertyValueSpecification","valueRequired":true,"valueName":"search_term_string"}}],"inLanguage":"pt-PT"}]}},"featured_media_src":false,"date_formatted":"28 October 2025 ","_links":{"self":[{"href":"https:\/\/br.tereos.com\/pt-pt\/wp-json\/wp\/v2\/press-release\/11709"}],"collection":[{"href":"https:\/\/br.tereos.com\/pt-pt\/wp-json\/wp\/v2\/press-release"}],"about":[{"href":"https:\/\/br.tereos.com\/pt-pt\/wp-json\/wp\/v2\/types\/press_release"}],"author":[{"embeddable":true,"href":"https:\/\/br.tereos.com\/pt-pt\/wp-json\/wp\/v2\/users\/278"}],"version-history":[{"count":1,"href":"https:\/\/br.tereos.com\/pt-pt\/wp-json\/wp\/v2\/press-release\/11709\/revisions"}],"predecessor-version":[{"id":11712,"href":"https:\/\/br.tereos.com\/pt-pt\/wp-json\/wp\/v2\/press-release\/11709\/revisions\/11712"}],"wp:attachment":[{"href":"https:\/\/br.tereos.com\/pt-pt\/wp-json\/wp\/v2\/media?parent=11709"}],"wp:term":[{"taxonomy":"category","embeddable":true,"href":"https:\/\/br.tereos.com\/pt-pt\/wp-json\/wp\/v2\/categories?post=11709"}],"curies":[{"name":"wp","href":"https:\/\/api.w.org\/{rel}","templated":true}]}}