{"id":11683,"date":"2025-10-16T15:05:55","date_gmt":"2025-10-16T18:05:55","guid":{"rendered":"https:\/\/br.tereos.com\/?post_type=press_release&#038;p=11683"},"modified":"2025-12-16T15:09:17","modified_gmt":"2025-12-16T18:09:17","slug":"tereos-impulsiona-sustentabilidade-no-natal-luz-de-gramado","status":"publish","type":"press_release","link":"https:\/\/br.tereos.com\/pt-pt\/press-releases\/tereos-impulsiona-sustentabilidade-no-natal-luz-de-gramado\/","title":{"rendered":"Tereos impulsiona sustentabilidade no Natal Luz de Gramado"},"author":278,"featured_media":0,"template":"","categories":[],"class_list":["post-11683","press_release","type-press_release","status-publish","hentry"],"acf":{"cover_image":false,"cover_clone":{"cover_image":false},"file":{"ID":11684,"id":11684,"title":"Tereos impulsiona sustentabilidade no Natal Luz de Gramado","filename":"tereos-impulsiona-sustentabilidade-no-natal-luz-de-gramado.pdf","filesize":214802,"url":"https:\/\/www.tereos.com\/app\/uploads\/sites\/7\/2025\/12\/tereos-impulsiona-sustentabilidade-no-natal-luz-de-gramado.pdf","link":"https:\/\/br.tereos.com\/pt-pt\/press-releases\/tereos-impulsiona-sustentabilidade-no-natal-luz-de-gramado\/tereos-impulsiona-sustentabilidade-no-natal-luz-de-gramado\/","alt":"","author":"278","description":"","caption":"","name":"tereos-impulsiona-sustentabilidade-no-natal-luz-de-gramado","status":"inherit","uploaded_to":11683,"date":"2025-12-16 18:08:52","modified":"2025-12-16 18:08:52","menu_order":0,"mime_type":"application\/pdf","type":"application","subtype":"pdf","icon":"https:\/\/br.tereos.com\/wp\/wp-includes\/images\/media\/document.png"},"pdf_clone":{"file":{"ID":11684,"id":11684,"title":"Tereos impulsiona sustentabilidade no Natal Luz de Gramado","filename":"tereos-impulsiona-sustentabilidade-no-natal-luz-de-gramado.pdf","filesize":214802,"url":"https:\/\/www.tereos.com\/app\/uploads\/sites\/7\/2025\/12\/tereos-impulsiona-sustentabilidade-no-natal-luz-de-gramado.pdf","link":"https:\/\/br.tereos.com\/pt-pt\/press-releases\/tereos-impulsiona-sustentabilidade-no-natal-luz-de-gramado\/tereos-impulsiona-sustentabilidade-no-natal-luz-de-gramado\/","alt":"","author":"278","description":"","caption":"","name":"tereos-impulsiona-sustentabilidade-no-natal-luz-de-gramado","status":"inherit","uploaded_to":11683,"date":"2025-12-16 18:08:52","modified":"2025-12-16 18:08:52","menu_order":0,"mime_type":"application\/pdf","type":"application","subtype":"pdf","icon":"https:\/\/br.tereos.com\/wp\/wp-includes\/images\/media\/document.png"}},"headline":"Por meio de cr\u00e9ditos de energia renov\u00e1vel, as emiss\u00f5es de carbono provenientes do consumo de energia el\u00e9trica durante os 88 dias de festival ser\u00e3o compensadas  ","headline_clone":{"headline":"Por meio de cr\u00e9ditos de energia renov\u00e1vel, as emiss\u00f5es de carbono provenientes do consumo de energia el\u00e9trica durante os 88 dias de festival ser\u00e3o compensadas  "},"has_anchors":false,"sections":[{"acf_fc_layout":"rich_text","anchor_title":"","text":"<p><strong>S\u00e3o Paulo, outubro de 2025 \u2013 <\/strong>A Tereos, uma das empresas l\u00edderes na produ\u00e7\u00e3o de a\u00e7\u00facar, etanol e energia do pa\u00eds, ser\u00e1 a respons\u00e1vel pela compensa\u00e7\u00e3o das emiss\u00f5es de carbono provenientes da energia el\u00e9trica consumida ao longo do Natal Luz de Gramado, o maior espet\u00e1culo natalino do pa\u00eds. Com in\u00edcio marcado para o dia 23 de outubro, o evento, realizado no Rio Grande do Sul, atrai mais de 2 milh\u00f5es de visitantes e impulsiona o turismo e a economia local.<\/p>\n<p>A compensa\u00e7\u00e3o ser\u00e1 realizada por meio de cr\u00e9ditos de energia renov\u00e1vel, obtidos com a certifica\u00e7\u00e3o I-REC (da sigla em ingl\u00eas <em>International Renewable Energy Certificate<\/em>), que \u00e9 reconhecida internacionalmente e comprova a gera\u00e7\u00e3o de energia limpa a partir da rastreabilidade de sua origem. A certifica\u00e7\u00e3o foi obtida pela Tereos em 2021 e garante que a energia el\u00e9trica gerada pela empresa \u00e9 proveniente de fonte renov\u00e1vel \u2014 no caso, a biomassa da cana-de-a\u00e7\u00facar.<\/p>\n<p>\u201cNa Tereos, a sustentabilidade est\u00e1 no centro de nossas opera\u00e7\u00f5es e de nossa vis\u00e3o de futuro. Esta parceria \u00e9 um testemunho do nosso compromisso em ir al\u00e9m da nossa pr\u00f3pria cadeia de valor, contribuindo para a descarboniza\u00e7\u00e3o de eventos de grande porte e inspirando outras organiza\u00e7\u00f5es a adotarem pr\u00e1ticas mais sustent\u00e1veis\u201d, comenta Gustavo Segantini, diretor comercial da Tereos.<\/p>\n<p>Recentemente, a Tereos tamb\u00e9m foi respons\u00e1vel pela compensa\u00e7\u00e3o de energia do Festival de Cinema de Gramado, refor\u00e7ando seu compromisso com a promo\u00e7\u00e3o da sustentabilidade em eventos.<\/p>\n"}],"flexible_editorial_clone":{"has_anchors":false,"sections":[{"acf_fc_layout":"rich_text","anchor_title":"","text":"<p><strong>S\u00e3o Paulo, outubro de 2025 \u2013 <\/strong>A Tereos, uma das empresas l\u00edderes na produ\u00e7\u00e3o de a\u00e7\u00facar, etanol e energia do pa\u00eds, ser\u00e1 a respons\u00e1vel pela compensa\u00e7\u00e3o das emiss\u00f5es de carbono provenientes da energia el\u00e9trica consumida ao longo do Natal Luz de Gramado, o maior espet\u00e1culo natalino do pa\u00eds. Com in\u00edcio marcado para o dia 23 de outubro, o evento, realizado no Rio Grande do Sul, atrai mais de 2 milh\u00f5es de visitantes e impulsiona o turismo e a economia local.<\/p>\n<p>A compensa\u00e7\u00e3o ser\u00e1 realizada por meio de cr\u00e9ditos de energia renov\u00e1vel, obtidos com a certifica\u00e7\u00e3o I-REC (da sigla em ingl\u00eas <em>International Renewable Energy Certificate<\/em>), que \u00e9 reconhecida internacionalmente e comprova a gera\u00e7\u00e3o de energia limpa a partir da rastreabilidade de sua origem. A certifica\u00e7\u00e3o foi obtida pela Tereos em 2021 e garante que a energia el\u00e9trica gerada pela empresa \u00e9 proveniente de fonte renov\u00e1vel \u2014 no caso, a biomassa da cana-de-a\u00e7\u00facar.<\/p>\n<p>\u201cNa Tereos, a sustentabilidade est\u00e1 no centro de nossas opera\u00e7\u00f5es e de nossa vis\u00e3o de futuro. Esta parceria \u00e9 um testemunho do nosso compromisso em ir al\u00e9m da nossa pr\u00f3pria cadeia de valor, contribuindo para a descarboniza\u00e7\u00e3o de eventos de grande porte e inspirando outras organiza\u00e7\u00f5es a adotarem pr\u00e1ticas mais sustent\u00e1veis\u201d, comenta Gustavo Segantini, diretor comercial da Tereos.<\/p>\n<p>Recentemente, a Tereos tamb\u00e9m foi respons\u00e1vel pela compensa\u00e7\u00e3o de energia do Festival de Cinema de Gramado, refor\u00e7ando seu compromisso com a promo\u00e7\u00e3o da sustentabilidade em eventos.<\/p>\n"}]}},"yoast_head":"<!-- This site is optimized with the Yoast SEO plugin v23.7 - https:\/\/yoast.com\/wordpress\/plugins\/seo\/ -->\n<title>Tereos impulsiona sustentabilidade no Natal Luz de Gramado - Brasil<\/title>\n<meta name=\"robots\" content=\"index, follow, max-snippet:-1, max-image-preview:large, max-video-preview:-1\" \/>\n<link rel=\"canonical\" href=\"https:\/\/br.tereos.com\/pt-pt\/press-releases\/tereos-impulsiona-sustentabilidade-no-natal-luz-de-gramado\/\" \/>\n<meta property=\"og:locale\" content=\"pt_PT\" \/>\n<meta property=\"og:type\" content=\"article\" \/>\n<meta property=\"og:title\" content=\"Tereos impulsiona sustentabilidade no Natal Luz de Gramado - Brasil\" \/>\n<meta property=\"og:url\" content=\"https:\/\/br.tereos.com\/pt-pt\/press-releases\/tereos-impulsiona-sustentabilidade-no-natal-luz-de-gramado\/\" \/>\n<meta property=\"og:site_name\" content=\"Brasil\" \/>\n<meta property=\"article:modified_time\" content=\"2025-12-16T18:09:17+00:00\" \/>\n<meta name=\"twitter:card\" content=\"summary_large_image\" \/>\n<script type=\"application\/ld+json\" class=\"yoast-schema-graph\">{\"@context\":\"https:\/\/schema.org\",\"@graph\":[{\"@type\":\"WebPage\",\"@id\":\"https:\/\/br.tereos.com\/pt-pt\/press-releases\/tereos-impulsiona-sustentabilidade-no-natal-luz-de-gramado\/\",\"url\":\"https:\/\/br.tereos.com\/pt-pt\/press-releases\/tereos-impulsiona-sustentabilidade-no-natal-luz-de-gramado\/\",\"name\":\"Tereos impulsiona sustentabilidade no Natal Luz de Gramado - Brasil\",\"isPartOf\":{\"@id\":\"https:\/\/br.tereos.com\/pt-pt\/#website\"},\"datePublished\":\"2025-10-16T18:05:55+00:00\",\"dateModified\":\"2025-12-16T18:09:17+00:00\",\"breadcrumb\":{\"@id\":\"https:\/\/br.tereos.com\/pt-pt\/press-releases\/tereos-impulsiona-sustentabilidade-no-natal-luz-de-gramado\/#breadcrumb\"},\"inLanguage\":\"pt-PT\",\"potentialAction\":[{\"@type\":\"ReadAction\",\"target\":[\"https:\/\/br.tereos.com\/pt-pt\/press-releases\/tereos-impulsiona-sustentabilidade-no-natal-luz-de-gramado\/\"]}]},{\"@type\":\"BreadcrumbList\",\"@id\":\"https:\/\/br.tereos.com\/pt-pt\/press-releases\/tereos-impulsiona-sustentabilidade-no-natal-luz-de-gramado\/#breadcrumb\",\"itemListElement\":[{\"@type\":\"ListItem\",\"position\":1,\"name\":\"Home\",\"item\":\"https:\/\/br.tereos.com\/pt-pt\/\"},{\"@type\":\"ListItem\",\"position\":2,\"name\":\"Tereos impulsiona sustentabilidade no Natal Luz de Gramado\"}]},{\"@type\":\"WebSite\",\"@id\":\"https:\/\/br.tereos.com\/pt-pt\/#website\",\"url\":\"https:\/\/br.tereos.com\/pt-pt\/\",\"name\":\"Brasil\",\"description\":\"Un site utilisant WordPress\",\"potentialAction\":[{\"@type\":\"SearchAction\",\"target\":{\"@type\":\"EntryPoint\",\"urlTemplate\":\"https:\/\/br.tereos.com\/pt-pt\/?s={search_term_string}\"},\"query-input\":{\"@type\":\"PropertyValueSpecification\",\"valueRequired\":true,\"valueName\":\"search_term_string\"}}],\"inLanguage\":\"pt-PT\"}]}<\/script>\n<!-- \/ Yoast SEO plugin. -->","yoast_head_json":{"title":"Tereos impulsiona sustentabilidade no Natal Luz de Gramado - Brasil","robots":{"index":"index","follow":"follow","max-snippet":"max-snippet:-1","max-image-preview":"max-image-preview:large","max-video-preview":"max-video-preview:-1"},"canonical":"https:\/\/br.tereos.com\/pt-pt\/press-releases\/tereos-impulsiona-sustentabilidade-no-natal-luz-de-gramado\/","og_locale":"pt_PT","og_type":"article","og_title":"Tereos impulsiona sustentabilidade no Natal Luz de Gramado - Brasil","og_url":"https:\/\/br.tereos.com\/pt-pt\/press-releases\/tereos-impulsiona-sustentabilidade-no-natal-luz-de-gramado\/","og_site_name":"Brasil","article_modified_time":"2025-12-16T18:09:17+00:00","twitter_card":"summary_large_image","schema":{"@context":"https:\/\/schema.org","@graph":[{"@type":"WebPage","@id":"https:\/\/br.tereos.com\/pt-pt\/press-releases\/tereos-impulsiona-sustentabilidade-no-natal-luz-de-gramado\/","url":"https:\/\/br.tereos.com\/pt-pt\/press-releases\/tereos-impulsiona-sustentabilidade-no-natal-luz-de-gramado\/","name":"Tereos impulsiona sustentabilidade no Natal Luz de Gramado - Brasil","isPartOf":{"@id":"https:\/\/br.tereos.com\/pt-pt\/#website"},"datePublished":"2025-10-16T18:05:55+00:00","dateModified":"2025-12-16T18:09:17+00:00","breadcrumb":{"@id":"https:\/\/br.tereos.com\/pt-pt\/press-releases\/tereos-impulsiona-sustentabilidade-no-natal-luz-de-gramado\/#breadcrumb"},"inLanguage":"pt-PT","potentialAction":[{"@type":"ReadAction","target":["https:\/\/br.tereos.com\/pt-pt\/press-releases\/tereos-impulsiona-sustentabilidade-no-natal-luz-de-gramado\/"]}]},{"@type":"BreadcrumbList","@id":"https:\/\/br.tereos.com\/pt-pt\/press-releases\/tereos-impulsiona-sustentabilidade-no-natal-luz-de-gramado\/#breadcrumb","itemListElement":[{"@type":"ListItem","position":1,"name":"Home","item":"https:\/\/br.tereos.com\/pt-pt\/"},{"@type":"ListItem","position":2,"name":"Tereos impulsiona sustentabilidade no Natal Luz de Gramado"}]},{"@type":"WebSite","@id":"https:\/\/br.tereos.com\/pt-pt\/#website","url":"https:\/\/br.tereos.com\/pt-pt\/","name":"Brasil","description":"Un site utilisant WordPress","potentialAction":[{"@type":"SearchAction","target":{"@type":"EntryPoint","urlTemplate":"https:\/\/br.tereos.com\/pt-pt\/?s={search_term_string}"},"query-input":{"@type":"PropertyValueSpecification","valueRequired":true,"valueName":"search_term_string"}}],"inLanguage":"pt-PT"}]}},"featured_media_src":false,"date_formatted":"16 October 2025 ","_links":{"self":[{"href":"https:\/\/br.tereos.com\/pt-pt\/wp-json\/wp\/v2\/press-release\/11683"}],"collection":[{"href":"https:\/\/br.tereos.com\/pt-pt\/wp-json\/wp\/v2\/press-release"}],"about":[{"href":"https:\/\/br.tereos.com\/pt-pt\/wp-json\/wp\/v2\/types\/press_release"}],"author":[{"embeddable":true,"href":"https:\/\/br.tereos.com\/pt-pt\/wp-json\/wp\/v2\/users\/278"}],"version-history":[{"count":1,"href":"https:\/\/br.tereos.com\/pt-pt\/wp-json\/wp\/v2\/press-release\/11683\/revisions"}],"predecessor-version":[{"id":11686,"href":"https:\/\/br.tereos.com\/pt-pt\/wp-json\/wp\/v2\/press-release\/11683\/revisions\/11686"}],"wp:attachment":[{"href":"https:\/\/br.tereos.com\/pt-pt\/wp-json\/wp\/v2\/media?parent=11683"}],"wp:term":[{"taxonomy":"category","embeddable":true,"href":"https:\/\/br.tereos.com\/pt-pt\/wp-json\/wp\/v2\/categories?post=11683"}],"curies":[{"name":"wp","href":"https:\/\/api.w.org\/{rel}","templated":true}]}}