{"id":11394,"date":"2025-08-01T16:31:52","date_gmt":"2025-08-01T14:31:52","guid":{"rendered":"https:\/\/br.tereos.com\/?post_type=press_release&#038;p=11394"},"modified":"2025-08-29T16:33:32","modified_gmt":"2025-08-29T14:33:32","slug":"tereos-apoia-61a-edicao-do-festival-de-folclore-de-olimpia-e-recebe-grupos-participantes-em-suas-unidades","status":"publish","type":"press_release","link":"https:\/\/br.tereos.com\/pt-pt\/press-releases\/tereos-apoia-61a-edicao-do-festival-de-folclore-de-olimpia-e-recebe-grupos-participantes-em-suas-unidades\/","title":{"rendered":"Tereos apoia 61\u00aa edi\u00e7\u00e3o do Festival de Folclore de Ol\u00edmpia e recebe grupos participantes em suas unidades"},"author":278,"featured_media":0,"template":"","categories":[],"class_list":["post-11394","press_release","type-press_release","status-publish","hentry"],"acf":{"cover_image":false,"cover_clone":{"cover_image":false},"file":{"ID":11395,"id":11395,"title":"Tereos apoia 61\u00aa edi\u00e7\u00e3o do Festival de Folclore de Ol\u00edmpia","filename":"tereos-apoia-61a-edicao-do-festival-de-folclore-de-olimpia.pdf","filesize":211156,"url":"https:\/\/www.tereos.com\/app\/uploads\/sites\/7\/2025\/08\/tereos-apoia-61a-edicao-do-festival-de-folclore-de-olimpia.pdf","link":"https:\/\/br.tereos.com\/pt-pt\/press-releases\/tereos-apoia-61a-edicao-do-festival-de-folclore-de-olimpia-e-recebe-grupos-participantes-em-suas-unidades\/tereos-apoia-61a-edicao-do-festival-de-folclore-de-olimpia\/","alt":"","author":"278","description":"","caption":"","name":"tereos-apoia-61a-edicao-do-festival-de-folclore-de-olimpia","status":"inherit","uploaded_to":11394,"date":"2025-08-29 14:33:08","modified":"2025-08-29 14:33:08","menu_order":0,"mime_type":"application\/pdf","type":"application","subtype":"pdf","icon":"https:\/\/br.tereos.com\/wp\/wp-includes\/images\/media\/document.png"},"pdf_clone":{"file":{"ID":11395,"id":11395,"title":"Tereos apoia 61\u00aa edi\u00e7\u00e3o do Festival de Folclore de Ol\u00edmpia","filename":"tereos-apoia-61a-edicao-do-festival-de-folclore-de-olimpia.pdf","filesize":211156,"url":"https:\/\/www.tereos.com\/app\/uploads\/sites\/7\/2025\/08\/tereos-apoia-61a-edicao-do-festival-de-folclore-de-olimpia.pdf","link":"https:\/\/br.tereos.com\/pt-pt\/press-releases\/tereos-apoia-61a-edicao-do-festival-de-folclore-de-olimpia-e-recebe-grupos-participantes-em-suas-unidades\/tereos-apoia-61a-edicao-do-festival-de-folclore-de-olimpia\/","alt":"","author":"278","description":"","caption":"","name":"tereos-apoia-61a-edicao-do-festival-de-folclore-de-olimpia","status":"inherit","uploaded_to":11394,"date":"2025-08-29 14:33:08","modified":"2025-08-29 14:33:08","menu_order":0,"mime_type":"application\/pdf","type":"application","subtype":"pdf","icon":"https:\/\/br.tereos.com\/wp\/wp-includes\/images\/media\/document.png"}},"headline":"Tr\u00eas apresenta\u00e7\u00f5es especiais ser\u00e3o realizadas nas unidades da empresa durante o evento, que acontece de 2 a 10 de agosto na Capital Nacional do Folclore","headline_clone":{"headline":"Tr\u00eas apresenta\u00e7\u00f5es especiais ser\u00e3o realizadas nas unidades da empresa durante o evento, que acontece de 2 a 10 de agosto na Capital Nacional do Folclore"},"has_anchors":false,"sections":[{"acf_fc_layout":"rich_text","anchor_title":"","text":"<p><strong>Ol\u00edmpia, 1 de agosto de 2025 \u2013<\/strong> A cultura popular brasileira mais uma vez ganha destaque em Ol\u00edmpia, no interior paulista, com a realiza\u00e7\u00e3o do 61\u00ba Festival de Folclore (FEFOL), entre os dias 2 e 10 de agosto. Pelo 25\u00ba ano consecutivo, a Tereos apoia o maior evento do g\u00eanero no pa\u00eds, reafirmando seu compromisso com a valoriza\u00e7\u00e3o da cultura nas comunidades onde atua.<\/p>\n<p>Neste ano, al\u00e9m de apoiar a realiza\u00e7\u00e3o do festival, a Tereos ter\u00e1 novamente a oportunidade de receber parte da programa\u00e7\u00e3o em suas unidades. Ao longo da semana, tr\u00eas grupos participantes far\u00e3o apresenta\u00e7\u00f5es especiais para os colaboradores da empresa, levando m\u00fasica, dan\u00e7a e tradi\u00e7\u00e3o para suas unidades industriais.<\/p>\n<p>As apresenta\u00e7\u00f5es nas unidades da Tereos acontecer\u00e3o nos dias 4, 6 e 8 de agosto, com os grupos Coco de Roda Baba\u00e7u, de Macei\u00f3 (AL), Bumba Meu Boi de Nina Rodrigues, de S\u00e3o Lu\u00eds (MA), e Grupo Parananin, de Ananindeua (PA), respectivamente.<\/p>\n<p>Cada grupo leva ao p\u00fablico um recorte aut\u00eantico da cultura popular de sua regi\u00e3o. O Coco de Roda Baba\u00e7u \u00e9 uma das novidades da 61\u00aa edi\u00e7\u00e3o, apresentando uma dan\u00e7a vibrante com ra\u00edzes africanas e ind\u00edgenas. J\u00e1 o Bumba Meu Boi de Nina Rodrigues, comandado por uma mulher, resgata a riqueza hist\u00f3rica do Maranh\u00e3o com musicalidade e express\u00e3o dram\u00e1tica. E o Grupo Parananin representa o Par\u00e1 com manifesta\u00e7\u00f5es tradicionais como lund\u00fa, chula marajoara, dan\u00e7a da farinha de tapioca e outras express\u00f5es da identidade amaz\u00f4nica.<\/p>\n<p>Para Douglas Souza, gerente de Rela\u00e7\u00f5es Institucionais da Tereos, apoiar o FEFOL \u00e9 uma forma de incentivar a conex\u00e3o entre as pessoas por meio da cultura. \u201cAcreditamos que a cultura \u00e9 uma ferramenta poderosa de transforma\u00e7\u00e3o. Ser parceiro do Festival do Folclore por 25 anos refor\u00e7a o quanto valorizamos o desenvolvimento humano, o respeito \u00e0s tradi\u00e7\u00f5es e a constru\u00e7\u00e3o de uma comunidade mais integrada\u201d, afirma.<\/p>\n<p><strong>Edi\u00e7\u00e3o hist\u00f3rica<\/strong><\/p>\n<p>Com o tema \u201cRa\u00edzes que nos Conectam\u201d, o 61\u00ba Festival do Folclore de Ol\u00edmpia presta homenagem ao estado do Maranh\u00e3o e \u00e0 sua express\u00e3o popular mais conhecida: o Bumba Meu Boi. Ser\u00e3o 61 grupos de 20 estados brasileiros das cinco regi\u00f5es do pa\u00eds, totalizando cerca de 2 mil participantes entre dan\u00e7arinos, m\u00fasicos e cantadores. Desses, 17 grupos participam pela primeira vez do evento.<\/p>\n<p>A programa\u00e7\u00e3o gratuita inclui mais de 120 apresenta\u00e7\u00f5es no Palco Principal, minifestival com as escolas municipais, semin\u00e1rios, oficinas, gincanas infantis, shows de m\u00fasica de raiz, feira de artesanato e o desfile de encerramento pelas ruas da cidade. A expectativa \u00e9 de que o evento receba mais de 180 mil visitantes ao longo dos nove dias.<\/p>\n<p>O Festival \u00e9 uma realiza\u00e7\u00e3o da Prefeitura da Est\u00e2ncia Tur\u00edstica de Ol\u00edmpia, por meio da Secretaria de Cultura e Defesa do Folclore, com apoio de projetos de incentivo cultural e parceiros como a Tereos.<\/p>\n<p><strong>Servi\u00e7o<\/strong><\/p>\n<p>61\u00ba Festival do Folclore \u2013 Jubileu de Castanheira<\/p>\n<p>De 2 a 10 de agosto de 2025<\/p>\n<p>Recinto do Folclore \u201cProfessor Jos\u00e9 Sant\u2019anna\u201d<\/p>\n<p>Avenida Menina Mo\u00e7a, 800 \u2013 Vila H\u00edpica \u2013 Ol\u00edmpia\/SP<\/p>\n<p>Programa\u00e7\u00e3o completa: <a href=\"http:\/\/www.folcloreolimpia.com.br\">www.folcloreolimpia.com.br<\/a><\/p>\n"}],"flexible_editorial_clone":{"has_anchors":false,"sections":[{"acf_fc_layout":"rich_text","anchor_title":"","text":"<p><strong>Ol\u00edmpia, 1 de agosto de 2025 \u2013<\/strong> A cultura popular brasileira mais uma vez ganha destaque em Ol\u00edmpia, no interior paulista, com a realiza\u00e7\u00e3o do 61\u00ba Festival de Folclore (FEFOL), entre os dias 2 e 10 de agosto. Pelo 25\u00ba ano consecutivo, a Tereos apoia o maior evento do g\u00eanero no pa\u00eds, reafirmando seu compromisso com a valoriza\u00e7\u00e3o da cultura nas comunidades onde atua.<\/p>\n<p>Neste ano, al\u00e9m de apoiar a realiza\u00e7\u00e3o do festival, a Tereos ter\u00e1 novamente a oportunidade de receber parte da programa\u00e7\u00e3o em suas unidades. Ao longo da semana, tr\u00eas grupos participantes far\u00e3o apresenta\u00e7\u00f5es especiais para os colaboradores da empresa, levando m\u00fasica, dan\u00e7a e tradi\u00e7\u00e3o para suas unidades industriais.<\/p>\n<p>As apresenta\u00e7\u00f5es nas unidades da Tereos acontecer\u00e3o nos dias 4, 6 e 8 de agosto, com os grupos Coco de Roda Baba\u00e7u, de Macei\u00f3 (AL), Bumba Meu Boi de Nina Rodrigues, de S\u00e3o Lu\u00eds (MA), e Grupo Parananin, de Ananindeua (PA), respectivamente.<\/p>\n<p>Cada grupo leva ao p\u00fablico um recorte aut\u00eantico da cultura popular de sua regi\u00e3o. O Coco de Roda Baba\u00e7u \u00e9 uma das novidades da 61\u00aa edi\u00e7\u00e3o, apresentando uma dan\u00e7a vibrante com ra\u00edzes africanas e ind\u00edgenas. J\u00e1 o Bumba Meu Boi de Nina Rodrigues, comandado por uma mulher, resgata a riqueza hist\u00f3rica do Maranh\u00e3o com musicalidade e express\u00e3o dram\u00e1tica. E o Grupo Parananin representa o Par\u00e1 com manifesta\u00e7\u00f5es tradicionais como lund\u00fa, chula marajoara, dan\u00e7a da farinha de tapioca e outras express\u00f5es da identidade amaz\u00f4nica.<\/p>\n<p>Para Douglas Souza, gerente de Rela\u00e7\u00f5es Institucionais da Tereos, apoiar o FEFOL \u00e9 uma forma de incentivar a conex\u00e3o entre as pessoas por meio da cultura. \u201cAcreditamos que a cultura \u00e9 uma ferramenta poderosa de transforma\u00e7\u00e3o. Ser parceiro do Festival do Folclore por 25 anos refor\u00e7a o quanto valorizamos o desenvolvimento humano, o respeito \u00e0s tradi\u00e7\u00f5es e a constru\u00e7\u00e3o de uma comunidade mais integrada\u201d, afirma.<\/p>\n<p><strong>Edi\u00e7\u00e3o hist\u00f3rica<\/strong><\/p>\n<p>Com o tema \u201cRa\u00edzes que nos Conectam\u201d, o 61\u00ba Festival do Folclore de Ol\u00edmpia presta homenagem ao estado do Maranh\u00e3o e \u00e0 sua express\u00e3o popular mais conhecida: o Bumba Meu Boi. Ser\u00e3o 61 grupos de 20 estados brasileiros das cinco regi\u00f5es do pa\u00eds, totalizando cerca de 2 mil participantes entre dan\u00e7arinos, m\u00fasicos e cantadores. Desses, 17 grupos participam pela primeira vez do evento.<\/p>\n<p>A programa\u00e7\u00e3o gratuita inclui mais de 120 apresenta\u00e7\u00f5es no Palco Principal, minifestival com as escolas municipais, semin\u00e1rios, oficinas, gincanas infantis, shows de m\u00fasica de raiz, feira de artesanato e o desfile de encerramento pelas ruas da cidade. A expectativa \u00e9 de que o evento receba mais de 180 mil visitantes ao longo dos nove dias.<\/p>\n<p>O Festival \u00e9 uma realiza\u00e7\u00e3o da Prefeitura da Est\u00e2ncia Tur\u00edstica de Ol\u00edmpia, por meio da Secretaria de Cultura e Defesa do Folclore, com apoio de projetos de incentivo cultural e parceiros como a Tereos.<\/p>\n<p><strong>Servi\u00e7o<\/strong><\/p>\n<p>61\u00ba Festival do Folclore \u2013 Jubileu de Castanheira<\/p>\n<p>De 2 a 10 de agosto de 2025<\/p>\n<p>Recinto do Folclore \u201cProfessor Jos\u00e9 Sant\u2019anna\u201d<\/p>\n<p>Avenida Menina Mo\u00e7a, 800 \u2013 Vila H\u00edpica \u2013 Ol\u00edmpia\/SP<\/p>\n<p>Programa\u00e7\u00e3o completa: <a href=\"http:\/\/www.folcloreolimpia.com.br\">www.folcloreolimpia.com.br<\/a><\/p>\n"}]}},"yoast_head":"<!-- This site is optimized with the Yoast SEO plugin v23.7 - https:\/\/yoast.com\/wordpress\/plugins\/seo\/ -->\n<title>Tereos apoia 61\u00aa edi\u00e7\u00e3o do Festival de Folclore de Ol\u00edmpia e recebe grupos participantes em suas unidades - Brasil<\/title>\n<meta name=\"robots\" content=\"index, follow, max-snippet:-1, max-image-preview:large, max-video-preview:-1\" \/>\n<link rel=\"canonical\" href=\"https:\/\/br.tereos.com\/pt-pt\/press-releases\/tereos-apoia-61a-edicao-do-festival-de-folclore-de-olimpia-e-recebe-grupos-participantes-em-suas-unidades\/\" \/>\n<meta property=\"og:locale\" content=\"pt_PT\" \/>\n<meta property=\"og:type\" content=\"article\" \/>\n<meta property=\"og:title\" content=\"Tereos apoia 61\u00aa edi\u00e7\u00e3o do Festival de Folclore de Ol\u00edmpia e recebe grupos participantes em suas unidades - Brasil\" \/>\n<meta property=\"og:url\" content=\"https:\/\/br.tereos.com\/pt-pt\/press-releases\/tereos-apoia-61a-edicao-do-festival-de-folclore-de-olimpia-e-recebe-grupos-participantes-em-suas-unidades\/\" \/>\n<meta property=\"og:site_name\" content=\"Brasil\" \/>\n<meta property=\"article:modified_time\" content=\"2025-08-29T14:33:32+00:00\" \/>\n<meta name=\"twitter:card\" content=\"summary_large_image\" \/>\n<script type=\"application\/ld+json\" class=\"yoast-schema-graph\">{\"@context\":\"https:\/\/schema.org\",\"@graph\":[{\"@type\":\"WebPage\",\"@id\":\"https:\/\/br.tereos.com\/pt-pt\/press-releases\/tereos-apoia-61a-edicao-do-festival-de-folclore-de-olimpia-e-recebe-grupos-participantes-em-suas-unidades\/\",\"url\":\"https:\/\/br.tereos.com\/pt-pt\/press-releases\/tereos-apoia-61a-edicao-do-festival-de-folclore-de-olimpia-e-recebe-grupos-participantes-em-suas-unidades\/\",\"name\":\"Tereos apoia 61\u00aa edi\u00e7\u00e3o do Festival de Folclore de Ol\u00edmpia e recebe grupos participantes em suas unidades - Brasil\",\"isPartOf\":{\"@id\":\"https:\/\/br.tereos.com\/pt-pt\/#website\"},\"datePublished\":\"2025-08-01T14:31:52+00:00\",\"dateModified\":\"2025-08-29T14:33:32+00:00\",\"breadcrumb\":{\"@id\":\"https:\/\/br.tereos.com\/pt-pt\/press-releases\/tereos-apoia-61a-edicao-do-festival-de-folclore-de-olimpia-e-recebe-grupos-participantes-em-suas-unidades\/#breadcrumb\"},\"inLanguage\":\"pt-PT\",\"potentialAction\":[{\"@type\":\"ReadAction\",\"target\":[\"https:\/\/br.tereos.com\/pt-pt\/press-releases\/tereos-apoia-61a-edicao-do-festival-de-folclore-de-olimpia-e-recebe-grupos-participantes-em-suas-unidades\/\"]}]},{\"@type\":\"BreadcrumbList\",\"@id\":\"https:\/\/br.tereos.com\/pt-pt\/press-releases\/tereos-apoia-61a-edicao-do-festival-de-folclore-de-olimpia-e-recebe-grupos-participantes-em-suas-unidades\/#breadcrumb\",\"itemListElement\":[{\"@type\":\"ListItem\",\"position\":1,\"name\":\"Home\",\"item\":\"https:\/\/br.tereos.com\/pt-pt\/\"},{\"@type\":\"ListItem\",\"position\":2,\"name\":\"Tereos apoia 61\u00aa edi\u00e7\u00e3o do Festival de Folclore de Ol\u00edmpia e recebe grupos participantes em suas unidades\"}]},{\"@type\":\"WebSite\",\"@id\":\"https:\/\/br.tereos.com\/pt-pt\/#website\",\"url\":\"https:\/\/br.tereos.com\/pt-pt\/\",\"name\":\"Brasil\",\"description\":\"Un site utilisant WordPress\",\"potentialAction\":[{\"@type\":\"SearchAction\",\"target\":{\"@type\":\"EntryPoint\",\"urlTemplate\":\"https:\/\/br.tereos.com\/pt-pt\/?s={search_term_string}\"},\"query-input\":{\"@type\":\"PropertyValueSpecification\",\"valueRequired\":true,\"valueName\":\"search_term_string\"}}],\"inLanguage\":\"pt-PT\"}]}<\/script>\n<!-- \/ Yoast SEO plugin. -->","yoast_head_json":{"title":"Tereos apoia 61\u00aa edi\u00e7\u00e3o do Festival de Folclore de Ol\u00edmpia e recebe grupos participantes em suas unidades - Brasil","robots":{"index":"index","follow":"follow","max-snippet":"max-snippet:-1","max-image-preview":"max-image-preview:large","max-video-preview":"max-video-preview:-1"},"canonical":"https:\/\/br.tereos.com\/pt-pt\/press-releases\/tereos-apoia-61a-edicao-do-festival-de-folclore-de-olimpia-e-recebe-grupos-participantes-em-suas-unidades\/","og_locale":"pt_PT","og_type":"article","og_title":"Tereos apoia 61\u00aa edi\u00e7\u00e3o do Festival de Folclore de Ol\u00edmpia e recebe grupos participantes em suas unidades - Brasil","og_url":"https:\/\/br.tereos.com\/pt-pt\/press-releases\/tereos-apoia-61a-edicao-do-festival-de-folclore-de-olimpia-e-recebe-grupos-participantes-em-suas-unidades\/","og_site_name":"Brasil","article_modified_time":"2025-08-29T14:33:32+00:00","twitter_card":"summary_large_image","schema":{"@context":"https:\/\/schema.org","@graph":[{"@type":"WebPage","@id":"https:\/\/br.tereos.com\/pt-pt\/press-releases\/tereos-apoia-61a-edicao-do-festival-de-folclore-de-olimpia-e-recebe-grupos-participantes-em-suas-unidades\/","url":"https:\/\/br.tereos.com\/pt-pt\/press-releases\/tereos-apoia-61a-edicao-do-festival-de-folclore-de-olimpia-e-recebe-grupos-participantes-em-suas-unidades\/","name":"Tereos apoia 61\u00aa edi\u00e7\u00e3o do Festival de Folclore de Ol\u00edmpia e recebe grupos participantes em suas unidades - Brasil","isPartOf":{"@id":"https:\/\/br.tereos.com\/pt-pt\/#website"},"datePublished":"2025-08-01T14:31:52+00:00","dateModified":"2025-08-29T14:33:32+00:00","breadcrumb":{"@id":"https:\/\/br.tereos.com\/pt-pt\/press-releases\/tereos-apoia-61a-edicao-do-festival-de-folclore-de-olimpia-e-recebe-grupos-participantes-em-suas-unidades\/#breadcrumb"},"inLanguage":"pt-PT","potentialAction":[{"@type":"ReadAction","target":["https:\/\/br.tereos.com\/pt-pt\/press-releases\/tereos-apoia-61a-edicao-do-festival-de-folclore-de-olimpia-e-recebe-grupos-participantes-em-suas-unidades\/"]}]},{"@type":"BreadcrumbList","@id":"https:\/\/br.tereos.com\/pt-pt\/press-releases\/tereos-apoia-61a-edicao-do-festival-de-folclore-de-olimpia-e-recebe-grupos-participantes-em-suas-unidades\/#breadcrumb","itemListElement":[{"@type":"ListItem","position":1,"name":"Home","item":"https:\/\/br.tereos.com\/pt-pt\/"},{"@type":"ListItem","position":2,"name":"Tereos apoia 61\u00aa edi\u00e7\u00e3o do Festival de Folclore de Ol\u00edmpia e recebe grupos participantes em suas unidades"}]},{"@type":"WebSite","@id":"https:\/\/br.tereos.com\/pt-pt\/#website","url":"https:\/\/br.tereos.com\/pt-pt\/","name":"Brasil","description":"Un site utilisant WordPress","potentialAction":[{"@type":"SearchAction","target":{"@type":"EntryPoint","urlTemplate":"https:\/\/br.tereos.com\/pt-pt\/?s={search_term_string}"},"query-input":{"@type":"PropertyValueSpecification","valueRequired":true,"valueName":"search_term_string"}}],"inLanguage":"pt-PT"}]}},"featured_media_src":false,"date_formatted":"1 August 2025 ","_links":{"self":[{"href":"https:\/\/br.tereos.com\/pt-pt\/wp-json\/wp\/v2\/press-release\/11394"}],"collection":[{"href":"https:\/\/br.tereos.com\/pt-pt\/wp-json\/wp\/v2\/press-release"}],"about":[{"href":"https:\/\/br.tereos.com\/pt-pt\/wp-json\/wp\/v2\/types\/press_release"}],"author":[{"embeddable":true,"href":"https:\/\/br.tereos.com\/pt-pt\/wp-json\/wp\/v2\/users\/278"}],"version-history":[{"count":1,"href":"https:\/\/br.tereos.com\/pt-pt\/wp-json\/wp\/v2\/press-release\/11394\/revisions"}],"predecessor-version":[{"id":11396,"href":"https:\/\/br.tereos.com\/pt-pt\/wp-json\/wp\/v2\/press-release\/11394\/revisions\/11396"}],"wp:attachment":[{"href":"https:\/\/br.tereos.com\/pt-pt\/wp-json\/wp\/v2\/media?parent=11394"}],"wp:term":[{"taxonomy":"category","embeddable":true,"href":"https:\/\/br.tereos.com\/pt-pt\/wp-json\/wp\/v2\/categories?post=11394"}],"curies":[{"name":"wp","href":"https:\/\/api.w.org\/{rel}","templated":true}]}}