{"id":10957,"date":"2025-04-29T02:08:16","date_gmt":"2025-04-29T00:08:16","guid":{"rendered":"https:\/\/br.tereos.com\/?post_type=press_release&#038;p=10957"},"modified":"2025-07-17T02:09:38","modified_gmt":"2025-07-17T00:09:38","slug":"tereos-realiza-compensacao-de-carbono-no-canela-light-fest","status":"publish","type":"press_release","link":"https:\/\/br.tereos.com\/pt-pt\/press-releases\/tereos-realiza-compensacao-de-carbono-no-canela-light-fest\/","title":{"rendered":"Tereos realiza compensa\u00e7\u00e3o de carbono no Canela Light Fest"},"author":278,"featured_media":0,"template":"","categories":[],"class_list":["post-10957","press_release","type-press_release","status-publish","hentry"],"acf":{"cover_image":false,"cover_clone":{"cover_image":false},"file":{"ID":10958,"id":10958,"title":"Tereos realiza compensa\u00e7\u00e3o de carbono no Canela Light Fest","filename":"tereos-realiza-compensacao-de-carbono-no-canela-light-fest.pdf","filesize":175969,"url":"https:\/\/www.tereos.com\/app\/uploads\/sites\/7\/2025\/07\/tereos-realiza-compensacao-de-carbono-no-canela-light-fest.pdf","link":"https:\/\/br.tereos.com\/pt-pt\/press-releases\/tereos-realiza-compensacao-de-carbono-no-canela-light-fest\/tereos-realiza-compensacao-de-carbono-no-canela-light-fest\/","alt":"","author":"278","description":"","caption":"","name":"tereos-realiza-compensacao-de-carbono-no-canela-light-fest","status":"inherit","uploaded_to":10957,"date":"2025-07-17 00:09:11","modified":"2025-07-17 00:09:11","menu_order":0,"mime_type":"application\/pdf","type":"application","subtype":"pdf","icon":"https:\/\/br.tereos.com\/wp\/wp-includes\/images\/media\/document.png"},"pdf_clone":{"file":{"ID":10958,"id":10958,"title":"Tereos realiza compensa\u00e7\u00e3o de carbono no Canela Light Fest","filename":"tereos-realiza-compensacao-de-carbono-no-canela-light-fest.pdf","filesize":175969,"url":"https:\/\/www.tereos.com\/app\/uploads\/sites\/7\/2025\/07\/tereos-realiza-compensacao-de-carbono-no-canela-light-fest.pdf","link":"https:\/\/br.tereos.com\/pt-pt\/press-releases\/tereos-realiza-compensacao-de-carbono-no-canela-light-fest\/tereos-realiza-compensacao-de-carbono-no-canela-light-fest\/","alt":"","author":"278","description":"","caption":"","name":"tereos-realiza-compensacao-de-carbono-no-canela-light-fest","status":"inherit","uploaded_to":10957,"date":"2025-07-17 00:09:11","modified":"2025-07-17 00:09:11","menu_order":0,"mime_type":"application\/pdf","type":"application","subtype":"pdf","icon":"https:\/\/br.tereos.com\/wp\/wp-includes\/images\/media\/document.png"}},"headline":"Por meio de cr\u00e9ditos de energia renov\u00e1vel, a empresa garante a compensa\u00e7\u00e3o de todas as emiss\u00f5es de carbono provenientes do consumo de energia el\u00e9trica do evento","headline_clone":{"headline":"Por meio de cr\u00e9ditos de energia renov\u00e1vel, a empresa garante a compensa\u00e7\u00e3o de todas as emiss\u00f5es de carbono provenientes do consumo de energia el\u00e9trica do evento"},"has_anchors":false,"sections":[{"acf_fc_layout":"rich_text","anchor_title":"","text":"<p><strong>S\u00e3o Paulo, 29 de abril de 2025<\/strong> \u2013 A Tereos, uma das empresas l\u00edderes na produ\u00e7\u00e3o de a\u00e7\u00facar, etanol e energia do pa\u00eds, ser\u00e1 a respons\u00e1vel pela compensa\u00e7\u00e3o das emiss\u00f5es de carbono provenientes da energia el\u00e9trica consumida ao longo do evento Canela Light Fest, realizado em Canela (RS), entre os dias 1 e 4 de maio, contribuindo diretamente para a redu\u00e7\u00e3o da pegada ambiental do evento.<\/p>\n<p>A compensa\u00e7\u00e3o \u00e9 feita por meio de cr\u00e9ditos de energia renov\u00e1vel, obtidos com a certifica\u00e7\u00e3o I-REC (da sigla em ingl\u00eas <em>International Renewable Energy Certificate<\/em>). A ferramenta \u00e9 reconhecida internacionalmente e comprova a gera\u00e7\u00e3o de energia limpa a partir da rastreabilidade de sua origem. A certifica\u00e7\u00e3o foi obtida pela Tereos em 2021 e garante que a energia el\u00e9trica gerada pela empresa \u00e9 proveniente de fonte renov\u00e1vel \u2014 no caso, a biomassa da cana-de-a\u00e7\u00facar.<\/p>\n<p>\u201cEssa \u00e9 mais uma parceria que refor\u00e7a nosso compromisso com a agenda ESG n\u00e3o s\u00f3 dentro da Tereos, mas contribuindo com pr\u00e1ticas mais sustent\u00e1veis em eventos e festivais culturais. Seguiremos investindo em iniciativas que impulsionem a transi\u00e7\u00e3o energ\u00e9tica e o envolvimento de todos na constru\u00e7\u00e3o de um futuro mais verde\u201d, comenta Gustavo Segantini, diretor comercial da Tereos.<\/p>\n<p>O grupo j\u00e1 firmou parcerias com eventos como Jo\u00e3o Rock, Coala Festival e Oktoberfest de Blumenau e de S\u00e3o Paulo. Com os acordos, a Tereos j\u00e1 compensou a emiss\u00e3o de aproximadamente 18 mil toneladas de CO\u2082, o equivalente ao plantio de mais de 130 mil \u00e1rvores.<\/p>\n<p>O A\u00e7\u00facar Guarani, marca de varejo da Tereos, tamb\u00e9m estar\u00e1 presente no evento por meio de ativa\u00e7\u00f5es especiais.<\/p>\n<p>O Canela Light Fest \u00e9 uma exposi\u00e7\u00e3o de arte noturna que visa aliar cultura, turismo e conscientiza\u00e7\u00e3o ambiental em ruas e pra\u00e7as p\u00fablicas, focado em discutir sustentabilidade e o envolvimento de povos tradicionais.\u00a0 A parceria com a Tereos marca um passo importante para tornar o festival cada vez mais sustent\u00e1vel, alinhado ao seu objetivo em fomentar a conscientiza\u00e7\u00e3o sobre mudan\u00e7as clim\u00e1ticas e seus efeitos para a popula\u00e7\u00e3o.<\/p>\n"}],"flexible_editorial_clone":{"has_anchors":false,"sections":[{"acf_fc_layout":"rich_text","anchor_title":"","text":"<p><strong>S\u00e3o Paulo, 29 de abril de 2025<\/strong> \u2013 A Tereos, uma das empresas l\u00edderes na produ\u00e7\u00e3o de a\u00e7\u00facar, etanol e energia do pa\u00eds, ser\u00e1 a respons\u00e1vel pela compensa\u00e7\u00e3o das emiss\u00f5es de carbono provenientes da energia el\u00e9trica consumida ao longo do evento Canela Light Fest, realizado em Canela (RS), entre os dias 1 e 4 de maio, contribuindo diretamente para a redu\u00e7\u00e3o da pegada ambiental do evento.<\/p>\n<p>A compensa\u00e7\u00e3o \u00e9 feita por meio de cr\u00e9ditos de energia renov\u00e1vel, obtidos com a certifica\u00e7\u00e3o I-REC (da sigla em ingl\u00eas <em>International Renewable Energy Certificate<\/em>). A ferramenta \u00e9 reconhecida internacionalmente e comprova a gera\u00e7\u00e3o de energia limpa a partir da rastreabilidade de sua origem. A certifica\u00e7\u00e3o foi obtida pela Tereos em 2021 e garante que a energia el\u00e9trica gerada pela empresa \u00e9 proveniente de fonte renov\u00e1vel \u2014 no caso, a biomassa da cana-de-a\u00e7\u00facar.<\/p>\n<p>\u201cEssa \u00e9 mais uma parceria que refor\u00e7a nosso compromisso com a agenda ESG n\u00e3o s\u00f3 dentro da Tereos, mas contribuindo com pr\u00e1ticas mais sustent\u00e1veis em eventos e festivais culturais. Seguiremos investindo em iniciativas que impulsionem a transi\u00e7\u00e3o energ\u00e9tica e o envolvimento de todos na constru\u00e7\u00e3o de um futuro mais verde\u201d, comenta Gustavo Segantini, diretor comercial da Tereos.<\/p>\n<p>O grupo j\u00e1 firmou parcerias com eventos como Jo\u00e3o Rock, Coala Festival e Oktoberfest de Blumenau e de S\u00e3o Paulo. Com os acordos, a Tereos j\u00e1 compensou a emiss\u00e3o de aproximadamente 18 mil toneladas de CO\u2082, o equivalente ao plantio de mais de 130 mil \u00e1rvores.<\/p>\n<p>O A\u00e7\u00facar Guarani, marca de varejo da Tereos, tamb\u00e9m estar\u00e1 presente no evento por meio de ativa\u00e7\u00f5es especiais.<\/p>\n<p>O Canela Light Fest \u00e9 uma exposi\u00e7\u00e3o de arte noturna que visa aliar cultura, turismo e conscientiza\u00e7\u00e3o ambiental em ruas e pra\u00e7as p\u00fablicas, focado em discutir sustentabilidade e o envolvimento de povos tradicionais.\u00a0 A parceria com a Tereos marca um passo importante para tornar o festival cada vez mais sustent\u00e1vel, alinhado ao seu objetivo em fomentar a conscientiza\u00e7\u00e3o sobre mudan\u00e7as clim\u00e1ticas e seus efeitos para a popula\u00e7\u00e3o.<\/p>\n"}]}},"yoast_head":"<!-- This site is optimized with the Yoast SEO plugin v23.7 - https:\/\/yoast.com\/wordpress\/plugins\/seo\/ -->\n<title>Tereos realiza compensa\u00e7\u00e3o de carbono no Canela Light Fest - Brasil<\/title>\n<meta name=\"robots\" content=\"index, follow, max-snippet:-1, max-image-preview:large, max-video-preview:-1\" \/>\n<link rel=\"canonical\" href=\"https:\/\/br.tereos.com\/pt-pt\/press-releases\/tereos-realiza-compensacao-de-carbono-no-canela-light-fest\/\" \/>\n<meta property=\"og:locale\" content=\"pt_PT\" \/>\n<meta property=\"og:type\" content=\"article\" \/>\n<meta property=\"og:title\" content=\"Tereos realiza compensa\u00e7\u00e3o de carbono no Canela Light Fest - Brasil\" \/>\n<meta property=\"og:url\" content=\"https:\/\/br.tereos.com\/pt-pt\/press-releases\/tereos-realiza-compensacao-de-carbono-no-canela-light-fest\/\" \/>\n<meta property=\"og:site_name\" content=\"Brasil\" \/>\n<meta property=\"article:modified_time\" content=\"2025-07-17T00:09:38+00:00\" \/>\n<meta name=\"twitter:card\" content=\"summary_large_image\" \/>\n<script type=\"application\/ld+json\" class=\"yoast-schema-graph\">{\"@context\":\"https:\/\/schema.org\",\"@graph\":[{\"@type\":\"WebPage\",\"@id\":\"https:\/\/br.tereos.com\/pt-pt\/press-releases\/tereos-realiza-compensacao-de-carbono-no-canela-light-fest\/\",\"url\":\"https:\/\/br.tereos.com\/pt-pt\/press-releases\/tereos-realiza-compensacao-de-carbono-no-canela-light-fest\/\",\"name\":\"Tereos realiza compensa\u00e7\u00e3o de carbono no Canela Light Fest - Brasil\",\"isPartOf\":{\"@id\":\"https:\/\/br.tereos.com\/pt-pt\/#website\"},\"datePublished\":\"2025-04-29T00:08:16+00:00\",\"dateModified\":\"2025-07-17T00:09:38+00:00\",\"breadcrumb\":{\"@id\":\"https:\/\/br.tereos.com\/pt-pt\/press-releases\/tereos-realiza-compensacao-de-carbono-no-canela-light-fest\/#breadcrumb\"},\"inLanguage\":\"pt-PT\",\"potentialAction\":[{\"@type\":\"ReadAction\",\"target\":[\"https:\/\/br.tereos.com\/pt-pt\/press-releases\/tereos-realiza-compensacao-de-carbono-no-canela-light-fest\/\"]}]},{\"@type\":\"BreadcrumbList\",\"@id\":\"https:\/\/br.tereos.com\/pt-pt\/press-releases\/tereos-realiza-compensacao-de-carbono-no-canela-light-fest\/#breadcrumb\",\"itemListElement\":[{\"@type\":\"ListItem\",\"position\":1,\"name\":\"Home\",\"item\":\"https:\/\/br.tereos.com\/pt-pt\/\"},{\"@type\":\"ListItem\",\"position\":2,\"name\":\"Tereos realiza compensa\u00e7\u00e3o de carbono no Canela Light Fest\"}]},{\"@type\":\"WebSite\",\"@id\":\"https:\/\/br.tereos.com\/pt-pt\/#website\",\"url\":\"https:\/\/br.tereos.com\/pt-pt\/\",\"name\":\"Brasil\",\"description\":\"Un site utilisant WordPress\",\"potentialAction\":[{\"@type\":\"SearchAction\",\"target\":{\"@type\":\"EntryPoint\",\"urlTemplate\":\"https:\/\/br.tereos.com\/pt-pt\/?s={search_term_string}\"},\"query-input\":{\"@type\":\"PropertyValueSpecification\",\"valueRequired\":true,\"valueName\":\"search_term_string\"}}],\"inLanguage\":\"pt-PT\"}]}<\/script>\n<!-- \/ Yoast SEO plugin. -->","yoast_head_json":{"title":"Tereos realiza compensa\u00e7\u00e3o de carbono no Canela Light Fest - Brasil","robots":{"index":"index","follow":"follow","max-snippet":"max-snippet:-1","max-image-preview":"max-image-preview:large","max-video-preview":"max-video-preview:-1"},"canonical":"https:\/\/br.tereos.com\/pt-pt\/press-releases\/tereos-realiza-compensacao-de-carbono-no-canela-light-fest\/","og_locale":"pt_PT","og_type":"article","og_title":"Tereos realiza compensa\u00e7\u00e3o de carbono no Canela Light Fest - Brasil","og_url":"https:\/\/br.tereos.com\/pt-pt\/press-releases\/tereos-realiza-compensacao-de-carbono-no-canela-light-fest\/","og_site_name":"Brasil","article_modified_time":"2025-07-17T00:09:38+00:00","twitter_card":"summary_large_image","schema":{"@context":"https:\/\/schema.org","@graph":[{"@type":"WebPage","@id":"https:\/\/br.tereos.com\/pt-pt\/press-releases\/tereos-realiza-compensacao-de-carbono-no-canela-light-fest\/","url":"https:\/\/br.tereos.com\/pt-pt\/press-releases\/tereos-realiza-compensacao-de-carbono-no-canela-light-fest\/","name":"Tereos realiza compensa\u00e7\u00e3o de carbono no Canela Light Fest - Brasil","isPartOf":{"@id":"https:\/\/br.tereos.com\/pt-pt\/#website"},"datePublished":"2025-04-29T00:08:16+00:00","dateModified":"2025-07-17T00:09:38+00:00","breadcrumb":{"@id":"https:\/\/br.tereos.com\/pt-pt\/press-releases\/tereos-realiza-compensacao-de-carbono-no-canela-light-fest\/#breadcrumb"},"inLanguage":"pt-PT","potentialAction":[{"@type":"ReadAction","target":["https:\/\/br.tereos.com\/pt-pt\/press-releases\/tereos-realiza-compensacao-de-carbono-no-canela-light-fest\/"]}]},{"@type":"BreadcrumbList","@id":"https:\/\/br.tereos.com\/pt-pt\/press-releases\/tereos-realiza-compensacao-de-carbono-no-canela-light-fest\/#breadcrumb","itemListElement":[{"@type":"ListItem","position":1,"name":"Home","item":"https:\/\/br.tereos.com\/pt-pt\/"},{"@type":"ListItem","position":2,"name":"Tereos realiza compensa\u00e7\u00e3o de carbono no Canela Light Fest"}]},{"@type":"WebSite","@id":"https:\/\/br.tereos.com\/pt-pt\/#website","url":"https:\/\/br.tereos.com\/pt-pt\/","name":"Brasil","description":"Un site utilisant WordPress","potentialAction":[{"@type":"SearchAction","target":{"@type":"EntryPoint","urlTemplate":"https:\/\/br.tereos.com\/pt-pt\/?s={search_term_string}"},"query-input":{"@type":"PropertyValueSpecification","valueRequired":true,"valueName":"search_term_string"}}],"inLanguage":"pt-PT"}]}},"featured_media_src":false,"date_formatted":"29 April 2025 ","_links":{"self":[{"href":"https:\/\/br.tereos.com\/pt-pt\/wp-json\/wp\/v2\/press-release\/10957"}],"collection":[{"href":"https:\/\/br.tereos.com\/pt-pt\/wp-json\/wp\/v2\/press-release"}],"about":[{"href":"https:\/\/br.tereos.com\/pt-pt\/wp-json\/wp\/v2\/types\/press_release"}],"author":[{"embeddable":true,"href":"https:\/\/br.tereos.com\/pt-pt\/wp-json\/wp\/v2\/users\/278"}],"version-history":[{"count":1,"href":"https:\/\/br.tereos.com\/pt-pt\/wp-json\/wp\/v2\/press-release\/10957\/revisions"}],"predecessor-version":[{"id":10959,"href":"https:\/\/br.tereos.com\/pt-pt\/wp-json\/wp\/v2\/press-release\/10957\/revisions\/10959"}],"wp:attachment":[{"href":"https:\/\/br.tereos.com\/pt-pt\/wp-json\/wp\/v2\/media?parent=10957"}],"wp:term":[{"taxonomy":"category","embeddable":true,"href":"https:\/\/br.tereos.com\/pt-pt\/wp-json\/wp\/v2\/categories?post=10957"}],"curies":[{"name":"wp","href":"https:\/\/api.w.org\/{rel}","templated":true}]}}