{"id":10939,"date":"2025-06-05T19:49:33","date_gmt":"2025-06-05T17:49:33","guid":{"rendered":"https:\/\/br.tereos.com\/?post_type=press_release&#038;p=10939"},"modified":"2025-07-15T19:58:55","modified_gmt":"2025-07-15T17:58:55","slug":"viveiros-mantidos-pela-tereos-produzem-mais-de-1-milhao-de-mudas-de-arvores-nativas","status":"publish","type":"press_release","link":"https:\/\/br.tereos.com\/pt-pt\/press-releases\/viveiros-mantidos-pela-tereos-produzem-mais-de-1-milhao-de-mudas-de-arvores-nativas\/","title":{"rendered":"Viveiros mantidos pela Tereos produzem mais de 1 milh\u00e3o de mudas de \u00e1rvores nativas"},"author":278,"featured_media":10940,"template":"","categories":[],"class_list":["post-10939","press_release","type-press_release","status-publish","has-post-thumbnail","hentry"],"acf":{"cover_image":10940,"cover_clone":{"cover_image":10940},"file":{"ID":10941,"id":10941,"title":"Viveiros mantidos pela Tereos produzem mais de 1 milh\u00e3o de mudas de \u00e1rvores nativas","filename":"viveiros-mantidos-pela-tereos-produzem-mais-de-1-milhao-de-mudas-de-arvores-nativas.pdf","filesize":223417,"url":"https:\/\/www.tereos.com\/app\/uploads\/sites\/7\/2025\/07\/viveiros-mantidos-pela-tereos-produzem-mais-de-1-milhao-de-mudas-de-arvores-nativas.pdf","link":"https:\/\/br.tereos.com\/pt-pt\/press-releases\/viveiros-mantidos-pela-tereos-produzem-mais-de-1-milhao-de-mudas-de-arvores-nativas\/viveiros-mantidos-pela-tereos-produzem-mais-de-1-milhao-de-mudas-de-arvores-nativas\/","alt":"","author":"278","description":"","caption":"","name":"viveiros-mantidos-pela-tereos-produzem-mais-de-1-milhao-de-mudas-de-arvores-nativas","status":"inherit","uploaded_to":10939,"date":"2025-07-15 17:58:44","modified":"2025-07-15 17:58:44","menu_order":0,"mime_type":"application\/pdf","type":"application","subtype":"pdf","icon":"https:\/\/br.tereos.com\/wp\/wp-includes\/images\/media\/document.png"},"pdf_clone":{"file":{"ID":10941,"id":10941,"title":"Viveiros mantidos pela Tereos produzem mais de 1 milh\u00e3o de mudas de \u00e1rvores nativas","filename":"viveiros-mantidos-pela-tereos-produzem-mais-de-1-milhao-de-mudas-de-arvores-nativas.pdf","filesize":223417,"url":"https:\/\/www.tereos.com\/app\/uploads\/sites\/7\/2025\/07\/viveiros-mantidos-pela-tereos-produzem-mais-de-1-milhao-de-mudas-de-arvores-nativas.pdf","link":"https:\/\/br.tereos.com\/pt-pt\/press-releases\/viveiros-mantidos-pela-tereos-produzem-mais-de-1-milhao-de-mudas-de-arvores-nativas\/viveiros-mantidos-pela-tereos-produzem-mais-de-1-milhao-de-mudas-de-arvores-nativas\/","alt":"","author":"278","description":"","caption":"","name":"viveiros-mantidos-pela-tereos-produzem-mais-de-1-milhao-de-mudas-de-arvores-nativas","status":"inherit","uploaded_to":10939,"date":"2025-07-15 17:58:44","modified":"2025-07-15 17:58:44","menu_order":0,"mime_type":"application\/pdf","type":"application","subtype":"pdf","icon":"https:\/\/br.tereos.com\/wp\/wp-includes\/images\/media\/document.png"}},"headline":"Mudas s\u00e3o usadas em a\u00e7\u00f5es de reflorestamento; na safra 24\/25, quase 100 mil mudas foram utilizadas em a\u00e7\u00f5es internas e doa\u00e7\u00f5es ","headline_clone":{"headline":"Mudas s\u00e3o usadas em a\u00e7\u00f5es de reflorestamento; na safra 24\/25, quase 100 mil mudas foram utilizadas em a\u00e7\u00f5es internas e doa\u00e7\u00f5es "},"has_anchors":false,"sections":[{"acf_fc_layout":"rich_text","anchor_title":"","text":"<p><strong>S\u00e3o Jos\u00e9 do Rio Preto, 5 de junho de 2025 \u2013<\/strong> Desde 2014, os viveiros de mudas mantidos pela Tereos j\u00e1 produziram mais de 1,2 milh\u00e3o de novos exemplares de \u00e1rvores da mata nativa da regi\u00e3o. A empresa produz mudas de diversas esp\u00e9cies que s\u00e3o destinadas ao reflorestamento, recupera\u00e7\u00e3o de nascentes e conserva\u00e7\u00e3o de \u00e1reas, beneficiando tanto propriedades da empresa quanto projetos de fornecedores, parceiros, \u00f3rg\u00e3os ambientais e prefeituras.<\/p>\n<p>Al\u00e9m de um viveiro pr\u00f3prio, localizado na unidade Cruz Alta (Ol\u00edmpia) e inaugurado em 2014, a empresa tamb\u00e9m conta com outras duas instala\u00e7\u00f5es constru\u00eddas em parceria t\u00e9cnica com a Tereos: na comunidade Renascer, inaugurado em 2023, e no Projeto Mundo Novo, r\u00e9cem-aberto em 2024. Juntos, esses espa\u00e7os s\u00e3o respons\u00e1veis pela produ\u00e7\u00e3o e destina\u00e7\u00e3o de milhares de mudas todos os anos.<\/p>\n<p>Somente entre abril do ano passado a maio de 2025, foram produzidas 182 mil mudas, sendo quase 54 mil destinadas \u00e0s pr\u00f3prias a\u00e7\u00f5es de reflorestamento da companhia e outras 41 mil doadas para projetos ambientais em munic\u00edpios da regi\u00e3o.<\/p>\n<p>Essas a\u00e7\u00f5es beneficiaram cidades como Barretos, Colina, Tanabi, Morro Agudo, Guapia\u00e7u, Ol\u00edmpia e Sever\u00ednia, entre outras, contribuindo diretamente para a recupera\u00e7\u00e3o de \u00e1reas e o fortalecimento da biodiversidade local. A quantidade de mudas doadas varia conforme a disponibilidade, j\u00e1 que a produ\u00e7\u00e3o depende dos ciclos naturais de germina\u00e7\u00e3o e desenvolvimento das plantas.<\/p>\n<p>Segundo a gestora de meio ambiente da Tereos, Rafaela Shiota, o trabalho dos viveiros \u00e9 uma das frentes mais importantes dentro das pr\u00e1ticas ambientais da empresa, que mant\u00e9m ainda uma s\u00e9rie de iniciativas voltadas para o uso eficiente dos recursos naturais, a preserva\u00e7\u00e3o de nascentes e a redu\u00e7\u00e3o dos impactos das suas opera\u00e7\u00f5es.<\/p>\n<p>&#8220;Neste m\u00eas em que se comemora o Dia do Meio Ambiente, refor\u00e7amos que a sustentabilidade n\u00e3o \u00e9 apenas uma meta, mas um compromisso cont\u00ednuo. Cada muda plantada \u00e9 um passo concreto na constru\u00e7\u00e3o de um futuro mais verde e equilibrado para as pr\u00f3ximas gera\u00e7\u00f5es. As a\u00e7\u00f5es de reflorestamento realizadas com as mudas produzidas em nossos viveiros atuam na preserva\u00e7\u00e3o dos recursos h\u00eddricos, da mata nativa e da biodiversidade local, que \u00e9 fundamental para termos um mundo mais sustent\u00e1vel&#8221;, afirma.<\/p>\n"}],"flexible_editorial_clone":{"has_anchors":false,"sections":[{"acf_fc_layout":"rich_text","anchor_title":"","text":"<p><strong>S\u00e3o Jos\u00e9 do Rio Preto, 5 de junho de 2025 \u2013<\/strong> Desde 2014, os viveiros de mudas mantidos pela Tereos j\u00e1 produziram mais de 1,2 milh\u00e3o de novos exemplares de \u00e1rvores da mata nativa da regi\u00e3o. A empresa produz mudas de diversas esp\u00e9cies que s\u00e3o destinadas ao reflorestamento, recupera\u00e7\u00e3o de nascentes e conserva\u00e7\u00e3o de \u00e1reas, beneficiando tanto propriedades da empresa quanto projetos de fornecedores, parceiros, \u00f3rg\u00e3os ambientais e prefeituras.<\/p>\n<p>Al\u00e9m de um viveiro pr\u00f3prio, localizado na unidade Cruz Alta (Ol\u00edmpia) e inaugurado em 2014, a empresa tamb\u00e9m conta com outras duas instala\u00e7\u00f5es constru\u00eddas em parceria t\u00e9cnica com a Tereos: na comunidade Renascer, inaugurado em 2023, e no Projeto Mundo Novo, r\u00e9cem-aberto em 2024. Juntos, esses espa\u00e7os s\u00e3o respons\u00e1veis pela produ\u00e7\u00e3o e destina\u00e7\u00e3o de milhares de mudas todos os anos.<\/p>\n<p>Somente entre abril do ano passado a maio de 2025, foram produzidas 182 mil mudas, sendo quase 54 mil destinadas \u00e0s pr\u00f3prias a\u00e7\u00f5es de reflorestamento da companhia e outras 41 mil doadas para projetos ambientais em munic\u00edpios da regi\u00e3o.<\/p>\n<p>Essas a\u00e7\u00f5es beneficiaram cidades como Barretos, Colina, Tanabi, Morro Agudo, Guapia\u00e7u, Ol\u00edmpia e Sever\u00ednia, entre outras, contribuindo diretamente para a recupera\u00e7\u00e3o de \u00e1reas e o fortalecimento da biodiversidade local. A quantidade de mudas doadas varia conforme a disponibilidade, j\u00e1 que a produ\u00e7\u00e3o depende dos ciclos naturais de germina\u00e7\u00e3o e desenvolvimento das plantas.<\/p>\n<p>Segundo a gestora de meio ambiente da Tereos, Rafaela Shiota, o trabalho dos viveiros \u00e9 uma das frentes mais importantes dentro das pr\u00e1ticas ambientais da empresa, que mant\u00e9m ainda uma s\u00e9rie de iniciativas voltadas para o uso eficiente dos recursos naturais, a preserva\u00e7\u00e3o de nascentes e a redu\u00e7\u00e3o dos impactos das suas opera\u00e7\u00f5es.<\/p>\n<p>&#8220;Neste m\u00eas em que se comemora o Dia do Meio Ambiente, refor\u00e7amos que a sustentabilidade n\u00e3o \u00e9 apenas uma meta, mas um compromisso cont\u00ednuo. Cada muda plantada \u00e9 um passo concreto na constru\u00e7\u00e3o de um futuro mais verde e equilibrado para as pr\u00f3ximas gera\u00e7\u00f5es. As a\u00e7\u00f5es de reflorestamento realizadas com as mudas produzidas em nossos viveiros atuam na preserva\u00e7\u00e3o dos recursos h\u00eddricos, da mata nativa e da biodiversidade local, que \u00e9 fundamental para termos um mundo mais sustent\u00e1vel&#8221;, afirma.<\/p>\n"}]}},"yoast_head":"<!-- This site is optimized with the Yoast SEO plugin v23.7 - https:\/\/yoast.com\/wordpress\/plugins\/seo\/ -->\n<title>Viveiros mantidos pela Tereos produzem mais de 1 milh\u00e3o de mudas de \u00e1rvores nativas - Brasil<\/title>\n<meta name=\"robots\" content=\"index, follow, max-snippet:-1, max-image-preview:large, max-video-preview:-1\" \/>\n<link rel=\"canonical\" href=\"https:\/\/br.tereos.com\/pt-pt\/press-releases\/viveiros-mantidos-pela-tereos-produzem-mais-de-1-milhao-de-mudas-de-arvores-nativas\/\" \/>\n<meta property=\"og:locale\" content=\"pt_PT\" \/>\n<meta property=\"og:type\" content=\"article\" \/>\n<meta property=\"og:title\" content=\"Viveiros mantidos pela Tereos produzem mais de 1 milh\u00e3o de mudas de \u00e1rvores nativas - Brasil\" \/>\n<meta property=\"og:url\" content=\"https:\/\/br.tereos.com\/pt-pt\/press-releases\/viveiros-mantidos-pela-tereos-produzem-mais-de-1-milhao-de-mudas-de-arvores-nativas\/\" \/>\n<meta property=\"og:site_name\" content=\"Brasil\" \/>\n<meta property=\"article:modified_time\" content=\"2025-07-15T17:58:55+00:00\" \/>\n<meta property=\"og:image\" content=\"https:\/\/www.tereos.com\/app\/uploads\/sites\/7\/2025\/07\/cruzaltaviveiro0031-1-scaled.jpg\" \/>\n\t<meta property=\"og:image:width\" content=\"2560\" \/>\n\t<meta property=\"og:image:height\" content=\"1707\" \/>\n\t<meta property=\"og:image:type\" content=\"image\/jpeg\" \/>\n<meta name=\"twitter:card\" content=\"summary_large_image\" \/>\n<script type=\"application\/ld+json\" class=\"yoast-schema-graph\">{\"@context\":\"https:\/\/schema.org\",\"@graph\":[{\"@type\":\"WebPage\",\"@id\":\"https:\/\/br.tereos.com\/pt-pt\/press-releases\/viveiros-mantidos-pela-tereos-produzem-mais-de-1-milhao-de-mudas-de-arvores-nativas\/\",\"url\":\"https:\/\/br.tereos.com\/pt-pt\/press-releases\/viveiros-mantidos-pela-tereos-produzem-mais-de-1-milhao-de-mudas-de-arvores-nativas\/\",\"name\":\"Viveiros mantidos pela Tereos produzem mais de 1 milh\u00e3o de mudas de \u00e1rvores nativas - Brasil\",\"isPartOf\":{\"@id\":\"https:\/\/br.tereos.com\/pt-pt\/#website\"},\"primaryImageOfPage\":{\"@id\":\"https:\/\/br.tereos.com\/pt-pt\/press-releases\/viveiros-mantidos-pela-tereos-produzem-mais-de-1-milhao-de-mudas-de-arvores-nativas\/#primaryimage\"},\"image\":{\"@id\":\"https:\/\/br.tereos.com\/pt-pt\/press-releases\/viveiros-mantidos-pela-tereos-produzem-mais-de-1-milhao-de-mudas-de-arvores-nativas\/#primaryimage\"},\"thumbnailUrl\":\"https:\/\/www.tereos.com\/app\/uploads\/sites\/7\/2025\/07\/cruzaltaviveiro0031-1-scaled.jpg\",\"datePublished\":\"2025-06-05T17:49:33+00:00\",\"dateModified\":\"2025-07-15T17:58:55+00:00\",\"breadcrumb\":{\"@id\":\"https:\/\/br.tereos.com\/pt-pt\/press-releases\/viveiros-mantidos-pela-tereos-produzem-mais-de-1-milhao-de-mudas-de-arvores-nativas\/#breadcrumb\"},\"inLanguage\":\"pt-PT\",\"potentialAction\":[{\"@type\":\"ReadAction\",\"target\":[\"https:\/\/br.tereos.com\/pt-pt\/press-releases\/viveiros-mantidos-pela-tereos-produzem-mais-de-1-milhao-de-mudas-de-arvores-nativas\/\"]}]},{\"@type\":\"ImageObject\",\"inLanguage\":\"pt-PT\",\"@id\":\"https:\/\/br.tereos.com\/pt-pt\/press-releases\/viveiros-mantidos-pela-tereos-produzem-mais-de-1-milhao-de-mudas-de-arvores-nativas\/#primaryimage\",\"url\":\"https:\/\/www.tereos.com\/app\/uploads\/sites\/7\/2025\/07\/cruzaltaviveiro0031-1-scaled.jpg\",\"contentUrl\":\"https:\/\/www.tereos.com\/app\/uploads\/sites\/7\/2025\/07\/cruzaltaviveiro0031-1-scaled.jpg\",\"width\":2560,\"height\":1707,\"caption\":\"SAO PAULO, SP, BRASIL - 22.04.2023: Tereos viveiro de mudas - Unidade Cruz Alta (Fotos: Diego Padgurschi \/ Ag\u00eancia Mexerica \/ Tereos Divulga\u00e7\u00e3o)\"},{\"@type\":\"BreadcrumbList\",\"@id\":\"https:\/\/br.tereos.com\/pt-pt\/press-releases\/viveiros-mantidos-pela-tereos-produzem-mais-de-1-milhao-de-mudas-de-arvores-nativas\/#breadcrumb\",\"itemListElement\":[{\"@type\":\"ListItem\",\"position\":1,\"name\":\"Home\",\"item\":\"https:\/\/br.tereos.com\/pt-pt\/\"},{\"@type\":\"ListItem\",\"position\":2,\"name\":\"Viveiros mantidos pela Tereos produzem mais de 1 milh\u00e3o de mudas de \u00e1rvores nativas\"}]},{\"@type\":\"WebSite\",\"@id\":\"https:\/\/br.tereos.com\/pt-pt\/#website\",\"url\":\"https:\/\/br.tereos.com\/pt-pt\/\",\"name\":\"Brasil\",\"description\":\"Un site utilisant WordPress\",\"potentialAction\":[{\"@type\":\"SearchAction\",\"target\":{\"@type\":\"EntryPoint\",\"urlTemplate\":\"https:\/\/br.tereos.com\/pt-pt\/?s={search_term_string}\"},\"query-input\":{\"@type\":\"PropertyValueSpecification\",\"valueRequired\":true,\"valueName\":\"search_term_string\"}}],\"inLanguage\":\"pt-PT\"}]}<\/script>\n<!-- \/ Yoast SEO plugin. -->","yoast_head_json":{"title":"Viveiros mantidos pela Tereos produzem mais de 1 milh\u00e3o de mudas de \u00e1rvores nativas - Brasil","robots":{"index":"index","follow":"follow","max-snippet":"max-snippet:-1","max-image-preview":"max-image-preview:large","max-video-preview":"max-video-preview:-1"},"canonical":"https:\/\/br.tereos.com\/pt-pt\/press-releases\/viveiros-mantidos-pela-tereos-produzem-mais-de-1-milhao-de-mudas-de-arvores-nativas\/","og_locale":"pt_PT","og_type":"article","og_title":"Viveiros mantidos pela Tereos produzem mais de 1 milh\u00e3o de mudas de \u00e1rvores nativas - Brasil","og_url":"https:\/\/br.tereos.com\/pt-pt\/press-releases\/viveiros-mantidos-pela-tereos-produzem-mais-de-1-milhao-de-mudas-de-arvores-nativas\/","og_site_name":"Brasil","article_modified_time":"2025-07-15T17:58:55+00:00","og_image":[{"width":2560,"height":1707,"url":"https:\/\/www.tereos.com\/app\/uploads\/sites\/7\/2025\/07\/cruzaltaviveiro0031-1-scaled.jpg","type":"image\/jpeg"}],"twitter_card":"summary_large_image","schema":{"@context":"https:\/\/schema.org","@graph":[{"@type":"WebPage","@id":"https:\/\/br.tereos.com\/pt-pt\/press-releases\/viveiros-mantidos-pela-tereos-produzem-mais-de-1-milhao-de-mudas-de-arvores-nativas\/","url":"https:\/\/br.tereos.com\/pt-pt\/press-releases\/viveiros-mantidos-pela-tereos-produzem-mais-de-1-milhao-de-mudas-de-arvores-nativas\/","name":"Viveiros mantidos pela Tereos produzem mais de 1 milh\u00e3o de mudas de \u00e1rvores nativas - Brasil","isPartOf":{"@id":"https:\/\/br.tereos.com\/pt-pt\/#website"},"primaryImageOfPage":{"@id":"https:\/\/br.tereos.com\/pt-pt\/press-releases\/viveiros-mantidos-pela-tereos-produzem-mais-de-1-milhao-de-mudas-de-arvores-nativas\/#primaryimage"},"image":{"@id":"https:\/\/br.tereos.com\/pt-pt\/press-releases\/viveiros-mantidos-pela-tereos-produzem-mais-de-1-milhao-de-mudas-de-arvores-nativas\/#primaryimage"},"thumbnailUrl":"https:\/\/www.tereos.com\/app\/uploads\/sites\/7\/2025\/07\/cruzaltaviveiro0031-1-scaled.jpg","datePublished":"2025-06-05T17:49:33+00:00","dateModified":"2025-07-15T17:58:55+00:00","breadcrumb":{"@id":"https:\/\/br.tereos.com\/pt-pt\/press-releases\/viveiros-mantidos-pela-tereos-produzem-mais-de-1-milhao-de-mudas-de-arvores-nativas\/#breadcrumb"},"inLanguage":"pt-PT","potentialAction":[{"@type":"ReadAction","target":["https:\/\/br.tereos.com\/pt-pt\/press-releases\/viveiros-mantidos-pela-tereos-produzem-mais-de-1-milhao-de-mudas-de-arvores-nativas\/"]}]},{"@type":"ImageObject","inLanguage":"pt-PT","@id":"https:\/\/br.tereos.com\/pt-pt\/press-releases\/viveiros-mantidos-pela-tereos-produzem-mais-de-1-milhao-de-mudas-de-arvores-nativas\/#primaryimage","url":"https:\/\/www.tereos.com\/app\/uploads\/sites\/7\/2025\/07\/cruzaltaviveiro0031-1-scaled.jpg","contentUrl":"https:\/\/www.tereos.com\/app\/uploads\/sites\/7\/2025\/07\/cruzaltaviveiro0031-1-scaled.jpg","width":2560,"height":1707,"caption":"SAO PAULO, SP, BRASIL - 22.04.2023: Tereos viveiro de mudas - Unidade Cruz Alta (Fotos: Diego Padgurschi \/ Ag\u00eancia Mexerica \/ Tereos Divulga\u00e7\u00e3o)"},{"@type":"BreadcrumbList","@id":"https:\/\/br.tereos.com\/pt-pt\/press-releases\/viveiros-mantidos-pela-tereos-produzem-mais-de-1-milhao-de-mudas-de-arvores-nativas\/#breadcrumb","itemListElement":[{"@type":"ListItem","position":1,"name":"Home","item":"https:\/\/br.tereos.com\/pt-pt\/"},{"@type":"ListItem","position":2,"name":"Viveiros mantidos pela Tereos produzem mais de 1 milh\u00e3o de mudas de \u00e1rvores nativas"}]},{"@type":"WebSite","@id":"https:\/\/br.tereos.com\/pt-pt\/#website","url":"https:\/\/br.tereos.com\/pt-pt\/","name":"Brasil","description":"Un site utilisant WordPress","potentialAction":[{"@type":"SearchAction","target":{"@type":"EntryPoint","urlTemplate":"https:\/\/br.tereos.com\/pt-pt\/?s={search_term_string}"},"query-input":{"@type":"PropertyValueSpecification","valueRequired":true,"valueName":"search_term_string"}}],"inLanguage":"pt-PT"}]}},"featured_media_src":"https:\/\/www.tereos.com\/app\/uploads\/sites\/7\/2025\/07\/cruzaltaviveiro0031-1-scaled-520x390-c-default.jpg","date_formatted":"5 June 2025 ","_links":{"self":[{"href":"https:\/\/br.tereos.com\/pt-pt\/wp-json\/wp\/v2\/press-release\/10939"}],"collection":[{"href":"https:\/\/br.tereos.com\/pt-pt\/wp-json\/wp\/v2\/press-release"}],"about":[{"href":"https:\/\/br.tereos.com\/pt-pt\/wp-json\/wp\/v2\/types\/press_release"}],"author":[{"embeddable":true,"href":"https:\/\/br.tereos.com\/pt-pt\/wp-json\/wp\/v2\/users\/278"}],"version-history":[{"count":2,"href":"https:\/\/br.tereos.com\/pt-pt\/wp-json\/wp\/v2\/press-release\/10939\/revisions"}],"predecessor-version":[{"id":10943,"href":"https:\/\/br.tereos.com\/pt-pt\/wp-json\/wp\/v2\/press-release\/10939\/revisions\/10943"}],"wp:featuredmedia":[{"embeddable":true,"href":"https:\/\/br.tereos.com\/pt-pt\/wp-json\/wp\/v2\/media\/10940"}],"wp:attachment":[{"href":"https:\/\/br.tereos.com\/pt-pt\/wp-json\/wp\/v2\/media?parent=10939"}],"wp:term":[{"taxonomy":"category","embeddable":true,"href":"https:\/\/br.tereos.com\/pt-pt\/wp-json\/wp\/v2\/categories?post=10939"}],"curies":[{"name":"wp","href":"https:\/\/api.w.org\/{rel}","templated":true}]}}