{"id":10935,"date":"2025-07-11T19:30:14","date_gmt":"2025-07-11T17:30:14","guid":{"rendered":"https:\/\/br.tereos.com\/?post_type=press_release&#038;p=10935"},"modified":"2025-07-15T19:48:52","modified_gmt":"2025-07-15T17:48:52","slug":"tereos-realiza-acao-de-conscientizacao-para-prevencao-e-combate-a-incendios-em-cidades-da-regiao","status":"publish","type":"press_release","link":"https:\/\/br.tereos.com\/pt-pt\/press-releases\/tereos-realiza-acao-de-conscientizacao-para-prevencao-e-combate-a-incendios-em-cidades-da-regiao\/","title":{"rendered":"Tereos realiza a\u00e7\u00e3o de conscientiza\u00e7\u00e3o para preven\u00e7\u00e3o e combate a inc\u00eandios em cidades da regi\u00e3o"},"author":278,"featured_media":10936,"template":"","categories":[],"class_list":["post-10935","press_release","type-press_release","status-publish","has-post-thumbnail","hentry"],"acf":{"cover_image":10936,"cover_clone":{"cover_image":10936},"file":{"ID":10937,"id":10937,"title":"Tereos realiza a\u00e7\u00e3o de conscientiza\u00e7\u00e3o para preven\u00e7\u00e3o e combate a inc\u00eandios em cidades da regi\u00e3o","filename":"tereos-realiza-acao-de-conscientizacao-para-prevencao-e-combate-a-incendios-em-cidades-da-regiao.pdf","filesize":207374,"url":"https:\/\/www.tereos.com\/app\/uploads\/sites\/7\/2025\/07\/tereos-realiza-acao-de-conscientizacao-para-prevencao-e-combate-a-incendios-em-cidades-da-regiao.pdf","link":"https:\/\/br.tereos.com\/pt-pt\/press-releases\/tereos-realiza-acao-de-conscientizacao-para-prevencao-e-combate-a-incendios-em-cidades-da-regiao\/tereos-realiza-acao-de-conscientizacao-para-prevencao-e-combate-a-incendios-em-cidades-da-regiao\/","alt":"","author":"278","description":"","caption":"","name":"tereos-realiza-acao-de-conscientizacao-para-prevencao-e-combate-a-incendios-em-cidades-da-regiao","status":"inherit","uploaded_to":10935,"date":"2025-07-15 17:48:37","modified":"2025-07-15 17:48:37","menu_order":0,"mime_type":"application\/pdf","type":"application","subtype":"pdf","icon":"https:\/\/br.tereos.com\/wp\/wp-includes\/images\/media\/document.png"},"pdf_clone":{"file":{"ID":10937,"id":10937,"title":"Tereos realiza a\u00e7\u00e3o de conscientiza\u00e7\u00e3o para preven\u00e7\u00e3o e combate a inc\u00eandios em cidades da regi\u00e3o","filename":"tereos-realiza-acao-de-conscientizacao-para-prevencao-e-combate-a-incendios-em-cidades-da-regiao.pdf","filesize":207374,"url":"https:\/\/www.tereos.com\/app\/uploads\/sites\/7\/2025\/07\/tereos-realiza-acao-de-conscientizacao-para-prevencao-e-combate-a-incendios-em-cidades-da-regiao.pdf","link":"https:\/\/br.tereos.com\/pt-pt\/press-releases\/tereos-realiza-acao-de-conscientizacao-para-prevencao-e-combate-a-incendios-em-cidades-da-regiao\/tereos-realiza-acao-de-conscientizacao-para-prevencao-e-combate-a-incendios-em-cidades-da-regiao\/","alt":"","author":"278","description":"","caption":"","name":"tereos-realiza-acao-de-conscientizacao-para-prevencao-e-combate-a-incendios-em-cidades-da-regiao","status":"inherit","uploaded_to":10935,"date":"2025-07-15 17:48:37","modified":"2025-07-15 17:48:37","menu_order":0,"mime_type":"application\/pdf","type":"application","subtype":"pdf","icon":"https:\/\/br.tereos.com\/wp\/wp-includes\/images\/media\/document.png"}},"headline":"A\u00e7\u00e3o faz parte da campanha anual da empresa, que visa conscientizar e refor\u00e7ar cuidados importantes para prevenir focos de fogo ","headline_clone":{"headline":"A\u00e7\u00e3o faz parte da campanha anual da empresa, que visa conscientizar e refor\u00e7ar cuidados importantes para prevenir focos de fogo "},"has_anchors":false,"sections":[{"acf_fc_layout":"rich_text","anchor_title":"","text":"<p><strong>Ol\u00edmpia, 11 de julho de 2025 \u2013<\/strong> Com a chegada do per\u00edodo mais seco do ano, a Tereos, uma das l\u00edderes globais na produ\u00e7\u00e3o de a\u00e7\u00facar, etanol e energia, realiza, nesta semana, uma a\u00e7\u00e3o de conscientiza\u00e7\u00e3o para preven\u00e7\u00e3o de inc\u00eandios em cidades da regi\u00e3o.<\/p>\n<p>Por meio do Tereos Fazendo Acontecer, programa de engajamento interno da companhia, colaboradores entregaram materiais educativos e lixos de carro em pontos estrat\u00e9gicos, com o objetivo de alertar e orientar a popula\u00e7\u00e3o sobre os riscos das queimadas, muitas vezes causadas por descarte inadequado de lixo.<\/p>\n<p>\u201cCom a a\u00e7\u00e3o, refor\u00e7amos a import\u00e2ncia do engajamento da popula\u00e7\u00e3o neste tema. As consequ\u00eancias dos inc\u00eandios atingem a todos, com riscos \u00e0 vida e sa\u00fade das pessoas, ao meio ambiente, al\u00e9m de preju\u00edzo financeiro. Dessa forma, \u00e9 fundamental que todos entendam o seu papel nesse combate\u201d, comenta Rafaela Shiota, Gestora de Meio Ambiente da Tereos.<\/p>\n<p>No dia 8 de julho, as atividades ocorreram nas cidades de Guaraci, Gua\u00edra, Colina, Guapia\u00e7u, Ol\u00edmpia, Pitangueiras e Barretos. J\u00e1 no dia 11 de julho, os colaboradores foram \u00e0s ruas de Palestina, Tanabi, Onda Verde e S\u00e3o Jos\u00e9 do Rio Preto para conscientiza\u00e7\u00e3o da popula\u00e7\u00e3o nesses locais.<\/p>\n<p>A iniciativa faz parte da campanha anual de combate a inc\u00eandios da empresa, que chega a mais uma edi\u00e7\u00e3o com o mote \u201cNingu\u00e9m Queima o Lugar Onde Vive\u201d. Al\u00e9m da a\u00e7\u00e3o, a campanha tamb\u00e9m contar\u00e1 com palestras em escolas, com foco na conscientiza\u00e7\u00e3o de crian\u00e7as e adolescentes sobre a import\u00e2ncia de preservar o meio ambiente, e divulga\u00e7\u00e3o de materiais informativos em pontos estrat\u00e9gicos da regi\u00e3o.<\/p>\n<p><strong>Tecnologia aliada ao combate<\/strong><\/p>\n<p>A Tereos conta com um plano estrat\u00e9gico bastante robusto de combate a inc\u00eandios que, al\u00e9m das a\u00e7\u00f5es de conscientiza\u00e7\u00e3o e educa\u00e7\u00e3o ambiental, contempla tecnologias, capacita\u00e7\u00f5es e a\u00e7\u00f5es preventivas.<\/p>\n<p>A companhia \u00e9 pioneira no Brasil no monitoramento de canaviais via sat\u00e9lite, com cobertura de 100% das \u00e1reas pr\u00f3prias, de fornecedores e parceiros. Neste ano, com a substitui\u00e7\u00e3o do GOES-16 pelo sat\u00e9lite GOES-19, as imagens passaram a ter maior defini\u00e7\u00e3o e atualiza\u00e7\u00e3o mais r\u00e1pida, permitindo identificar e reagir com mais efici\u00eancia a focos de calor. O sistema emite alertas autom\u00e1ticos com localiza\u00e7\u00e3o precisa e dados sobre vento, temperatura e umidade, otimizando a atua\u00e7\u00e3o das equipes.<\/p>\n<p>Al\u00e9m do monitoramento por sat\u00e9lite, a Tereos adota a metodologia Triplo 30 \u2013 que considera vento acima de 30 km\/h, temperatura superior a 30\u00b0C e umidade relativa do ar abaixo de 30% \u2013 para antecipar riscos e atuar nas \u00e1reas mais cr\u00edticas. No campo, a empresa mant\u00e9m seis ve\u00edculos de acesso r\u00e1pido equipados com kit espuma, 35 caminh\u00f5es-pipa e uma equipe de aproximadamente 200 brigadistas treinados, al\u00e9m de atuar em conjunto com outras usinas e \u00f3rg\u00e3os p\u00fablicos por meio do Plano de Aux\u00edlio M\u00fatuo (PAM).<\/p>\n<p>O plano de preven\u00e7\u00e3o e combate da Tereos \u00e9 sustentado por cinco pilares estrat\u00e9gicos: comunica\u00e7\u00e3o, capacita\u00e7\u00e3o, inspe\u00e7\u00f5es preventivas, monitoramento e colheita antecipada. \u201cCom a\u00e7\u00f5es baseadas nesses pilares, conseguimos iniciar o protocolo de conten\u00e7\u00e3o de inc\u00eandios antes que o fogo se propague por \u00e1reas maiores\u201d, finaliza Rafaela.<\/p>\n"}],"flexible_editorial_clone":{"has_anchors":false,"sections":[{"acf_fc_layout":"rich_text","anchor_title":"","text":"<p><strong>Ol\u00edmpia, 11 de julho de 2025 \u2013<\/strong> Com a chegada do per\u00edodo mais seco do ano, a Tereos, uma das l\u00edderes globais na produ\u00e7\u00e3o de a\u00e7\u00facar, etanol e energia, realiza, nesta semana, uma a\u00e7\u00e3o de conscientiza\u00e7\u00e3o para preven\u00e7\u00e3o de inc\u00eandios em cidades da regi\u00e3o.<\/p>\n<p>Por meio do Tereos Fazendo Acontecer, programa de engajamento interno da companhia, colaboradores entregaram materiais educativos e lixos de carro em pontos estrat\u00e9gicos, com o objetivo de alertar e orientar a popula\u00e7\u00e3o sobre os riscos das queimadas, muitas vezes causadas por descarte inadequado de lixo.<\/p>\n<p>\u201cCom a a\u00e7\u00e3o, refor\u00e7amos a import\u00e2ncia do engajamento da popula\u00e7\u00e3o neste tema. As consequ\u00eancias dos inc\u00eandios atingem a todos, com riscos \u00e0 vida e sa\u00fade das pessoas, ao meio ambiente, al\u00e9m de preju\u00edzo financeiro. Dessa forma, \u00e9 fundamental que todos entendam o seu papel nesse combate\u201d, comenta Rafaela Shiota, Gestora de Meio Ambiente da Tereos.<\/p>\n<p>No dia 8 de julho, as atividades ocorreram nas cidades de Guaraci, Gua\u00edra, Colina, Guapia\u00e7u, Ol\u00edmpia, Pitangueiras e Barretos. J\u00e1 no dia 11 de julho, os colaboradores foram \u00e0s ruas de Palestina, Tanabi, Onda Verde e S\u00e3o Jos\u00e9 do Rio Preto para conscientiza\u00e7\u00e3o da popula\u00e7\u00e3o nesses locais.<\/p>\n<p>A iniciativa faz parte da campanha anual de combate a inc\u00eandios da empresa, que chega a mais uma edi\u00e7\u00e3o com o mote \u201cNingu\u00e9m Queima o Lugar Onde Vive\u201d. Al\u00e9m da a\u00e7\u00e3o, a campanha tamb\u00e9m contar\u00e1 com palestras em escolas, com foco na conscientiza\u00e7\u00e3o de crian\u00e7as e adolescentes sobre a import\u00e2ncia de preservar o meio ambiente, e divulga\u00e7\u00e3o de materiais informativos em pontos estrat\u00e9gicos da regi\u00e3o.<\/p>\n<p><strong>Tecnologia aliada ao combate<\/strong><\/p>\n<p>A Tereos conta com um plano estrat\u00e9gico bastante robusto de combate a inc\u00eandios que, al\u00e9m das a\u00e7\u00f5es de conscientiza\u00e7\u00e3o e educa\u00e7\u00e3o ambiental, contempla tecnologias, capacita\u00e7\u00f5es e a\u00e7\u00f5es preventivas.<\/p>\n<p>A companhia \u00e9 pioneira no Brasil no monitoramento de canaviais via sat\u00e9lite, com cobertura de 100% das \u00e1reas pr\u00f3prias, de fornecedores e parceiros. Neste ano, com a substitui\u00e7\u00e3o do GOES-16 pelo sat\u00e9lite GOES-19, as imagens passaram a ter maior defini\u00e7\u00e3o e atualiza\u00e7\u00e3o mais r\u00e1pida, permitindo identificar e reagir com mais efici\u00eancia a focos de calor. O sistema emite alertas autom\u00e1ticos com localiza\u00e7\u00e3o precisa e dados sobre vento, temperatura e umidade, otimizando a atua\u00e7\u00e3o das equipes.<\/p>\n<p>Al\u00e9m do monitoramento por sat\u00e9lite, a Tereos adota a metodologia Triplo 30 \u2013 que considera vento acima de 30 km\/h, temperatura superior a 30\u00b0C e umidade relativa do ar abaixo de 30% \u2013 para antecipar riscos e atuar nas \u00e1reas mais cr\u00edticas. No campo, a empresa mant\u00e9m seis ve\u00edculos de acesso r\u00e1pido equipados com kit espuma, 35 caminh\u00f5es-pipa e uma equipe de aproximadamente 200 brigadistas treinados, al\u00e9m de atuar em conjunto com outras usinas e \u00f3rg\u00e3os p\u00fablicos por meio do Plano de Aux\u00edlio M\u00fatuo (PAM).<\/p>\n<p>O plano de preven\u00e7\u00e3o e combate da Tereos \u00e9 sustentado por cinco pilares estrat\u00e9gicos: comunica\u00e7\u00e3o, capacita\u00e7\u00e3o, inspe\u00e7\u00f5es preventivas, monitoramento e colheita antecipada. \u201cCom a\u00e7\u00f5es baseadas nesses pilares, conseguimos iniciar o protocolo de conten\u00e7\u00e3o de inc\u00eandios antes que o fogo se propague por \u00e1reas maiores\u201d, finaliza Rafaela.<\/p>\n"}]}},"yoast_head":"<!-- This site is optimized with the Yoast SEO plugin v23.7 - https:\/\/yoast.com\/wordpress\/plugins\/seo\/ -->\n<title>Tereos realiza a\u00e7\u00e3o de conscientiza\u00e7\u00e3o para preven\u00e7\u00e3o e combate a inc\u00eandios em cidades da regi\u00e3o - Brasil<\/title>\n<meta name=\"robots\" content=\"index, follow, max-snippet:-1, max-image-preview:large, max-video-preview:-1\" \/>\n<link rel=\"canonical\" href=\"https:\/\/br.tereos.com\/pt-pt\/press-releases\/tereos-realiza-acao-de-conscientizacao-para-prevencao-e-combate-a-incendios-em-cidades-da-regiao\/\" \/>\n<meta property=\"og:locale\" content=\"pt_PT\" \/>\n<meta property=\"og:type\" content=\"article\" \/>\n<meta property=\"og:title\" content=\"Tereos realiza a\u00e7\u00e3o de conscientiza\u00e7\u00e3o para preven\u00e7\u00e3o e combate a inc\u00eandios em cidades da regi\u00e3o - Brasil\" \/>\n<meta property=\"og:url\" content=\"https:\/\/br.tereos.com\/pt-pt\/press-releases\/tereos-realiza-acao-de-conscientizacao-para-prevencao-e-combate-a-incendios-em-cidades-da-regiao\/\" \/>\n<meta property=\"og:site_name\" content=\"Brasil\" \/>\n<meta property=\"article:modified_time\" content=\"2025-07-15T17:48:52+00:00\" \/>\n<meta property=\"og:image\" content=\"https:\/\/www.tereos.com\/app\/uploads\/sites\/7\/2025\/07\/tereos-fazendo-acontecer-incendios-2.png\" \/>\n\t<meta property=\"og:image:width\" content=\"1024\" \/>\n\t<meta property=\"og:image:height\" content=\"576\" \/>\n\t<meta property=\"og:image:type\" content=\"image\/png\" \/>\n<meta name=\"twitter:card\" content=\"summary_large_image\" \/>\n<script type=\"application\/ld+json\" class=\"yoast-schema-graph\">{\"@context\":\"https:\/\/schema.org\",\"@graph\":[{\"@type\":\"WebPage\",\"@id\":\"https:\/\/br.tereos.com\/pt-pt\/press-releases\/tereos-realiza-acao-de-conscientizacao-para-prevencao-e-combate-a-incendios-em-cidades-da-regiao\/\",\"url\":\"https:\/\/br.tereos.com\/pt-pt\/press-releases\/tereos-realiza-acao-de-conscientizacao-para-prevencao-e-combate-a-incendios-em-cidades-da-regiao\/\",\"name\":\"Tereos realiza a\u00e7\u00e3o de conscientiza\u00e7\u00e3o para preven\u00e7\u00e3o e combate a inc\u00eandios em cidades da regi\u00e3o - Brasil\",\"isPartOf\":{\"@id\":\"https:\/\/br.tereos.com\/pt-pt\/#website\"},\"primaryImageOfPage\":{\"@id\":\"https:\/\/br.tereos.com\/pt-pt\/press-releases\/tereos-realiza-acao-de-conscientizacao-para-prevencao-e-combate-a-incendios-em-cidades-da-regiao\/#primaryimage\"},\"image\":{\"@id\":\"https:\/\/br.tereos.com\/pt-pt\/press-releases\/tereos-realiza-acao-de-conscientizacao-para-prevencao-e-combate-a-incendios-em-cidades-da-regiao\/#primaryimage\"},\"thumbnailUrl\":\"https:\/\/www.tereos.com\/app\/uploads\/sites\/7\/2025\/07\/tereos-fazendo-acontecer-incendios-2.png\",\"datePublished\":\"2025-07-11T17:30:14+00:00\",\"dateModified\":\"2025-07-15T17:48:52+00:00\",\"breadcrumb\":{\"@id\":\"https:\/\/br.tereos.com\/pt-pt\/press-releases\/tereos-realiza-acao-de-conscientizacao-para-prevencao-e-combate-a-incendios-em-cidades-da-regiao\/#breadcrumb\"},\"inLanguage\":\"pt-PT\",\"potentialAction\":[{\"@type\":\"ReadAction\",\"target\":[\"https:\/\/br.tereos.com\/pt-pt\/press-releases\/tereos-realiza-acao-de-conscientizacao-para-prevencao-e-combate-a-incendios-em-cidades-da-regiao\/\"]}]},{\"@type\":\"ImageObject\",\"inLanguage\":\"pt-PT\",\"@id\":\"https:\/\/br.tereos.com\/pt-pt\/press-releases\/tereos-realiza-acao-de-conscientizacao-para-prevencao-e-combate-a-incendios-em-cidades-da-regiao\/#primaryimage\",\"url\":\"https:\/\/www.tereos.com\/app\/uploads\/sites\/7\/2025\/07\/tereos-fazendo-acontecer-incendios-2.png\",\"contentUrl\":\"https:\/\/www.tereos.com\/app\/uploads\/sites\/7\/2025\/07\/tereos-fazendo-acontecer-incendios-2.png\",\"width\":2560,\"height\":1440},{\"@type\":\"BreadcrumbList\",\"@id\":\"https:\/\/br.tereos.com\/pt-pt\/press-releases\/tereos-realiza-acao-de-conscientizacao-para-prevencao-e-combate-a-incendios-em-cidades-da-regiao\/#breadcrumb\",\"itemListElement\":[{\"@type\":\"ListItem\",\"position\":1,\"name\":\"Home\",\"item\":\"https:\/\/br.tereos.com\/pt-pt\/\"},{\"@type\":\"ListItem\",\"position\":2,\"name\":\"Tereos realiza a\u00e7\u00e3o de conscientiza\u00e7\u00e3o para preven\u00e7\u00e3o e combate a inc\u00eandios em cidades da regi\u00e3o\"}]},{\"@type\":\"WebSite\",\"@id\":\"https:\/\/br.tereos.com\/pt-pt\/#website\",\"url\":\"https:\/\/br.tereos.com\/pt-pt\/\",\"name\":\"Brasil\",\"description\":\"Un site utilisant WordPress\",\"potentialAction\":[{\"@type\":\"SearchAction\",\"target\":{\"@type\":\"EntryPoint\",\"urlTemplate\":\"https:\/\/br.tereos.com\/pt-pt\/?s={search_term_string}\"},\"query-input\":{\"@type\":\"PropertyValueSpecification\",\"valueRequired\":true,\"valueName\":\"search_term_string\"}}],\"inLanguage\":\"pt-PT\"}]}<\/script>\n<!-- \/ Yoast SEO plugin. -->","yoast_head_json":{"title":"Tereos realiza a\u00e7\u00e3o de conscientiza\u00e7\u00e3o para preven\u00e7\u00e3o e combate a inc\u00eandios em cidades da regi\u00e3o - Brasil","robots":{"index":"index","follow":"follow","max-snippet":"max-snippet:-1","max-image-preview":"max-image-preview:large","max-video-preview":"max-video-preview:-1"},"canonical":"https:\/\/br.tereos.com\/pt-pt\/press-releases\/tereos-realiza-acao-de-conscientizacao-para-prevencao-e-combate-a-incendios-em-cidades-da-regiao\/","og_locale":"pt_PT","og_type":"article","og_title":"Tereos realiza a\u00e7\u00e3o de conscientiza\u00e7\u00e3o para preven\u00e7\u00e3o e combate a inc\u00eandios em cidades da regi\u00e3o - Brasil","og_url":"https:\/\/br.tereos.com\/pt-pt\/press-releases\/tereos-realiza-acao-de-conscientizacao-para-prevencao-e-combate-a-incendios-em-cidades-da-regiao\/","og_site_name":"Brasil","article_modified_time":"2025-07-15T17:48:52+00:00","og_image":[{"url":"https:\/\/www.tereos.com\/app\/uploads\/sites\/7\/2025\/07\/tereos-fazendo-acontecer-incendios-2.png","width":1024,"height":576,"type":"image\/png"}],"twitter_card":"summary_large_image","schema":{"@context":"https:\/\/schema.org","@graph":[{"@type":"WebPage","@id":"https:\/\/br.tereos.com\/pt-pt\/press-releases\/tereos-realiza-acao-de-conscientizacao-para-prevencao-e-combate-a-incendios-em-cidades-da-regiao\/","url":"https:\/\/br.tereos.com\/pt-pt\/press-releases\/tereos-realiza-acao-de-conscientizacao-para-prevencao-e-combate-a-incendios-em-cidades-da-regiao\/","name":"Tereos realiza a\u00e7\u00e3o de conscientiza\u00e7\u00e3o para preven\u00e7\u00e3o e combate a inc\u00eandios em cidades da regi\u00e3o - Brasil","isPartOf":{"@id":"https:\/\/br.tereos.com\/pt-pt\/#website"},"primaryImageOfPage":{"@id":"https:\/\/br.tereos.com\/pt-pt\/press-releases\/tereos-realiza-acao-de-conscientizacao-para-prevencao-e-combate-a-incendios-em-cidades-da-regiao\/#primaryimage"},"image":{"@id":"https:\/\/br.tereos.com\/pt-pt\/press-releases\/tereos-realiza-acao-de-conscientizacao-para-prevencao-e-combate-a-incendios-em-cidades-da-regiao\/#primaryimage"},"thumbnailUrl":"https:\/\/www.tereos.com\/app\/uploads\/sites\/7\/2025\/07\/tereos-fazendo-acontecer-incendios-2.png","datePublished":"2025-07-11T17:30:14+00:00","dateModified":"2025-07-15T17:48:52+00:00","breadcrumb":{"@id":"https:\/\/br.tereos.com\/pt-pt\/press-releases\/tereos-realiza-acao-de-conscientizacao-para-prevencao-e-combate-a-incendios-em-cidades-da-regiao\/#breadcrumb"},"inLanguage":"pt-PT","potentialAction":[{"@type":"ReadAction","target":["https:\/\/br.tereos.com\/pt-pt\/press-releases\/tereos-realiza-acao-de-conscientizacao-para-prevencao-e-combate-a-incendios-em-cidades-da-regiao\/"]}]},{"@type":"ImageObject","inLanguage":"pt-PT","@id":"https:\/\/br.tereos.com\/pt-pt\/press-releases\/tereos-realiza-acao-de-conscientizacao-para-prevencao-e-combate-a-incendios-em-cidades-da-regiao\/#primaryimage","url":"https:\/\/www.tereos.com\/app\/uploads\/sites\/7\/2025\/07\/tereos-fazendo-acontecer-incendios-2.png","contentUrl":"https:\/\/www.tereos.com\/app\/uploads\/sites\/7\/2025\/07\/tereos-fazendo-acontecer-incendios-2.png","width":2560,"height":1440},{"@type":"BreadcrumbList","@id":"https:\/\/br.tereos.com\/pt-pt\/press-releases\/tereos-realiza-acao-de-conscientizacao-para-prevencao-e-combate-a-incendios-em-cidades-da-regiao\/#breadcrumb","itemListElement":[{"@type":"ListItem","position":1,"name":"Home","item":"https:\/\/br.tereos.com\/pt-pt\/"},{"@type":"ListItem","position":2,"name":"Tereos realiza a\u00e7\u00e3o de conscientiza\u00e7\u00e3o para preven\u00e7\u00e3o e combate a inc\u00eandios em cidades da regi\u00e3o"}]},{"@type":"WebSite","@id":"https:\/\/br.tereos.com\/pt-pt\/#website","url":"https:\/\/br.tereos.com\/pt-pt\/","name":"Brasil","description":"Un site utilisant WordPress","potentialAction":[{"@type":"SearchAction","target":{"@type":"EntryPoint","urlTemplate":"https:\/\/br.tereos.com\/pt-pt\/?s={search_term_string}"},"query-input":{"@type":"PropertyValueSpecification","valueRequired":true,"valueName":"search_term_string"}}],"inLanguage":"pt-PT"}]}},"featured_media_src":"https:\/\/www.tereos.com\/app\/uploads\/sites\/7\/2025\/07\/tereos-fazendo-acontecer-incendios-2-520x390-c-default.png","date_formatted":"11 July 2025 ","_links":{"self":[{"href":"https:\/\/br.tereos.com\/pt-pt\/wp-json\/wp\/v2\/press-release\/10935"}],"collection":[{"href":"https:\/\/br.tereos.com\/pt-pt\/wp-json\/wp\/v2\/press-release"}],"about":[{"href":"https:\/\/br.tereos.com\/pt-pt\/wp-json\/wp\/v2\/types\/press_release"}],"author":[{"embeddable":true,"href":"https:\/\/br.tereos.com\/pt-pt\/wp-json\/wp\/v2\/users\/278"}],"version-history":[{"count":1,"href":"https:\/\/br.tereos.com\/pt-pt\/wp-json\/wp\/v2\/press-release\/10935\/revisions"}],"predecessor-version":[{"id":10938,"href":"https:\/\/br.tereos.com\/pt-pt\/wp-json\/wp\/v2\/press-release\/10935\/revisions\/10938"}],"wp:featuredmedia":[{"embeddable":true,"href":"https:\/\/br.tereos.com\/pt-pt\/wp-json\/wp\/v2\/media\/10936"}],"wp:attachment":[{"href":"https:\/\/br.tereos.com\/pt-pt\/wp-json\/wp\/v2\/media?parent=10935"}],"wp:term":[{"taxonomy":"category","embeddable":true,"href":"https:\/\/br.tereos.com\/pt-pt\/wp-json\/wp\/v2\/categories?post=10935"}],"curies":[{"name":"wp","href":"https:\/\/api.w.org\/{rel}","templated":true}]}}