{"id":10737,"date":"2025-01-15T02:55:18","date_gmt":"2025-01-15T01:55:18","guid":{"rendered":"https:\/\/br.tereos.com\/?post_type=press_release&#038;p=10737"},"modified":"2025-04-15T03:00:44","modified_gmt":"2025-04-15T01:00:44","slug":"mudancas-climaticas-ainda-sao-desconhecidas-por-34-dos-brasileiros-aponta-pesquisa-promovida-pela-tereos","status":"publish","type":"press_release","link":"https:\/\/br.tereos.com\/pt-pt\/press-releases\/mudancas-climaticas-ainda-sao-desconhecidas-por-34-dos-brasileiros-aponta-pesquisa-promovida-pela-tereos\/","title":{"rendered":"Mudan\u00e7as clim\u00e1ticas ainda s\u00e3o desconhecidas por 34% dos brasileiros, aponta pesquisa promovida pela Tereos"},"author":278,"featured_media":10650,"template":"","categories":[],"class_list":["post-10737","press_release","type-press_release","status-publish","has-post-thumbnail","hentry"],"acf":{"cover_image":10650,"cover_clone":{"cover_image":10650},"file":{"ID":10738,"id":10738,"title":"Mudan\u00e7as clim\u00e1ticas ainda s\u00e3o desconhecidas por 34% dos brasileiros, aponta pesquisa promovida pela Tereos","filename":"mudancas-climaticas-ainda-sao-desconhecidas-por-34-dos-brasileiros-aponta-pesquisa-promovida-pela-tereos.pdf","filesize":245877,"url":"https:\/\/www.tereos.com\/app\/uploads\/sites\/7\/2025\/04\/mudancas-climaticas-ainda-sao-desconhecidas-por-34-dos-brasileiros-aponta-pesquisa-promovida-pela-tereos.pdf","link":"https:\/\/br.tereos.com\/pt-pt\/press-releases\/mudancas-climaticas-ainda-sao-desconhecidas-por-34-dos-brasileiros-aponta-pesquisa-promovida-pela-tereos\/mudancas-climaticas-ainda-sao-desconhecidas-por-34-dos-brasileiros-aponta-pesquisa-promovida-pela-tereos\/","alt":"","author":"278","description":"","caption":"","name":"mudancas-climaticas-ainda-sao-desconhecidas-por-34-dos-brasileiros-aponta-pesquisa-promovida-pela-tereos","status":"inherit","uploaded_to":10737,"date":"2025-04-15 01:00:10","modified":"2025-04-15 01:00:10","menu_order":0,"mime_type":"application\/pdf","type":"application","subtype":"pdf","icon":"https:\/\/br.tereos.com\/wp\/wp-includes\/images\/media\/document.png"},"pdf_clone":{"file":{"ID":10738,"id":10738,"title":"Mudan\u00e7as clim\u00e1ticas ainda s\u00e3o desconhecidas por 34% dos brasileiros, aponta pesquisa promovida pela Tereos","filename":"mudancas-climaticas-ainda-sao-desconhecidas-por-34-dos-brasileiros-aponta-pesquisa-promovida-pela-tereos.pdf","filesize":245877,"url":"https:\/\/www.tereos.com\/app\/uploads\/sites\/7\/2025\/04\/mudancas-climaticas-ainda-sao-desconhecidas-por-34-dos-brasileiros-aponta-pesquisa-promovida-pela-tereos.pdf","link":"https:\/\/br.tereos.com\/pt-pt\/press-releases\/mudancas-climaticas-ainda-sao-desconhecidas-por-34-dos-brasileiros-aponta-pesquisa-promovida-pela-tereos\/mudancas-climaticas-ainda-sao-desconhecidas-por-34-dos-brasileiros-aponta-pesquisa-promovida-pela-tereos\/","alt":"","author":"278","description":"","caption":"","name":"mudancas-climaticas-ainda-sao-desconhecidas-por-34-dos-brasileiros-aponta-pesquisa-promovida-pela-tereos","status":"inherit","uploaded_to":10737,"date":"2025-04-15 01:00:10","modified":"2025-04-15 01:00:10","menu_order":0,"mime_type":"application\/pdf","type":"application","subtype":"pdf","icon":"https:\/\/br.tereos.com\/wp\/wp-includes\/images\/media\/document.png"}},"headline":"Realizada em parceria com Instituto Datafolha, pesquisa mostra que apenas 17% dos entrevistados se consideram bem-informados sobre o tema e destaca caminhos para enfrentar os desafios clim\u00e1ticos no Brasil","headline_clone":{"headline":"Realizada em parceria com Instituto Datafolha, pesquisa mostra que apenas 17% dos entrevistados se consideram bem-informados sobre o tema e destaca caminhos para enfrentar os desafios clim\u00e1ticos no Brasil"},"has_anchors":false,"sections":[{"acf_fc_layout":"rich_text","anchor_title":"","text":"<p><strong>S\u00e3o Paulo, janeiro de 2025<\/strong>\u00a0\u2013 Apesar de o Brasil ser a sede da COP (Confer\u00eancia das Na\u00e7\u00f5es Unidas sobre Mudan\u00e7a do Clima) em 2025, 34% dos brasileiros desconhecem o que s\u00e3o as mudan\u00e7as clim\u00e1ticas, enquanto 7% se consideram mal-informados sobre o tema. Essas s\u00e3o algumas das descobertas de pesquisa realizada pela Tereos, uma das l\u00edderes na produ\u00e7\u00e3o de bioenergia, etanol e a\u00e7\u00facar no pa\u00eds, em parceria com o Instituto Datafolha.<\/p>\n<p>A desinforma\u00e7\u00e3o \u00e9 especialmente alta entre as classes D e E, alcan\u00e7ando 54% desse grupo. O levantamento, realizado no fim de 2024, destaca que, apesar da crescente preocupa\u00e7\u00e3o com as quest\u00f5es ambientais, a falta de informa\u00e7\u00e3o se apresenta como um grande obst\u00e1culo para a constru\u00e7\u00e3o de uma economia de baixo carbono.<\/p>\n<p>Por desconhecerem o que as mudan\u00e7as clim\u00e1ticas representam, os brasileiros tamb\u00e9m n\u00e3o sabem como colaborar no dia a dia para reduzir a emiss\u00e3o de GEE (gases de efeito estufa) e enfrentar o aquecimento global. De acordo com a pesquisa, 51% dos respondentes disseram n\u00e3o saber como podem contribuir.<\/p>\n<p>No entanto, ao serem questionados sobre a\u00e7\u00f5es para cuidar do futuro do planeta, 55% apontaram a\u00e7\u00f5es de preserva\u00e7\u00e3o ambiental como as mais importantes, enquanto 29% citaram o descarte correto de res\u00edduos e lixo e, 15%, o uso consciente da \u00e1gua.<\/p>\n<p>A pesquisa questionou, ainda, de quem deve ser a responsabilidade no combate \u00e0s emiss\u00f5es de gases de efeito estufa (GEE). Para 32% dos brasileiros, cabe ao governo, incluindo administra\u00e7\u00f5es federal e regionais, liderar os esfor\u00e7os. Outro grupo, tamb\u00e9m de 32%, acredita que a sociedade como um todo deve assumir a responsabilidade, destacando a relev\u00e2ncia da a\u00e7\u00e3o coletiva. J\u00e1 22% dos entrevistados veem as ind\u00fastrias como principais respons\u00e1veis.<\/p>\n<p>As ind\u00fastrias que investem em seus processos para minimizar impactos ambientes s\u00e3o vistas por um em cada tr\u00eas respondentes, ou 34% da amostra, como empresas comprometidas com o meio ambiente. Em rela\u00e7\u00e3o \u00e0s solu\u00e7\u00f5es que as empresas podem adotar para mitigar as mudan\u00e7as clim\u00e1ticas, medidas como controle do desmatamento e incentivo ao plantio de \u00e1rvores (41%), investimentos em energias renov\u00e1veis (35%) e redu\u00e7\u00e3o do uso de combust\u00edveis f\u00f3sseis (34%) foram consideradas essenciais.<\/p>\n<p>Como op\u00e7\u00e3o para reduzir a utiliza\u00e7\u00e3o dos combust\u00edveis f\u00f3sseis, a pesquisa evidenciou que os brasileiros reconhecem o etanol como um combust\u00edvel limpo, sendo mencionado por 51% dos entrevistados. Por outro lado, mais de 20% dos entrevistados citaram a gasolina (14%) e o diesel (8%) como exemplos de combust\u00edveis limpos, mostrando que falta informa\u00e7\u00e3o sobre o assunto.<\/p>\n<p>Felipe Mendes, diretor de Sustentabilidade, Novos Neg\u00f3cios e Rela\u00e7\u00f5es Institucionais da Tereos, refor\u00e7a a relev\u00e2ncia dos resultados da pesquisa para subsidiar pol\u00edticas p\u00fablicas e campanhas educativas. \u201cApesar de um aumento na conscientiza\u00e7\u00e3o sobre mudan\u00e7as clim\u00e1ticas, a pesquisa mostra que ainda h\u00e1 uma dist\u00e2ncia entre o discurso e a pr\u00e1tica. Esse \u00e9 um momento para unir esfor\u00e7os entre governo, sociedade e setor privado, transformando a preocupa\u00e7\u00e3o em a\u00e7\u00f5es concretas. Para mudar o cen\u00e1rio, o conhecimento \u00e9 essencial \u2014 ele representa o ponto de partida para uma transforma\u00e7\u00e3o real e sustent\u00e1vel\u201d, destaca.<\/p>\n<p><strong>O papel do agroneg\u00f3cio na percep\u00e7\u00e3o dos brasileiros<\/strong><\/p>\n<p>O estudo tamb\u00e9m abordou o impacto do agroneg\u00f3cio nas emiss\u00f5es de GEE. Segundo os dados, 38% dos brasileiros acreditam que a agricultura nacional emite grandes quantidades de GEE, enquanto 29% consideram essa emiss\u00e3o moderada. Apesar disso, somente 4% entendem que o setor agr\u00edcola brasileiro deve ser o principal respons\u00e1vel pelo combate \u00e0s emiss\u00f5es de GEE no pa\u00eds.<\/p>\n<p>Al\u00e9m disso, h\u00e1 um consenso sobre a import\u00e2ncia do setor: 89% dos entrevistados concordam que o Brasil deve buscar reconhecimento como exemplo de agroneg\u00f3cio sustent\u00e1vel, equilibrando produ\u00e7\u00e3o e preserva\u00e7\u00e3o ambiental. Al\u00e9m disso, 76% reconhecem o papel fundamental do agro na economia local, refor\u00e7ando a necessidade de aliar desenvolvimento econ\u00f4mico e responsabilidade ambiental.<\/p>\n<p>\u201cO agro \u00e9 uma alavanca poderosa para mitigar os efeitos das mudan\u00e7as clim\u00e1ticas. Na Tereos, estamos comprometidos em liderar pelo exemplo, com metas validadas pelo SBTi e a\u00e7\u00f5es concretas que conciliam produtividade, rentabilidade e sustentabilidade. Queremos mostrar que \u00e9 poss\u00edvel transformar compromissos em pr\u00e1ticas reais\u201d, finaliza Mendes.<\/p>\n<p>A pesquisa ouviu 2.009 pessoas, em todas as regi\u00f5es do Brasil, e tem margem de erro de 2 pontos percentuais.<\/p>\n"}],"flexible_editorial_clone":{"has_anchors":false,"sections":[{"acf_fc_layout":"rich_text","anchor_title":"","text":"<p><strong>S\u00e3o Paulo, janeiro de 2025<\/strong>\u00a0\u2013 Apesar de o Brasil ser a sede da COP (Confer\u00eancia das Na\u00e7\u00f5es Unidas sobre Mudan\u00e7a do Clima) em 2025, 34% dos brasileiros desconhecem o que s\u00e3o as mudan\u00e7as clim\u00e1ticas, enquanto 7% se consideram mal-informados sobre o tema. Essas s\u00e3o algumas das descobertas de pesquisa realizada pela Tereos, uma das l\u00edderes na produ\u00e7\u00e3o de bioenergia, etanol e a\u00e7\u00facar no pa\u00eds, em parceria com o Instituto Datafolha.<\/p>\n<p>A desinforma\u00e7\u00e3o \u00e9 especialmente alta entre as classes D e E, alcan\u00e7ando 54% desse grupo. O levantamento, realizado no fim de 2024, destaca que, apesar da crescente preocupa\u00e7\u00e3o com as quest\u00f5es ambientais, a falta de informa\u00e7\u00e3o se apresenta como um grande obst\u00e1culo para a constru\u00e7\u00e3o de uma economia de baixo carbono.<\/p>\n<p>Por desconhecerem o que as mudan\u00e7as clim\u00e1ticas representam, os brasileiros tamb\u00e9m n\u00e3o sabem como colaborar no dia a dia para reduzir a emiss\u00e3o de GEE (gases de efeito estufa) e enfrentar o aquecimento global. De acordo com a pesquisa, 51% dos respondentes disseram n\u00e3o saber como podem contribuir.<\/p>\n<p>No entanto, ao serem questionados sobre a\u00e7\u00f5es para cuidar do futuro do planeta, 55% apontaram a\u00e7\u00f5es de preserva\u00e7\u00e3o ambiental como as mais importantes, enquanto 29% citaram o descarte correto de res\u00edduos e lixo e, 15%, o uso consciente da \u00e1gua.<\/p>\n<p>A pesquisa questionou, ainda, de quem deve ser a responsabilidade no combate \u00e0s emiss\u00f5es de gases de efeito estufa (GEE). Para 32% dos brasileiros, cabe ao governo, incluindo administra\u00e7\u00f5es federal e regionais, liderar os esfor\u00e7os. Outro grupo, tamb\u00e9m de 32%, acredita que a sociedade como um todo deve assumir a responsabilidade, destacando a relev\u00e2ncia da a\u00e7\u00e3o coletiva. J\u00e1 22% dos entrevistados veem as ind\u00fastrias como principais respons\u00e1veis.<\/p>\n<p>As ind\u00fastrias que investem em seus processos para minimizar impactos ambientes s\u00e3o vistas por um em cada tr\u00eas respondentes, ou 34% da amostra, como empresas comprometidas com o meio ambiente. Em rela\u00e7\u00e3o \u00e0s solu\u00e7\u00f5es que as empresas podem adotar para mitigar as mudan\u00e7as clim\u00e1ticas, medidas como controle do desmatamento e incentivo ao plantio de \u00e1rvores (41%), investimentos em energias renov\u00e1veis (35%) e redu\u00e7\u00e3o do uso de combust\u00edveis f\u00f3sseis (34%) foram consideradas essenciais.<\/p>\n<p>Como op\u00e7\u00e3o para reduzir a utiliza\u00e7\u00e3o dos combust\u00edveis f\u00f3sseis, a pesquisa evidenciou que os brasileiros reconhecem o etanol como um combust\u00edvel limpo, sendo mencionado por 51% dos entrevistados. Por outro lado, mais de 20% dos entrevistados citaram a gasolina (14%) e o diesel (8%) como exemplos de combust\u00edveis limpos, mostrando que falta informa\u00e7\u00e3o sobre o assunto.<\/p>\n<p>Felipe Mendes, diretor de Sustentabilidade, Novos Neg\u00f3cios e Rela\u00e7\u00f5es Institucionais da Tereos, refor\u00e7a a relev\u00e2ncia dos resultados da pesquisa para subsidiar pol\u00edticas p\u00fablicas e campanhas educativas. \u201cApesar de um aumento na conscientiza\u00e7\u00e3o sobre mudan\u00e7as clim\u00e1ticas, a pesquisa mostra que ainda h\u00e1 uma dist\u00e2ncia entre o discurso e a pr\u00e1tica. Esse \u00e9 um momento para unir esfor\u00e7os entre governo, sociedade e setor privado, transformando a preocupa\u00e7\u00e3o em a\u00e7\u00f5es concretas. Para mudar o cen\u00e1rio, o conhecimento \u00e9 essencial \u2014 ele representa o ponto de partida para uma transforma\u00e7\u00e3o real e sustent\u00e1vel\u201d, destaca.<\/p>\n<p><strong>O papel do agroneg\u00f3cio na percep\u00e7\u00e3o dos brasileiros<\/strong><\/p>\n<p>O estudo tamb\u00e9m abordou o impacto do agroneg\u00f3cio nas emiss\u00f5es de GEE. Segundo os dados, 38% dos brasileiros acreditam que a agricultura nacional emite grandes quantidades de GEE, enquanto 29% consideram essa emiss\u00e3o moderada. Apesar disso, somente 4% entendem que o setor agr\u00edcola brasileiro deve ser o principal respons\u00e1vel pelo combate \u00e0s emiss\u00f5es de GEE no pa\u00eds.<\/p>\n<p>Al\u00e9m disso, h\u00e1 um consenso sobre a import\u00e2ncia do setor: 89% dos entrevistados concordam que o Brasil deve buscar reconhecimento como exemplo de agroneg\u00f3cio sustent\u00e1vel, equilibrando produ\u00e7\u00e3o e preserva\u00e7\u00e3o ambiental. Al\u00e9m disso, 76% reconhecem o papel fundamental do agro na economia local, refor\u00e7ando a necessidade de aliar desenvolvimento econ\u00f4mico e responsabilidade ambiental.<\/p>\n<p>\u201cO agro \u00e9 uma alavanca poderosa para mitigar os efeitos das mudan\u00e7as clim\u00e1ticas. Na Tereos, estamos comprometidos em liderar pelo exemplo, com metas validadas pelo SBTi e a\u00e7\u00f5es concretas que conciliam produtividade, rentabilidade e sustentabilidade. Queremos mostrar que \u00e9 poss\u00edvel transformar compromissos em pr\u00e1ticas reais\u201d, finaliza Mendes.<\/p>\n<p>A pesquisa ouviu 2.009 pessoas, em todas as regi\u00f5es do Brasil, e tem margem de erro de 2 pontos percentuais.<\/p>\n"}]}},"yoast_head":"<!-- This site is optimized with the Yoast SEO plugin v23.7 - https:\/\/yoast.com\/wordpress\/plugins\/seo\/ -->\n<title>Mudan\u00e7as clim\u00e1ticas ainda s\u00e3o desconhecidas por 34% dos brasileiros, aponta pesquisa promovida pela Tereos - Brasil<\/title>\n<meta name=\"robots\" content=\"index, follow, max-snippet:-1, max-image-preview:large, max-video-preview:-1\" \/>\n<link rel=\"canonical\" href=\"https:\/\/br.tereos.com\/pt-pt\/press-releases\/mudancas-climaticas-ainda-sao-desconhecidas-por-34-dos-brasileiros-aponta-pesquisa-promovida-pela-tereos\/\" \/>\n<meta property=\"og:locale\" content=\"pt_PT\" \/>\n<meta property=\"og:type\" content=\"article\" \/>\n<meta property=\"og:title\" content=\"Mudan\u00e7as clim\u00e1ticas ainda s\u00e3o desconhecidas por 34% dos brasileiros, aponta pesquisa promovida pela Tereos - Brasil\" \/>\n<meta property=\"og:url\" content=\"https:\/\/br.tereos.com\/pt-pt\/press-releases\/mudancas-climaticas-ainda-sao-desconhecidas-por-34-dos-brasileiros-aponta-pesquisa-promovida-pela-tereos\/\" \/>\n<meta property=\"og:site_name\" content=\"Brasil\" \/>\n<meta property=\"article:modified_time\" content=\"2025-04-15T01:00:44+00:00\" \/>\n<meta property=\"og:image\" content=\"https:\/\/www.tereos.com\/app\/uploads\/sites\/7\/2024\/09\/tereos-colhedeira-drone-002-5-scaled.jpg\" \/>\n\t<meta property=\"og:image:width\" content=\"2560\" \/>\n\t<meta property=\"og:image:height\" content=\"1440\" \/>\n\t<meta property=\"og:image:type\" content=\"image\/jpeg\" \/>\n<meta name=\"twitter:card\" content=\"summary_large_image\" \/>\n<script type=\"application\/ld+json\" class=\"yoast-schema-graph\">{\"@context\":\"https:\/\/schema.org\",\"@graph\":[{\"@type\":\"WebPage\",\"@id\":\"https:\/\/br.tereos.com\/pt-pt\/press-releases\/mudancas-climaticas-ainda-sao-desconhecidas-por-34-dos-brasileiros-aponta-pesquisa-promovida-pela-tereos\/\",\"url\":\"https:\/\/br.tereos.com\/pt-pt\/press-releases\/mudancas-climaticas-ainda-sao-desconhecidas-por-34-dos-brasileiros-aponta-pesquisa-promovida-pela-tereos\/\",\"name\":\"Mudan\u00e7as clim\u00e1ticas ainda s\u00e3o desconhecidas por 34% dos brasileiros, aponta pesquisa promovida pela Tereos - Brasil\",\"isPartOf\":{\"@id\":\"https:\/\/br.tereos.com\/pt-pt\/#website\"},\"primaryImageOfPage\":{\"@id\":\"https:\/\/br.tereos.com\/pt-pt\/press-releases\/mudancas-climaticas-ainda-sao-desconhecidas-por-34-dos-brasileiros-aponta-pesquisa-promovida-pela-tereos\/#primaryimage\"},\"image\":{\"@id\":\"https:\/\/br.tereos.com\/pt-pt\/press-releases\/mudancas-climaticas-ainda-sao-desconhecidas-por-34-dos-brasileiros-aponta-pesquisa-promovida-pela-tereos\/#primaryimage\"},\"thumbnailUrl\":\"https:\/\/www.tereos.com\/app\/uploads\/sites\/7\/2024\/09\/tereos-colhedeira-drone-002-5-scaled.jpg\",\"datePublished\":\"2025-01-15T01:55:18+00:00\",\"dateModified\":\"2025-04-15T01:00:44+00:00\",\"breadcrumb\":{\"@id\":\"https:\/\/br.tereos.com\/pt-pt\/press-releases\/mudancas-climaticas-ainda-sao-desconhecidas-por-34-dos-brasileiros-aponta-pesquisa-promovida-pela-tereos\/#breadcrumb\"},\"inLanguage\":\"pt-PT\",\"potentialAction\":[{\"@type\":\"ReadAction\",\"target\":[\"https:\/\/br.tereos.com\/pt-pt\/press-releases\/mudancas-climaticas-ainda-sao-desconhecidas-por-34-dos-brasileiros-aponta-pesquisa-promovida-pela-tereos\/\"]}]},{\"@type\":\"ImageObject\",\"inLanguage\":\"pt-PT\",\"@id\":\"https:\/\/br.tereos.com\/pt-pt\/press-releases\/mudancas-climaticas-ainda-sao-desconhecidas-por-34-dos-brasileiros-aponta-pesquisa-promovida-pela-tereos\/#primaryimage\",\"url\":\"https:\/\/www.tereos.com\/app\/uploads\/sites\/7\/2024\/09\/tereos-colhedeira-drone-002-5-scaled.jpg\",\"contentUrl\":\"https:\/\/www.tereos.com\/app\/uploads\/sites\/7\/2024\/09\/tereos-colhedeira-drone-002-5-scaled.jpg\",\"width\":2560,\"height\":1440},{\"@type\":\"BreadcrumbList\",\"@id\":\"https:\/\/br.tereos.com\/pt-pt\/press-releases\/mudancas-climaticas-ainda-sao-desconhecidas-por-34-dos-brasileiros-aponta-pesquisa-promovida-pela-tereos\/#breadcrumb\",\"itemListElement\":[{\"@type\":\"ListItem\",\"position\":1,\"name\":\"Home\",\"item\":\"https:\/\/br.tereos.com\/pt-pt\/\"},{\"@type\":\"ListItem\",\"position\":2,\"name\":\"Mudan\u00e7as clim\u00e1ticas ainda s\u00e3o desconhecidas por 34% dos brasileiros, aponta pesquisa promovida pela Tereos\"}]},{\"@type\":\"WebSite\",\"@id\":\"https:\/\/br.tereos.com\/pt-pt\/#website\",\"url\":\"https:\/\/br.tereos.com\/pt-pt\/\",\"name\":\"Brasil\",\"description\":\"Un site utilisant WordPress\",\"potentialAction\":[{\"@type\":\"SearchAction\",\"target\":{\"@type\":\"EntryPoint\",\"urlTemplate\":\"https:\/\/br.tereos.com\/pt-pt\/?s={search_term_string}\"},\"query-input\":{\"@type\":\"PropertyValueSpecification\",\"valueRequired\":true,\"valueName\":\"search_term_string\"}}],\"inLanguage\":\"pt-PT\"}]}<\/script>\n<!-- \/ Yoast SEO plugin. -->","yoast_head_json":{"title":"Mudan\u00e7as clim\u00e1ticas ainda s\u00e3o desconhecidas por 34% dos brasileiros, aponta pesquisa promovida pela Tereos - Brasil","robots":{"index":"index","follow":"follow","max-snippet":"max-snippet:-1","max-image-preview":"max-image-preview:large","max-video-preview":"max-video-preview:-1"},"canonical":"https:\/\/br.tereos.com\/pt-pt\/press-releases\/mudancas-climaticas-ainda-sao-desconhecidas-por-34-dos-brasileiros-aponta-pesquisa-promovida-pela-tereos\/","og_locale":"pt_PT","og_type":"article","og_title":"Mudan\u00e7as clim\u00e1ticas ainda s\u00e3o desconhecidas por 34% dos brasileiros, aponta pesquisa promovida pela Tereos - Brasil","og_url":"https:\/\/br.tereos.com\/pt-pt\/press-releases\/mudancas-climaticas-ainda-sao-desconhecidas-por-34-dos-brasileiros-aponta-pesquisa-promovida-pela-tereos\/","og_site_name":"Brasil","article_modified_time":"2025-04-15T01:00:44+00:00","og_image":[{"width":2560,"height":1440,"url":"https:\/\/www.tereos.com\/app\/uploads\/sites\/7\/2024\/09\/tereos-colhedeira-drone-002-5-scaled.jpg","type":"image\/jpeg"}],"twitter_card":"summary_large_image","schema":{"@context":"https:\/\/schema.org","@graph":[{"@type":"WebPage","@id":"https:\/\/br.tereos.com\/pt-pt\/press-releases\/mudancas-climaticas-ainda-sao-desconhecidas-por-34-dos-brasileiros-aponta-pesquisa-promovida-pela-tereos\/","url":"https:\/\/br.tereos.com\/pt-pt\/press-releases\/mudancas-climaticas-ainda-sao-desconhecidas-por-34-dos-brasileiros-aponta-pesquisa-promovida-pela-tereos\/","name":"Mudan\u00e7as clim\u00e1ticas ainda s\u00e3o desconhecidas por 34% dos brasileiros, aponta pesquisa promovida pela Tereos - Brasil","isPartOf":{"@id":"https:\/\/br.tereos.com\/pt-pt\/#website"},"primaryImageOfPage":{"@id":"https:\/\/br.tereos.com\/pt-pt\/press-releases\/mudancas-climaticas-ainda-sao-desconhecidas-por-34-dos-brasileiros-aponta-pesquisa-promovida-pela-tereos\/#primaryimage"},"image":{"@id":"https:\/\/br.tereos.com\/pt-pt\/press-releases\/mudancas-climaticas-ainda-sao-desconhecidas-por-34-dos-brasileiros-aponta-pesquisa-promovida-pela-tereos\/#primaryimage"},"thumbnailUrl":"https:\/\/www.tereos.com\/app\/uploads\/sites\/7\/2024\/09\/tereos-colhedeira-drone-002-5-scaled.jpg","datePublished":"2025-01-15T01:55:18+00:00","dateModified":"2025-04-15T01:00:44+00:00","breadcrumb":{"@id":"https:\/\/br.tereos.com\/pt-pt\/press-releases\/mudancas-climaticas-ainda-sao-desconhecidas-por-34-dos-brasileiros-aponta-pesquisa-promovida-pela-tereos\/#breadcrumb"},"inLanguage":"pt-PT","potentialAction":[{"@type":"ReadAction","target":["https:\/\/br.tereos.com\/pt-pt\/press-releases\/mudancas-climaticas-ainda-sao-desconhecidas-por-34-dos-brasileiros-aponta-pesquisa-promovida-pela-tereos\/"]}]},{"@type":"ImageObject","inLanguage":"pt-PT","@id":"https:\/\/br.tereos.com\/pt-pt\/press-releases\/mudancas-climaticas-ainda-sao-desconhecidas-por-34-dos-brasileiros-aponta-pesquisa-promovida-pela-tereos\/#primaryimage","url":"https:\/\/www.tereos.com\/app\/uploads\/sites\/7\/2024\/09\/tereos-colhedeira-drone-002-5-scaled.jpg","contentUrl":"https:\/\/www.tereos.com\/app\/uploads\/sites\/7\/2024\/09\/tereos-colhedeira-drone-002-5-scaled.jpg","width":2560,"height":1440},{"@type":"BreadcrumbList","@id":"https:\/\/br.tereos.com\/pt-pt\/press-releases\/mudancas-climaticas-ainda-sao-desconhecidas-por-34-dos-brasileiros-aponta-pesquisa-promovida-pela-tereos\/#breadcrumb","itemListElement":[{"@type":"ListItem","position":1,"name":"Home","item":"https:\/\/br.tereos.com\/pt-pt\/"},{"@type":"ListItem","position":2,"name":"Mudan\u00e7as clim\u00e1ticas ainda s\u00e3o desconhecidas por 34% dos brasileiros, aponta pesquisa promovida pela Tereos"}]},{"@type":"WebSite","@id":"https:\/\/br.tereos.com\/pt-pt\/#website","url":"https:\/\/br.tereos.com\/pt-pt\/","name":"Brasil","description":"Un site utilisant WordPress","potentialAction":[{"@type":"SearchAction","target":{"@type":"EntryPoint","urlTemplate":"https:\/\/br.tereos.com\/pt-pt\/?s={search_term_string}"},"query-input":{"@type":"PropertyValueSpecification","valueRequired":true,"valueName":"search_term_string"}}],"inLanguage":"pt-PT"}]}},"featured_media_src":"https:\/\/www.tereos.com\/app\/uploads\/sites\/7\/2024\/09\/tereos-colhedeira-drone-002-5-scaled-520x390-c-default.jpg","date_formatted":"15 January 2025 ","_links":{"self":[{"href":"https:\/\/br.tereos.com\/pt-pt\/wp-json\/wp\/v2\/press-release\/10737"}],"collection":[{"href":"https:\/\/br.tereos.com\/pt-pt\/wp-json\/wp\/v2\/press-release"}],"about":[{"href":"https:\/\/br.tereos.com\/pt-pt\/wp-json\/wp\/v2\/types\/press_release"}],"author":[{"embeddable":true,"href":"https:\/\/br.tereos.com\/pt-pt\/wp-json\/wp\/v2\/users\/278"}],"version-history":[{"count":1,"href":"https:\/\/br.tereos.com\/pt-pt\/wp-json\/wp\/v2\/press-release\/10737\/revisions"}],"predecessor-version":[{"id":10739,"href":"https:\/\/br.tereos.com\/pt-pt\/wp-json\/wp\/v2\/press-release\/10737\/revisions\/10739"}],"wp:featuredmedia":[{"embeddable":true,"href":"https:\/\/br.tereos.com\/pt-pt\/wp-json\/wp\/v2\/media\/10650"}],"wp:attachment":[{"href":"https:\/\/br.tereos.com\/pt-pt\/wp-json\/wp\/v2\/media?parent=10737"}],"wp:term":[{"taxonomy":"category","embeddable":true,"href":"https:\/\/br.tereos.com\/pt-pt\/wp-json\/wp\/v2\/categories?post=10737"}],"curies":[{"name":"wp","href":"https:\/\/api.w.org\/{rel}","templated":true}]}}