{"id":10703,"date":"2025-01-16T13:06:45","date_gmt":"2025-01-16T12:06:45","guid":{"rendered":"https:\/\/br.tereos.com\/?post_type=press_release&#038;p=10703"},"modified":"2025-04-15T02:28:54","modified_gmt":"2025-04-15T00:28:54","slug":"tereos-esta-com-mais-de-400-vagas-abertas-para-a-safra-25-26","status":"publish","type":"press_release","link":"https:\/\/br.tereos.com\/pt-pt\/press-releases\/tereos-esta-com-mais-de-400-vagas-abertas-para-a-safra-25-26\/","title":{"rendered":"Tereos est\u00e1 com mais de 400 vagas abertas para a safra 25\/26"},"author":277,"featured_media":10704,"template":"","categories":[],"class_list":["post-10703","press_release","type-press_release","status-publish","has-post-thumbnail","hentry"],"acf":{"cover_image":10704,"cover_clone":{"cover_image":10704},"file":{"ID":10714,"id":10714,"title":"06.01.2025 - Release_Vagas entressafra","filename":"06.01.2025-release-vagas-entressafra.pdf","filesize":184668,"url":"https:\/\/www.tereos.com\/app\/uploads\/sites\/7\/2025\/01\/06.01.2025-release-vagas-entressafra.pdf","link":"https:\/\/br.tereos.com\/pt-pt\/press-releases\/tereos-esta-com-mais-de-400-vagas-abertas-para-a-safra-25-26\/06-01-2025-release_vagas-entressafra\/","alt":"","author":"277","description":"","caption":"","name":"06-01-2025-release_vagas-entressafra","status":"inherit","uploaded_to":10703,"date":"2025-01-16 12:09:08","modified":"2025-01-16 12:09:08","menu_order":0,"mime_type":"application\/pdf","type":"application","subtype":"pdf","icon":"https:\/\/br.tereos.com\/wp\/wp-includes\/images\/media\/document.png"},"pdf_clone":{"file":{"ID":10714,"id":10714,"title":"06.01.2025 - Release_Vagas entressafra","filename":"06.01.2025-release-vagas-entressafra.pdf","filesize":184668,"url":"https:\/\/www.tereos.com\/app\/uploads\/sites\/7\/2025\/01\/06.01.2025-release-vagas-entressafra.pdf","link":"https:\/\/br.tereos.com\/pt-pt\/press-releases\/tereos-esta-com-mais-de-400-vagas-abertas-para-a-safra-25-26\/06-01-2025-release_vagas-entressafra\/","alt":"","author":"277","description":"","caption":"","name":"06-01-2025-release_vagas-entressafra","status":"inherit","uploaded_to":10703,"date":"2025-01-16 12:09:08","modified":"2025-01-16 12:09:08","menu_order":0,"mime_type":"application\/pdf","type":"application","subtype":"pdf","icon":"https:\/\/br.tereos.com\/wp\/wp-includes\/images\/media\/document.png"}},"headline":"Oportunidades s\u00e3o voltadas para as seis unidades do grupo, localizadas no noroeste paulista; inscri\u00e7\u00f5es devem ser feitas at\u00e9 o dia 28 de fevereiro","headline_clone":{"headline":"Oportunidades s\u00e3o voltadas para as seis unidades do grupo, localizadas no noroeste paulista; inscri\u00e7\u00f5es devem ser feitas at\u00e9 o dia 28 de fevereiro"},"has_anchors":false,"sections":[{"acf_fc_layout":"rich_text","anchor_title":"","text":"<p><strong>Ol\u00edmpia, 06 de janeiro de 2025 &#8211;<\/strong> A Tereos, uma das l\u00edderes mundiais na produ\u00e7\u00e3o de a\u00e7\u00facar, etanol e bioenergia, est\u00e1 com mais de 400 vagas de emprego abertas para a safra 25\/26. As oportunidades s\u00e3o para as seis unidades industriais do grupo, localizadas na regi\u00e3o noroeste do Estado de S\u00e3o Paulo, e em todas as \u00e1reas da companhia.<\/p>\n<p>Na ind\u00fastria, a empresa est\u00e1 contratando para as fun\u00e7\u00f5es de Operador de Produ\u00e7\u00e3o de A\u00e7\u00facar, Operador de Destilaria, Operador de Extra\u00e7\u00e3o, Operador de Utilidades, Analista de Laborat\u00f3rio Jr., Operador de Sistemas El\u00e9tricos, Auxiliar de Laborat\u00f3rio, Operador de Movimenta\u00e7\u00e3o de A\u00e7\u00facar, Operador de Log\u00edstica, Auxiliar Industrial, Auxiliar de Servi\u00e7os Gerais e Balanceiro.<\/p>\n<p>Na \u00e1rea automotiva, h\u00e1 vagas para mec\u00e2nico automotivo, lubrificador, motorista comboio e motorista borracheiro. J\u00e1 na \u00e1rea agr\u00edcola, os postos dispon\u00edveis s\u00e3o para tratoristas, motoristas, tratoristas especializados, operador de motobomba e motorista especializado.<\/p>\n<p>As oportunidades s\u00e3o voltadas para moradores das cidades do entorno das unidades industriais da empresa, como Pitangueiras, Ibiti\u00fava, Gua\u00edra, Barretos, Colina, Jaborandi, Ol\u00edmpia, Sever\u00ednia, Bagua\u00e7u, Cajobi, Guapia\u00e7u, Guaraci, Altair, Ic\u00e9m, Nova Granada, Palestina, B\u00e1lsamo, Tanabi e Monte Apraz\u00edvel.<\/p>\n<p>A empresa conta com vagas efetivas e, tamb\u00e9m, para safristas. Todas as vagas oferecem sal\u00e1rio compat\u00edvel com o mercado e benef\u00edcios como seguro de vida, vale alimenta\u00e7\u00e3o, refeit\u00f3rio, previd\u00eancia privada, aux\u00edlio fretado, plano de sa\u00fade e aux\u00edlio farm\u00e1cia.<\/p>\n<p>A Tereos acredita que todos os profissionais podem contribuir com o crescimento do Grupo. Por isso, pessoas com defici\u00eancia s\u00e3o bem-vindas para se candidatarem \u00e0s oportunidades.<\/p>\n<p><strong>Como se inscrever<\/strong><\/p>\n<p>Os interessados devem enviar o curr\u00edculo para os endere\u00e7os de e-mail abaixo ou via WhatsApp at\u00e9 o dia 28 de fevereiro.<\/p>\n<ul>\n<li><strong>Unidade Cruz Alta (Ol\u00edmpia)<\/strong> &#8211; <a href=\"mailto:recrutamentocruzalta@tereos.com\">recrutamentocruzalta@tereos.com<\/a>|IND\u00daSTRIA:\u00a0(17) 99749-5242 \/ AGR\u00cdCOLA: (17) 99676-6389<\/li>\n<li><strong>Unidade Andrade (Pitangueiras)<\/strong> &#8211; <a href=\"mailto:recrutamento.andrade@tereos.com\">andrade@tereos.com<\/a> | IND\u00daSTRIA: (17) 99729-2177 \/ AGR\u00cdCOLA: (17) 99631-0318<\/li>\n<li><strong>Unidade Mandu (Gua\u00edra)<\/strong> &#8211; <a href=\"mailto:recrutamento.mandu.br@tereos.com\">mandu.br@tereos.com<\/a>|IND\u00daSTRIA: (17) 99729-2177 \/ AGR\u00cdCOLA: (17) 99631-0318<\/li>\n<li><strong>Unidade S\u00e3o Jos\u00e9 (Colina)<\/strong> &#8211; <a href=\"mailto:recrutamento.saojose.br@tereos.com\">saojose.br@tereos.com<\/a>|IND\u00daSTRIA: (17) 99605-8103 \/ AGR\u00cdCOLA: (17) 99732-7390<\/li>\n<li><strong>Unidade Tanabi (Tanabi)<\/strong> &#8211; <a href=\"mailto:recrutamento.tanabi@tereos.comI\">tanabi@tereos.com<\/a>| IND\u00daSTRIA:\u00a0(17) 99749-5242 \/ AGR\u00cdCOLA: (17) 99676-6389<\/li>\n<li><strong>Usina Vertente (Guaraci)<\/strong> &#8211; <a href=\"mailto:recrutamento.vertente.br@tereos.com\">vertente.br@tereos.com<\/a>| IND\u00daSTRIA: (17) 99605-8103 \/ AGR\u00cdCOLA (17) 99732-7390<\/li>\n<\/ul>\n<p>Tamb\u00e9m \u00e9 poss\u00edvel consultar outras oportunidades na p\u00e1gina da Tereos no LinkedIn: <a href=\"https:\/\/www.linkedin.com\/company\/tereos\/jobs\/\">https:\/\/www.linkedin.com\/company\/tereos\/jobs\/<\/a><\/p>\n<p>&nbsp;<\/p>\n<p><em>\u00a0<\/em><\/p>\n<p><em>\u00a0<\/em><\/p>\n"}],"flexible_editorial_clone":{"has_anchors":false,"sections":[{"acf_fc_layout":"rich_text","anchor_title":"","text":"<p><strong>Ol\u00edmpia, 06 de janeiro de 2025 &#8211;<\/strong> A Tereos, uma das l\u00edderes mundiais na produ\u00e7\u00e3o de a\u00e7\u00facar, etanol e bioenergia, est\u00e1 com mais de 400 vagas de emprego abertas para a safra 25\/26. As oportunidades s\u00e3o para as seis unidades industriais do grupo, localizadas na regi\u00e3o noroeste do Estado de S\u00e3o Paulo, e em todas as \u00e1reas da companhia.<\/p>\n<p>Na ind\u00fastria, a empresa est\u00e1 contratando para as fun\u00e7\u00f5es de Operador de Produ\u00e7\u00e3o de A\u00e7\u00facar, Operador de Destilaria, Operador de Extra\u00e7\u00e3o, Operador de Utilidades, Analista de Laborat\u00f3rio Jr., Operador de Sistemas El\u00e9tricos, Auxiliar de Laborat\u00f3rio, Operador de Movimenta\u00e7\u00e3o de A\u00e7\u00facar, Operador de Log\u00edstica, Auxiliar Industrial, Auxiliar de Servi\u00e7os Gerais e Balanceiro.<\/p>\n<p>Na \u00e1rea automotiva, h\u00e1 vagas para mec\u00e2nico automotivo, lubrificador, motorista comboio e motorista borracheiro. J\u00e1 na \u00e1rea agr\u00edcola, os postos dispon\u00edveis s\u00e3o para tratoristas, motoristas, tratoristas especializados, operador de motobomba e motorista especializado.<\/p>\n<p>As oportunidades s\u00e3o voltadas para moradores das cidades do entorno das unidades industriais da empresa, como Pitangueiras, Ibiti\u00fava, Gua\u00edra, Barretos, Colina, Jaborandi, Ol\u00edmpia, Sever\u00ednia, Bagua\u00e7u, Cajobi, Guapia\u00e7u, Guaraci, Altair, Ic\u00e9m, Nova Granada, Palestina, B\u00e1lsamo, Tanabi e Monte Apraz\u00edvel.<\/p>\n<p>A empresa conta com vagas efetivas e, tamb\u00e9m, para safristas. Todas as vagas oferecem sal\u00e1rio compat\u00edvel com o mercado e benef\u00edcios como seguro de vida, vale alimenta\u00e7\u00e3o, refeit\u00f3rio, previd\u00eancia privada, aux\u00edlio fretado, plano de sa\u00fade e aux\u00edlio farm\u00e1cia.<\/p>\n<p>A Tereos acredita que todos os profissionais podem contribuir com o crescimento do Grupo. Por isso, pessoas com defici\u00eancia s\u00e3o bem-vindas para se candidatarem \u00e0s oportunidades.<\/p>\n<p><strong>Como se inscrever<\/strong><\/p>\n<p>Os interessados devem enviar o curr\u00edculo para os endere\u00e7os de e-mail abaixo ou via WhatsApp at\u00e9 o dia 28 de fevereiro.<\/p>\n<ul>\n<li><strong>Unidade Cruz Alta (Ol\u00edmpia)<\/strong> &#8211; <a href=\"mailto:recrutamentocruzalta@tereos.com\">recrutamentocruzalta@tereos.com<\/a>|IND\u00daSTRIA:\u00a0(17) 99749-5242 \/ AGR\u00cdCOLA: (17) 99676-6389<\/li>\n<li><strong>Unidade Andrade (Pitangueiras)<\/strong> &#8211; <a href=\"mailto:recrutamento.andrade@tereos.com\">andrade@tereos.com<\/a> | IND\u00daSTRIA: (17) 99729-2177 \/ AGR\u00cdCOLA: (17) 99631-0318<\/li>\n<li><strong>Unidade Mandu (Gua\u00edra)<\/strong> &#8211; <a href=\"mailto:recrutamento.mandu.br@tereos.com\">mandu.br@tereos.com<\/a>|IND\u00daSTRIA: (17) 99729-2177 \/ AGR\u00cdCOLA: (17) 99631-0318<\/li>\n<li><strong>Unidade S\u00e3o Jos\u00e9 (Colina)<\/strong> &#8211; <a href=\"mailto:recrutamento.saojose.br@tereos.com\">saojose.br@tereos.com<\/a>|IND\u00daSTRIA: (17) 99605-8103 \/ AGR\u00cdCOLA: (17) 99732-7390<\/li>\n<li><strong>Unidade Tanabi (Tanabi)<\/strong> &#8211; <a href=\"mailto:recrutamento.tanabi@tereos.comI\">tanabi@tereos.com<\/a>| IND\u00daSTRIA:\u00a0(17) 99749-5242 \/ AGR\u00cdCOLA: (17) 99676-6389<\/li>\n<li><strong>Usina Vertente (Guaraci)<\/strong> &#8211; <a href=\"mailto:recrutamento.vertente.br@tereos.com\">vertente.br@tereos.com<\/a>| IND\u00daSTRIA: (17) 99605-8103 \/ AGR\u00cdCOLA (17) 99732-7390<\/li>\n<\/ul>\n<p>Tamb\u00e9m \u00e9 poss\u00edvel consultar outras oportunidades na p\u00e1gina da Tereos no LinkedIn: <a href=\"https:\/\/www.linkedin.com\/company\/tereos\/jobs\/\">https:\/\/www.linkedin.com\/company\/tereos\/jobs\/<\/a><\/p>\n<p>&nbsp;<\/p>\n<p><em>\u00a0<\/em><\/p>\n<p><em>\u00a0<\/em><\/p>\n"}]}},"yoast_head":"<!-- This site is optimized with the Yoast SEO plugin v23.7 - https:\/\/yoast.com\/wordpress\/plugins\/seo\/ -->\n<title>Tereos est\u00e1 com mais de 400 vagas abertas para a safra 25\/26 - Brasil<\/title>\n<meta name=\"robots\" content=\"index, follow, max-snippet:-1, max-image-preview:large, max-video-preview:-1\" \/>\n<link rel=\"canonical\" href=\"https:\/\/br.tereos.com\/pt-pt\/press-releases\/tereos-esta-com-mais-de-400-vagas-abertas-para-a-safra-25-26\/\" \/>\n<meta property=\"og:locale\" content=\"pt_PT\" \/>\n<meta property=\"og:type\" content=\"article\" \/>\n<meta property=\"og:title\" content=\"Tereos est\u00e1 com mais de 400 vagas abertas para a safra 25\/26 - Brasil\" \/>\n<meta property=\"og:url\" content=\"https:\/\/br.tereos.com\/pt-pt\/press-releases\/tereos-esta-com-mais-de-400-vagas-abertas-para-a-safra-25-26\/\" \/>\n<meta property=\"og:site_name\" content=\"Brasil\" \/>\n<meta property=\"article:modified_time\" content=\"2025-04-15T00:28:54+00:00\" \/>\n<meta property=\"og:image\" content=\"https:\/\/www.tereos.com\/app\/uploads\/sites\/7\/2025\/01\/usina-mandu-001-scaled.jpg\" \/>\n\t<meta property=\"og:image:width\" content=\"2560\" \/>\n\t<meta property=\"og:image:height\" content=\"1488\" \/>\n\t<meta property=\"og:image:type\" content=\"image\/jpeg\" \/>\n<meta name=\"twitter:card\" content=\"summary_large_image\" \/>\n<meta name=\"twitter:label1\" content=\"Est. reading time\" \/>\n\t<meta name=\"twitter:data1\" content=\"1 minute\" \/>\n<script type=\"application\/ld+json\" class=\"yoast-schema-graph\">{\"@context\":\"https:\/\/schema.org\",\"@graph\":[{\"@type\":\"WebPage\",\"@id\":\"https:\/\/br.tereos.com\/pt-pt\/press-releases\/tereos-esta-com-mais-de-400-vagas-abertas-para-a-safra-25-26\/\",\"url\":\"https:\/\/br.tereos.com\/pt-pt\/press-releases\/tereos-esta-com-mais-de-400-vagas-abertas-para-a-safra-25-26\/\",\"name\":\"Tereos est\u00e1 com mais de 400 vagas abertas para a safra 25\/26 - Brasil\",\"isPartOf\":{\"@id\":\"https:\/\/br.tereos.com\/pt-pt\/#website\"},\"primaryImageOfPage\":{\"@id\":\"https:\/\/br.tereos.com\/pt-pt\/press-releases\/tereos-esta-com-mais-de-400-vagas-abertas-para-a-safra-25-26\/#primaryimage\"},\"image\":{\"@id\":\"https:\/\/br.tereos.com\/pt-pt\/press-releases\/tereos-esta-com-mais-de-400-vagas-abertas-para-a-safra-25-26\/#primaryimage\"},\"thumbnailUrl\":\"https:\/\/www.tereos.com\/app\/uploads\/sites\/7\/2025\/01\/usina-mandu-001-scaled.jpg\",\"datePublished\":\"2025-01-16T12:06:45+00:00\",\"dateModified\":\"2025-04-15T00:28:54+00:00\",\"breadcrumb\":{\"@id\":\"https:\/\/br.tereos.com\/pt-pt\/press-releases\/tereos-esta-com-mais-de-400-vagas-abertas-para-a-safra-25-26\/#breadcrumb\"},\"inLanguage\":\"pt-PT\",\"potentialAction\":[{\"@type\":\"ReadAction\",\"target\":[\"https:\/\/br.tereos.com\/pt-pt\/press-releases\/tereos-esta-com-mais-de-400-vagas-abertas-para-a-safra-25-26\/\"]}]},{\"@type\":\"ImageObject\",\"inLanguage\":\"pt-PT\",\"@id\":\"https:\/\/br.tereos.com\/pt-pt\/press-releases\/tereos-esta-com-mais-de-400-vagas-abertas-para-a-safra-25-26\/#primaryimage\",\"url\":\"https:\/\/www.tereos.com\/app\/uploads\/sites\/7\/2025\/01\/usina-mandu-001-scaled.jpg\",\"contentUrl\":\"https:\/\/www.tereos.com\/app\/uploads\/sites\/7\/2025\/01\/usina-mandu-001-scaled.jpg\",\"width\":2560,\"height\":1488},{\"@type\":\"BreadcrumbList\",\"@id\":\"https:\/\/br.tereos.com\/pt-pt\/press-releases\/tereos-esta-com-mais-de-400-vagas-abertas-para-a-safra-25-26\/#breadcrumb\",\"itemListElement\":[{\"@type\":\"ListItem\",\"position\":1,\"name\":\"Home\",\"item\":\"https:\/\/br.tereos.com\/pt-pt\/\"},{\"@type\":\"ListItem\",\"position\":2,\"name\":\"Tereos est\u00e1 com mais de 400 vagas abertas para a safra 25\/26\"}]},{\"@type\":\"WebSite\",\"@id\":\"https:\/\/br.tereos.com\/pt-pt\/#website\",\"url\":\"https:\/\/br.tereos.com\/pt-pt\/\",\"name\":\"Brasil\",\"description\":\"Un site utilisant WordPress\",\"potentialAction\":[{\"@type\":\"SearchAction\",\"target\":{\"@type\":\"EntryPoint\",\"urlTemplate\":\"https:\/\/br.tereos.com\/pt-pt\/?s={search_term_string}\"},\"query-input\":{\"@type\":\"PropertyValueSpecification\",\"valueRequired\":true,\"valueName\":\"search_term_string\"}}],\"inLanguage\":\"pt-PT\"}]}<\/script>\n<!-- \/ Yoast SEO plugin. -->","yoast_head_json":{"title":"Tereos est\u00e1 com mais de 400 vagas abertas para a safra 25\/26 - Brasil","robots":{"index":"index","follow":"follow","max-snippet":"max-snippet:-1","max-image-preview":"max-image-preview:large","max-video-preview":"max-video-preview:-1"},"canonical":"https:\/\/br.tereos.com\/pt-pt\/press-releases\/tereos-esta-com-mais-de-400-vagas-abertas-para-a-safra-25-26\/","og_locale":"pt_PT","og_type":"article","og_title":"Tereos est\u00e1 com mais de 400 vagas abertas para a safra 25\/26 - Brasil","og_url":"https:\/\/br.tereos.com\/pt-pt\/press-releases\/tereos-esta-com-mais-de-400-vagas-abertas-para-a-safra-25-26\/","og_site_name":"Brasil","article_modified_time":"2025-04-15T00:28:54+00:00","og_image":[{"width":2560,"height":1488,"url":"https:\/\/www.tereos.com\/app\/uploads\/sites\/7\/2025\/01\/usina-mandu-001-scaled.jpg","type":"image\/jpeg"}],"twitter_card":"summary_large_image","twitter_misc":{"Est. reading time":"1 minute"},"schema":{"@context":"https:\/\/schema.org","@graph":[{"@type":"WebPage","@id":"https:\/\/br.tereos.com\/pt-pt\/press-releases\/tereos-esta-com-mais-de-400-vagas-abertas-para-a-safra-25-26\/","url":"https:\/\/br.tereos.com\/pt-pt\/press-releases\/tereos-esta-com-mais-de-400-vagas-abertas-para-a-safra-25-26\/","name":"Tereos est\u00e1 com mais de 400 vagas abertas para a safra 25\/26 - Brasil","isPartOf":{"@id":"https:\/\/br.tereos.com\/pt-pt\/#website"},"primaryImageOfPage":{"@id":"https:\/\/br.tereos.com\/pt-pt\/press-releases\/tereos-esta-com-mais-de-400-vagas-abertas-para-a-safra-25-26\/#primaryimage"},"image":{"@id":"https:\/\/br.tereos.com\/pt-pt\/press-releases\/tereos-esta-com-mais-de-400-vagas-abertas-para-a-safra-25-26\/#primaryimage"},"thumbnailUrl":"https:\/\/www.tereos.com\/app\/uploads\/sites\/7\/2025\/01\/usina-mandu-001-scaled.jpg","datePublished":"2025-01-16T12:06:45+00:00","dateModified":"2025-04-15T00:28:54+00:00","breadcrumb":{"@id":"https:\/\/br.tereos.com\/pt-pt\/press-releases\/tereos-esta-com-mais-de-400-vagas-abertas-para-a-safra-25-26\/#breadcrumb"},"inLanguage":"pt-PT","potentialAction":[{"@type":"ReadAction","target":["https:\/\/br.tereos.com\/pt-pt\/press-releases\/tereos-esta-com-mais-de-400-vagas-abertas-para-a-safra-25-26\/"]}]},{"@type":"ImageObject","inLanguage":"pt-PT","@id":"https:\/\/br.tereos.com\/pt-pt\/press-releases\/tereos-esta-com-mais-de-400-vagas-abertas-para-a-safra-25-26\/#primaryimage","url":"https:\/\/www.tereos.com\/app\/uploads\/sites\/7\/2025\/01\/usina-mandu-001-scaled.jpg","contentUrl":"https:\/\/www.tereos.com\/app\/uploads\/sites\/7\/2025\/01\/usina-mandu-001-scaled.jpg","width":2560,"height":1488},{"@type":"BreadcrumbList","@id":"https:\/\/br.tereos.com\/pt-pt\/press-releases\/tereos-esta-com-mais-de-400-vagas-abertas-para-a-safra-25-26\/#breadcrumb","itemListElement":[{"@type":"ListItem","position":1,"name":"Home","item":"https:\/\/br.tereos.com\/pt-pt\/"},{"@type":"ListItem","position":2,"name":"Tereos est\u00e1 com mais de 400 vagas abertas para a safra 25\/26"}]},{"@type":"WebSite","@id":"https:\/\/br.tereos.com\/pt-pt\/#website","url":"https:\/\/br.tereos.com\/pt-pt\/","name":"Brasil","description":"Un site utilisant WordPress","potentialAction":[{"@type":"SearchAction","target":{"@type":"EntryPoint","urlTemplate":"https:\/\/br.tereos.com\/pt-pt\/?s={search_term_string}"},"query-input":{"@type":"PropertyValueSpecification","valueRequired":true,"valueName":"search_term_string"}}],"inLanguage":"pt-PT"}]}},"featured_media_src":"https:\/\/www.tereos.com\/app\/uploads\/sites\/7\/2025\/01\/usina-mandu-001-scaled-520x390-c-default.jpg","date_formatted":"16 January 2025 ","_links":{"self":[{"href":"https:\/\/br.tereos.com\/pt-pt\/wp-json\/wp\/v2\/press-release\/10703"}],"collection":[{"href":"https:\/\/br.tereos.com\/pt-pt\/wp-json\/wp\/v2\/press-release"}],"about":[{"href":"https:\/\/br.tereos.com\/pt-pt\/wp-json\/wp\/v2\/types\/press_release"}],"author":[{"embeddable":true,"href":"https:\/\/br.tereos.com\/pt-pt\/wp-json\/wp\/v2\/users\/277"}],"version-history":[{"count":4,"href":"https:\/\/br.tereos.com\/pt-pt\/wp-json\/wp\/v2\/press-release\/10703\/revisions"}],"predecessor-version":[{"id":10730,"href":"https:\/\/br.tereos.com\/pt-pt\/wp-json\/wp\/v2\/press-release\/10703\/revisions\/10730"}],"wp:featuredmedia":[{"embeddable":true,"href":"https:\/\/br.tereos.com\/pt-pt\/wp-json\/wp\/v2\/media\/10704"}],"wp:attachment":[{"href":"https:\/\/br.tereos.com\/pt-pt\/wp-json\/wp\/v2\/media?parent=10703"}],"wp:term":[{"taxonomy":"category","embeddable":true,"href":"https:\/\/br.tereos.com\/pt-pt\/wp-json\/wp\/v2\/categories?post=10703"}],"curies":[{"name":"wp","href":"https:\/\/api.w.org\/{rel}","templated":true}]}}