{"id":10648,"date":"2024-09-19T21:31:36","date_gmt":"2024-09-19T19:31:36","guid":{"rendered":"https:\/\/br.tereos.com\/?post_type=press_release&#038;p=10648"},"modified":"2024-09-24T21:35:42","modified_gmt":"2024-09-24T19:35:42","slug":"tereos-se-torna-primeiro-produtor-mundial-de-acucar-e-amido-a-receber-validacao-do-sbti-para-metas-de-descarbonizacao","status":"publish","type":"press_release","link":"https:\/\/br.tereos.com\/pt-pt\/press-releases\/tereos-se-torna-primeiro-produtor-mundial-de-acucar-e-amido-a-receber-validacao-do-sbti-para-metas-de-descarbonizacao\/","title":{"rendered":"Tereos se torna primeiro produtor mundial de a\u00e7\u00facar e amido a receber valida\u00e7\u00e3o do SBTi para metas de descarboniza\u00e7\u00e3o"},"author":278,"featured_media":10650,"template":"","categories":[],"class_list":["post-10648","press_release","type-press_release","status-publish","has-post-thumbnail","hentry"],"acf":{"cover_image":10650,"cover_clone":{"cover_image":10650},"file":{"ID":10649,"id":10649,"title":"Tereos se torna primeiro produtor mundial de a\u00e7\u00facar e amido a receber valida\u00e7\u00e3o do SBTi para metas de descarboniza\u00e7\u00e3o","filename":"tereos-se-torna-primeiro-produtor-mundial-de-acucar-e-amido-a-receber-validacao-do-sbti-para-metas-de-descarbonizacao.pdf","filesize":127888,"url":"https:\/\/www.tereos.com\/app\/uploads\/sites\/7\/2024\/09\/tereos-se-torna-primeiro-produtor-mundial-de-acucar-e-amido-a-receber-validacao-do-sbti-para-metas-de-descarbonizacao.pdf","link":"https:\/\/br.tereos.com\/pt-pt\/press-releases\/tereos-se-torna-primeiro-produtor-mundial-de-acucar-e-amido-a-receber-validacao-do-sbti-para-metas-de-descarbonizacao\/tereos-se-torna-primeiro-produtor-mundial-de-acucar-e-amido-a-receber-validacao-do-sbti-para-metas-de-descarbonizacao\/","alt":"","author":"278","description":"","caption":"","name":"tereos-se-torna-primeiro-produtor-mundial-de-acucar-e-amido-a-receber-validacao-do-sbti-para-metas-de-descarbonizacao","status":"inherit","uploaded_to":10648,"date":"2024-09-24 19:35:08","modified":"2024-09-24 19:35:08","menu_order":0,"mime_type":"application\/pdf","type":"application","subtype":"pdf","icon":"https:\/\/br.tereos.com\/wp\/wp-includes\/images\/media\/document.png"},"pdf_clone":{"file":{"ID":10649,"id":10649,"title":"Tereos se torna primeiro produtor mundial de a\u00e7\u00facar e amido a receber valida\u00e7\u00e3o do SBTi para metas de descarboniza\u00e7\u00e3o","filename":"tereos-se-torna-primeiro-produtor-mundial-de-acucar-e-amido-a-receber-validacao-do-sbti-para-metas-de-descarbonizacao.pdf","filesize":127888,"url":"https:\/\/www.tereos.com\/app\/uploads\/sites\/7\/2024\/09\/tereos-se-torna-primeiro-produtor-mundial-de-acucar-e-amido-a-receber-validacao-do-sbti-para-metas-de-descarbonizacao.pdf","link":"https:\/\/br.tereos.com\/pt-pt\/press-releases\/tereos-se-torna-primeiro-produtor-mundial-de-acucar-e-amido-a-receber-validacao-do-sbti-para-metas-de-descarbonizacao\/tereos-se-torna-primeiro-produtor-mundial-de-acucar-e-amido-a-receber-validacao-do-sbti-para-metas-de-descarbonizacao\/","alt":"","author":"278","description":"","caption":"","name":"tereos-se-torna-primeiro-produtor-mundial-de-acucar-e-amido-a-receber-validacao-do-sbti-para-metas-de-descarbonizacao","status":"inherit","uploaded_to":10648,"date":"2024-09-24 19:35:08","modified":"2024-09-24 19:35:08","menu_order":0,"mime_type":"application\/pdf","type":"application","subtype":"pdf","icon":"https:\/\/br.tereos.com\/wp\/wp-includes\/images\/media\/document.png"}},"headline":"Plano apresentado pelo Grupo de ser Net Zero at\u00e9 2050, no m\u00e1ximo, foi validado pela iniciativa, uma refer\u00eancia global para compromissos clim\u00e1ticos","headline_clone":{"headline":"Plano apresentado pelo Grupo de ser Net Zero at\u00e9 2050, no m\u00e1ximo, foi validado pela iniciativa, uma refer\u00eancia global para compromissos clim\u00e1ticos"},"has_anchors":false,"sections":[{"acf_fc_layout":"rich_text","anchor_title":"","text":"<p><strong>S\u00e3o Paulo, 19 de setembro de 2024 &#8211;<\/strong> O Grupo Tereos acaba de se tornar o primeiro produtor de a\u00e7\u00facar e amido a receber a aprova\u00e7\u00e3o de suas metas de descarboniza\u00e7\u00e3o. A valida\u00e7\u00e3o do compromisso de ser Net Zero at\u00e9 2050 veio do SBTi (Science Based Targets Initiative), plataforma de refer\u00eancia global para os compromissos clim\u00e1ticos adotados por empresas.<\/p>\n<p>A Tereos aderiu ao SBTi em 2022 e, em mar\u00e7o deste ano, anunciou seu programa para zerar as emiss\u00f5es de gases de efeito estufa (GEE) em conformidade com o Acordo de Paris. Agora, o SBTi validou o plano de descarboniza\u00e7\u00e3o, sendo essa a primeira valida\u00e7\u00e3o concedida pela iniciativa a um player ativo nos mercados de a\u00e7\u00facar e amido na Uni\u00e3o Europeia.<\/p>\n<p>Parceria entre o CDP (Carbon Disclosure Project), o Pacto Global das Na\u00e7\u00f5es Unidas, o World Resources Institute (WRI) e o World Wide Fund for Nature (WWF), o SBTi \u00e9 uma iniciativa para mobilizar o setor privado em rela\u00e7\u00e3o \u00e0s mudan\u00e7as clim\u00e1ticas e limitar o aquecimento global a 1,5\u00ba C.<\/p>\n<p>A Tereos escolheu o mais alto n\u00edvel de compromisso &#8211; o programa &#8220;FLAG (Forest, Land And Agriculture)&#8221; &#8211; que abrange toda a cadeia de valor, desde as atividades agr\u00edcolas at\u00e9 a transforma\u00e7\u00e3o e comercializa\u00e7\u00e3o dos seus produtos.<\/p>\n<p>Para atingir esse objetivo, na Europa o Grupo pretende reduzir as emiss\u00f5es de gases de efeito de estufa (GEE) das suas instala\u00e7\u00f5es industriais em 65% at\u00e9 2033 \u2013 e em 50% globalmente \u2013 por meio da implementa\u00e7\u00e3o de 78 projetos e um investimento total de cerca de 800 milh\u00f5es de euros. Al\u00e9m disso, tamb\u00e9m tem o compromisso de reduzir as emiss\u00f5es de GEE em 36% at\u00e9 2033 para a parte agr\u00edcola de suas atividades.<\/p>\n<p>&#8220;Este passo confirma a seriedade com que levamos esse compromisso. Nossa contribui\u00e7\u00e3o para o cumprimento do Acordo de Paris se reflete em grandes mudan\u00e7as em toda a nossa organiza\u00e7\u00e3o. Elas s\u00e3o a base do futuro comum que queremos cultivar para a terra e seu povo, a fim de atender \u00e0s necessidades essenciais da vida cotidiana&#8221;, diz Olivier Leducq, CEO global da Tereos.<\/p>\n<p>No Brasil, o compromisso da Tereos com a descarboniza\u00e7\u00e3o se baseia em uma frente de inciativas que tem como alavanca o uso de biog\u00e1s e biometano, combust\u00edvel gerado a partir da vinha\u00e7a e uma alternativa limpa aos combust\u00edveis f\u00f3sseis.<\/p>\n<p>A Tereos no Brasil tamb\u00e9m vem implementando a\u00e7\u00f5es que auxiliam na redu\u00e7\u00e3o do consumo de diesel, como a renova\u00e7\u00e3o da frota de caminh\u00f5es por ve\u00edculos mais modernos e que emitem menos CO<sub>2<\/sub>, utiliza\u00e7\u00e3o de diesel aditivado menos poluente e mais eficiente e otimiza\u00e7\u00e3o das opera\u00e7\u00f5es por meio de um acompanhamento em tempo real feito pelo COA (Centro de Opera\u00e7\u00f5es Agroindustriais).<\/p>\n<p>Com esse conjunto de a\u00e7\u00f5es, foi poss\u00edvel reduzir o consumo de diesel em mais de 3,4 milh\u00f5es de litros ao longo de 2023 em rela\u00e7\u00e3o ao ano anterior, o que significa que a empresa deixou de emitir 9 mil toneladas de CO<sub>2<\/sub> no per\u00edodo.<\/p>\n<p>Na \u00e1rea agr\u00edcola, a agricultura regenerativa \u00e9 o principal pilar. A empresa vem adotando o uso de fertilizantes org\u00e2nicos em detrimento dos minerais nitrogenados. O uso de fertilizantes de baixa emiss\u00e3o e estudos sobre potenciais parcerias em fertilizantes verdes tamb\u00e9m est\u00e3o em andamento.<\/p>\n<p>\u201cNosso neg\u00f3cio em si j\u00e1 tem uma pegada de carbono mais baixa em rela\u00e7\u00e3o a outras culturas, dada a l\u00f3gica da economia circular da cana-de-a\u00e7\u00facar, e seguimos buscando novas oportunidades para continuar reduzindo nosso impacto no meio ambiente, alinhadas com as nossas metas globais de descarboniza\u00e7\u00e3o. Estamos engajados em uma jornada robusta de descarboniza\u00e7\u00e3o, contribuindo para o setor sucroenerg\u00e9tico aumentar ainda mais o seu impacto positivo na matriz energ\u00e9tica brasileira\u201d, completa Pierre Santoul, diretor-presidente da Tereos no Brasil.<\/p>\n"}],"flexible_editorial_clone":{"has_anchors":false,"sections":[{"acf_fc_layout":"rich_text","anchor_title":"","text":"<p><strong>S\u00e3o Paulo, 19 de setembro de 2024 &#8211;<\/strong> O Grupo Tereos acaba de se tornar o primeiro produtor de a\u00e7\u00facar e amido a receber a aprova\u00e7\u00e3o de suas metas de descarboniza\u00e7\u00e3o. A valida\u00e7\u00e3o do compromisso de ser Net Zero at\u00e9 2050 veio do SBTi (Science Based Targets Initiative), plataforma de refer\u00eancia global para os compromissos clim\u00e1ticos adotados por empresas.<\/p>\n<p>A Tereos aderiu ao SBTi em 2022 e, em mar\u00e7o deste ano, anunciou seu programa para zerar as emiss\u00f5es de gases de efeito estufa (GEE) em conformidade com o Acordo de Paris. Agora, o SBTi validou o plano de descarboniza\u00e7\u00e3o, sendo essa a primeira valida\u00e7\u00e3o concedida pela iniciativa a um player ativo nos mercados de a\u00e7\u00facar e amido na Uni\u00e3o Europeia.<\/p>\n<p>Parceria entre o CDP (Carbon Disclosure Project), o Pacto Global das Na\u00e7\u00f5es Unidas, o World Resources Institute (WRI) e o World Wide Fund for Nature (WWF), o SBTi \u00e9 uma iniciativa para mobilizar o setor privado em rela\u00e7\u00e3o \u00e0s mudan\u00e7as clim\u00e1ticas e limitar o aquecimento global a 1,5\u00ba C.<\/p>\n<p>A Tereos escolheu o mais alto n\u00edvel de compromisso &#8211; o programa &#8220;FLAG (Forest, Land And Agriculture)&#8221; &#8211; que abrange toda a cadeia de valor, desde as atividades agr\u00edcolas at\u00e9 a transforma\u00e7\u00e3o e comercializa\u00e7\u00e3o dos seus produtos.<\/p>\n<p>Para atingir esse objetivo, na Europa o Grupo pretende reduzir as emiss\u00f5es de gases de efeito de estufa (GEE) das suas instala\u00e7\u00f5es industriais em 65% at\u00e9 2033 \u2013 e em 50% globalmente \u2013 por meio da implementa\u00e7\u00e3o de 78 projetos e um investimento total de cerca de 800 milh\u00f5es de euros. Al\u00e9m disso, tamb\u00e9m tem o compromisso de reduzir as emiss\u00f5es de GEE em 36% at\u00e9 2033 para a parte agr\u00edcola de suas atividades.<\/p>\n<p>&#8220;Este passo confirma a seriedade com que levamos esse compromisso. Nossa contribui\u00e7\u00e3o para o cumprimento do Acordo de Paris se reflete em grandes mudan\u00e7as em toda a nossa organiza\u00e7\u00e3o. Elas s\u00e3o a base do futuro comum que queremos cultivar para a terra e seu povo, a fim de atender \u00e0s necessidades essenciais da vida cotidiana&#8221;, diz Olivier Leducq, CEO global da Tereos.<\/p>\n<p>No Brasil, o compromisso da Tereos com a descarboniza\u00e7\u00e3o se baseia em uma frente de inciativas que tem como alavanca o uso de biog\u00e1s e biometano, combust\u00edvel gerado a partir da vinha\u00e7a e uma alternativa limpa aos combust\u00edveis f\u00f3sseis.<\/p>\n<p>A Tereos no Brasil tamb\u00e9m vem implementando a\u00e7\u00f5es que auxiliam na redu\u00e7\u00e3o do consumo de diesel, como a renova\u00e7\u00e3o da frota de caminh\u00f5es por ve\u00edculos mais modernos e que emitem menos CO<sub>2<\/sub>, utiliza\u00e7\u00e3o de diesel aditivado menos poluente e mais eficiente e otimiza\u00e7\u00e3o das opera\u00e7\u00f5es por meio de um acompanhamento em tempo real feito pelo COA (Centro de Opera\u00e7\u00f5es Agroindustriais).<\/p>\n<p>Com esse conjunto de a\u00e7\u00f5es, foi poss\u00edvel reduzir o consumo de diesel em mais de 3,4 milh\u00f5es de litros ao longo de 2023 em rela\u00e7\u00e3o ao ano anterior, o que significa que a empresa deixou de emitir 9 mil toneladas de CO<sub>2<\/sub> no per\u00edodo.<\/p>\n<p>Na \u00e1rea agr\u00edcola, a agricultura regenerativa \u00e9 o principal pilar. A empresa vem adotando o uso de fertilizantes org\u00e2nicos em detrimento dos minerais nitrogenados. O uso de fertilizantes de baixa emiss\u00e3o e estudos sobre potenciais parcerias em fertilizantes verdes tamb\u00e9m est\u00e3o em andamento.<\/p>\n<p>\u201cNosso neg\u00f3cio em si j\u00e1 tem uma pegada de carbono mais baixa em rela\u00e7\u00e3o a outras culturas, dada a l\u00f3gica da economia circular da cana-de-a\u00e7\u00facar, e seguimos buscando novas oportunidades para continuar reduzindo nosso impacto no meio ambiente, alinhadas com as nossas metas globais de descarboniza\u00e7\u00e3o. Estamos engajados em uma jornada robusta de descarboniza\u00e7\u00e3o, contribuindo para o setor sucroenerg\u00e9tico aumentar ainda mais o seu impacto positivo na matriz energ\u00e9tica brasileira\u201d, completa Pierre Santoul, diretor-presidente da Tereos no Brasil.<\/p>\n"}]}},"yoast_head":"<!-- This site is optimized with the Yoast SEO plugin v23.7 - https:\/\/yoast.com\/wordpress\/plugins\/seo\/ -->\n<title>Tereos se torna primeiro produtor mundial de a\u00e7\u00facar e amido a receber valida\u00e7\u00e3o do SBTi para metas de descarboniza\u00e7\u00e3o - Brasil<\/title>\n<meta name=\"robots\" content=\"index, follow, max-snippet:-1, max-image-preview:large, max-video-preview:-1\" \/>\n<link rel=\"canonical\" href=\"https:\/\/br.tereos.com\/pt-pt\/press-releases\/tereos-se-torna-primeiro-produtor-mundial-de-acucar-e-amido-a-receber-validacao-do-sbti-para-metas-de-descarbonizacao\/\" \/>\n<meta property=\"og:locale\" content=\"pt_PT\" \/>\n<meta property=\"og:type\" content=\"article\" \/>\n<meta property=\"og:title\" content=\"Tereos se torna primeiro produtor mundial de a\u00e7\u00facar e amido a receber valida\u00e7\u00e3o do SBTi para metas de descarboniza\u00e7\u00e3o - Brasil\" \/>\n<meta property=\"og:url\" content=\"https:\/\/br.tereos.com\/pt-pt\/press-releases\/tereos-se-torna-primeiro-produtor-mundial-de-acucar-e-amido-a-receber-validacao-do-sbti-para-metas-de-descarbonizacao\/\" \/>\n<meta property=\"og:site_name\" content=\"Brasil\" \/>\n<meta property=\"article:modified_time\" content=\"2024-09-24T19:35:42+00:00\" \/>\n<meta property=\"og:image\" content=\"https:\/\/www.tereos.com\/app\/uploads\/sites\/7\/2024\/09\/tereos-colhedeira-drone-002-5-scaled.jpg\" \/>\n\t<meta property=\"og:image:width\" content=\"2560\" \/>\n\t<meta property=\"og:image:height\" content=\"1440\" \/>\n\t<meta property=\"og:image:type\" content=\"image\/jpeg\" \/>\n<meta name=\"twitter:card\" content=\"summary_large_image\" \/>\n<script type=\"application\/ld+json\" class=\"yoast-schema-graph\">{\"@context\":\"https:\/\/schema.org\",\"@graph\":[{\"@type\":\"WebPage\",\"@id\":\"https:\/\/br.tereos.com\/pt-pt\/press-releases\/tereos-se-torna-primeiro-produtor-mundial-de-acucar-e-amido-a-receber-validacao-do-sbti-para-metas-de-descarbonizacao\/\",\"url\":\"https:\/\/br.tereos.com\/pt-pt\/press-releases\/tereos-se-torna-primeiro-produtor-mundial-de-acucar-e-amido-a-receber-validacao-do-sbti-para-metas-de-descarbonizacao\/\",\"name\":\"Tereos se torna primeiro produtor mundial de a\u00e7\u00facar e amido a receber valida\u00e7\u00e3o do SBTi para metas de descarboniza\u00e7\u00e3o - Brasil\",\"isPartOf\":{\"@id\":\"https:\/\/br.tereos.com\/pt-pt\/#website\"},\"primaryImageOfPage\":{\"@id\":\"https:\/\/br.tereos.com\/pt-pt\/press-releases\/tereos-se-torna-primeiro-produtor-mundial-de-acucar-e-amido-a-receber-validacao-do-sbti-para-metas-de-descarbonizacao\/#primaryimage\"},\"image\":{\"@id\":\"https:\/\/br.tereos.com\/pt-pt\/press-releases\/tereos-se-torna-primeiro-produtor-mundial-de-acucar-e-amido-a-receber-validacao-do-sbti-para-metas-de-descarbonizacao\/#primaryimage\"},\"thumbnailUrl\":\"https:\/\/www.tereos.com\/app\/uploads\/sites\/7\/2024\/09\/tereos-colhedeira-drone-002-5-scaled.jpg\",\"datePublished\":\"2024-09-19T19:31:36+00:00\",\"dateModified\":\"2024-09-24T19:35:42+00:00\",\"breadcrumb\":{\"@id\":\"https:\/\/br.tereos.com\/pt-pt\/press-releases\/tereos-se-torna-primeiro-produtor-mundial-de-acucar-e-amido-a-receber-validacao-do-sbti-para-metas-de-descarbonizacao\/#breadcrumb\"},\"inLanguage\":\"pt-PT\",\"potentialAction\":[{\"@type\":\"ReadAction\",\"target\":[\"https:\/\/br.tereos.com\/pt-pt\/press-releases\/tereos-se-torna-primeiro-produtor-mundial-de-acucar-e-amido-a-receber-validacao-do-sbti-para-metas-de-descarbonizacao\/\"]}]},{\"@type\":\"ImageObject\",\"inLanguage\":\"pt-PT\",\"@id\":\"https:\/\/br.tereos.com\/pt-pt\/press-releases\/tereos-se-torna-primeiro-produtor-mundial-de-acucar-e-amido-a-receber-validacao-do-sbti-para-metas-de-descarbonizacao\/#primaryimage\",\"url\":\"https:\/\/www.tereos.com\/app\/uploads\/sites\/7\/2024\/09\/tereos-colhedeira-drone-002-5-scaled.jpg\",\"contentUrl\":\"https:\/\/www.tereos.com\/app\/uploads\/sites\/7\/2024\/09\/tereos-colhedeira-drone-002-5-scaled.jpg\",\"width\":2560,\"height\":1440},{\"@type\":\"BreadcrumbList\",\"@id\":\"https:\/\/br.tereos.com\/pt-pt\/press-releases\/tereos-se-torna-primeiro-produtor-mundial-de-acucar-e-amido-a-receber-validacao-do-sbti-para-metas-de-descarbonizacao\/#breadcrumb\",\"itemListElement\":[{\"@type\":\"ListItem\",\"position\":1,\"name\":\"Home\",\"item\":\"https:\/\/br.tereos.com\/pt-pt\/\"},{\"@type\":\"ListItem\",\"position\":2,\"name\":\"Tereos se torna primeiro produtor mundial de a\u00e7\u00facar e amido a receber valida\u00e7\u00e3o do SBTi para metas de descarboniza\u00e7\u00e3o\"}]},{\"@type\":\"WebSite\",\"@id\":\"https:\/\/br.tereos.com\/pt-pt\/#website\",\"url\":\"https:\/\/br.tereos.com\/pt-pt\/\",\"name\":\"Brasil\",\"description\":\"Un site utilisant WordPress\",\"potentialAction\":[{\"@type\":\"SearchAction\",\"target\":{\"@type\":\"EntryPoint\",\"urlTemplate\":\"https:\/\/br.tereos.com\/pt-pt\/?s={search_term_string}\"},\"query-input\":{\"@type\":\"PropertyValueSpecification\",\"valueRequired\":true,\"valueName\":\"search_term_string\"}}],\"inLanguage\":\"pt-PT\"}]}<\/script>\n<!-- \/ Yoast SEO plugin. -->","yoast_head_json":{"title":"Tereos se torna primeiro produtor mundial de a\u00e7\u00facar e amido a receber valida\u00e7\u00e3o do SBTi para metas de descarboniza\u00e7\u00e3o - Brasil","robots":{"index":"index","follow":"follow","max-snippet":"max-snippet:-1","max-image-preview":"max-image-preview:large","max-video-preview":"max-video-preview:-1"},"canonical":"https:\/\/br.tereos.com\/pt-pt\/press-releases\/tereos-se-torna-primeiro-produtor-mundial-de-acucar-e-amido-a-receber-validacao-do-sbti-para-metas-de-descarbonizacao\/","og_locale":"pt_PT","og_type":"article","og_title":"Tereos se torna primeiro produtor mundial de a\u00e7\u00facar e amido a receber valida\u00e7\u00e3o do SBTi para metas de descarboniza\u00e7\u00e3o - Brasil","og_url":"https:\/\/br.tereos.com\/pt-pt\/press-releases\/tereos-se-torna-primeiro-produtor-mundial-de-acucar-e-amido-a-receber-validacao-do-sbti-para-metas-de-descarbonizacao\/","og_site_name":"Brasil","article_modified_time":"2024-09-24T19:35:42+00:00","og_image":[{"width":2560,"height":1440,"url":"https:\/\/www.tereos.com\/app\/uploads\/sites\/7\/2024\/09\/tereos-colhedeira-drone-002-5-scaled.jpg","type":"image\/jpeg"}],"twitter_card":"summary_large_image","schema":{"@context":"https:\/\/schema.org","@graph":[{"@type":"WebPage","@id":"https:\/\/br.tereos.com\/pt-pt\/press-releases\/tereos-se-torna-primeiro-produtor-mundial-de-acucar-e-amido-a-receber-validacao-do-sbti-para-metas-de-descarbonizacao\/","url":"https:\/\/br.tereos.com\/pt-pt\/press-releases\/tereos-se-torna-primeiro-produtor-mundial-de-acucar-e-amido-a-receber-validacao-do-sbti-para-metas-de-descarbonizacao\/","name":"Tereos se torna primeiro produtor mundial de a\u00e7\u00facar e amido a receber valida\u00e7\u00e3o do SBTi para metas de descarboniza\u00e7\u00e3o - Brasil","isPartOf":{"@id":"https:\/\/br.tereos.com\/pt-pt\/#website"},"primaryImageOfPage":{"@id":"https:\/\/br.tereos.com\/pt-pt\/press-releases\/tereos-se-torna-primeiro-produtor-mundial-de-acucar-e-amido-a-receber-validacao-do-sbti-para-metas-de-descarbonizacao\/#primaryimage"},"image":{"@id":"https:\/\/br.tereos.com\/pt-pt\/press-releases\/tereos-se-torna-primeiro-produtor-mundial-de-acucar-e-amido-a-receber-validacao-do-sbti-para-metas-de-descarbonizacao\/#primaryimage"},"thumbnailUrl":"https:\/\/www.tereos.com\/app\/uploads\/sites\/7\/2024\/09\/tereos-colhedeira-drone-002-5-scaled.jpg","datePublished":"2024-09-19T19:31:36+00:00","dateModified":"2024-09-24T19:35:42+00:00","breadcrumb":{"@id":"https:\/\/br.tereos.com\/pt-pt\/press-releases\/tereos-se-torna-primeiro-produtor-mundial-de-acucar-e-amido-a-receber-validacao-do-sbti-para-metas-de-descarbonizacao\/#breadcrumb"},"inLanguage":"pt-PT","potentialAction":[{"@type":"ReadAction","target":["https:\/\/br.tereos.com\/pt-pt\/press-releases\/tereos-se-torna-primeiro-produtor-mundial-de-acucar-e-amido-a-receber-validacao-do-sbti-para-metas-de-descarbonizacao\/"]}]},{"@type":"ImageObject","inLanguage":"pt-PT","@id":"https:\/\/br.tereos.com\/pt-pt\/press-releases\/tereos-se-torna-primeiro-produtor-mundial-de-acucar-e-amido-a-receber-validacao-do-sbti-para-metas-de-descarbonizacao\/#primaryimage","url":"https:\/\/www.tereos.com\/app\/uploads\/sites\/7\/2024\/09\/tereos-colhedeira-drone-002-5-scaled.jpg","contentUrl":"https:\/\/www.tereos.com\/app\/uploads\/sites\/7\/2024\/09\/tereos-colhedeira-drone-002-5-scaled.jpg","width":2560,"height":1440},{"@type":"BreadcrumbList","@id":"https:\/\/br.tereos.com\/pt-pt\/press-releases\/tereos-se-torna-primeiro-produtor-mundial-de-acucar-e-amido-a-receber-validacao-do-sbti-para-metas-de-descarbonizacao\/#breadcrumb","itemListElement":[{"@type":"ListItem","position":1,"name":"Home","item":"https:\/\/br.tereos.com\/pt-pt\/"},{"@type":"ListItem","position":2,"name":"Tereos se torna primeiro produtor mundial de a\u00e7\u00facar e amido a receber valida\u00e7\u00e3o do SBTi para metas de descarboniza\u00e7\u00e3o"}]},{"@type":"WebSite","@id":"https:\/\/br.tereos.com\/pt-pt\/#website","url":"https:\/\/br.tereos.com\/pt-pt\/","name":"Brasil","description":"Un site utilisant WordPress","potentialAction":[{"@type":"SearchAction","target":{"@type":"EntryPoint","urlTemplate":"https:\/\/br.tereos.com\/pt-pt\/?s={search_term_string}"},"query-input":{"@type":"PropertyValueSpecification","valueRequired":true,"valueName":"search_term_string"}}],"inLanguage":"pt-PT"}]}},"featured_media_src":"https:\/\/www.tereos.com\/app\/uploads\/sites\/7\/2024\/09\/tereos-colhedeira-drone-002-5-scaled-520x390-c-default.jpg","date_formatted":"19 September 2024 ","_links":{"self":[{"href":"https:\/\/br.tereos.com\/pt-pt\/wp-json\/wp\/v2\/press-release\/10648"}],"collection":[{"href":"https:\/\/br.tereos.com\/pt-pt\/wp-json\/wp\/v2\/press-release"}],"about":[{"href":"https:\/\/br.tereos.com\/pt-pt\/wp-json\/wp\/v2\/types\/press_release"}],"author":[{"embeddable":true,"href":"https:\/\/br.tereos.com\/pt-pt\/wp-json\/wp\/v2\/users\/278"}],"version-history":[{"count":1,"href":"https:\/\/br.tereos.com\/pt-pt\/wp-json\/wp\/v2\/press-release\/10648\/revisions"}],"predecessor-version":[{"id":10651,"href":"https:\/\/br.tereos.com\/pt-pt\/wp-json\/wp\/v2\/press-release\/10648\/revisions\/10651"}],"wp:featuredmedia":[{"embeddable":true,"href":"https:\/\/br.tereos.com\/pt-pt\/wp-json\/wp\/v2\/media\/10650"}],"wp:attachment":[{"href":"https:\/\/br.tereos.com\/pt-pt\/wp-json\/wp\/v2\/media?parent=10648"}],"wp:term":[{"taxonomy":"category","embeddable":true,"href":"https:\/\/br.tereos.com\/pt-pt\/wp-json\/wp\/v2\/categories?post=10648"}],"curies":[{"name":"wp","href":"https:\/\/api.w.org\/{rel}","templated":true}]}}