{"id":10442,"date":"2024-07-15T14:42:58","date_gmt":"2024-07-15T12:42:58","guid":{"rendered":"https:\/\/br.tereos.com\/?post_type=press_release&#038;p=10442"},"modified":"2024-08-14T14:49:21","modified_gmt":"2024-08-14T12:49:21","slug":"tereos-expande-pontos-de-recarga-para-veiculos-eletricos-em-parceria-com-espaco-unimed","status":"publish","type":"press_release","link":"https:\/\/br.tereos.com\/pt-pt\/press-releases\/tereos-expande-pontos-de-recarga-para-veiculos-eletricos-em-parceria-com-espaco-unimed\/","title":{"rendered":"Tereos expande pontos de recarga para ve\u00edculos el\u00e9tricos em parceria com Espa\u00e7o Unimed"},"author":278,"featured_media":0,"template":"","categories":[],"class_list":["post-10442","press_release","type-press_release","status-publish","hentry"],"acf":{"cover_image":false,"cover_clone":{"cover_image":false},"file":{"ID":10443,"id":10443,"title":"Tereos expande pontos de recarga para ve\u00edculos el\u00e9tricos em parceria com Espa\u00e7o Unimed","filename":"tereos-expande-pontos-de-recarga-para-veiculos-eletricos-em-parceria-com-espaco-unimed.pdf","filesize":226009,"url":"https:\/\/www.tereos.com\/app\/uploads\/sites\/7\/2024\/08\/tereos-expande-pontos-de-recarga-para-veiculos-eletricos-em-parceria-com-espaco-unimed.pdf","link":"https:\/\/br.tereos.com\/pt-pt\/press-releases\/tereos-expande-pontos-de-recarga-para-veiculos-eletricos-em-parceria-com-espaco-unimed\/tereos-expande-pontos-de-recarga-para-veiculos-eletricos-em-parceria-com-espaco-unimed\/","alt":"","author":"278","description":"","caption":"","name":"tereos-expande-pontos-de-recarga-para-veiculos-eletricos-em-parceria-com-espaco-unimed","status":"inherit","uploaded_to":10442,"date":"2024-08-14 12:47:04","modified":"2024-08-14 12:47:04","menu_order":0,"mime_type":"application\/pdf","type":"application","subtype":"pdf","icon":"https:\/\/br.tereos.com\/wp\/wp-includes\/images\/media\/document.png"},"pdf_clone":{"file":{"ID":10443,"id":10443,"title":"Tereos expande pontos de recarga para ve\u00edculos el\u00e9tricos em parceria com Espa\u00e7o Unimed","filename":"tereos-expande-pontos-de-recarga-para-veiculos-eletricos-em-parceria-com-espaco-unimed.pdf","filesize":226009,"url":"https:\/\/www.tereos.com\/app\/uploads\/sites\/7\/2024\/08\/tereos-expande-pontos-de-recarga-para-veiculos-eletricos-em-parceria-com-espaco-unimed.pdf","link":"https:\/\/br.tereos.com\/pt-pt\/press-releases\/tereos-expande-pontos-de-recarga-para-veiculos-eletricos-em-parceria-com-espaco-unimed\/tereos-expande-pontos-de-recarga-para-veiculos-eletricos-em-parceria-com-espaco-unimed\/","alt":"","author":"278","description":"","caption":"","name":"tereos-expande-pontos-de-recarga-para-veiculos-eletricos-em-parceria-com-espaco-unimed","status":"inherit","uploaded_to":10442,"date":"2024-08-14 12:47:04","modified":"2024-08-14 12:47:04","menu_order":0,"mime_type":"application\/pdf","type":"application","subtype":"pdf","icon":"https:\/\/br.tereos.com\/wp\/wp-includes\/images\/media\/document.png"}},"headline":"P\u00fablico da casa de shows passa a contar com dois equipamentos para recarregar ve\u00edculos no estacionamento do local","headline_clone":{"headline":"P\u00fablico da casa de shows passa a contar com dois equipamentos para recarregar ve\u00edculos no estacionamento do local"},"has_anchors":false,"sections":[{"acf_fc_layout":"rich_text","anchor_title":"","text":"<p><strong>S\u00e3o Paulo, 15 de julho de 2024<\/strong> \u2013 A Tereos, uma das l\u00edderes mundiais na produ\u00e7\u00e3o de a\u00e7\u00facar, etanol e bioenergia, expandiu sua atua\u00e7\u00e3o no segmento de eletropostos com a inaugura\u00e7\u00e3o de mais dois pontos de recarga de ve\u00edculos el\u00e9tricos. Os pontos est\u00e3o localizados no estacionamento do Espa\u00e7o Unimed, casa de shows localizada em S\u00e3o Paulo.<\/p>\n<p>A iniciativa refor\u00e7a o compromisso da companhia em contribuir com a diversifica\u00e7\u00e3o da matriz energ\u00e9tica brasileira e estreitar ainda mais o relacionamento com os consumidores. \u201cCom a expans\u00e3o dos eletropostos, avan\u00e7amos em nossa estrat\u00e9gia de impulsionar solu\u00e7\u00f5es que promovam o uso de energia renov\u00e1vel no pa\u00eds\u201d, comenta Gustavo Segantini, diretor comercial da Tereos.<\/p>\n<p>Desde 2019, a Tereos j\u00e1 possui uma parceria com o Espa\u00e7o Unimed para fornecimento de energia gerada de uma fonte sustent\u00e1vel, no caso a biomassa da cana-de-a\u00e7\u00facar. Na safra 23\/24, a empresa alcan\u00e7ou a marca de 1.500 GWh de energia gerada a partir de res\u00edduos de cana. A energia \u00e9 utilizada em suas pr\u00f3prias opera\u00e7\u00f5es, e o excedente \u00e9 vendido ou doado.<\/p>\n<p>Comprometido com a sustentabilidade, o Espa\u00e7o Unimed adota pr\u00e1ticas ecol\u00f3gicas e utiliza energia limpa e renov\u00e1vel em parceria com a Tereos. Segundo o diretor Vinicius Tobal, &#8220;nosso compromisso com a sustentabilidade vai al\u00e9m da quest\u00e3o energ\u00e9tica, sempre buscando inova\u00e7\u00f5es que elevem a experi\u00eancia de entretenimento para nossos clientes.&#8221;<\/p>\n<p><strong>Eletropostos<\/strong><\/p>\n<p>A Tereos ingressou no segmento de oferecer recarga de ve\u00edculos el\u00e9tricos em dezembro de 2023, por meio de uma parceria com a Volvo Car Brasil e o Tenda Atacado. O primeiro ponto instalado foi na unidade Ceasa da rede de atacarejo, localizada em Campinas (SP).\u00a0 Desde ent\u00e3o a Tereos vem avaliando novas parcerias e projeta a instala\u00e7\u00e3o de 15 a 20 esta\u00e7\u00f5es de recarga nesta safra.<\/p>\n"}],"flexible_editorial_clone":{"has_anchors":false,"sections":[{"acf_fc_layout":"rich_text","anchor_title":"","text":"<p><strong>S\u00e3o Paulo, 15 de julho de 2024<\/strong> \u2013 A Tereos, uma das l\u00edderes mundiais na produ\u00e7\u00e3o de a\u00e7\u00facar, etanol e bioenergia, expandiu sua atua\u00e7\u00e3o no segmento de eletropostos com a inaugura\u00e7\u00e3o de mais dois pontos de recarga de ve\u00edculos el\u00e9tricos. Os pontos est\u00e3o localizados no estacionamento do Espa\u00e7o Unimed, casa de shows localizada em S\u00e3o Paulo.<\/p>\n<p>A iniciativa refor\u00e7a o compromisso da companhia em contribuir com a diversifica\u00e7\u00e3o da matriz energ\u00e9tica brasileira e estreitar ainda mais o relacionamento com os consumidores. \u201cCom a expans\u00e3o dos eletropostos, avan\u00e7amos em nossa estrat\u00e9gia de impulsionar solu\u00e7\u00f5es que promovam o uso de energia renov\u00e1vel no pa\u00eds\u201d, comenta Gustavo Segantini, diretor comercial da Tereos.<\/p>\n<p>Desde 2019, a Tereos j\u00e1 possui uma parceria com o Espa\u00e7o Unimed para fornecimento de energia gerada de uma fonte sustent\u00e1vel, no caso a biomassa da cana-de-a\u00e7\u00facar. Na safra 23\/24, a empresa alcan\u00e7ou a marca de 1.500 GWh de energia gerada a partir de res\u00edduos de cana. A energia \u00e9 utilizada em suas pr\u00f3prias opera\u00e7\u00f5es, e o excedente \u00e9 vendido ou doado.<\/p>\n<p>Comprometido com a sustentabilidade, o Espa\u00e7o Unimed adota pr\u00e1ticas ecol\u00f3gicas e utiliza energia limpa e renov\u00e1vel em parceria com a Tereos. Segundo o diretor Vinicius Tobal, &#8220;nosso compromisso com a sustentabilidade vai al\u00e9m da quest\u00e3o energ\u00e9tica, sempre buscando inova\u00e7\u00f5es que elevem a experi\u00eancia de entretenimento para nossos clientes.&#8221;<\/p>\n<p><strong>Eletropostos<\/strong><\/p>\n<p>A Tereos ingressou no segmento de oferecer recarga de ve\u00edculos el\u00e9tricos em dezembro de 2023, por meio de uma parceria com a Volvo Car Brasil e o Tenda Atacado. O primeiro ponto instalado foi na unidade Ceasa da rede de atacarejo, localizada em Campinas (SP).\u00a0 Desde ent\u00e3o a Tereos vem avaliando novas parcerias e projeta a instala\u00e7\u00e3o de 15 a 20 esta\u00e7\u00f5es de recarga nesta safra.<\/p>\n"}]}},"yoast_head":"<!-- This site is optimized with the Yoast SEO plugin v23.7 - https:\/\/yoast.com\/wordpress\/plugins\/seo\/ -->\n<title>Tereos expande pontos de recarga para ve\u00edculos el\u00e9tricos em parceria com Espa\u00e7o Unimed - Brasil<\/title>\n<meta name=\"robots\" content=\"index, follow, max-snippet:-1, max-image-preview:large, max-video-preview:-1\" \/>\n<link rel=\"canonical\" href=\"https:\/\/br.tereos.com\/pt-pt\/press-releases\/tereos-expande-pontos-de-recarga-para-veiculos-eletricos-em-parceria-com-espaco-unimed\/\" \/>\n<meta property=\"og:locale\" content=\"pt_PT\" \/>\n<meta property=\"og:type\" content=\"article\" \/>\n<meta property=\"og:title\" content=\"Tereos expande pontos de recarga para ve\u00edculos el\u00e9tricos em parceria com Espa\u00e7o Unimed - Brasil\" \/>\n<meta property=\"og:url\" content=\"https:\/\/br.tereos.com\/pt-pt\/press-releases\/tereos-expande-pontos-de-recarga-para-veiculos-eletricos-em-parceria-com-espaco-unimed\/\" \/>\n<meta property=\"og:site_name\" content=\"Brasil\" \/>\n<meta property=\"article:modified_time\" content=\"2024-08-14T12:49:21+00:00\" \/>\n<meta name=\"twitter:card\" content=\"summary_large_image\" \/>\n<script type=\"application\/ld+json\" class=\"yoast-schema-graph\">{\"@context\":\"https:\/\/schema.org\",\"@graph\":[{\"@type\":\"WebPage\",\"@id\":\"https:\/\/br.tereos.com\/pt-pt\/press-releases\/tereos-expande-pontos-de-recarga-para-veiculos-eletricos-em-parceria-com-espaco-unimed\/\",\"url\":\"https:\/\/br.tereos.com\/pt-pt\/press-releases\/tereos-expande-pontos-de-recarga-para-veiculos-eletricos-em-parceria-com-espaco-unimed\/\",\"name\":\"Tereos expande pontos de recarga para ve\u00edculos el\u00e9tricos em parceria com Espa\u00e7o Unimed - Brasil\",\"isPartOf\":{\"@id\":\"https:\/\/br.tereos.com\/pt-pt\/#website\"},\"datePublished\":\"2024-07-15T12:42:58+00:00\",\"dateModified\":\"2024-08-14T12:49:21+00:00\",\"breadcrumb\":{\"@id\":\"https:\/\/br.tereos.com\/pt-pt\/press-releases\/tereos-expande-pontos-de-recarga-para-veiculos-eletricos-em-parceria-com-espaco-unimed\/#breadcrumb\"},\"inLanguage\":\"pt-PT\",\"potentialAction\":[{\"@type\":\"ReadAction\",\"target\":[\"https:\/\/br.tereos.com\/pt-pt\/press-releases\/tereos-expande-pontos-de-recarga-para-veiculos-eletricos-em-parceria-com-espaco-unimed\/\"]}]},{\"@type\":\"BreadcrumbList\",\"@id\":\"https:\/\/br.tereos.com\/pt-pt\/press-releases\/tereos-expande-pontos-de-recarga-para-veiculos-eletricos-em-parceria-com-espaco-unimed\/#breadcrumb\",\"itemListElement\":[{\"@type\":\"ListItem\",\"position\":1,\"name\":\"Home\",\"item\":\"https:\/\/br.tereos.com\/pt-pt\/\"},{\"@type\":\"ListItem\",\"position\":2,\"name\":\"Tereos expande pontos de recarga para ve\u00edculos el\u00e9tricos em parceria com Espa\u00e7o Unimed\"}]},{\"@type\":\"WebSite\",\"@id\":\"https:\/\/br.tereos.com\/pt-pt\/#website\",\"url\":\"https:\/\/br.tereos.com\/pt-pt\/\",\"name\":\"Brasil\",\"description\":\"Un site utilisant WordPress\",\"potentialAction\":[{\"@type\":\"SearchAction\",\"target\":{\"@type\":\"EntryPoint\",\"urlTemplate\":\"https:\/\/br.tereos.com\/pt-pt\/?s={search_term_string}\"},\"query-input\":{\"@type\":\"PropertyValueSpecification\",\"valueRequired\":true,\"valueName\":\"search_term_string\"}}],\"inLanguage\":\"pt-PT\"}]}<\/script>\n<!-- \/ Yoast SEO plugin. -->","yoast_head_json":{"title":"Tereos expande pontos de recarga para ve\u00edculos el\u00e9tricos em parceria com Espa\u00e7o Unimed - Brasil","robots":{"index":"index","follow":"follow","max-snippet":"max-snippet:-1","max-image-preview":"max-image-preview:large","max-video-preview":"max-video-preview:-1"},"canonical":"https:\/\/br.tereos.com\/pt-pt\/press-releases\/tereos-expande-pontos-de-recarga-para-veiculos-eletricos-em-parceria-com-espaco-unimed\/","og_locale":"pt_PT","og_type":"article","og_title":"Tereos expande pontos de recarga para ve\u00edculos el\u00e9tricos em parceria com Espa\u00e7o Unimed - Brasil","og_url":"https:\/\/br.tereos.com\/pt-pt\/press-releases\/tereos-expande-pontos-de-recarga-para-veiculos-eletricos-em-parceria-com-espaco-unimed\/","og_site_name":"Brasil","article_modified_time":"2024-08-14T12:49:21+00:00","twitter_card":"summary_large_image","schema":{"@context":"https:\/\/schema.org","@graph":[{"@type":"WebPage","@id":"https:\/\/br.tereos.com\/pt-pt\/press-releases\/tereos-expande-pontos-de-recarga-para-veiculos-eletricos-em-parceria-com-espaco-unimed\/","url":"https:\/\/br.tereos.com\/pt-pt\/press-releases\/tereos-expande-pontos-de-recarga-para-veiculos-eletricos-em-parceria-com-espaco-unimed\/","name":"Tereos expande pontos de recarga para ve\u00edculos el\u00e9tricos em parceria com Espa\u00e7o Unimed - Brasil","isPartOf":{"@id":"https:\/\/br.tereos.com\/pt-pt\/#website"},"datePublished":"2024-07-15T12:42:58+00:00","dateModified":"2024-08-14T12:49:21+00:00","breadcrumb":{"@id":"https:\/\/br.tereos.com\/pt-pt\/press-releases\/tereos-expande-pontos-de-recarga-para-veiculos-eletricos-em-parceria-com-espaco-unimed\/#breadcrumb"},"inLanguage":"pt-PT","potentialAction":[{"@type":"ReadAction","target":["https:\/\/br.tereos.com\/pt-pt\/press-releases\/tereos-expande-pontos-de-recarga-para-veiculos-eletricos-em-parceria-com-espaco-unimed\/"]}]},{"@type":"BreadcrumbList","@id":"https:\/\/br.tereos.com\/pt-pt\/press-releases\/tereos-expande-pontos-de-recarga-para-veiculos-eletricos-em-parceria-com-espaco-unimed\/#breadcrumb","itemListElement":[{"@type":"ListItem","position":1,"name":"Home","item":"https:\/\/br.tereos.com\/pt-pt\/"},{"@type":"ListItem","position":2,"name":"Tereos expande pontos de recarga para ve\u00edculos el\u00e9tricos em parceria com Espa\u00e7o Unimed"}]},{"@type":"WebSite","@id":"https:\/\/br.tereos.com\/pt-pt\/#website","url":"https:\/\/br.tereos.com\/pt-pt\/","name":"Brasil","description":"Un site utilisant WordPress","potentialAction":[{"@type":"SearchAction","target":{"@type":"EntryPoint","urlTemplate":"https:\/\/br.tereos.com\/pt-pt\/?s={search_term_string}"},"query-input":{"@type":"PropertyValueSpecification","valueRequired":true,"valueName":"search_term_string"}}],"inLanguage":"pt-PT"}]}},"featured_media_src":false,"date_formatted":"15 July 2024 ","_links":{"self":[{"href":"https:\/\/br.tereos.com\/pt-pt\/wp-json\/wp\/v2\/press-release\/10442"}],"collection":[{"href":"https:\/\/br.tereos.com\/pt-pt\/wp-json\/wp\/v2\/press-release"}],"about":[{"href":"https:\/\/br.tereos.com\/pt-pt\/wp-json\/wp\/v2\/types\/press_release"}],"author":[{"embeddable":true,"href":"https:\/\/br.tereos.com\/pt-pt\/wp-json\/wp\/v2\/users\/278"}],"version-history":[{"count":1,"href":"https:\/\/br.tereos.com\/pt-pt\/wp-json\/wp\/v2\/press-release\/10442\/revisions"}],"predecessor-version":[{"id":10444,"href":"https:\/\/br.tereos.com\/pt-pt\/wp-json\/wp\/v2\/press-release\/10442\/revisions\/10444"}],"wp:attachment":[{"href":"https:\/\/br.tereos.com\/pt-pt\/wp-json\/wp\/v2\/media?parent=10442"}],"wp:term":[{"taxonomy":"category","embeddable":true,"href":"https:\/\/br.tereos.com\/pt-pt\/wp-json\/wp\/v2\/categories?post=10442"}],"curies":[{"name":"wp","href":"https:\/\/api.w.org\/{rel}","templated":true}]}}