{"id":10211,"date":"2023-11-22T15:24:28","date_gmt":"2023-11-22T14:24:28","guid":{"rendered":"https:\/\/br.tereos.com\/?post_type=press_release&#038;p=10211"},"modified":"2023-11-22T16:16:15","modified_gmt":"2023-11-22T15:16:15","slug":"parceria-entre-tereos-embratel-claro-e-sol-amplia-cobertura-4g-em-areas-agricolas-para-impulsionar-a-transformacao-digital-no-campo","status":"publish","type":"press_release","link":"https:\/\/br.tereos.com\/pt-pt\/press-releases\/parceria-entre-tereos-embratel-claro-e-sol-amplia-cobertura-4g-em-areas-agricolas-para-impulsionar-a-transformacao-digital-no-campo\/","title":{"rendered":"Parceria entre Tereos, Embratel, Claro e Sol amplia cobertura 4G em \u00e1reas agr\u00edcolas para impulsionar a transforma\u00e7\u00e3o digital no campo"},"author":278,"featured_media":10216,"template":"","categories":[],"class_list":["post-10211","press_release","type-press_release","status-publish","has-post-thumbnail","hentry"],"acf":{"cover_image":10216,"cover_clone":{"cover_image":10216},"file":{"ID":10212,"id":10212,"title":"Parceria entre Tereos, Embratel, Claro e Sol","filename":"parceria-entre-tereos-embratel-claro-e-sol.pdf","filesize":170599,"url":"https:\/\/www.tereos.com\/app\/uploads\/sites\/7\/2023\/11\/parceria-entre-tereos-embratel-claro-e-sol.pdf","link":"https:\/\/br.tereos.com\/pt-pt\/press-releases\/parceria-entre-tereos-embratel-claro-e-sol-amplia-cobertura-4g-em-areas-agricolas-para-impulsionar-a-transformacao-digital-no-campo\/parceria-entre-tereos-embratel-claro-e-sol\/","alt":"","author":"278","description":"","caption":"","name":"parceria-entre-tereos-embratel-claro-e-sol","status":"inherit","uploaded_to":10211,"date":"2023-11-22 14:19:32","modified":"2023-11-22 14:19:32","menu_order":0,"mime_type":"application\/pdf","type":"application","subtype":"pdf","icon":"https:\/\/br.tereos.com\/wp\/wp-includes\/images\/media\/document.png"},"pdf_clone":{"file":{"ID":10212,"id":10212,"title":"Parceria entre Tereos, Embratel, Claro e Sol","filename":"parceria-entre-tereos-embratel-claro-e-sol.pdf","filesize":170599,"url":"https:\/\/www.tereos.com\/app\/uploads\/sites\/7\/2023\/11\/parceria-entre-tereos-embratel-claro-e-sol.pdf","link":"https:\/\/br.tereos.com\/pt-pt\/press-releases\/parceria-entre-tereos-embratel-claro-e-sol-amplia-cobertura-4g-em-areas-agricolas-para-impulsionar-a-transformacao-digital-no-campo\/parceria-entre-tereos-embratel-claro-e-sol\/","alt":"","author":"278","description":"","caption":"","name":"parceria-entre-tereos-embratel-claro-e-sol","status":"inherit","uploaded_to":10211,"date":"2023-11-22 14:19:32","modified":"2023-11-22 14:19:32","menu_order":0,"mime_type":"application\/pdf","type":"application","subtype":"pdf","icon":"https:\/\/br.tereos.com\/wp\/wp-includes\/images\/media\/document.png"}},"headline":"Projeto vai ampliar sinal nas \u00e1reas de canaviais da Tereos, possibilitando o avan\u00e7o tecnol\u00f3gico no agro","headline_clone":{"headline":"Projeto vai ampliar sinal nas \u00e1reas de canaviais da Tereos, possibilitando o avan\u00e7o tecnol\u00f3gico no agro"},"has_anchors":false,"sections":[{"acf_fc_layout":"rich_text","anchor_title":"","text":"<p><strong>Ol\u00edmpia, 21 de novembro de 2023 \u2013<\/strong> A Tereos, uma das empresas l\u00edderes na produ\u00e7\u00e3o de a\u00e7\u00facar, etanol e bioenergia do pa\u00eds, acaba de firmar um importante acordo com a Embratel, a Claro e a Sol Internet of People para ampliar a cobertura 4G em suas \u00e1reas de canavial. Por meio da solu\u00e7\u00e3o Campo Conectado, diversas antenas ser\u00e3o instaladas em \u00e1reas produtivas estrat\u00e9gicas da empresa e seus parceiros, localizadas no interior de S\u00e3o Paulo, ampliado de forma significativa a cobertura de celular nas opera\u00e7\u00f5es.<\/p>\n<p>Atualmente, a Tereos conta com uma \u00e1rea de produ\u00e7\u00e3o de cana de cerca de 300 mil hectares, entre \u00e1reas pr\u00f3prias e de parceiros. O projeto, que ir\u00e1 beneficiar todas as \u00e1reas produtivas e unidades industriais da companhia, visa solucionar desafios de avan\u00e7os tecnol\u00f3gicos no campo por conta da falta de conectividade em alguns pontos. A iniciativa ir\u00e1 ampliar a comunica\u00e7\u00e3o, diminuir interfer\u00eancias no monitoramento no campo, melhorar o uso de aplicativos online para apontamentos e em tecnologias de piloto autom\u00e1tico. A implementa\u00e7\u00e3o do projeto, que deve estar conclu\u00edda no prazo de um ano, contar\u00e1 com o apoio da Sol, um ecossistema inovador de solu\u00e7\u00f5es tecnol\u00f3gicas, intelig\u00eancia de dados, internet das coisas e conectividade rural.<\/p>\n<p>\u201cCom a solu\u00e7\u00e3o, conseguiremos potencializar os benef\u00edcios dos investimentos que fizemos em transforma\u00e7\u00e3o digital da agricultura, al\u00e9m de criar novas oportunidades de incorporar ainda mais inova\u00e7\u00e3o digital em nossas opera\u00e7\u00f5es, facilitando tamb\u00e9m a comunica\u00e7\u00e3o no dia-a-dia de nossos colaboradores e de nossos parceiros agr\u00edcolas\u201d, comenta Carlos Sim\u00f5es, Diretor Agr\u00edcola e de Planejamento da Tereos.<\/p>\n<p>Para o projeto, a Embratel fornece sua solu\u00e7\u00e3o Campo Conectado, que leva conectividade da Claro \u00e0s fazendas da Tereos e possibilita a implementa\u00e7\u00e3o de processos cada vez mais modernos e \u00e1geis, garantindo maior qualidade, produtividade e seguran\u00e7a no agroneg\u00f3cio. Al\u00e9m disso, com a solu\u00e7\u00e3o, a Tereos conta com um Centro de Gest\u00e3o de Rede exclusivo da Embratel para o agroneg\u00f3cio para a gest\u00e3o da qualidade do sinal dispon\u00edvel 24 horas por dia, sete dias por semana.<\/p>\n<p>\u201cA Embratel est\u00e1 sempre buscando levar o agroneg\u00f3cio ao pr\u00f3ximo n\u00edvel de digitaliza\u00e7\u00e3o, tornando as opera\u00e7\u00f5es mais inteligentes, eficientes e sustent\u00e1veis, acelerando o desenvolvimento do Pa\u00eds\u201d, afirma Adriano Rosa, Diretor-Executivo da Embratel. De acordo com o executivo, a iniciativa com a Tereos proporcionar\u00e1 um avan\u00e7o que ampliar\u00e1 a produtividade da empresa. \u201cCom o Campo Conectado, ser\u00e1 poss\u00edvel integrar os mais diversos maquin\u00e1rios com tecnologias emergentes, como Intelig\u00eancia Artificial, Internet das Coisas, An\u00e1lise de Dados e Computa\u00e7\u00e3o em Nuvem. Assim, conseguimos levar mais inova\u00e7\u00e3o com uma comunica\u00e7\u00e3o de ponta\u201d, diz.<\/p>\n<p>Na avalia\u00e7\u00e3o de Rodrigo Oliveira, CEO da Sol, projetos como este s\u00e3o fundamentais para que a agricultura brasileira consiga dar um grande salto de produtividade. \u201cSem a conectividade, as altas tecnologias j\u00e1 dispon\u00edveis no campo n\u00e3o se integram nem atingem seu potencial. Portanto, ao superarmos este desafio, levamos ao campo o que h\u00e1 de mais moderno e os clientes avan\u00e7am em seus objetivos de desenvolvimento socioecon\u00f4mico e sustent\u00e1vel\u201d, explica.<\/p>\n<p>&nbsp;<\/p>\n"}],"flexible_editorial_clone":{"has_anchors":false,"sections":[{"acf_fc_layout":"rich_text","anchor_title":"","text":"<p><strong>Ol\u00edmpia, 21 de novembro de 2023 \u2013<\/strong> A Tereos, uma das empresas l\u00edderes na produ\u00e7\u00e3o de a\u00e7\u00facar, etanol e bioenergia do pa\u00eds, acaba de firmar um importante acordo com a Embratel, a Claro e a Sol Internet of People para ampliar a cobertura 4G em suas \u00e1reas de canavial. Por meio da solu\u00e7\u00e3o Campo Conectado, diversas antenas ser\u00e3o instaladas em \u00e1reas produtivas estrat\u00e9gicas da empresa e seus parceiros, localizadas no interior de S\u00e3o Paulo, ampliado de forma significativa a cobertura de celular nas opera\u00e7\u00f5es.<\/p>\n<p>Atualmente, a Tereos conta com uma \u00e1rea de produ\u00e7\u00e3o de cana de cerca de 300 mil hectares, entre \u00e1reas pr\u00f3prias e de parceiros. O projeto, que ir\u00e1 beneficiar todas as \u00e1reas produtivas e unidades industriais da companhia, visa solucionar desafios de avan\u00e7os tecnol\u00f3gicos no campo por conta da falta de conectividade em alguns pontos. A iniciativa ir\u00e1 ampliar a comunica\u00e7\u00e3o, diminuir interfer\u00eancias no monitoramento no campo, melhorar o uso de aplicativos online para apontamentos e em tecnologias de piloto autom\u00e1tico. A implementa\u00e7\u00e3o do projeto, que deve estar conclu\u00edda no prazo de um ano, contar\u00e1 com o apoio da Sol, um ecossistema inovador de solu\u00e7\u00f5es tecnol\u00f3gicas, intelig\u00eancia de dados, internet das coisas e conectividade rural.<\/p>\n<p>\u201cCom a solu\u00e7\u00e3o, conseguiremos potencializar os benef\u00edcios dos investimentos que fizemos em transforma\u00e7\u00e3o digital da agricultura, al\u00e9m de criar novas oportunidades de incorporar ainda mais inova\u00e7\u00e3o digital em nossas opera\u00e7\u00f5es, facilitando tamb\u00e9m a comunica\u00e7\u00e3o no dia-a-dia de nossos colaboradores e de nossos parceiros agr\u00edcolas\u201d, comenta Carlos Sim\u00f5es, Diretor Agr\u00edcola e de Planejamento da Tereos.<\/p>\n<p>Para o projeto, a Embratel fornece sua solu\u00e7\u00e3o Campo Conectado, que leva conectividade da Claro \u00e0s fazendas da Tereos e possibilita a implementa\u00e7\u00e3o de processos cada vez mais modernos e \u00e1geis, garantindo maior qualidade, produtividade e seguran\u00e7a no agroneg\u00f3cio. Al\u00e9m disso, com a solu\u00e7\u00e3o, a Tereos conta com um Centro de Gest\u00e3o de Rede exclusivo da Embratel para o agroneg\u00f3cio para a gest\u00e3o da qualidade do sinal dispon\u00edvel 24 horas por dia, sete dias por semana.<\/p>\n<p>\u201cA Embratel est\u00e1 sempre buscando levar o agroneg\u00f3cio ao pr\u00f3ximo n\u00edvel de digitaliza\u00e7\u00e3o, tornando as opera\u00e7\u00f5es mais inteligentes, eficientes e sustent\u00e1veis, acelerando o desenvolvimento do Pa\u00eds\u201d, afirma Adriano Rosa, Diretor-Executivo da Embratel. De acordo com o executivo, a iniciativa com a Tereos proporcionar\u00e1 um avan\u00e7o que ampliar\u00e1 a produtividade da empresa. \u201cCom o Campo Conectado, ser\u00e1 poss\u00edvel integrar os mais diversos maquin\u00e1rios com tecnologias emergentes, como Intelig\u00eancia Artificial, Internet das Coisas, An\u00e1lise de Dados e Computa\u00e7\u00e3o em Nuvem. Assim, conseguimos levar mais inova\u00e7\u00e3o com uma comunica\u00e7\u00e3o de ponta\u201d, diz.<\/p>\n<p>Na avalia\u00e7\u00e3o de Rodrigo Oliveira, CEO da Sol, projetos como este s\u00e3o fundamentais para que a agricultura brasileira consiga dar um grande salto de produtividade. \u201cSem a conectividade, as altas tecnologias j\u00e1 dispon\u00edveis no campo n\u00e3o se integram nem atingem seu potencial. Portanto, ao superarmos este desafio, levamos ao campo o que h\u00e1 de mais moderno e os clientes avan\u00e7am em seus objetivos de desenvolvimento socioecon\u00f4mico e sustent\u00e1vel\u201d, explica.<\/p>\n<p>&nbsp;<\/p>\n"}]}},"yoast_head":"<!-- This site is optimized with the Yoast SEO plugin v23.7 - https:\/\/yoast.com\/wordpress\/plugins\/seo\/ -->\n<title>Parceria entre Tereos, Embratel, Claro e Sol amplia cobertura 4G em \u00e1reas agr\u00edcolas para impulsionar a transforma\u00e7\u00e3o digital no campo - Brasil<\/title>\n<meta name=\"robots\" content=\"index, follow, max-snippet:-1, max-image-preview:large, max-video-preview:-1\" \/>\n<link rel=\"canonical\" href=\"https:\/\/br.tereos.com\/pt-pt\/press-releases\/parceria-entre-tereos-embratel-claro-e-sol-amplia-cobertura-4g-em-areas-agricolas-para-impulsionar-a-transformacao-digital-no-campo\/\" \/>\n<meta property=\"og:locale\" content=\"pt_PT\" \/>\n<meta property=\"og:type\" content=\"article\" \/>\n<meta property=\"og:title\" content=\"Parceria entre Tereos, Embratel, Claro e Sol amplia cobertura 4G em \u00e1reas agr\u00edcolas para impulsionar a transforma\u00e7\u00e3o digital no campo - Brasil\" \/>\n<meta property=\"og:url\" content=\"https:\/\/br.tereos.com\/pt-pt\/press-releases\/parceria-entre-tereos-embratel-claro-e-sol-amplia-cobertura-4g-em-areas-agricolas-para-impulsionar-a-transformacao-digital-no-campo\/\" \/>\n<meta property=\"og:site_name\" content=\"Brasil\" \/>\n<meta property=\"article:modified_time\" content=\"2023-11-22T15:16:15+00:00\" \/>\n<meta property=\"og:image\" content=\"https:\/\/www.tereos.com\/app\/uploads\/sites\/7\/2023\/11\/dieg5595-scaled.jpg\" \/>\n\t<meta property=\"og:image:width\" content=\"2560\" \/>\n\t<meta property=\"og:image:height\" content=\"1707\" \/>\n\t<meta property=\"og:image:type\" content=\"image\/jpeg\" \/>\n<meta name=\"twitter:card\" content=\"summary_large_image\" \/>\n<script type=\"application\/ld+json\" class=\"yoast-schema-graph\">{\"@context\":\"https:\/\/schema.org\",\"@graph\":[{\"@type\":\"WebPage\",\"@id\":\"https:\/\/br.tereos.com\/pt-pt\/press-releases\/parceria-entre-tereos-embratel-claro-e-sol-amplia-cobertura-4g-em-areas-agricolas-para-impulsionar-a-transformacao-digital-no-campo\/\",\"url\":\"https:\/\/br.tereos.com\/pt-pt\/press-releases\/parceria-entre-tereos-embratel-claro-e-sol-amplia-cobertura-4g-em-areas-agricolas-para-impulsionar-a-transformacao-digital-no-campo\/\",\"name\":\"Parceria entre Tereos, Embratel, Claro e Sol amplia cobertura 4G em \u00e1reas agr\u00edcolas para impulsionar a transforma\u00e7\u00e3o digital no campo - Brasil\",\"isPartOf\":{\"@id\":\"https:\/\/br.tereos.com\/pt-pt\/#website\"},\"primaryImageOfPage\":{\"@id\":\"https:\/\/br.tereos.com\/pt-pt\/press-releases\/parceria-entre-tereos-embratel-claro-e-sol-amplia-cobertura-4g-em-areas-agricolas-para-impulsionar-a-transformacao-digital-no-campo\/#primaryimage\"},\"image\":{\"@id\":\"https:\/\/br.tereos.com\/pt-pt\/press-releases\/parceria-entre-tereos-embratel-claro-e-sol-amplia-cobertura-4g-em-areas-agricolas-para-impulsionar-a-transformacao-digital-no-campo\/#primaryimage\"},\"thumbnailUrl\":\"https:\/\/www.tereos.com\/app\/uploads\/sites\/7\/2023\/11\/dieg5595-scaled.jpg\",\"datePublished\":\"2023-11-22T14:24:28+00:00\",\"dateModified\":\"2023-11-22T15:16:15+00:00\",\"breadcrumb\":{\"@id\":\"https:\/\/br.tereos.com\/pt-pt\/press-releases\/parceria-entre-tereos-embratel-claro-e-sol-amplia-cobertura-4g-em-areas-agricolas-para-impulsionar-a-transformacao-digital-no-campo\/#breadcrumb\"},\"inLanguage\":\"pt-PT\",\"potentialAction\":[{\"@type\":\"ReadAction\",\"target\":[\"https:\/\/br.tereos.com\/pt-pt\/press-releases\/parceria-entre-tereos-embratel-claro-e-sol-amplia-cobertura-4g-em-areas-agricolas-para-impulsionar-a-transformacao-digital-no-campo\/\"]}]},{\"@type\":\"ImageObject\",\"inLanguage\":\"pt-PT\",\"@id\":\"https:\/\/br.tereos.com\/pt-pt\/press-releases\/parceria-entre-tereos-embratel-claro-e-sol-amplia-cobertura-4g-em-areas-agricolas-para-impulsionar-a-transformacao-digital-no-campo\/#primaryimage\",\"url\":\"https:\/\/www.tereos.com\/app\/uploads\/sites\/7\/2023\/11\/dieg5595-scaled.jpg\",\"contentUrl\":\"https:\/\/www.tereos.com\/app\/uploads\/sites\/7\/2023\/11\/dieg5595-scaled.jpg\",\"width\":2560,\"height\":1707,\"caption\":\"S. J. DO RIO PRETO, SP, BRASIL - 31.10.2022: Tereos Unidade Cruz Alta (Fotos: Diego Padgurschi \/ Divulga\u00e7\u00e3o)\"},{\"@type\":\"BreadcrumbList\",\"@id\":\"https:\/\/br.tereos.com\/pt-pt\/press-releases\/parceria-entre-tereos-embratel-claro-e-sol-amplia-cobertura-4g-em-areas-agricolas-para-impulsionar-a-transformacao-digital-no-campo\/#breadcrumb\",\"itemListElement\":[{\"@type\":\"ListItem\",\"position\":1,\"name\":\"Home\",\"item\":\"https:\/\/br.tereos.com\/pt-pt\/\"},{\"@type\":\"ListItem\",\"position\":2,\"name\":\"Parceria entre Tereos, Embratel, Claro e Sol amplia cobertura 4G em \u00e1reas agr\u00edcolas para impulsionar a transforma\u00e7\u00e3o digital no campo\"}]},{\"@type\":\"WebSite\",\"@id\":\"https:\/\/br.tereos.com\/pt-pt\/#website\",\"url\":\"https:\/\/br.tereos.com\/pt-pt\/\",\"name\":\"Brasil\",\"description\":\"Un site utilisant WordPress\",\"potentialAction\":[{\"@type\":\"SearchAction\",\"target\":{\"@type\":\"EntryPoint\",\"urlTemplate\":\"https:\/\/br.tereos.com\/pt-pt\/?s={search_term_string}\"},\"query-input\":{\"@type\":\"PropertyValueSpecification\",\"valueRequired\":true,\"valueName\":\"search_term_string\"}}],\"inLanguage\":\"pt-PT\"}]}<\/script>\n<!-- \/ Yoast SEO plugin. -->","yoast_head_json":{"title":"Parceria entre Tereos, Embratel, Claro e Sol amplia cobertura 4G em \u00e1reas agr\u00edcolas para impulsionar a transforma\u00e7\u00e3o digital no campo - Brasil","robots":{"index":"index","follow":"follow","max-snippet":"max-snippet:-1","max-image-preview":"max-image-preview:large","max-video-preview":"max-video-preview:-1"},"canonical":"https:\/\/br.tereos.com\/pt-pt\/press-releases\/parceria-entre-tereos-embratel-claro-e-sol-amplia-cobertura-4g-em-areas-agricolas-para-impulsionar-a-transformacao-digital-no-campo\/","og_locale":"pt_PT","og_type":"article","og_title":"Parceria entre Tereos, Embratel, Claro e Sol amplia cobertura 4G em \u00e1reas agr\u00edcolas para impulsionar a transforma\u00e7\u00e3o digital no campo - Brasil","og_url":"https:\/\/br.tereos.com\/pt-pt\/press-releases\/parceria-entre-tereos-embratel-claro-e-sol-amplia-cobertura-4g-em-areas-agricolas-para-impulsionar-a-transformacao-digital-no-campo\/","og_site_name":"Brasil","article_modified_time":"2023-11-22T15:16:15+00:00","og_image":[{"width":2560,"height":1707,"url":"https:\/\/www.tereos.com\/app\/uploads\/sites\/7\/2023\/11\/dieg5595-scaled.jpg","type":"image\/jpeg"}],"twitter_card":"summary_large_image","schema":{"@context":"https:\/\/schema.org","@graph":[{"@type":"WebPage","@id":"https:\/\/br.tereos.com\/pt-pt\/press-releases\/parceria-entre-tereos-embratel-claro-e-sol-amplia-cobertura-4g-em-areas-agricolas-para-impulsionar-a-transformacao-digital-no-campo\/","url":"https:\/\/br.tereos.com\/pt-pt\/press-releases\/parceria-entre-tereos-embratel-claro-e-sol-amplia-cobertura-4g-em-areas-agricolas-para-impulsionar-a-transformacao-digital-no-campo\/","name":"Parceria entre Tereos, Embratel, Claro e Sol amplia cobertura 4G em \u00e1reas agr\u00edcolas para impulsionar a transforma\u00e7\u00e3o digital no campo - Brasil","isPartOf":{"@id":"https:\/\/br.tereos.com\/pt-pt\/#website"},"primaryImageOfPage":{"@id":"https:\/\/br.tereos.com\/pt-pt\/press-releases\/parceria-entre-tereos-embratel-claro-e-sol-amplia-cobertura-4g-em-areas-agricolas-para-impulsionar-a-transformacao-digital-no-campo\/#primaryimage"},"image":{"@id":"https:\/\/br.tereos.com\/pt-pt\/press-releases\/parceria-entre-tereos-embratel-claro-e-sol-amplia-cobertura-4g-em-areas-agricolas-para-impulsionar-a-transformacao-digital-no-campo\/#primaryimage"},"thumbnailUrl":"https:\/\/www.tereos.com\/app\/uploads\/sites\/7\/2023\/11\/dieg5595-scaled.jpg","datePublished":"2023-11-22T14:24:28+00:00","dateModified":"2023-11-22T15:16:15+00:00","breadcrumb":{"@id":"https:\/\/br.tereos.com\/pt-pt\/press-releases\/parceria-entre-tereos-embratel-claro-e-sol-amplia-cobertura-4g-em-areas-agricolas-para-impulsionar-a-transformacao-digital-no-campo\/#breadcrumb"},"inLanguage":"pt-PT","potentialAction":[{"@type":"ReadAction","target":["https:\/\/br.tereos.com\/pt-pt\/press-releases\/parceria-entre-tereos-embratel-claro-e-sol-amplia-cobertura-4g-em-areas-agricolas-para-impulsionar-a-transformacao-digital-no-campo\/"]}]},{"@type":"ImageObject","inLanguage":"pt-PT","@id":"https:\/\/br.tereos.com\/pt-pt\/press-releases\/parceria-entre-tereos-embratel-claro-e-sol-amplia-cobertura-4g-em-areas-agricolas-para-impulsionar-a-transformacao-digital-no-campo\/#primaryimage","url":"https:\/\/www.tereos.com\/app\/uploads\/sites\/7\/2023\/11\/dieg5595-scaled.jpg","contentUrl":"https:\/\/www.tereos.com\/app\/uploads\/sites\/7\/2023\/11\/dieg5595-scaled.jpg","width":2560,"height":1707,"caption":"S. J. DO RIO PRETO, SP, BRASIL - 31.10.2022: Tereos Unidade Cruz Alta (Fotos: Diego Padgurschi \/ Divulga\u00e7\u00e3o)"},{"@type":"BreadcrumbList","@id":"https:\/\/br.tereos.com\/pt-pt\/press-releases\/parceria-entre-tereos-embratel-claro-e-sol-amplia-cobertura-4g-em-areas-agricolas-para-impulsionar-a-transformacao-digital-no-campo\/#breadcrumb","itemListElement":[{"@type":"ListItem","position":1,"name":"Home","item":"https:\/\/br.tereos.com\/pt-pt\/"},{"@type":"ListItem","position":2,"name":"Parceria entre Tereos, Embratel, Claro e Sol amplia cobertura 4G em \u00e1reas agr\u00edcolas para impulsionar a transforma\u00e7\u00e3o digital no campo"}]},{"@type":"WebSite","@id":"https:\/\/br.tereos.com\/pt-pt\/#website","url":"https:\/\/br.tereos.com\/pt-pt\/","name":"Brasil","description":"Un site utilisant WordPress","potentialAction":[{"@type":"SearchAction","target":{"@type":"EntryPoint","urlTemplate":"https:\/\/br.tereos.com\/pt-pt\/?s={search_term_string}"},"query-input":{"@type":"PropertyValueSpecification","valueRequired":true,"valueName":"search_term_string"}}],"inLanguage":"pt-PT"}]}},"featured_media_src":"https:\/\/www.tereos.com\/app\/uploads\/sites\/7\/2023\/11\/dieg5595-scaled-520x390-c-default.jpg","date_formatted":"22 November 2023 ","_links":{"self":[{"href":"https:\/\/br.tereos.com\/pt-pt\/wp-json\/wp\/v2\/press-release\/10211"}],"collection":[{"href":"https:\/\/br.tereos.com\/pt-pt\/wp-json\/wp\/v2\/press-release"}],"about":[{"href":"https:\/\/br.tereos.com\/pt-pt\/wp-json\/wp\/v2\/types\/press_release"}],"author":[{"embeddable":true,"href":"https:\/\/br.tereos.com\/pt-pt\/wp-json\/wp\/v2\/users\/278"}],"version-history":[{"count":3,"href":"https:\/\/br.tereos.com\/pt-pt\/wp-json\/wp\/v2\/press-release\/10211\/revisions"}],"predecessor-version":[{"id":10217,"href":"https:\/\/br.tereos.com\/pt-pt\/wp-json\/wp\/v2\/press-release\/10211\/revisions\/10217"}],"wp:featuredmedia":[{"embeddable":true,"href":"https:\/\/br.tereos.com\/pt-pt\/wp-json\/wp\/v2\/media\/10216"}],"wp:attachment":[{"href":"https:\/\/br.tereos.com\/pt-pt\/wp-json\/wp\/v2\/media?parent=10211"}],"wp:term":[{"taxonomy":"category","embeddable":true,"href":"https:\/\/br.tereos.com\/pt-pt\/wp-json\/wp\/v2\/categories?post=10211"}],"curies":[{"name":"wp","href":"https:\/\/api.w.org\/{rel}","templated":true}]}}