{"id":7721,"date":"2020-04-27T15:40:53","date_gmt":"2020-04-27T13:40:53","guid":{"rendered":"https:\/\/br.tereos.com\/?post_type=news&#038;p=7721"},"modified":"2020-04-27T21:07:08","modified_gmt":"2020-04-27T19:07:08","slug":"tereos-brasil-no-combate-ao-covid-19","status":"publish","type":"news","link":"https:\/\/br.tereos.com\/pt-pt\/news\/tereos-brasil-no-combate-ao-covid-19\/","title":{"rendered":"Tereos Brasil no combate ao Covid-19"},"author":13,"featured_media":0,"template":"","categories":[],"class_list":["post-7721","news","type-news","status-publish","hentry"],"acf":{"cover_image":false,"cover_clone":{"cover_image":false},"headline":"","headline_clone":{"headline":""},"sections":[{"acf_fc_layout":"rich_text","anchor_title":"","text":"<p style=\"text-align: right\"><span style=\"font-weight: 400\">(atualizado em 27\/04)<\/span><\/p>\n<p><span style=\"font-weight: 400\">Neste momento t\u00e3o cr\u00edtico do combate ao novo coronav\u00edrus, a Tereos refor\u00e7a a preocupa\u00e7\u00e3o em preservar a sa\u00fade de seus colaboradores, parceiros e clientes. A Tereos est\u00e1 entre os l\u00edderes mundiais de produ\u00e7\u00e3o de a\u00e7\u00facar, \u00e1lcool\/etanol e produtos derivados do amido, classificados como bens essenciais para a sociedade, indispens\u00e1veis para o abastecimento da ind\u00fastria aliment\u00edcia, farmac\u00eautica e de produtos de higiene. A produ\u00e7\u00e3o dos biocombust\u00edveis e de bioenergia a partir do baga\u00e7o da cana tamb\u00e9m s\u00e3o essenciais para que os transportes e o fornecimento de energia n\u00e3o sejam interrompidos.\u00a0<\/span><\/p>\n<p><span style=\"font-weight: 400\">No atual cen\u00e1rio e seguindo todas as medidas preventivas indicadas pelas autoridades locais e mundiais para lutar contra o cont\u00e1gio do coronav\u00edrus, comunicamos que as sete unidades industriais de processamento de cana-de-a\u00e7\u00facar e a unidade industrial de produ\u00e7\u00e3o de amido no Brasil permanecem plenamente mobilizadas na produ\u00e7\u00e3o para o abastecimento de seus clientes.<\/span><\/p>\n<p><b>In\u00edcio da safra de cana \u2013 com solidariedade<\/b><\/p>\n<p><span style=\"font-weight: 400\">A safra 2020\/2021 de cana-de-a\u00e7\u00facar j\u00e1 come\u00e7ou em cinco unidades da Tereos A\u00e7\u00facar &amp; Energia Brasil e, at\u00e9 o in\u00edcio de maio, todas as unidades j\u00e1 dever\u00e3o estar em plena produ\u00e7\u00e3o. As proje\u00e7\u00f5es de produ\u00e7\u00e3o continuam inalteradas, at\u00e9 o momento.<\/span><\/p>\n<p><span style=\"font-weight: 400\">Esta safra come\u00e7a tamb\u00e9m marcada pela mobiliza\u00e7\u00e3o dos colaboradores em torno da a\u00e7\u00e3o solid\u00e1ria para produ\u00e7\u00e3o e doa\u00e7\u00e3o de \u00e1lcool l\u00edquido 70% para hospitais e postos de atendimento do SUS nos munic\u00edpios pr\u00f3ximos \u00e0 nossa regi\u00e3o de atua\u00e7\u00e3o, no Estado de S\u00e3o Paulo (leia mais <\/span><a href=\"https:\/\/br.tereos.com\/pt-pt\/news\/tereos-apoia-o-sistema-hospitalar-da-regiao-com-doacao-de-27-mil-litros-de-alcool-liquido-70\/\"><span style=\"font-weight: 400\">aqui<\/span><\/a><span style=\"font-weight: 400\">). At\u00e9 o momento, a Tereos doou 52 mil litros deste item essencial para assepsia hospitalar, apoiando o trabalho incans\u00e1vel dos profissionais da sa\u00fade.<\/span><\/p>\n<p><b>Conhe\u00e7a as medidas preventivas adotadas pelo Grupo<\/b><\/p>\n<p><span style=\"font-weight: 400\">Al\u00e9m de seguir as diretrizes da Organiza\u00e7\u00e3o Mundial de Sa\u00fade e do Minist\u00e9rio da Sa\u00fade, a Tereos criou um Comit\u00ea de Crise interdisciplinar para tomada de decis\u00e3o, implementa\u00e7\u00e3o e comunica\u00e7\u00e3o de medidas que visem preservar a sa\u00fade dos colaboradores e dar continuidade \u00e0s opera\u00e7\u00f5es de suas unidades. Entre as a\u00e7\u00f5es de preven\u00e7\u00e3o adotadas nas unidades do Grupo no Brasil, est\u00e3o:\u00a0<\/span><\/p>\n<ul>\n<li style=\"font-weight: 400\"><span style=\"font-weight: 400\">Ado\u00e7\u00e3o de home office (trabalho remoto) para todos colaboradores administrativos, cujas atividades podem ser realizadas \u00e0 dist\u00e2ncia, e uso de ferramentas online e de videoconfer\u00eancia para reuni\u00f5es internas e com parceiros e clientes;<\/span><\/li>\n<li style=\"font-weight: 400\"><span style=\"font-weight: 400\">Afastamento do trabalho de colaboradores que apresentam sintomas gripais e de pessoas classificadas em grupos vulner\u00e1veis;<\/span><\/li>\n<li style=\"font-weight: 400\"><span style=\"font-weight: 400\">Monitoramento online dos casos de colaboradores com sintomas gripais e acompanhamento por nossa equipe de Sa\u00fade e Seguran\u00e7a para que todos tenham as orienta\u00e7\u00f5es adequadas;\u00a0<\/span><\/li>\n<li style=\"font-weight: 400\"><span style=\"font-weight: 400\">Fortalecimento da dissemina\u00e7\u00e3o de mensagens de preven\u00e7\u00e3o e conscientiza\u00e7\u00e3o aos colaboradores, por meio dos nossos canais de comunica\u00e7\u00e3o interna e lideran\u00e7a;<\/span><\/li>\n<li style=\"font-weight: 400\"><span style=\"font-weight: 400\">Implementa\u00e7\u00e3o em todas as unidades de um posto de orienta\u00e7\u00e3o sobre o coronav\u00edrus;\u00a0<\/span><\/li>\n<li style=\"font-weight: 400\"><span style=\"font-weight: 400\">Campanha de vacina\u00e7\u00e3o contra a gripe para todos os colaboradores que n\u00e3o fazem parte da campanha de vacina\u00e7\u00e3o do governo;<\/span><\/li>\n<li>Para levar a conscientiza\u00e7\u00e3o para as fam\u00edlias de seus colaboradores, a Tereos Brasil criou o gibi #LutaContraCoronavirus, com\u00a0jogos e passatempos para levar de forma l\u00fadica\u00a0informa\u00e7\u00f5es sobre\u00a0\u00e0 Covid-19. O gibi acompanhou\u00a0um kit contendo um pacote de A\u00e7\u00facar Guarani, um frasco de \u00e1lcool em gel de 500ml e 4 m\u00e1scaras de pano com informativos sobre o uso e a higieniza\u00e7\u00e3o. Desde a semana passada todos os colaboradores e terceiros devem portar m\u00e1scaras para entrar nas unidades da Tereos. A publica\u00e7\u00e3o tamb\u00e9m foi disponibilizada para o p\u00fablico geral no formato online:\u00a0<a href=\"https:\/\/eur03.safelinks.protection.outlook.com\/?url=https%3A%2F%2Fbit.ly%2F2RZeJNI&amp;data=02%7C01%7C%7C7bccb8e1bbef4f72489708d7eadb4547%7C0d4753304c984ada8b9100ef087d11eb%7C1%7C0%7C637236099783777669&amp;sdata=1zADMXtNC8ZrMAVfrhtnv94X6o6ELSonUyOcfi8%2BJ90%3D&amp;reserved=0\" target=\"_blank\" rel=\"noopener\" data-saferedirecturl=\"https:\/\/www.google.com\/url?q=https:\/\/eur03.safelinks.protection.outlook.com\/?url%3Dhttps%253A%252F%252Fbit.ly%252F2RZeJNI%26data%3D02%257C01%257C%257C7bccb8e1bbef4f72489708d7eadb4547%257C0d4753304c984ada8b9100ef087d11eb%257C1%257C0%257C637236099783777669%26sdata%3D1zADMXtNC8ZrMAVfrhtnv94X6o6ELSonUyOcfi8%252BJ90%253D%26reserved%3D0&amp;source=gmail&amp;ust=1588100456767000&amp;usg=AFQjCNGSaqAXpnr5NYGr_kY1j-dZqmqbPQ\"><b>https:\/\/bit.ly\/2RZeJNI<\/b><\/a><\/li>\n<\/ul>\n<p><span style=\"font-weight: 400\">Sobre medidas de preven\u00e7\u00e3o dentro de nossas instala\u00e7\u00f5es;\u00a0<\/span><\/p>\n<ul>\n<li style=\"font-weight: 400\"><span style=\"font-weight: 400\">Revezamento entre as pessoas para utiliza\u00e7\u00e3o do restaurante e maior espa\u00e7amento das mesas, al\u00e9m de faixas demarcando a dist\u00e2ncia segura entre as pessoas que est\u00e3o \u00e0 espera na fila;<\/span><\/li>\n<li style=\"font-weight: 400\"><span style=\"font-weight: 400\">Substitui\u00e7\u00e3o do ponto digital por crach\u00e1 de aproxima\u00e7\u00e3o;\u00a0<\/span><\/li>\n<li style=\"font-weight: 400\"><span style=\"font-weight: 400\">Acesso restrito a prestadores de servi\u00e7os essenciais para opera\u00e7\u00e3o, os quais, para serem liberados na portaria, passam por medi\u00e7\u00e3o de temperatura e um question\u00e1rio de avalia\u00e7\u00e3o de suas\u00a0condi\u00e7\u00f5es de sa\u00fade;<\/span><\/li>\n<li style=\"font-weight: 400\"><span style=\"font-weight: 400\">Medi\u00e7\u00e3o de temperatura dos colaboradores que acessam nossas unidades;<\/span><\/li>\n<li style=\"font-weight: 400\"><span style=\"font-weight: 400\">Ado\u00e7\u00e3o do uso de m\u00e1scaras para colaboradores que ficam em \u00e1reas de contato com pessoas externas (todos os funcion\u00e1rios em fun\u00e7\u00f5es com atendimento ao p\u00fablico: vigilantes da portaria, funcion\u00e1rios da \u00e1rea de limpeza, dos restaurantes, almoxarifado, balan\u00e7a etc.);<\/span><\/li>\n<li style=\"font-weight: 400\"><span style=\"font-weight: 400\">Instala\u00e7\u00e3o de novos pontos com \u00e1lcool em gel;\u00a0<\/span><\/li>\n<li style=\"font-weight: 400\"><span style=\"font-weight: 400\">Distribui\u00e7\u00e3o de borrifadores de \u00e1lcool l\u00edquido 70\u00b0 para limpeza de equipamentos de uso comum e cabines de caminh\u00f5es.<\/span><\/li>\n<\/ul>\n<p><span style=\"font-weight: 400\">Sobre o transporte dos colaboradores<\/span><\/p>\n<ul>\n<li style=\"font-weight: 400\"><span style=\"font-weight: 400\">Ocupa\u00e7\u00e3o de menos de 50% nos \u00f4nibus que transportam os colaboradores de forma a atender \u00e0s recomenda\u00e7\u00f5es de dist\u00e2ncia entre os passageiros.<\/span><\/li>\n<li style=\"font-weight: 400\"><span style=\"font-weight: 400\">Disponibiliza\u00e7\u00e3o de \u00e1lcool em gel para os passageiros<\/span><\/li>\n<li style=\"font-weight: 400\"><span style=\"font-weight: 400\">Higieniza\u00e7\u00e3o dos \u00f4nibus ao final de cada viagem;\u00a0<\/span><\/li>\n<li style=\"font-weight: 400\"><span style=\"font-weight: 400\">Manuten\u00e7\u00e3o de janelas abertas no trajeto<\/span><\/li>\n<\/ul>\n<p><span style=\"font-weight: 400\">A Tereos continua acompanhando a evolu\u00e7\u00e3o da situa\u00e7\u00e3o atentamente, em colabora\u00e7\u00e3o com seus parceiros e com as autoridades e organiza\u00e7\u00f5es de sa\u00fade.\u00a0<\/span><\/p>\n<p><span style=\"font-weight: 400\">Por fim, agradecemos todas as equipes mobilizadas em garantir o abastecimento de alimentos e a distribui\u00e7\u00e3o de etanol e bioenergia, sem descuidar da seguran\u00e7a das pessoas, nosso maior valor.\u00a0<\/span><\/p>\n<p><span style=\"font-weight: 400\">Juntos, venceremos esta batalha!<\/span><span style=\"font-weight: 400\"><br \/>\n<\/span><span style=\"font-weight: 400\"><br \/>\n<\/span><b>Tereos Brasil<\/b><\/p>\n<p>&nbsp;<\/p>\n"}],"flexible_editorial_clone":{"has_anchors":false,"sections":[{"acf_fc_layout":"rich_text","anchor_title":"","text":"<p style=\"text-align: right\"><span style=\"font-weight: 400\">(atualizado em 27\/04)<\/span><\/p>\n<p><span style=\"font-weight: 400\">Neste momento t\u00e3o cr\u00edtico do combate ao novo coronav\u00edrus, a Tereos refor\u00e7a a preocupa\u00e7\u00e3o em preservar a sa\u00fade de seus colaboradores, parceiros e clientes. A Tereos est\u00e1 entre os l\u00edderes mundiais de produ\u00e7\u00e3o de a\u00e7\u00facar, \u00e1lcool\/etanol e produtos derivados do amido, classificados como bens essenciais para a sociedade, indispens\u00e1veis para o abastecimento da ind\u00fastria aliment\u00edcia, farmac\u00eautica e de produtos de higiene. A produ\u00e7\u00e3o dos biocombust\u00edveis e de bioenergia a partir do baga\u00e7o da cana tamb\u00e9m s\u00e3o essenciais para que os transportes e o fornecimento de energia n\u00e3o sejam interrompidos.\u00a0<\/span><\/p>\n<p><span style=\"font-weight: 400\">No atual cen\u00e1rio e seguindo todas as medidas preventivas indicadas pelas autoridades locais e mundiais para lutar contra o cont\u00e1gio do coronav\u00edrus, comunicamos que as sete unidades industriais de processamento de cana-de-a\u00e7\u00facar e a unidade industrial de produ\u00e7\u00e3o de amido no Brasil permanecem plenamente mobilizadas na produ\u00e7\u00e3o para o abastecimento de seus clientes.<\/span><\/p>\n<p><b>In\u00edcio da safra de cana \u2013 com solidariedade<\/b><\/p>\n<p><span style=\"font-weight: 400\">A safra 2020\/2021 de cana-de-a\u00e7\u00facar j\u00e1 come\u00e7ou em cinco unidades da Tereos A\u00e7\u00facar &amp; Energia Brasil e, at\u00e9 o in\u00edcio de maio, todas as unidades j\u00e1 dever\u00e3o estar em plena produ\u00e7\u00e3o. As proje\u00e7\u00f5es de produ\u00e7\u00e3o continuam inalteradas, at\u00e9 o momento.<\/span><\/p>\n<p><span style=\"font-weight: 400\">Esta safra come\u00e7a tamb\u00e9m marcada pela mobiliza\u00e7\u00e3o dos colaboradores em torno da a\u00e7\u00e3o solid\u00e1ria para produ\u00e7\u00e3o e doa\u00e7\u00e3o de \u00e1lcool l\u00edquido 70% para hospitais e postos de atendimento do SUS nos munic\u00edpios pr\u00f3ximos \u00e0 nossa regi\u00e3o de atua\u00e7\u00e3o, no Estado de S\u00e3o Paulo (leia mais <\/span><a href=\"https:\/\/br.tereos.com\/pt-pt\/news\/tereos-apoia-o-sistema-hospitalar-da-regiao-com-doacao-de-27-mil-litros-de-alcool-liquido-70\/\"><span style=\"font-weight: 400\">aqui<\/span><\/a><span style=\"font-weight: 400\">). At\u00e9 o momento, a Tereos doou 52 mil litros deste item essencial para assepsia hospitalar, apoiando o trabalho incans\u00e1vel dos profissionais da sa\u00fade.<\/span><\/p>\n<p><b>Conhe\u00e7a as medidas preventivas adotadas pelo Grupo<\/b><\/p>\n<p><span style=\"font-weight: 400\">Al\u00e9m de seguir as diretrizes da Organiza\u00e7\u00e3o Mundial de Sa\u00fade e do Minist\u00e9rio da Sa\u00fade, a Tereos criou um Comit\u00ea de Crise interdisciplinar para tomada de decis\u00e3o, implementa\u00e7\u00e3o e comunica\u00e7\u00e3o de medidas que visem preservar a sa\u00fade dos colaboradores e dar continuidade \u00e0s opera\u00e7\u00f5es de suas unidades. Entre as a\u00e7\u00f5es de preven\u00e7\u00e3o adotadas nas unidades do Grupo no Brasil, est\u00e3o:\u00a0<\/span><\/p>\n<ul>\n<li style=\"font-weight: 400\"><span style=\"font-weight: 400\">Ado\u00e7\u00e3o de home office (trabalho remoto) para todos colaboradores administrativos, cujas atividades podem ser realizadas \u00e0 dist\u00e2ncia, e uso de ferramentas online e de videoconfer\u00eancia para reuni\u00f5es internas e com parceiros e clientes;<\/span><\/li>\n<li style=\"font-weight: 400\"><span style=\"font-weight: 400\">Afastamento do trabalho de colaboradores que apresentam sintomas gripais e de pessoas classificadas em grupos vulner\u00e1veis;<\/span><\/li>\n<li style=\"font-weight: 400\"><span style=\"font-weight: 400\">Monitoramento online dos casos de colaboradores com sintomas gripais e acompanhamento por nossa equipe de Sa\u00fade e Seguran\u00e7a para que todos tenham as orienta\u00e7\u00f5es adequadas;\u00a0<\/span><\/li>\n<li style=\"font-weight: 400\"><span style=\"font-weight: 400\">Fortalecimento da dissemina\u00e7\u00e3o de mensagens de preven\u00e7\u00e3o e conscientiza\u00e7\u00e3o aos colaboradores, por meio dos nossos canais de comunica\u00e7\u00e3o interna e lideran\u00e7a;<\/span><\/li>\n<li style=\"font-weight: 400\"><span style=\"font-weight: 400\">Implementa\u00e7\u00e3o em todas as unidades de um posto de orienta\u00e7\u00e3o sobre o coronav\u00edrus;\u00a0<\/span><\/li>\n<li style=\"font-weight: 400\"><span style=\"font-weight: 400\">Campanha de vacina\u00e7\u00e3o contra a gripe para todos os colaboradores que n\u00e3o fazem parte da campanha de vacina\u00e7\u00e3o do governo;<\/span><\/li>\n<li>Para levar a conscientiza\u00e7\u00e3o para as fam\u00edlias de seus colaboradores, a Tereos Brasil criou o gibi #LutaContraCoronavirus, com\u00a0jogos e passatempos para levar de forma l\u00fadica\u00a0informa\u00e7\u00f5es sobre\u00a0\u00e0 Covid-19. O gibi acompanhou\u00a0um kit contendo um pacote de A\u00e7\u00facar Guarani, um frasco de \u00e1lcool em gel de 500ml e 4 m\u00e1scaras de pano com informativos sobre o uso e a higieniza\u00e7\u00e3o. Desde a semana passada todos os colaboradores e terceiros devem portar m\u00e1scaras para entrar nas unidades da Tereos. A publica\u00e7\u00e3o tamb\u00e9m foi disponibilizada para o p\u00fablico geral no formato online:\u00a0<a href=\"https:\/\/eur03.safelinks.protection.outlook.com\/?url=https%3A%2F%2Fbit.ly%2F2RZeJNI&amp;data=02%7C01%7C%7C7bccb8e1bbef4f72489708d7eadb4547%7C0d4753304c984ada8b9100ef087d11eb%7C1%7C0%7C637236099783777669&amp;sdata=1zADMXtNC8ZrMAVfrhtnv94X6o6ELSonUyOcfi8%2BJ90%3D&amp;reserved=0\" target=\"_blank\" rel=\"noopener\" data-saferedirecturl=\"https:\/\/www.google.com\/url?q=https:\/\/eur03.safelinks.protection.outlook.com\/?url%3Dhttps%253A%252F%252Fbit.ly%252F2RZeJNI%26data%3D02%257C01%257C%257C7bccb8e1bbef4f72489708d7eadb4547%257C0d4753304c984ada8b9100ef087d11eb%257C1%257C0%257C637236099783777669%26sdata%3D1zADMXtNC8ZrMAVfrhtnv94X6o6ELSonUyOcfi8%252BJ90%253D%26reserved%3D0&amp;source=gmail&amp;ust=1588100456767000&amp;usg=AFQjCNGSaqAXpnr5NYGr_kY1j-dZqmqbPQ\"><b>https:\/\/bit.ly\/2RZeJNI<\/b><\/a><\/li>\n<\/ul>\n<p><span style=\"font-weight: 400\">Sobre medidas de preven\u00e7\u00e3o dentro de nossas instala\u00e7\u00f5es;\u00a0<\/span><\/p>\n<ul>\n<li style=\"font-weight: 400\"><span style=\"font-weight: 400\">Revezamento entre as pessoas para utiliza\u00e7\u00e3o do restaurante e maior espa\u00e7amento das mesas, al\u00e9m de faixas demarcando a dist\u00e2ncia segura entre as pessoas que est\u00e3o \u00e0 espera na fila;<\/span><\/li>\n<li style=\"font-weight: 400\"><span style=\"font-weight: 400\">Substitui\u00e7\u00e3o do ponto digital por crach\u00e1 de aproxima\u00e7\u00e3o;\u00a0<\/span><\/li>\n<li style=\"font-weight: 400\"><span style=\"font-weight: 400\">Acesso restrito a prestadores de servi\u00e7os essenciais para opera\u00e7\u00e3o, os quais, para serem liberados na portaria, passam por medi\u00e7\u00e3o de temperatura e um question\u00e1rio de avalia\u00e7\u00e3o de suas\u00a0condi\u00e7\u00f5es de sa\u00fade;<\/span><\/li>\n<li style=\"font-weight: 400\"><span style=\"font-weight: 400\">Medi\u00e7\u00e3o de temperatura dos colaboradores que acessam nossas unidades;<\/span><\/li>\n<li style=\"font-weight: 400\"><span style=\"font-weight: 400\">Ado\u00e7\u00e3o do uso de m\u00e1scaras para colaboradores que ficam em \u00e1reas de contato com pessoas externas (todos os funcion\u00e1rios em fun\u00e7\u00f5es com atendimento ao p\u00fablico: vigilantes da portaria, funcion\u00e1rios da \u00e1rea de limpeza, dos restaurantes, almoxarifado, balan\u00e7a etc.);<\/span><\/li>\n<li style=\"font-weight: 400\"><span style=\"font-weight: 400\">Instala\u00e7\u00e3o de novos pontos com \u00e1lcool em gel;\u00a0<\/span><\/li>\n<li style=\"font-weight: 400\"><span style=\"font-weight: 400\">Distribui\u00e7\u00e3o de borrifadores de \u00e1lcool l\u00edquido 70\u00b0 para limpeza de equipamentos de uso comum e cabines de caminh\u00f5es.<\/span><\/li>\n<\/ul>\n<p><span style=\"font-weight: 400\">Sobre o transporte dos colaboradores<\/span><\/p>\n<ul>\n<li style=\"font-weight: 400\"><span style=\"font-weight: 400\">Ocupa\u00e7\u00e3o de menos de 50% nos \u00f4nibus que transportam os colaboradores de forma a atender \u00e0s recomenda\u00e7\u00f5es de dist\u00e2ncia entre os passageiros.<\/span><\/li>\n<li style=\"font-weight: 400\"><span style=\"font-weight: 400\">Disponibiliza\u00e7\u00e3o de \u00e1lcool em gel para os passageiros<\/span><\/li>\n<li style=\"font-weight: 400\"><span style=\"font-weight: 400\">Higieniza\u00e7\u00e3o dos \u00f4nibus ao final de cada viagem;\u00a0<\/span><\/li>\n<li style=\"font-weight: 400\"><span style=\"font-weight: 400\">Manuten\u00e7\u00e3o de janelas abertas no trajeto<\/span><\/li>\n<\/ul>\n<p><span style=\"font-weight: 400\">A Tereos continua acompanhando a evolu\u00e7\u00e3o da situa\u00e7\u00e3o atentamente, em colabora\u00e7\u00e3o com seus parceiros e com as autoridades e organiza\u00e7\u00f5es de sa\u00fade.\u00a0<\/span><\/p>\n<p><span style=\"font-weight: 400\">Por fim, agradecemos todas as equipes mobilizadas em garantir o abastecimento de alimentos e a distribui\u00e7\u00e3o de etanol e bioenergia, sem descuidar da seguran\u00e7a das pessoas, nosso maior valor.\u00a0<\/span><\/p>\n<p><span style=\"font-weight: 400\">Juntos, venceremos esta batalha!<\/span><span style=\"font-weight: 400\"><br \/>\n<\/span><span style=\"font-weight: 400\"><br \/>\n<\/span><b>Tereos Brasil<\/b><\/p>\n<p>&nbsp;<\/p>\n"}]}},"yoast_head":"<!-- This site is optimized with the Yoast SEO plugin v23.7 - https:\/\/yoast.com\/wordpress\/plugins\/seo\/ -->\n<title>Tereos Brasil no combate ao Covid-19 - Brasil<\/title>\n<meta name=\"robots\" content=\"index, follow, max-snippet:-1, max-image-preview:large, max-video-preview:-1\" \/>\n<link rel=\"canonical\" href=\"https:\/\/br.tereos.com\/pt-pt\/news\/tereos-brasil-no-combate-ao-covid-19\/\" \/>\n<meta property=\"og:locale\" content=\"pt_PT\" \/>\n<meta property=\"og:type\" content=\"article\" \/>\n<meta property=\"og:title\" content=\"Tereos Brasil no combate ao Covid-19 - Brasil\" \/>\n<meta property=\"og:url\" content=\"https:\/\/br.tereos.com\/pt-pt\/news\/tereos-brasil-no-combate-ao-covid-19\/\" \/>\n<meta property=\"og:site_name\" content=\"Brasil\" \/>\n<meta property=\"article:modified_time\" content=\"2020-04-27T19:07:08+00:00\" \/>\n<meta name=\"twitter:card\" content=\"summary_large_image\" \/>\n<script type=\"application\/ld+json\" class=\"yoast-schema-graph\">{\"@context\":\"https:\/\/schema.org\",\"@graph\":[{\"@type\":\"WebPage\",\"@id\":\"https:\/\/br.tereos.com\/pt-pt\/news\/tereos-brasil-no-combate-ao-covid-19\/\",\"url\":\"https:\/\/br.tereos.com\/pt-pt\/news\/tereos-brasil-no-combate-ao-covid-19\/\",\"name\":\"Tereos Brasil no combate ao Covid-19 - Brasil\",\"isPartOf\":{\"@id\":\"https:\/\/br.tereos.com\/pt-pt\/#website\"},\"datePublished\":\"2020-04-27T13:40:53+00:00\",\"dateModified\":\"2020-04-27T19:07:08+00:00\",\"breadcrumb\":{\"@id\":\"https:\/\/br.tereos.com\/pt-pt\/news\/tereos-brasil-no-combate-ao-covid-19\/#breadcrumb\"},\"inLanguage\":\"pt-PT\",\"potentialAction\":[{\"@type\":\"ReadAction\",\"target\":[\"https:\/\/br.tereos.com\/pt-pt\/news\/tereos-brasil-no-combate-ao-covid-19\/\"]}]},{\"@type\":\"BreadcrumbList\",\"@id\":\"https:\/\/br.tereos.com\/pt-pt\/news\/tereos-brasil-no-combate-ao-covid-19\/#breadcrumb\",\"itemListElement\":[{\"@type\":\"ListItem\",\"position\":1,\"name\":\"Home\",\"item\":\"https:\/\/br.tereos.com\/pt-pt\/\"},{\"@type\":\"ListItem\",\"position\":2,\"name\":\"Tereos Brasil no combate ao Covid-19\"}]},{\"@type\":\"WebSite\",\"@id\":\"https:\/\/br.tereos.com\/pt-pt\/#website\",\"url\":\"https:\/\/br.tereos.com\/pt-pt\/\",\"name\":\"Brasil\",\"description\":\"Un site utilisant WordPress\",\"potentialAction\":[{\"@type\":\"SearchAction\",\"target\":{\"@type\":\"EntryPoint\",\"urlTemplate\":\"https:\/\/br.tereos.com\/pt-pt\/?s={search_term_string}\"},\"query-input\":{\"@type\":\"PropertyValueSpecification\",\"valueRequired\":true,\"valueName\":\"search_term_string\"}}],\"inLanguage\":\"pt-PT\"}]}<\/script>\n<!-- \/ Yoast SEO plugin. -->","yoast_head_json":{"title":"Tereos Brasil no combate ao Covid-19 - Brasil","robots":{"index":"index","follow":"follow","max-snippet":"max-snippet:-1","max-image-preview":"max-image-preview:large","max-video-preview":"max-video-preview:-1"},"canonical":"https:\/\/br.tereos.com\/pt-pt\/news\/tereos-brasil-no-combate-ao-covid-19\/","og_locale":"pt_PT","og_type":"article","og_title":"Tereos Brasil no combate ao Covid-19 - Brasil","og_url":"https:\/\/br.tereos.com\/pt-pt\/news\/tereos-brasil-no-combate-ao-covid-19\/","og_site_name":"Brasil","article_modified_time":"2020-04-27T19:07:08+00:00","twitter_card":"summary_large_image","schema":{"@context":"https:\/\/schema.org","@graph":[{"@type":"WebPage","@id":"https:\/\/br.tereos.com\/pt-pt\/news\/tereos-brasil-no-combate-ao-covid-19\/","url":"https:\/\/br.tereos.com\/pt-pt\/news\/tereos-brasil-no-combate-ao-covid-19\/","name":"Tereos Brasil no combate ao Covid-19 - Brasil","isPartOf":{"@id":"https:\/\/br.tereos.com\/pt-pt\/#website"},"datePublished":"2020-04-27T13:40:53+00:00","dateModified":"2020-04-27T19:07:08+00:00","breadcrumb":{"@id":"https:\/\/br.tereos.com\/pt-pt\/news\/tereos-brasil-no-combate-ao-covid-19\/#breadcrumb"},"inLanguage":"pt-PT","potentialAction":[{"@type":"ReadAction","target":["https:\/\/br.tereos.com\/pt-pt\/news\/tereos-brasil-no-combate-ao-covid-19\/"]}]},{"@type":"BreadcrumbList","@id":"https:\/\/br.tereos.com\/pt-pt\/news\/tereos-brasil-no-combate-ao-covid-19\/#breadcrumb","itemListElement":[{"@type":"ListItem","position":1,"name":"Home","item":"https:\/\/br.tereos.com\/pt-pt\/"},{"@type":"ListItem","position":2,"name":"Tereos Brasil no combate ao Covid-19"}]},{"@type":"WebSite","@id":"https:\/\/br.tereos.com\/pt-pt\/#website","url":"https:\/\/br.tereos.com\/pt-pt\/","name":"Brasil","description":"Un site utilisant WordPress","potentialAction":[{"@type":"SearchAction","target":{"@type":"EntryPoint","urlTemplate":"https:\/\/br.tereos.com\/pt-pt\/?s={search_term_string}"},"query-input":{"@type":"PropertyValueSpecification","valueRequired":true,"valueName":"search_term_string"}}],"inLanguage":"pt-PT"}]}},"featured_media_src":false,"date_formatted":"27 April 2020 ","_links":{"self":[{"href":"https:\/\/br.tereos.com\/pt-pt\/wp-json\/wp\/v2\/news\/7721"}],"collection":[{"href":"https:\/\/br.tereos.com\/pt-pt\/wp-json\/wp\/v2\/news"}],"about":[{"href":"https:\/\/br.tereos.com\/pt-pt\/wp-json\/wp\/v2\/types\/news"}],"author":[{"embeddable":true,"href":"https:\/\/br.tereos.com\/pt-pt\/wp-json\/wp\/v2\/users\/13"}],"version-history":[{"count":3,"href":"https:\/\/br.tereos.com\/pt-pt\/wp-json\/wp\/v2\/news\/7721\/revisions"}],"predecessor-version":[{"id":7765,"href":"https:\/\/br.tereos.com\/pt-pt\/wp-json\/wp\/v2\/news\/7721\/revisions\/7765"}],"wp:attachment":[{"href":"https:\/\/br.tereos.com\/pt-pt\/wp-json\/wp\/v2\/media?parent=7721"}],"wp:term":[{"taxonomy":"category","embeddable":true,"href":"https:\/\/br.tereos.com\/pt-pt\/wp-json\/wp\/v2\/categories?post=7721"}],"curies":[{"name":"wp","href":"https:\/\/api.w.org\/{rel}","templated":true}]}}