{"id":7714,"date":"2020-04-17T15:29:24","date_gmt":"2020-04-17T13:29:24","guid":{"rendered":"https:\/\/br.tereos.com\/?post_type=news&#038;p=7714"},"modified":"2020-04-18T00:19:34","modified_gmt":"2020-04-17T22:19:34","slug":"comunicado-global-sobre-o-covid-19","status":"publish","type":"news","link":"https:\/\/br.tereos.com\/pt-pt\/news\/comunicado-global-sobre-o-covid-19\/","title":{"rendered":"Comunicado Global sobre o Covid-19"},"author":13,"featured_media":0,"template":"","categories":[],"class_list":["post-7714","news","type-news","status-publish","hentry"],"acf":{"cover_image":false,"cover_clone":{"cover_image":false},"headline":"A Tereos continua tomando as medidas apropriadas e demonstra sua solidariedade face \u00e0 pandemia do coronav\u00edrus (Covid-19)","headline_clone":{"headline":"A Tereos continua tomando as medidas apropriadas e demonstra sua solidariedade face \u00e0 pandemia do coronav\u00edrus (Covid-19)"},"sections":[{"acf_fc_layout":"rich_text","anchor_title":"","text":"<p style=\"text-align: right\"><i><span style=\"font-weight: 400\">&#8211; balan\u00e7o da situa\u00e7\u00e3o em <\/span><\/i><i><span style=\"font-weight: 400\">17 <\/span><\/i><i><span style=\"font-weight: 400\">de abril de 2020 &#8211;<\/span><\/i><\/p>\n<p><b>A Tereos est\u00e1 entre os l\u00edderes mundiais de produ\u00e7\u00e3o de a\u00e7\u00facar, \u00e1lcool e produtos derivados do amido. Esses produtos foram reconhecidos \u201cde interesse estrat\u00e9gico\u201d pelas autoridades, pois s\u00e3o indispens\u00e1veis para o abastecimento de setores como o agroalimentar, a nutri\u00e7\u00e3o infantil, a ind\u00fastria farmac\u00eautica ou os produtos de higiene.<\/b><\/p>\n<p><b>No contexto atual de crise sanit\u00e1ria do Covid-19, todas as nossas Unidades\u00a0de Neg\u00f3cios do mundo enfrentam a pandemia em seus territ\u00f3rios. Contudo, e respeitando as medidas de preven\u00e7\u00e3o de sa\u00fade definidas pelas autoridades, todas as equipes da Tereos permanecem plenamente mobilizadas na produ\u00e7\u00e3o para o abastecimento de seus clientes.<\/b><\/p>\n<p><b>1 \u2013 A\u00e7\u00f5es solid\u00e1rias s\u00e3o empreendidas na maioria dos pa\u00edses<\/b><\/p>\n<p><b>Na Fran\u00e7a, a Tereos anunciou na quarta-feira, 18 de mar\u00e7o, uma a\u00e7\u00e3o filantr\u00f3pica de grande porte<\/b><span style=\"font-weight: 400\">: o Grupo, produtor l\u00edder de \u00e1lcool no pa\u00eds, iniciou a produ\u00e7\u00e3o de \u00e1lcool em gel e \u00e1lcool desinfetante em cinco usinas. A opera\u00e7\u00e3o se estendeu a duas outras usinas francesas, elevando o n\u00famero para sete. O \u00e1lcool em gel e o \u00e1lcool desinfetante s\u00e3o disponibilizados gratuitamente para as ag\u00eancias regionais de sa\u00fade e para hospitais franceses em situa\u00e7\u00e3o cr\u00edtica: leia o comunicado <\/span><a href=\"https:\/\/tereos.com\/pt-pt\/press-releases\/a-tereos-lider-mundial-na-industria-do-acucar-e-na-producao-de-alcool-destina-cinco-de-suas-usinas-na-franca-para-a-fabricacao-de-alcool-em-gel\/\"><span style=\"font-weight: 400\">aqui<\/span><\/a><span style=\"font-weight: 400\">. Desde o lan\u00e7amento da opera\u00e7\u00e3o, a Tereos j\u00e1 produziu e entregou mais de <\/span><span style=\"font-weight: 400\">150 mil litros <\/span><span style=\"font-weight: 400\">de \u00e1lcool para as ag\u00eancias regionais de sa\u00fade na Fran\u00e7a.\u00a0<\/span><\/p>\n<p><b>A Tereos conseguiu aumentar a distribui\u00e7\u00e3o de \u00e1lcool em gel a seus cooperados associados.<\/b><span style=\"font-weight: 400\"> Possibilitada pela mobiliza\u00e7\u00e3o dos funcion\u00e1rios da Tereos, permitindo alcan\u00e7ar rapidamente um bom \u00edndice de produ\u00e7\u00e3o nas unidades dedicadas, e pela organiza\u00e7\u00e3o das equipes da divis\u00e3o de cooperados associados.\u00a0 Entre a segunda-feira, 6 de abril, e a quinta-feira, 9 de abril, 5.500 cooperados puderam retirar seus produtos por meio de um de um sistema drive-in instalado em seis unidades de produ\u00e7\u00e3o.\u00a0<\/span><\/p>\n<p><b>Em 24 de mar\u00e7o, a Tereos A\u00e7\u00facar &amp; Energia Brasil anunciou a doa\u00e7\u00e3o de 20.000 litros de \u00e1lcool 70%<\/b><span style=\"font-weight: 400\"> a hospitais e unidades regionais de sa\u00fade na regi\u00e3o noroeste do Estado de S\u00e3o Paulo para ajudar a combater a pandemia da Covid-19. O volume aumentou para 52.000 litros no dia 3 de abril. Leia o comunicado de imprensa <\/span><a href=\"https:\/\/br.tereos.com\/pt-pt\/news\/tereos-apoia-o-sistema-hospitalar-da-regiao-com-doacao-de-52-mil-litros-de-alcool-liquido-70\/\"><span style=\"font-weight: 400\">aqui<\/span><\/a><span style=\"font-weight: 400\">.<\/span><\/p>\n<p><b>Por fim, as equipes da Tereos est\u00e3o engajadas em iniciativas solid\u00e1rias locais de acordo com as necessidades mais cr\u00edticas identificadas<\/b><span style=\"font-weight: 400\">: doa\u00e7\u00e3o de a\u00e7\u00facar para ONGs (Tereos UK &amp; Ireland e Tereos Sucre France, em particular), doa\u00e7\u00e3o de m\u00e1scaras e \u00e1lcool em gel na Fran\u00e7a e no Leste Europeu. Na Indon\u00e9sia, as equipes da Tereos FKS oferecem aos funcion\u00e1rios e suas fam\u00edlias 200.000 kits de cuidados contendo vitamina C, \u00e1lcool em gel, len\u00e7os desinfetantes descart\u00e1veis e testes r\u00e1pidos aprovados de diagn\u00f3stico.<\/span><\/p>\n<p><span style=\"font-weight: 400\">Em meados de abril de 2020, sete unidades industriais da Tereos uniram esfor\u00e7os em prol da solidariedade (seis na Fran\u00e7a e uma na B\u00e9lgica), j\u00e1 produziram 150 mil litros de solu\u00e7\u00e3o hidroalc\u00f3olica e multiplicou por cinco a produ\u00e7\u00e3o de \u00e1lcool destinado para ind\u00fastria farmac\u00eautica.<\/span><\/p>\n<p><b>2 \u2013 As atividades da Tereos operam normalmente<\/b><\/p>\n<p><b>As opera\u00e7\u00f5es industriais da Tereos n\u00e3o foram diretamente impactadas pela pandemia do coronav\u00edrus.<\/b><span style=\"font-weight: 400\"> As usinas do Grupo funcionam normalmente. At\u00e9 agora, e nas condi\u00e7\u00f5es atuais, a Tereos n\u00e3o prev\u00ea uma interrup\u00e7\u00e3o na produ\u00e7\u00e3o.<\/span><\/p>\n<ul>\n<li style=\"font-weight: 400\"><b>Em todas as regi\u00f5es de implanta\u00e7\u00e3o, a Tereos anuncia que sua atividade foi identificada pelos governos como priorit\u00e1ria, <\/b><span style=\"font-weight: 400\">assim como o conjunto de empresas do setor agr\u00edcola, agroalimentar, transportes, energia e setor m\u00e9dico. Um dos desafios priorit\u00e1rios diz respeito \u00e0 livre circula\u00e7\u00e3o do pessoal essencial para a opera\u00e7\u00e3o das unidades industriais e para a expedi\u00e7\u00e3o das mercadorias.<\/span><\/li>\n<li style=\"font-weight: 400\"><b>Europa: em linha com a publica\u00e7\u00e3o feita pela Comiss\u00e3o Europeia, em 16 de mar\u00e7o, das <\/b><b><i>\u201cDiretrizes para as fronteiras visando para proteger a sa\u00fade e preservar a circula\u00e7\u00e3o de bens e servi\u00e7os essenciais dispon\u00edveis\u201d<\/i><\/b><span style=\"font-weight: 400\">, a Tereos confirma que suas equipes cumprem as determina\u00e7\u00f5es relativas \u00e0 circula\u00e7\u00e3o dos chamados bens essenciais, \u201cbeneficiando-se do acesso facilitado aos controles necess\u00e1rios para realizar entregas aos seus clientes nas melhores condi\u00e7\u00f5es, dentro da UE.\u201d<\/span><\/li>\n<\/ul>\n<p><span style=\"font-weight: 400\">Em \u00e2mbito mundial, a Tereos conduz as suas opera\u00e7\u00f5es log\u00edsticas normalmente, e toma as medidas necess\u00e1rias para mitigar os principais riscos identificados:<\/span><\/p>\n<ul>\n<li><b>O Grupo n\u00e3o enfrenta atualmente interrup\u00e7\u00e3o significativas em suas opera\u00e7\u00f5es log\u00edsticas e de transporte. <span style=\"font-weight: 400\">Em fun\u00e7\u00e3o da evolu\u00e7\u00e3o das regi\u00f5es afetada, nossas <\/span>equipes comerciais, de suporte ao cliente e de supply chain avaliam continuamente a situa\u00e7\u00e3o e acompanham os clientes envolvidos<span style=\"font-weight: 400\"> em fun\u00e7\u00e3o de suas necessidades e da situa\u00e7\u00e3o, a fim de garantir a melhor qualidade de servi\u00e7o no atual contexto.\n<p><\/span><\/b><\/li>\n<li><b>\u00a0Nas exporta\u00e7\u00f5es, os principais riscos de interrup\u00e7\u00f5es at\u00e9 agora dizem respeito \u00e0s medidas de restri\u00e7\u00e3o da livre circula\u00e7\u00e3o de bens e pessoas<span style=\"font-weight: 400\"> aplicadas em determinadas regi\u00f5es do mundo, bem como as repercuss\u00f5es dos problemas que afetam determinados modos de transporte.\n<p><\/span><\/b><\/li>\n<li><b><b>A Tereos adota, como sempre, um alto n\u00edvel de seguran\u00e7a alimentar para todos os seus produtos.<span style=\"font-weight: 400\"> At\u00e9 o momento, e conforme indicado pela EFSA (<\/span><i><span style=\"font-weight: 400\">Autoridade Europeia para a Seguran\u00e7a Alimentar<\/span><\/i><span style=\"font-weight: 400\">), os alimentos n\u00e3o foram identificados como uma poss\u00edvel fonte ou meio de transmiss\u00e3o do Covid-19.<\/span><\/b><\/b><\/li>\n<\/ul>\n<p><b>3 \u2013 Plano de preven\u00e7\u00e3o de sa\u00fade e seguran\u00e7a, organiza\u00e7\u00e3o do trabalho e log\u00edstica<\/b><\/p>\n<p><b>Em resposta aos primeiros alertas de dissemina\u00e7\u00e3o do v\u00edrus, a Tereos mobilizou uma equipe respons\u00e1vel pela gest\u00e3o transversal da crise.\u00a0<\/b><\/p>\n<p><span style=\"font-weight: 400\">O Grupo ampliou, em 27 de fevereiro, para todas as suas unidades no mundo, as medidas de preven\u00e7\u00e3o e acompanhamento sanit\u00e1rio, de acordo com as instru\u00e7\u00f5es das autoridades sanit\u00e1rias locais, nacionais e internacionais, a fim de refor\u00e7ar as condi\u00e7\u00f5es de sa\u00fade\/seguran\u00e7a em todas as localidades, neste contexto pand\u00eamico.\u00a0<\/span><\/p>\n<p><b>Principais medidas implementadas:<\/b><\/p>\n<ol>\n<li><b>a)\u00a0 Sistema global de \u201csa\u00fade e seguran\u00e7a\u201d <\/b><span style=\"font-weight: 400\">para os nossos colaboradores, especificando as medidas sanit\u00e1rias a serem implementadas:<\/span><\/li>\n<\/ol>\n<ul>\n<li><b>Conscientiza\u00e7\u00e3o sobre os \u201cgestos de prote\u00e7\u00e3o\u201d<span style=\"font-weight: 400\">, a fim de limitar os riscos de propaga\u00e7\u00e3o do v\u00edrus e proteger nossos colaboradores no local de trabalho. Essas mensagens foram comunicadas por meio de diversos canais internos de informa\u00e7\u00e3o e nos oito idiomas do Grupo.<\/span><\/b><\/li>\n<li>Refor\u00e7o das opera\u00e7\u00f5es de limpeza das instala\u00e7\u00f5es: desinfec\u00e7\u00e3o de \u00e1reas comuns nas f\u00e1bricas e escrit\u00f3rios, e disponibiliza\u00e7\u00e3o de materiais \u201cantipropaga\u00e7\u00e3o<span style=\"font-weight: 400\">\u201d (higienizadores de m\u00e3os, material de limpeza de superf\u00edcies, medi\u00e7\u00e3o da temperatura na entrada de todos os locais de trabalho etc.).\n<p><\/span><\/li>\n<li><b>Plano de gest\u00e3o de riscos para mobilidade nacional e internacional e reuni\u00f5es<\/b><\/li>\n<li style=\"list-style-type: none\">\n<ul>\n<li style=\"font-weight: 400\"><b>Em pa\u00edses submetidos a medidas de confinamento da popula\u00e7\u00e3o:<\/b><span style=\"font-weight: 400\"> suspens\u00e3o das viagens n\u00e3o indispens\u00e1veis.<\/span><\/li>\n<li style=\"font-weight: 400\"><b>Em pa\u00edses n\u00e3o submetidos a medidas de confinamento da popula\u00e7\u00e3o: <\/b><span style=\"font-weight: 400\">limita\u00e7\u00e3o rigorosa a deslocamentos n\u00e3o cr\u00edticos. Os colaboradores devem dar prefer\u00eancia telefonemas e videoconfer\u00eancias. Implementa\u00e7\u00e3o de solu\u00e7\u00f5es de trabalho remoto quando a fun\u00e7\u00e3o permitir.<\/span><\/li>\n<li style=\"font-weight: 400\"><b>Apoio individualizado para as pessoas em tr\u00e2nsito<\/b><span style=\"font-weight: 400\"> (expatria\u00e7\u00e3o, estrangeiros com contratos locais, miss\u00f5es de longo prazo).<\/span><\/li>\n<li style=\"font-weight: 400\"><b>Limita\u00e7\u00e3o ou adiamento das reuni\u00f5es e treinamentos \u201cn\u00e3o essenciais\u201d<\/b><span style=\"font-weight: 400\">, e de todos os eventos internos ou externos.\n<p><\/span><\/li>\n<\/ul>\n<\/li>\n<li><b>Medidas implementadas para nossos transportadores:<\/b><\/li>\n<\/ul>\n<p><b>Diante dos grandes desafios ligados \u00e0 log\u00edstica e ao transporte rodovi\u00e1rio, quando o setor de transporte se encontra sob press\u00e3o:\u00a0<\/b><\/p>\n<ul>\n<li style=\"font-weight: 400\"><b>Nossas equipes est\u00e3o em comunica\u00e7\u00e3o constante com os operadores log\u00edsticos e de transporte para conduzir \u2013 e ajustar, quando necess\u00e1rio<\/b><span style=\"font-weight: 400\"> \u2013 os itiner\u00e1rios, em fun\u00e7\u00e3o das informa\u00e7\u00f5es comunicadas pelas autoridades, e atender \u00e0s medidas sanit\u00e1rias em vigor em nossas unidades e na de nossos clientes.\n<p><\/span><\/li>\n<li style=\"font-weight: 400\"><b>Em resposta \u00e0s medidas postas em pr\u00e1tica pela UE para controlar a circula\u00e7\u00e3o de pessoas e bens e assegurar a fluidez do transporte dos chamados \u201cbens essenciais\u201d<\/b><span style=\"font-weight: 400\"> (comunicado de 16 de mar\u00e7o de 2020 \u201c<\/span><i><span style=\"font-weight: 400\">Covid-19: a Comiss\u00e3o apresenta diretrizes para as fronteiras visando para proteger a sa\u00fade e preservar a circula\u00e7\u00e3o de bens e servi\u00e7os essenciais dispon\u00edveis\u201d)<\/span><\/i>\n<ul>\n<li style=\"font-weight: 400\"><b>Implementa\u00e7\u00e3o de um plano de circula\u00e7\u00e3o espec\u00edfico<\/b><span style=\"font-weight: 400\"> com as transportadoras para assegurar a circula\u00e7\u00e3o dos chamados \u201cbens essenciais\u201d determinados pelos governos europeus (na Fran\u00e7a: transporte de mat\u00e9rias-primas agr\u00edcolas, produtos agroalimentares e produtos m\u00e9dicos).<\/span><\/li>\n<li style=\"font-weight: 400\"><b>Emiss\u00e3o de certificados pela Tereos como empresa de um setor reconhecidamente priorit\u00e1rio<\/b><span style=\"font-weight: 400\">, permitindo aos prestadores de servi\u00e7os \u2013 e, em particular, aos transportadores \u2013 justificarem sua atividade e deslocamentos para preservar a produ\u00e7\u00e3o e a circula\u00e7\u00e3o de mercadorias \u201cessenciais\u201d.<\/span><\/li>\n<\/ul>\n<\/li>\n<\/ul>\n<ul>\n<li style=\"font-weight: 400\"><b>Uma iniciativa espec\u00edfica \u00e9 atualmente implementada em nossas unidades na Fran\u00e7a, a fim de reservar um acolhimento mais adaptado para os motoristas que chegam \u00e0s unidades<\/b><span style=\"font-weight: 400\">: espa\u00e7os de acolhimento com m\u00e1quina de caf\u00e9 e instala\u00e7\u00f5es sanit\u00e1rias que lhes permitam fazer uma pausa em um contexto de log\u00edstica de fluxo intenso. A Tereos incentiva seus clientes a adaptar o sistema de acolhimento nesse sentido, a fim de desenvolver uma abordagem global que ofere\u00e7a o melhor apoio \u00e0 log\u00edstica.\u00a0\u00a0<\/span><\/li>\n<\/ul>\n<p style=\"text-align: center\"><span style=\"font-weight: 400\">**<\/span><\/p>\n<p><span style=\"font-weight: 400\">A Tereos continua, naturalmente, acompanhando a evolu\u00e7\u00e3o da situa\u00e7\u00e3o atentamente, em colabora\u00e7\u00e3o com seus parceiros e com as autoridades e organiza\u00e7\u00f5es de sa\u00fade dos pa\u00edses em que o Grupo opera. Atualizaremos a situa\u00e7\u00e3o regularmente, em fun\u00e7\u00e3o de sua evolu\u00e7\u00e3o, e sempre que necess\u00e1rio. A Tereos agradece todas as equipes envolvidas na gest\u00e3o desta crise e mobilizadas a servi\u00e7o de seus clientes. Seus contatos habituais na Tereos est\u00e3o \u00e0 disposi\u00e7\u00e3o para qualquer d\u00favida ou esclarecimento.<\/span><\/p>\n"}],"flexible_editorial_clone":{"has_anchors":false,"sections":[{"acf_fc_layout":"rich_text","anchor_title":"","text":"<p style=\"text-align: right\"><i><span style=\"font-weight: 400\">&#8211; balan\u00e7o da situa\u00e7\u00e3o em <\/span><\/i><i><span style=\"font-weight: 400\">17 <\/span><\/i><i><span style=\"font-weight: 400\">de abril de 2020 &#8211;<\/span><\/i><\/p>\n<p><b>A Tereos est\u00e1 entre os l\u00edderes mundiais de produ\u00e7\u00e3o de a\u00e7\u00facar, \u00e1lcool e produtos derivados do amido. Esses produtos foram reconhecidos \u201cde interesse estrat\u00e9gico\u201d pelas autoridades, pois s\u00e3o indispens\u00e1veis para o abastecimento de setores como o agroalimentar, a nutri\u00e7\u00e3o infantil, a ind\u00fastria farmac\u00eautica ou os produtos de higiene.<\/b><\/p>\n<p><b>No contexto atual de crise sanit\u00e1ria do Covid-19, todas as nossas Unidades\u00a0de Neg\u00f3cios do mundo enfrentam a pandemia em seus territ\u00f3rios. Contudo, e respeitando as medidas de preven\u00e7\u00e3o de sa\u00fade definidas pelas autoridades, todas as equipes da Tereos permanecem plenamente mobilizadas na produ\u00e7\u00e3o para o abastecimento de seus clientes.<\/b><\/p>\n<p><b>1 \u2013 A\u00e7\u00f5es solid\u00e1rias s\u00e3o empreendidas na maioria dos pa\u00edses<\/b><\/p>\n<p><b>Na Fran\u00e7a, a Tereos anunciou na quarta-feira, 18 de mar\u00e7o, uma a\u00e7\u00e3o filantr\u00f3pica de grande porte<\/b><span style=\"font-weight: 400\">: o Grupo, produtor l\u00edder de \u00e1lcool no pa\u00eds, iniciou a produ\u00e7\u00e3o de \u00e1lcool em gel e \u00e1lcool desinfetante em cinco usinas. A opera\u00e7\u00e3o se estendeu a duas outras usinas francesas, elevando o n\u00famero para sete. O \u00e1lcool em gel e o \u00e1lcool desinfetante s\u00e3o disponibilizados gratuitamente para as ag\u00eancias regionais de sa\u00fade e para hospitais franceses em situa\u00e7\u00e3o cr\u00edtica: leia o comunicado <\/span><a href=\"https:\/\/tereos.com\/pt-pt\/press-releases\/a-tereos-lider-mundial-na-industria-do-acucar-e-na-producao-de-alcool-destina-cinco-de-suas-usinas-na-franca-para-a-fabricacao-de-alcool-em-gel\/\"><span style=\"font-weight: 400\">aqui<\/span><\/a><span style=\"font-weight: 400\">. Desde o lan\u00e7amento da opera\u00e7\u00e3o, a Tereos j\u00e1 produziu e entregou mais de <\/span><span style=\"font-weight: 400\">150 mil litros <\/span><span style=\"font-weight: 400\">de \u00e1lcool para as ag\u00eancias regionais de sa\u00fade na Fran\u00e7a.\u00a0<\/span><\/p>\n<p><b>A Tereos conseguiu aumentar a distribui\u00e7\u00e3o de \u00e1lcool em gel a seus cooperados associados.<\/b><span style=\"font-weight: 400\"> Possibilitada pela mobiliza\u00e7\u00e3o dos funcion\u00e1rios da Tereos, permitindo alcan\u00e7ar rapidamente um bom \u00edndice de produ\u00e7\u00e3o nas unidades dedicadas, e pela organiza\u00e7\u00e3o das equipes da divis\u00e3o de cooperados associados.\u00a0 Entre a segunda-feira, 6 de abril, e a quinta-feira, 9 de abril, 5.500 cooperados puderam retirar seus produtos por meio de um de um sistema drive-in instalado em seis unidades de produ\u00e7\u00e3o.\u00a0<\/span><\/p>\n<p><b>Em 24 de mar\u00e7o, a Tereos A\u00e7\u00facar &amp; Energia Brasil anunciou a doa\u00e7\u00e3o de 20.000 litros de \u00e1lcool 70%<\/b><span style=\"font-weight: 400\"> a hospitais e unidades regionais de sa\u00fade na regi\u00e3o noroeste do Estado de S\u00e3o Paulo para ajudar a combater a pandemia da Covid-19. O volume aumentou para 52.000 litros no dia 3 de abril. Leia o comunicado de imprensa <\/span><a href=\"https:\/\/br.tereos.com\/pt-pt\/news\/tereos-apoia-o-sistema-hospitalar-da-regiao-com-doacao-de-52-mil-litros-de-alcool-liquido-70\/\"><span style=\"font-weight: 400\">aqui<\/span><\/a><span style=\"font-weight: 400\">.<\/span><\/p>\n<p><b>Por fim, as equipes da Tereos est\u00e3o engajadas em iniciativas solid\u00e1rias locais de acordo com as necessidades mais cr\u00edticas identificadas<\/b><span style=\"font-weight: 400\">: doa\u00e7\u00e3o de a\u00e7\u00facar para ONGs (Tereos UK &amp; Ireland e Tereos Sucre France, em particular), doa\u00e7\u00e3o de m\u00e1scaras e \u00e1lcool em gel na Fran\u00e7a e no Leste Europeu. Na Indon\u00e9sia, as equipes da Tereos FKS oferecem aos funcion\u00e1rios e suas fam\u00edlias 200.000 kits de cuidados contendo vitamina C, \u00e1lcool em gel, len\u00e7os desinfetantes descart\u00e1veis e testes r\u00e1pidos aprovados de diagn\u00f3stico.<\/span><\/p>\n<p><span style=\"font-weight: 400\">Em meados de abril de 2020, sete unidades industriais da Tereos uniram esfor\u00e7os em prol da solidariedade (seis na Fran\u00e7a e uma na B\u00e9lgica), j\u00e1 produziram 150 mil litros de solu\u00e7\u00e3o hidroalc\u00f3olica e multiplicou por cinco a produ\u00e7\u00e3o de \u00e1lcool destinado para ind\u00fastria farmac\u00eautica.<\/span><\/p>\n<p><b>2 \u2013 As atividades da Tereos operam normalmente<\/b><\/p>\n<p><b>As opera\u00e7\u00f5es industriais da Tereos n\u00e3o foram diretamente impactadas pela pandemia do coronav\u00edrus.<\/b><span style=\"font-weight: 400\"> As usinas do Grupo funcionam normalmente. At\u00e9 agora, e nas condi\u00e7\u00f5es atuais, a Tereos n\u00e3o prev\u00ea uma interrup\u00e7\u00e3o na produ\u00e7\u00e3o.<\/span><\/p>\n<ul>\n<li style=\"font-weight: 400\"><b>Em todas as regi\u00f5es de implanta\u00e7\u00e3o, a Tereos anuncia que sua atividade foi identificada pelos governos como priorit\u00e1ria, <\/b><span style=\"font-weight: 400\">assim como o conjunto de empresas do setor agr\u00edcola, agroalimentar, transportes, energia e setor m\u00e9dico. Um dos desafios priorit\u00e1rios diz respeito \u00e0 livre circula\u00e7\u00e3o do pessoal essencial para a opera\u00e7\u00e3o das unidades industriais e para a expedi\u00e7\u00e3o das mercadorias.<\/span><\/li>\n<li style=\"font-weight: 400\"><b>Europa: em linha com a publica\u00e7\u00e3o feita pela Comiss\u00e3o Europeia, em 16 de mar\u00e7o, das <\/b><b><i>\u201cDiretrizes para as fronteiras visando para proteger a sa\u00fade e preservar a circula\u00e7\u00e3o de bens e servi\u00e7os essenciais dispon\u00edveis\u201d<\/i><\/b><span style=\"font-weight: 400\">, a Tereos confirma que suas equipes cumprem as determina\u00e7\u00f5es relativas \u00e0 circula\u00e7\u00e3o dos chamados bens essenciais, \u201cbeneficiando-se do acesso facilitado aos controles necess\u00e1rios para realizar entregas aos seus clientes nas melhores condi\u00e7\u00f5es, dentro da UE.\u201d<\/span><\/li>\n<\/ul>\n<p><span style=\"font-weight: 400\">Em \u00e2mbito mundial, a Tereos conduz as suas opera\u00e7\u00f5es log\u00edsticas normalmente, e toma as medidas necess\u00e1rias para mitigar os principais riscos identificados:<\/span><\/p>\n<ul>\n<li><b>O Grupo n\u00e3o enfrenta atualmente interrup\u00e7\u00e3o significativas em suas opera\u00e7\u00f5es log\u00edsticas e de transporte. <span style=\"font-weight: 400\">Em fun\u00e7\u00e3o da evolu\u00e7\u00e3o das regi\u00f5es afetada, nossas <\/span>equipes comerciais, de suporte ao cliente e de supply chain avaliam continuamente a situa\u00e7\u00e3o e acompanham os clientes envolvidos<span style=\"font-weight: 400\"> em fun\u00e7\u00e3o de suas necessidades e da situa\u00e7\u00e3o, a fim de garantir a melhor qualidade de servi\u00e7o no atual contexto.\n<p><\/span><\/b><\/li>\n<li><b>\u00a0Nas exporta\u00e7\u00f5es, os principais riscos de interrup\u00e7\u00f5es at\u00e9 agora dizem respeito \u00e0s medidas de restri\u00e7\u00e3o da livre circula\u00e7\u00e3o de bens e pessoas<span style=\"font-weight: 400\"> aplicadas em determinadas regi\u00f5es do mundo, bem como as repercuss\u00f5es dos problemas que afetam determinados modos de transporte.\n<p><\/span><\/b><\/li>\n<li><b><b>A Tereos adota, como sempre, um alto n\u00edvel de seguran\u00e7a alimentar para todos os seus produtos.<span style=\"font-weight: 400\"> At\u00e9 o momento, e conforme indicado pela EFSA (<\/span><i><span style=\"font-weight: 400\">Autoridade Europeia para a Seguran\u00e7a Alimentar<\/span><\/i><span style=\"font-weight: 400\">), os alimentos n\u00e3o foram identificados como uma poss\u00edvel fonte ou meio de transmiss\u00e3o do Covid-19.<\/span><\/b><\/b><\/li>\n<\/ul>\n<p><b>3 \u2013 Plano de preven\u00e7\u00e3o de sa\u00fade e seguran\u00e7a, organiza\u00e7\u00e3o do trabalho e log\u00edstica<\/b><\/p>\n<p><b>Em resposta aos primeiros alertas de dissemina\u00e7\u00e3o do v\u00edrus, a Tereos mobilizou uma equipe respons\u00e1vel pela gest\u00e3o transversal da crise.\u00a0<\/b><\/p>\n<p><span style=\"font-weight: 400\">O Grupo ampliou, em 27 de fevereiro, para todas as suas unidades no mundo, as medidas de preven\u00e7\u00e3o e acompanhamento sanit\u00e1rio, de acordo com as instru\u00e7\u00f5es das autoridades sanit\u00e1rias locais, nacionais e internacionais, a fim de refor\u00e7ar as condi\u00e7\u00f5es de sa\u00fade\/seguran\u00e7a em todas as localidades, neste contexto pand\u00eamico.\u00a0<\/span><\/p>\n<p><b>Principais medidas implementadas:<\/b><\/p>\n<ol>\n<li><b>a)\u00a0 Sistema global de \u201csa\u00fade e seguran\u00e7a\u201d <\/b><span style=\"font-weight: 400\">para os nossos colaboradores, especificando as medidas sanit\u00e1rias a serem implementadas:<\/span><\/li>\n<\/ol>\n<ul>\n<li><b>Conscientiza\u00e7\u00e3o sobre os \u201cgestos de prote\u00e7\u00e3o\u201d<span style=\"font-weight: 400\">, a fim de limitar os riscos de propaga\u00e7\u00e3o do v\u00edrus e proteger nossos colaboradores no local de trabalho. Essas mensagens foram comunicadas por meio de diversos canais internos de informa\u00e7\u00e3o e nos oito idiomas do Grupo.<\/span><\/b><\/li>\n<li>Refor\u00e7o das opera\u00e7\u00f5es de limpeza das instala\u00e7\u00f5es: desinfec\u00e7\u00e3o de \u00e1reas comuns nas f\u00e1bricas e escrit\u00f3rios, e disponibiliza\u00e7\u00e3o de materiais \u201cantipropaga\u00e7\u00e3o<span style=\"font-weight: 400\">\u201d (higienizadores de m\u00e3os, material de limpeza de superf\u00edcies, medi\u00e7\u00e3o da temperatura na entrada de todos os locais de trabalho etc.).\n<p><\/span><\/li>\n<li><b>Plano de gest\u00e3o de riscos para mobilidade nacional e internacional e reuni\u00f5es<\/b><\/li>\n<li style=\"list-style-type: none\">\n<ul>\n<li style=\"font-weight: 400\"><b>Em pa\u00edses submetidos a medidas de confinamento da popula\u00e7\u00e3o:<\/b><span style=\"font-weight: 400\"> suspens\u00e3o das viagens n\u00e3o indispens\u00e1veis.<\/span><\/li>\n<li style=\"font-weight: 400\"><b>Em pa\u00edses n\u00e3o submetidos a medidas de confinamento da popula\u00e7\u00e3o: <\/b><span style=\"font-weight: 400\">limita\u00e7\u00e3o rigorosa a deslocamentos n\u00e3o cr\u00edticos. Os colaboradores devem dar prefer\u00eancia telefonemas e videoconfer\u00eancias. Implementa\u00e7\u00e3o de solu\u00e7\u00f5es de trabalho remoto quando a fun\u00e7\u00e3o permitir.<\/span><\/li>\n<li style=\"font-weight: 400\"><b>Apoio individualizado para as pessoas em tr\u00e2nsito<\/b><span style=\"font-weight: 400\"> (expatria\u00e7\u00e3o, estrangeiros com contratos locais, miss\u00f5es de longo prazo).<\/span><\/li>\n<li style=\"font-weight: 400\"><b>Limita\u00e7\u00e3o ou adiamento das reuni\u00f5es e treinamentos \u201cn\u00e3o essenciais\u201d<\/b><span style=\"font-weight: 400\">, e de todos os eventos internos ou externos.\n<p><\/span><\/li>\n<\/ul>\n<\/li>\n<li><b>Medidas implementadas para nossos transportadores:<\/b><\/li>\n<\/ul>\n<p><b>Diante dos grandes desafios ligados \u00e0 log\u00edstica e ao transporte rodovi\u00e1rio, quando o setor de transporte se encontra sob press\u00e3o:\u00a0<\/b><\/p>\n<ul>\n<li style=\"font-weight: 400\"><b>Nossas equipes est\u00e3o em comunica\u00e7\u00e3o constante com os operadores log\u00edsticos e de transporte para conduzir \u2013 e ajustar, quando necess\u00e1rio<\/b><span style=\"font-weight: 400\"> \u2013 os itiner\u00e1rios, em fun\u00e7\u00e3o das informa\u00e7\u00f5es comunicadas pelas autoridades, e atender \u00e0s medidas sanit\u00e1rias em vigor em nossas unidades e na de nossos clientes.\n<p><\/span><\/li>\n<li style=\"font-weight: 400\"><b>Em resposta \u00e0s medidas postas em pr\u00e1tica pela UE para controlar a circula\u00e7\u00e3o de pessoas e bens e assegurar a fluidez do transporte dos chamados \u201cbens essenciais\u201d<\/b><span style=\"font-weight: 400\"> (comunicado de 16 de mar\u00e7o de 2020 \u201c<\/span><i><span style=\"font-weight: 400\">Covid-19: a Comiss\u00e3o apresenta diretrizes para as fronteiras visando para proteger a sa\u00fade e preservar a circula\u00e7\u00e3o de bens e servi\u00e7os essenciais dispon\u00edveis\u201d)<\/span><\/i>\n<ul>\n<li style=\"font-weight: 400\"><b>Implementa\u00e7\u00e3o de um plano de circula\u00e7\u00e3o espec\u00edfico<\/b><span style=\"font-weight: 400\"> com as transportadoras para assegurar a circula\u00e7\u00e3o dos chamados \u201cbens essenciais\u201d determinados pelos governos europeus (na Fran\u00e7a: transporte de mat\u00e9rias-primas agr\u00edcolas, produtos agroalimentares e produtos m\u00e9dicos).<\/span><\/li>\n<li style=\"font-weight: 400\"><b>Emiss\u00e3o de certificados pela Tereos como empresa de um setor reconhecidamente priorit\u00e1rio<\/b><span style=\"font-weight: 400\">, permitindo aos prestadores de servi\u00e7os \u2013 e, em particular, aos transportadores \u2013 justificarem sua atividade e deslocamentos para preservar a produ\u00e7\u00e3o e a circula\u00e7\u00e3o de mercadorias \u201cessenciais\u201d.<\/span><\/li>\n<\/ul>\n<\/li>\n<\/ul>\n<ul>\n<li style=\"font-weight: 400\"><b>Uma iniciativa espec\u00edfica \u00e9 atualmente implementada em nossas unidades na Fran\u00e7a, a fim de reservar um acolhimento mais adaptado para os motoristas que chegam \u00e0s unidades<\/b><span style=\"font-weight: 400\">: espa\u00e7os de acolhimento com m\u00e1quina de caf\u00e9 e instala\u00e7\u00f5es sanit\u00e1rias que lhes permitam fazer uma pausa em um contexto de log\u00edstica de fluxo intenso. A Tereos incentiva seus clientes a adaptar o sistema de acolhimento nesse sentido, a fim de desenvolver uma abordagem global que ofere\u00e7a o melhor apoio \u00e0 log\u00edstica.\u00a0\u00a0<\/span><\/li>\n<\/ul>\n<p style=\"text-align: center\"><span style=\"font-weight: 400\">**<\/span><\/p>\n<p><span style=\"font-weight: 400\">A Tereos continua, naturalmente, acompanhando a evolu\u00e7\u00e3o da situa\u00e7\u00e3o atentamente, em colabora\u00e7\u00e3o com seus parceiros e com as autoridades e organiza\u00e7\u00f5es de sa\u00fade dos pa\u00edses em que o Grupo opera. Atualizaremos a situa\u00e7\u00e3o regularmente, em fun\u00e7\u00e3o de sua evolu\u00e7\u00e3o, e sempre que necess\u00e1rio. A Tereos agradece todas as equipes envolvidas na gest\u00e3o desta crise e mobilizadas a servi\u00e7o de seus clientes. Seus contatos habituais na Tereos est\u00e3o \u00e0 disposi\u00e7\u00e3o para qualquer d\u00favida ou esclarecimento.<\/span><\/p>\n"}]}},"yoast_head":"<!-- This site is optimized with the Yoast SEO plugin v23.7 - https:\/\/yoast.com\/wordpress\/plugins\/seo\/ -->\n<title>Comunicado Global sobre o Covid-19 - Brasil<\/title>\n<meta name=\"robots\" content=\"index, follow, max-snippet:-1, max-image-preview:large, max-video-preview:-1\" \/>\n<link rel=\"canonical\" href=\"https:\/\/br.tereos.com\/pt-pt\/news\/comunicado-global-sobre-o-covid-19\/\" \/>\n<meta property=\"og:locale\" content=\"pt_PT\" \/>\n<meta property=\"og:type\" content=\"article\" \/>\n<meta property=\"og:title\" content=\"Comunicado Global sobre o Covid-19 - Brasil\" \/>\n<meta property=\"og:url\" content=\"https:\/\/br.tereos.com\/pt-pt\/news\/comunicado-global-sobre-o-covid-19\/\" \/>\n<meta property=\"og:site_name\" content=\"Brasil\" \/>\n<meta property=\"article:modified_time\" content=\"2020-04-17T22:19:34+00:00\" \/>\n<meta name=\"twitter:card\" content=\"summary_large_image\" \/>\n<script type=\"application\/ld+json\" class=\"yoast-schema-graph\">{\"@context\":\"https:\/\/schema.org\",\"@graph\":[{\"@type\":\"WebPage\",\"@id\":\"https:\/\/br.tereos.com\/pt-pt\/news\/comunicado-global-sobre-o-covid-19\/\",\"url\":\"https:\/\/br.tereos.com\/pt-pt\/news\/comunicado-global-sobre-o-covid-19\/\",\"name\":\"Comunicado Global sobre o Covid-19 - Brasil\",\"isPartOf\":{\"@id\":\"https:\/\/br.tereos.com\/pt-pt\/#website\"},\"datePublished\":\"2020-04-17T13:29:24+00:00\",\"dateModified\":\"2020-04-17T22:19:34+00:00\",\"breadcrumb\":{\"@id\":\"https:\/\/br.tereos.com\/pt-pt\/news\/comunicado-global-sobre-o-covid-19\/#breadcrumb\"},\"inLanguage\":\"pt-PT\",\"potentialAction\":[{\"@type\":\"ReadAction\",\"target\":[\"https:\/\/br.tereos.com\/pt-pt\/news\/comunicado-global-sobre-o-covid-19\/\"]}]},{\"@type\":\"BreadcrumbList\",\"@id\":\"https:\/\/br.tereos.com\/pt-pt\/news\/comunicado-global-sobre-o-covid-19\/#breadcrumb\",\"itemListElement\":[{\"@type\":\"ListItem\",\"position\":1,\"name\":\"Home\",\"item\":\"https:\/\/br.tereos.com\/pt-pt\/\"},{\"@type\":\"ListItem\",\"position\":2,\"name\":\"Comunicado Global sobre o Covid-19\"}]},{\"@type\":\"WebSite\",\"@id\":\"https:\/\/br.tereos.com\/pt-pt\/#website\",\"url\":\"https:\/\/br.tereos.com\/pt-pt\/\",\"name\":\"Brasil\",\"description\":\"Un site utilisant WordPress\",\"potentialAction\":[{\"@type\":\"SearchAction\",\"target\":{\"@type\":\"EntryPoint\",\"urlTemplate\":\"https:\/\/br.tereos.com\/pt-pt\/?s={search_term_string}\"},\"query-input\":{\"@type\":\"PropertyValueSpecification\",\"valueRequired\":true,\"valueName\":\"search_term_string\"}}],\"inLanguage\":\"pt-PT\"}]}<\/script>\n<!-- \/ Yoast SEO plugin. -->","yoast_head_json":{"title":"Comunicado Global sobre o Covid-19 - Brasil","robots":{"index":"index","follow":"follow","max-snippet":"max-snippet:-1","max-image-preview":"max-image-preview:large","max-video-preview":"max-video-preview:-1"},"canonical":"https:\/\/br.tereos.com\/pt-pt\/news\/comunicado-global-sobre-o-covid-19\/","og_locale":"pt_PT","og_type":"article","og_title":"Comunicado Global sobre o Covid-19 - Brasil","og_url":"https:\/\/br.tereos.com\/pt-pt\/news\/comunicado-global-sobre-o-covid-19\/","og_site_name":"Brasil","article_modified_time":"2020-04-17T22:19:34+00:00","twitter_card":"summary_large_image","schema":{"@context":"https:\/\/schema.org","@graph":[{"@type":"WebPage","@id":"https:\/\/br.tereos.com\/pt-pt\/news\/comunicado-global-sobre-o-covid-19\/","url":"https:\/\/br.tereos.com\/pt-pt\/news\/comunicado-global-sobre-o-covid-19\/","name":"Comunicado Global sobre o Covid-19 - Brasil","isPartOf":{"@id":"https:\/\/br.tereos.com\/pt-pt\/#website"},"datePublished":"2020-04-17T13:29:24+00:00","dateModified":"2020-04-17T22:19:34+00:00","breadcrumb":{"@id":"https:\/\/br.tereos.com\/pt-pt\/news\/comunicado-global-sobre-o-covid-19\/#breadcrumb"},"inLanguage":"pt-PT","potentialAction":[{"@type":"ReadAction","target":["https:\/\/br.tereos.com\/pt-pt\/news\/comunicado-global-sobre-o-covid-19\/"]}]},{"@type":"BreadcrumbList","@id":"https:\/\/br.tereos.com\/pt-pt\/news\/comunicado-global-sobre-o-covid-19\/#breadcrumb","itemListElement":[{"@type":"ListItem","position":1,"name":"Home","item":"https:\/\/br.tereos.com\/pt-pt\/"},{"@type":"ListItem","position":2,"name":"Comunicado Global sobre o Covid-19"}]},{"@type":"WebSite","@id":"https:\/\/br.tereos.com\/pt-pt\/#website","url":"https:\/\/br.tereos.com\/pt-pt\/","name":"Brasil","description":"Un site utilisant WordPress","potentialAction":[{"@type":"SearchAction","target":{"@type":"EntryPoint","urlTemplate":"https:\/\/br.tereos.com\/pt-pt\/?s={search_term_string}"},"query-input":{"@type":"PropertyValueSpecification","valueRequired":true,"valueName":"search_term_string"}}],"inLanguage":"pt-PT"}]}},"featured_media_src":false,"date_formatted":"17 April 2020 ","_links":{"self":[{"href":"https:\/\/br.tereos.com\/pt-pt\/wp-json\/wp\/v2\/news\/7714"}],"collection":[{"href":"https:\/\/br.tereos.com\/pt-pt\/wp-json\/wp\/v2\/news"}],"about":[{"href":"https:\/\/br.tereos.com\/pt-pt\/wp-json\/wp\/v2\/types\/news"}],"author":[{"embeddable":true,"href":"https:\/\/br.tereos.com\/pt-pt\/wp-json\/wp\/v2\/users\/13"}],"version-history":[{"count":3,"href":"https:\/\/br.tereos.com\/pt-pt\/wp-json\/wp\/v2\/news\/7714\/revisions"}],"predecessor-version":[{"id":7751,"href":"https:\/\/br.tereos.com\/pt-pt\/wp-json\/wp\/v2\/news\/7714\/revisions\/7751"}],"wp:attachment":[{"href":"https:\/\/br.tereos.com\/pt-pt\/wp-json\/wp\/v2\/media?parent=7714"}],"wp:term":[{"taxonomy":"category","embeddable":true,"href":"https:\/\/br.tereos.com\/pt-pt\/wp-json\/wp\/v2\/categories?post=7714"}],"curies":[{"name":"wp","href":"https:\/\/api.w.org\/{rel}","templated":true}]}}