{"id":7660,"date":"2020-03-19T17:08:44","date_gmt":"2020-03-19T16:08:44","guid":{"rendered":"https:\/\/br.tereos.com\/?post_type=news&#038;p=7660"},"modified":"2020-03-23T23:36:54","modified_gmt":"2020-03-23T22:36:54","slug":"comunicado-sobre-acoes-para-combate-do-covid-19","status":"publish","type":"news","link":"https:\/\/br.tereos.com\/pt-pt\/news\/comunicado-sobre-acoes-para-combate-do-covid-19\/","title":{"rendered":"Comunicado global sobre a\u00e7\u00f5es para combate do Covid-19"},"author":13,"featured_media":0,"template":"","categories":[],"class_list":["post-7660","news","type-news","status-publish","hentry"],"acf":{"cover_image":false,"cover_clone":{"cover_image":false},"headline":"","headline_clone":{"headline":""},"sections":[{"acf_fc_layout":"rich_text","anchor_title":"","text":"<p><b>A Tereos continua respondendo com medidas adequadas e solidariedade diante da pandemia do Coronav\u00edrus (2019-nCoV\/Covid-19)<\/b><span style=\"font-weight: 400\">\u00a0<\/span><\/p>\n<p><span style=\"font-weight: 400\">Atualizado em 18 de mar\u00e7o de 2020<\/span><\/p>\n<p><span style=\"font-weight: 400\">A Tereos, sempre atenta para garantir a sa\u00fade e a seguran\u00e7a de seus funcion\u00e1rios e os melhores servi\u00e7os aos consumidores, tem implementado as medidas necess\u00e1rias, coordenadas em tempo real por um comit\u00ea de crise transversal. O Grupo colocou em pr\u00e1tica as recomenda\u00e7\u00f5es das autoridades nos diferentes pa\u00edses onde suas equipes operam.<\/span><\/p>\n<p><span style=\"font-weight: 400\">\u00a0<\/span><span style=\"font-weight: 400\">Na quarta-feira, 18 de mar\u00e7o, a Tereos tamb\u00e9m anunciou uma a\u00e7\u00e3o de solidariedade. O Grupo, l\u00edder franc\u00eas na produ\u00e7\u00e3o de \u00e1lcool, come\u00e7ou a produzir \u00e1lcool em gel em 5 plantas, que ser\u00e1 disponibilizado gratuitamente para as Ag\u00eancias Regionais de Sa\u00fade e hospitais da Fran\u00e7a em situa\u00e7\u00f5es cr\u00edticas (<\/span><a href=\"https:\/\/br.tereos.com\/pt-pt\/news\/a-tereos-lider-mundial-na-industria-do-acucar-e-na-producao-de-alcool-destina-cinco-de-suas-usinas-na-franca-para-a-fabricacao-de-alcool-em-gel\/\"><span style=\"font-weight: 400\">leia o comunicado de imprensa aqui<\/span><\/a><span style=\"font-weight: 400\">).<\/span><\/p>\n<p><span style=\"font-weight: 400\">\u00a0<\/span><b>A situa\u00e7\u00e3o para as opera\u00e7\u00f5es da Tereos \u2013 atualizado em 18 de mar\u00e7o de 2020<\/b><\/p>\n<p><b>\u00a0<\/b><span style=\"font-weight: 400\">As opera\u00e7\u00f5es industriais da Tereos n\u00e3o foram diretamente afetadas pelas consequ\u00eancias do surto do Coronav\u00edrus. As f\u00e1bricas do Grupo operam normalmente. At\u00e9 o momento, e sob as condi\u00e7\u00f5es atuais de produ\u00e7\u00e3o, a Tereos n\u00e3o prev\u00ea interrup\u00e7\u00e3o na produ\u00e7\u00e3o.<\/span><\/p>\n<p><span style=\"font-weight: 400\">\u00a0<\/span><b>Na Europa:<\/b><\/p>\n<ul>\n<li style=\"font-weight: 400\"><b>Ap\u00f3s o an\u00fancio do Presidente da Rep\u00fablica Francesa, em 16 de mar\u00e7o, sobre o confinamento da popula\u00e7\u00e3o por um per\u00edodo m\u00ednimo de 15 dias, a Tereos anuncia que sua atividade foi identificada pelos Minist\u00e9rios Franceses da Agricultura e da Economia como parte de setores priorit\u00e1rios<\/b><span style=\"font-weight: 400\">, assim como todas as empresas dos setores agr\u00edcola, agroalimentar, de transporte e m\u00e9dico.<\/span><span style=\"font-weight: 400\"> Uma das quest\u00f5es priorit\u00e1rias diz respeito \u00e0 livre circula\u00e7\u00e3o de pessoal cr\u00edtico para o funcionamento das instala\u00e7\u00f5es industriais e para o tr\u00e2nsito de mercadorias.<\/span><\/li>\n<\/ul>\n<ul>\n<li style=\"font-weight: 400\"><span style=\"font-weight: 400\">Em linha com a publica\u00e7\u00e3o feita pela Comiss\u00e3o Europeia, em 16 de mar\u00e7o, das &#8220;Diretrizes para medidas de fronteira para proteger a sa\u00fade e preservar a circula\u00e7\u00e3o de bens e servi\u00e7os essenciais dispon\u00edveis&#8221;, a Tereos confirma que suas equipes cumprem as determina\u00e7\u00f5es relativas \u00e0 circula\u00e7\u00e3o dos chamados bens essenciais &#8220;por conta do acesso facilitado ao controle, para realizar entregas aos seus clientes nas melhores condi\u00e7\u00f5es dentro da UE&#8221;.<\/span><\/li>\n<\/ul>\n<p><span style=\"font-weight: 400\">\u00a0<\/span><span style=\"font-weight: 400\">A Tereos gerencia suas opera\u00e7\u00f5es log\u00edsticas como de costume, e toma todo cuidado para mitigar os principais riscos identificados:<\/span><span style=\"font-weight: 400\">\u00a0<\/span><\/p>\n<ul>\n<li style=\"font-weight: 400\"><b>Em grandes exporta\u00e7\u00f5es<\/b><span style=\"font-weight: 400\">, o principal risco de interrup\u00e7\u00e3o, no momento, envolve medidas para limitar a circula\u00e7\u00e3o de mercadorias e pessoas em certas regi\u00f5es do mundo, assim como as repercuss\u00f5es de desregulamenta\u00e7\u00f5es que afetam certos meios de transporte (como a baixa disponibilidade de cont\u00eaineres, por exemplo).<\/span><\/li>\n<\/ul>\n<ul>\n<li style=\"font-weight: 400\"><b>Por ora, n\u00e3o enfrentamos interrup\u00e7\u00f5es significativas em nossas opera\u00e7\u00f5es log\u00edsticas e de transporte na Europa<\/b><span style=\"font-weight: 400\"> (por caminh\u00e3o e trem). Dependendo da evolu\u00e7\u00e3o nas \u00e1reas afetadas, nossas equipes de vendas\/atendimento ao cliente\/cadeia de suprimento est\u00e3o continuamente avaliando a situa\u00e7\u00e3o e apoiando os clientes envolvidos, da forma mais pr\u00f3ximas de suas necessidades e condi\u00e7\u00f5es para garantir, dentro deste contexto, um servi\u00e7o da melhor qualidade.<\/span><\/li>\n<\/ul>\n<ul>\n<li style=\"font-weight: 400\"><b>A Tereos implementa, como sempre, um alto n\u00edvel de seguran\u00e7a alimentar em todos os produtos<\/b><span style=\"font-weight: 400\">. At\u00e9 o momento, e conforme indicado pela Autoridade Europeia para a Seguran\u00e7a Alimentar (EFSA), alimentos n\u00e3o foram identificados como uma poss\u00edvel fonte ou meio de transmiss\u00e3o do COVID-19.<\/span><\/li>\n<\/ul>\n<p><b>A\u00e7\u00f5es tomadas pela Tereos<\/b><span style=\"font-weight: 400\"> &#8211; <\/span><b>atualizado em 18 de mar\u00e7o de 2020<\/b><b>\u00a0<\/b><\/p>\n<p><span style=\"font-weight: 400\">Em resposta aos primeiros alertas de dissemina\u00e7\u00e3o do v\u00edrus, a Tereos mobilizou uma equipe respons\u00e1vel pela gest\u00e3o transversal da crise. De acordo com instru\u00e7\u00f5es de autoridades de sa\u00fade locais, nacionais e internacionais, em 27 de fevereiro, o Grupo expandiu as medidas de preven\u00e7\u00e3o e controle sanit\u00e1rio em todas as unidades ao redor do mundo, para melhorar as condi\u00e7\u00f5es de sa\u00fade e a seguran\u00e7a em suas instala\u00e7\u00f5es neste contexto epid\u00eamico.<\/span><\/p>\n<p><span style=\"font-weight: 400\">\u00a0<\/span><span style=\"font-weight: 400\">As principais medidas implementadas:<\/span><span style=\"font-weight: 400\">\u00a0<\/span><\/p>\n<ol>\n<li style=\"font-weight: 400\"><b>Um sistema de &#8220;sa\u00fade e seguran\u00e7a&#8221;<\/b> <b>para os nossos colaboradores, em particular as seguintes medidas sanit\u00e1rias:<\/b><\/li>\n<\/ol>\n<ul>\n<li style=\"font-weight: 400\"><b>Conscientiza\u00e7\u00e3o sobre &#8220;gestos de prote\u00e7\u00e3o&#8221;<\/b><span style=\"font-weight: 400\"> para limitar o risco de propaga\u00e7\u00e3o do v\u00edrus e proteger nossos funcion\u00e1rios no local de trabalho. As mensagens foram vinculas nos diversos canais internos de comunica\u00e7\u00e3o, nas oito l\u00ednguas do Grupo.<\/span><\/li>\n<li style=\"font-weight: 400\"><b>Refor\u00e7o nas opera\u00e7\u00f5es de limpeza e manuten\u00e7\u00e3o das instala\u00e7\u00f5es: desinfec\u00e7\u00e3o de \u00e1reas comuns nas f\u00e1bricas e escrit\u00f3rios, e fornecimento de materiais contra a propaga\u00e7\u00e3o<\/b><span style=\"font-weight: 400\"> (higienizadores de m\u00e3os, len\u00e7os descart\u00e1veis, materiais de limpeza de superf\u00edcies, etc.).<\/span><\/li>\n<li style=\"font-weight: 400\"><b>Monitoramento individual de funcion\u00e1rios<\/b><span style=\"font-weight: 400\"> que se encontram em poss\u00edvel situa\u00e7\u00e3o de risco de contamina\u00e7\u00e3o, com centros m\u00e9dicos de refer\u00eancia.<\/span><\/li>\n<\/ul>\n<ol>\n<li style=\"font-weight: 400\"><b>Gerenciamento de risco relacionado \u00e0 movimenta\u00e7\u00e3o nacional e internacional e entre reuni\u00f5es e encontros:<\/b><\/li>\n<\/ol>\n<ul>\n<li style=\"font-weight: 400\"><b>Suspens\u00e3o de viagens desnecess\u00e1rias<\/b><span style=\"font-weight: 400\"> para pa\u00edses submetidos a medidas de confinamento.<\/span><\/li>\n<li style=\"font-weight: 400\"><b>Em pa\u00edses n\u00e3o submetidos ao confinamento<\/b><span style=\"font-weight: 400\"> da popula\u00e7\u00e3o: limita\u00e7\u00e3o de movimenta\u00e7\u00f5es n\u00e3o-cr\u00edticas. Os funcion\u00e1rios devem recorrer a liga\u00e7\u00f5es e videoconfer\u00eancias. E a implementa\u00e7\u00e3o de solu\u00e7\u00f5es de trabalho remoto quando a fun\u00e7\u00e3o permitir.<\/span><\/li>\n<li style=\"font-weight: 400\"><b>Apoio individualizado<\/b> <b>para as pessoas em tr\u00e2nsito<\/b><span style=\"font-weight: 400\"> (expatria\u00e7\u00e3o, estrangeiros em contratos locais, miss\u00f5es de longo prazo).<\/span><\/li>\n<li style=\"font-weight: 400\"><b>Restri\u00e7\u00e3o ou adiamento de eventos \u201cn\u00e3o-cr\u00edticos\u201d<\/b><span style=\"font-weight: 400\">: reuni\u00f5es e treinamentos, eventos internos ou externos.<\/span><\/li>\n<\/ul>\n<ol>\n<li style=\"font-weight: 400\"><b>Apoio para operadores log\u00edsticos:<\/b><\/li>\n<\/ol>\n<ul>\n<li style=\"font-weight: 400\"><b>Nossos clientes<\/b><span style=\"font-weight: 400\">: para garantir apoio comercial e log\u00edstico mais pr\u00f3ximo, e para minimizar ou compensar qualquer impacto (por exemplo: ajustes log\u00edsticos);<\/span><\/li>\n<li style=\"font-weight: 400\"><b>Nossos transportadores<\/b><span style=\"font-weight: 400\">: para controlar &#8211; e ajustar, se necess\u00e1rio &#8211; as rotas de acordo com as informa\u00e7\u00f5es passadas pelas autoridades sanit\u00e1rias e para responder \u00e0s medidas sanit\u00e1rias em vigor em nossas instala\u00e7\u00f5es e nas de nossos clientes.<\/span><\/li>\n<\/ul>\n<ol>\n<li style=\"font-weight: 400\"><b>Resposta \u00e0s medidas postas em pr\u00e1tica pela UE para controlar a circula\u00e7\u00e3o de pessoas e bens e assegurar a livre circula\u00e7\u00e3o dos chamados bens &#8220;essenciais&#8221;.<\/b><span style=\"font-weight: 400\"> (Comunicado de 16 de Mar\u00e7o de 2020 &#8220;Covid-19: a Comiss\u00e3o apresenta diretrizes para as medidas de fronteira para proteger a sa\u00fade e preservar a circula\u00e7\u00e3o de bens e servi\u00e7os essenciais dispon\u00edveis&#8221;).<br \/>\n<\/span><b>Implementa\u00e7\u00e3o de um plano dedicado para a movimenta\u00e7\u00e3o de nossos transportadores para assegurar a circula\u00e7\u00e3o das chamadas mercadorias &#8220;essenciais&#8221; determinadas pelos governos europeus<\/b><span style=\"font-weight: 400\"> (na Fran\u00e7a: transporte de mat\u00e9rias-primas agr\u00edcolas, alimentos provenientes da agricultura e produtos m\u00e9dicos).<\/span><\/li>\n<\/ol>\n<ul>\n<li style=\"font-weight: 400\"><b>Emiss\u00e3o de certificados pela Tereos como empresa de um setor reconhecidamente priorit\u00e1rio, permitindo aos prestadores de servi\u00e7os &#8211; e, em particular, aos transportadores<\/b><span style=\"font-weight: 400\"> &#8211; justificar atividades e tr\u00e2nsito para preservar a produ\u00e7\u00e3o e a circula\u00e7\u00e3o de mercadorias &#8220;essenciais&#8221;.<\/span><\/li>\n<\/ul>\n<ol>\n<li style=\"font-weight: 400\"><b>Medidas refor\u00e7adas na Europa para responder \u00e0s ordens governamentais:<\/b><\/li>\n<\/ol>\n<ul>\n<li style=\"font-weight: 400\"><b>Um plano de continuidade espec\u00edfico para nossas equipes na Fran\u00e7a, It\u00e1lia, Espanha e B\u00e9lgica, pa\u00edses que implementaram estrat\u00e9gias de conten\u00e7\u00e3o populacional, <\/b><b>envolvendo trabalho remoto para todos os cargos que o permitem<\/b><span style=\"font-weight: 400\">: equipar funcion\u00e1rios ainda n\u00e3o equipados com computadores e telefones com acesso remoto, refor\u00e7ar a capacidade de gest\u00e3o de dados e acesso aos servidores Tereos; implementa\u00e7\u00e3o de m\u00e9todos de gest\u00e3o de desempenho e lideran\u00e7a de equipes adaptados ao trabalho remoto.<\/span><\/li>\n<li style=\"font-weight: 400\"><b>Nos pa\u00edses onde os colaboradores n\u00e3o foram submetidos ao confinamento, ou para colaboradores que desempenham uma fun\u00e7\u00e3o incompat\u00edvel com o trabalho remoto<\/b><span style=\"font-weight: 400\">: implementa\u00e7\u00e3o de medidas adicionais relacionadas \u00e0 organiza\u00e7\u00e3o do trabalho (por exemplo, rod\u00edzio de equipes), permitindo aos colaboradores conciliarem requisitos de preven\u00e7\u00e3o ou pessoais (menor exposi\u00e7\u00e3o ao transporte, cuidados com crian\u00e7as, apoio a familiares idosos).<\/span><\/li>\n<li style=\"font-weight: 400\"><b>Um plano de continuidade de neg\u00f3cios definido e gerenciado de acordo com cada unidade para antecipar os ajustes<\/b><span style=\"font-weight: 400\"> necess\u00e1rios dentro de cada \u00e1rea do neg\u00f3cio e prevenir riscos de desacelera\u00e7\u00e3o das atividades.<\/span><\/li>\n<\/ul>\n<p><span style=\"font-weight: 400\">A Tereos, naturalmente, monitora a situa\u00e7\u00e3o da forma mais atenciosa poss\u00edvel, em colabora\u00e7\u00e3o com nossos parceiros e com as autoridades e organiza\u00e7\u00f5es de sa\u00fade dos pa\u00edses onde o Grupo est\u00e1 presente. Iremos atualizar regularmente a situa\u00e7\u00e3o \u00e0 medida que ela evolui, e conforme surgem novas informa\u00e7\u00f5es.<\/span><\/p>\n<p><span style=\"font-weight: 400\">A Tereos agradece todas as equipes envolvidas na gest\u00e3o desta crise e mobilizadas a servi\u00e7o de seus clientes. Seus contatos habituais na Tereos est\u00e3o \u00e0 disposi\u00e7\u00e3o para qualquer d\u00favida ou esclarecimento.<\/span><\/p>\n<p><span style=\"font-weight: 400\">\u00a0<\/span><\/p>\n"}],"flexible_editorial_clone":{"has_anchors":false,"sections":[{"acf_fc_layout":"rich_text","anchor_title":"","text":"<p><b>A Tereos continua respondendo com medidas adequadas e solidariedade diante da pandemia do Coronav\u00edrus (2019-nCoV\/Covid-19)<\/b><span style=\"font-weight: 400\">\u00a0<\/span><\/p>\n<p><span style=\"font-weight: 400\">Atualizado em 18 de mar\u00e7o de 2020<\/span><\/p>\n<p><span style=\"font-weight: 400\">A Tereos, sempre atenta para garantir a sa\u00fade e a seguran\u00e7a de seus funcion\u00e1rios e os melhores servi\u00e7os aos consumidores, tem implementado as medidas necess\u00e1rias, coordenadas em tempo real por um comit\u00ea de crise transversal. O Grupo colocou em pr\u00e1tica as recomenda\u00e7\u00f5es das autoridades nos diferentes pa\u00edses onde suas equipes operam.<\/span><\/p>\n<p><span style=\"font-weight: 400\">\u00a0<\/span><span style=\"font-weight: 400\">Na quarta-feira, 18 de mar\u00e7o, a Tereos tamb\u00e9m anunciou uma a\u00e7\u00e3o de solidariedade. O Grupo, l\u00edder franc\u00eas na produ\u00e7\u00e3o de \u00e1lcool, come\u00e7ou a produzir \u00e1lcool em gel em 5 plantas, que ser\u00e1 disponibilizado gratuitamente para as Ag\u00eancias Regionais de Sa\u00fade e hospitais da Fran\u00e7a em situa\u00e7\u00f5es cr\u00edticas (<\/span><a href=\"https:\/\/br.tereos.com\/pt-pt\/news\/a-tereos-lider-mundial-na-industria-do-acucar-e-na-producao-de-alcool-destina-cinco-de-suas-usinas-na-franca-para-a-fabricacao-de-alcool-em-gel\/\"><span style=\"font-weight: 400\">leia o comunicado de imprensa aqui<\/span><\/a><span style=\"font-weight: 400\">).<\/span><\/p>\n<p><span style=\"font-weight: 400\">\u00a0<\/span><b>A situa\u00e7\u00e3o para as opera\u00e7\u00f5es da Tereos \u2013 atualizado em 18 de mar\u00e7o de 2020<\/b><\/p>\n<p><b>\u00a0<\/b><span style=\"font-weight: 400\">As opera\u00e7\u00f5es industriais da Tereos n\u00e3o foram diretamente afetadas pelas consequ\u00eancias do surto do Coronav\u00edrus. As f\u00e1bricas do Grupo operam normalmente. At\u00e9 o momento, e sob as condi\u00e7\u00f5es atuais de produ\u00e7\u00e3o, a Tereos n\u00e3o prev\u00ea interrup\u00e7\u00e3o na produ\u00e7\u00e3o.<\/span><\/p>\n<p><span style=\"font-weight: 400\">\u00a0<\/span><b>Na Europa:<\/b><\/p>\n<ul>\n<li style=\"font-weight: 400\"><b>Ap\u00f3s o an\u00fancio do Presidente da Rep\u00fablica Francesa, em 16 de mar\u00e7o, sobre o confinamento da popula\u00e7\u00e3o por um per\u00edodo m\u00ednimo de 15 dias, a Tereos anuncia que sua atividade foi identificada pelos Minist\u00e9rios Franceses da Agricultura e da Economia como parte de setores priorit\u00e1rios<\/b><span style=\"font-weight: 400\">, assim como todas as empresas dos setores agr\u00edcola, agroalimentar, de transporte e m\u00e9dico.<\/span><span style=\"font-weight: 400\"> Uma das quest\u00f5es priorit\u00e1rias diz respeito \u00e0 livre circula\u00e7\u00e3o de pessoal cr\u00edtico para o funcionamento das instala\u00e7\u00f5es industriais e para o tr\u00e2nsito de mercadorias.<\/span><\/li>\n<\/ul>\n<ul>\n<li style=\"font-weight: 400\"><span style=\"font-weight: 400\">Em linha com a publica\u00e7\u00e3o feita pela Comiss\u00e3o Europeia, em 16 de mar\u00e7o, das &#8220;Diretrizes para medidas de fronteira para proteger a sa\u00fade e preservar a circula\u00e7\u00e3o de bens e servi\u00e7os essenciais dispon\u00edveis&#8221;, a Tereos confirma que suas equipes cumprem as determina\u00e7\u00f5es relativas \u00e0 circula\u00e7\u00e3o dos chamados bens essenciais &#8220;por conta do acesso facilitado ao controle, para realizar entregas aos seus clientes nas melhores condi\u00e7\u00f5es dentro da UE&#8221;.<\/span><\/li>\n<\/ul>\n<p><span style=\"font-weight: 400\">\u00a0<\/span><span style=\"font-weight: 400\">A Tereos gerencia suas opera\u00e7\u00f5es log\u00edsticas como de costume, e toma todo cuidado para mitigar os principais riscos identificados:<\/span><span style=\"font-weight: 400\">\u00a0<\/span><\/p>\n<ul>\n<li style=\"font-weight: 400\"><b>Em grandes exporta\u00e7\u00f5es<\/b><span style=\"font-weight: 400\">, o principal risco de interrup\u00e7\u00e3o, no momento, envolve medidas para limitar a circula\u00e7\u00e3o de mercadorias e pessoas em certas regi\u00f5es do mundo, assim como as repercuss\u00f5es de desregulamenta\u00e7\u00f5es que afetam certos meios de transporte (como a baixa disponibilidade de cont\u00eaineres, por exemplo).<\/span><\/li>\n<\/ul>\n<ul>\n<li style=\"font-weight: 400\"><b>Por ora, n\u00e3o enfrentamos interrup\u00e7\u00f5es significativas em nossas opera\u00e7\u00f5es log\u00edsticas e de transporte na Europa<\/b><span style=\"font-weight: 400\"> (por caminh\u00e3o e trem). Dependendo da evolu\u00e7\u00e3o nas \u00e1reas afetadas, nossas equipes de vendas\/atendimento ao cliente\/cadeia de suprimento est\u00e3o continuamente avaliando a situa\u00e7\u00e3o e apoiando os clientes envolvidos, da forma mais pr\u00f3ximas de suas necessidades e condi\u00e7\u00f5es para garantir, dentro deste contexto, um servi\u00e7o da melhor qualidade.<\/span><\/li>\n<\/ul>\n<ul>\n<li style=\"font-weight: 400\"><b>A Tereos implementa, como sempre, um alto n\u00edvel de seguran\u00e7a alimentar em todos os produtos<\/b><span style=\"font-weight: 400\">. At\u00e9 o momento, e conforme indicado pela Autoridade Europeia para a Seguran\u00e7a Alimentar (EFSA), alimentos n\u00e3o foram identificados como uma poss\u00edvel fonte ou meio de transmiss\u00e3o do COVID-19.<\/span><\/li>\n<\/ul>\n<p><b>A\u00e7\u00f5es tomadas pela Tereos<\/b><span style=\"font-weight: 400\"> &#8211; <\/span><b>atualizado em 18 de mar\u00e7o de 2020<\/b><b>\u00a0<\/b><\/p>\n<p><span style=\"font-weight: 400\">Em resposta aos primeiros alertas de dissemina\u00e7\u00e3o do v\u00edrus, a Tereos mobilizou uma equipe respons\u00e1vel pela gest\u00e3o transversal da crise. De acordo com instru\u00e7\u00f5es de autoridades de sa\u00fade locais, nacionais e internacionais, em 27 de fevereiro, o Grupo expandiu as medidas de preven\u00e7\u00e3o e controle sanit\u00e1rio em todas as unidades ao redor do mundo, para melhorar as condi\u00e7\u00f5es de sa\u00fade e a seguran\u00e7a em suas instala\u00e7\u00f5es neste contexto epid\u00eamico.<\/span><\/p>\n<p><span style=\"font-weight: 400\">\u00a0<\/span><span style=\"font-weight: 400\">As principais medidas implementadas:<\/span><span style=\"font-weight: 400\">\u00a0<\/span><\/p>\n<ol>\n<li style=\"font-weight: 400\"><b>Um sistema de &#8220;sa\u00fade e seguran\u00e7a&#8221;<\/b> <b>para os nossos colaboradores, em particular as seguintes medidas sanit\u00e1rias:<\/b><\/li>\n<\/ol>\n<ul>\n<li style=\"font-weight: 400\"><b>Conscientiza\u00e7\u00e3o sobre &#8220;gestos de prote\u00e7\u00e3o&#8221;<\/b><span style=\"font-weight: 400\"> para limitar o risco de propaga\u00e7\u00e3o do v\u00edrus e proteger nossos funcion\u00e1rios no local de trabalho. As mensagens foram vinculas nos diversos canais internos de comunica\u00e7\u00e3o, nas oito l\u00ednguas do Grupo.<\/span><\/li>\n<li style=\"font-weight: 400\"><b>Refor\u00e7o nas opera\u00e7\u00f5es de limpeza e manuten\u00e7\u00e3o das instala\u00e7\u00f5es: desinfec\u00e7\u00e3o de \u00e1reas comuns nas f\u00e1bricas e escrit\u00f3rios, e fornecimento de materiais contra a propaga\u00e7\u00e3o<\/b><span style=\"font-weight: 400\"> (higienizadores de m\u00e3os, len\u00e7os descart\u00e1veis, materiais de limpeza de superf\u00edcies, etc.).<\/span><\/li>\n<li style=\"font-weight: 400\"><b>Monitoramento individual de funcion\u00e1rios<\/b><span style=\"font-weight: 400\"> que se encontram em poss\u00edvel situa\u00e7\u00e3o de risco de contamina\u00e7\u00e3o, com centros m\u00e9dicos de refer\u00eancia.<\/span><\/li>\n<\/ul>\n<ol>\n<li style=\"font-weight: 400\"><b>Gerenciamento de risco relacionado \u00e0 movimenta\u00e7\u00e3o nacional e internacional e entre reuni\u00f5es e encontros:<\/b><\/li>\n<\/ol>\n<ul>\n<li style=\"font-weight: 400\"><b>Suspens\u00e3o de viagens desnecess\u00e1rias<\/b><span style=\"font-weight: 400\"> para pa\u00edses submetidos a medidas de confinamento.<\/span><\/li>\n<li style=\"font-weight: 400\"><b>Em pa\u00edses n\u00e3o submetidos ao confinamento<\/b><span style=\"font-weight: 400\"> da popula\u00e7\u00e3o: limita\u00e7\u00e3o de movimenta\u00e7\u00f5es n\u00e3o-cr\u00edticas. Os funcion\u00e1rios devem recorrer a liga\u00e7\u00f5es e videoconfer\u00eancias. E a implementa\u00e7\u00e3o de solu\u00e7\u00f5es de trabalho remoto quando a fun\u00e7\u00e3o permitir.<\/span><\/li>\n<li style=\"font-weight: 400\"><b>Apoio individualizado<\/b> <b>para as pessoas em tr\u00e2nsito<\/b><span style=\"font-weight: 400\"> (expatria\u00e7\u00e3o, estrangeiros em contratos locais, miss\u00f5es de longo prazo).<\/span><\/li>\n<li style=\"font-weight: 400\"><b>Restri\u00e7\u00e3o ou adiamento de eventos \u201cn\u00e3o-cr\u00edticos\u201d<\/b><span style=\"font-weight: 400\">: reuni\u00f5es e treinamentos, eventos internos ou externos.<\/span><\/li>\n<\/ul>\n<ol>\n<li style=\"font-weight: 400\"><b>Apoio para operadores log\u00edsticos:<\/b><\/li>\n<\/ol>\n<ul>\n<li style=\"font-weight: 400\"><b>Nossos clientes<\/b><span style=\"font-weight: 400\">: para garantir apoio comercial e log\u00edstico mais pr\u00f3ximo, e para minimizar ou compensar qualquer impacto (por exemplo: ajustes log\u00edsticos);<\/span><\/li>\n<li style=\"font-weight: 400\"><b>Nossos transportadores<\/b><span style=\"font-weight: 400\">: para controlar &#8211; e ajustar, se necess\u00e1rio &#8211; as rotas de acordo com as informa\u00e7\u00f5es passadas pelas autoridades sanit\u00e1rias e para responder \u00e0s medidas sanit\u00e1rias em vigor em nossas instala\u00e7\u00f5es e nas de nossos clientes.<\/span><\/li>\n<\/ul>\n<ol>\n<li style=\"font-weight: 400\"><b>Resposta \u00e0s medidas postas em pr\u00e1tica pela UE para controlar a circula\u00e7\u00e3o de pessoas e bens e assegurar a livre circula\u00e7\u00e3o dos chamados bens &#8220;essenciais&#8221;.<\/b><span style=\"font-weight: 400\"> (Comunicado de 16 de Mar\u00e7o de 2020 &#8220;Covid-19: a Comiss\u00e3o apresenta diretrizes para as medidas de fronteira para proteger a sa\u00fade e preservar a circula\u00e7\u00e3o de bens e servi\u00e7os essenciais dispon\u00edveis&#8221;).<br \/>\n<\/span><b>Implementa\u00e7\u00e3o de um plano dedicado para a movimenta\u00e7\u00e3o de nossos transportadores para assegurar a circula\u00e7\u00e3o das chamadas mercadorias &#8220;essenciais&#8221; determinadas pelos governos europeus<\/b><span style=\"font-weight: 400\"> (na Fran\u00e7a: transporte de mat\u00e9rias-primas agr\u00edcolas, alimentos provenientes da agricultura e produtos m\u00e9dicos).<\/span><\/li>\n<\/ol>\n<ul>\n<li style=\"font-weight: 400\"><b>Emiss\u00e3o de certificados pela Tereos como empresa de um setor reconhecidamente priorit\u00e1rio, permitindo aos prestadores de servi\u00e7os &#8211; e, em particular, aos transportadores<\/b><span style=\"font-weight: 400\"> &#8211; justificar atividades e tr\u00e2nsito para preservar a produ\u00e7\u00e3o e a circula\u00e7\u00e3o de mercadorias &#8220;essenciais&#8221;.<\/span><\/li>\n<\/ul>\n<ol>\n<li style=\"font-weight: 400\"><b>Medidas refor\u00e7adas na Europa para responder \u00e0s ordens governamentais:<\/b><\/li>\n<\/ol>\n<ul>\n<li style=\"font-weight: 400\"><b>Um plano de continuidade espec\u00edfico para nossas equipes na Fran\u00e7a, It\u00e1lia, Espanha e B\u00e9lgica, pa\u00edses que implementaram estrat\u00e9gias de conten\u00e7\u00e3o populacional, <\/b><b>envolvendo trabalho remoto para todos os cargos que o permitem<\/b><span style=\"font-weight: 400\">: equipar funcion\u00e1rios ainda n\u00e3o equipados com computadores e telefones com acesso remoto, refor\u00e7ar a capacidade de gest\u00e3o de dados e acesso aos servidores Tereos; implementa\u00e7\u00e3o de m\u00e9todos de gest\u00e3o de desempenho e lideran\u00e7a de equipes adaptados ao trabalho remoto.<\/span><\/li>\n<li style=\"font-weight: 400\"><b>Nos pa\u00edses onde os colaboradores n\u00e3o foram submetidos ao confinamento, ou para colaboradores que desempenham uma fun\u00e7\u00e3o incompat\u00edvel com o trabalho remoto<\/b><span style=\"font-weight: 400\">: implementa\u00e7\u00e3o de medidas adicionais relacionadas \u00e0 organiza\u00e7\u00e3o do trabalho (por exemplo, rod\u00edzio de equipes), permitindo aos colaboradores conciliarem requisitos de preven\u00e7\u00e3o ou pessoais (menor exposi\u00e7\u00e3o ao transporte, cuidados com crian\u00e7as, apoio a familiares idosos).<\/span><\/li>\n<li style=\"font-weight: 400\"><b>Um plano de continuidade de neg\u00f3cios definido e gerenciado de acordo com cada unidade para antecipar os ajustes<\/b><span style=\"font-weight: 400\"> necess\u00e1rios dentro de cada \u00e1rea do neg\u00f3cio e prevenir riscos de desacelera\u00e7\u00e3o das atividades.<\/span><\/li>\n<\/ul>\n<p><span style=\"font-weight: 400\">A Tereos, naturalmente, monitora a situa\u00e7\u00e3o da forma mais atenciosa poss\u00edvel, em colabora\u00e7\u00e3o com nossos parceiros e com as autoridades e organiza\u00e7\u00f5es de sa\u00fade dos pa\u00edses onde o Grupo est\u00e1 presente. Iremos atualizar regularmente a situa\u00e7\u00e3o \u00e0 medida que ela evolui, e conforme surgem novas informa\u00e7\u00f5es.<\/span><\/p>\n<p><span style=\"font-weight: 400\">A Tereos agradece todas as equipes envolvidas na gest\u00e3o desta crise e mobilizadas a servi\u00e7o de seus clientes. Seus contatos habituais na Tereos est\u00e3o \u00e0 disposi\u00e7\u00e3o para qualquer d\u00favida ou esclarecimento.<\/span><\/p>\n<p><span style=\"font-weight: 400\">\u00a0<\/span><\/p>\n"}]}},"yoast_head":"<!-- This site is optimized with the Yoast SEO plugin v23.7 - https:\/\/yoast.com\/wordpress\/plugins\/seo\/ -->\n<title>Comunicado global sobre a\u00e7\u00f5es para combate do Covid-19 - Brasil<\/title>\n<meta name=\"robots\" content=\"index, follow, max-snippet:-1, max-image-preview:large, max-video-preview:-1\" \/>\n<link rel=\"canonical\" href=\"https:\/\/br.tereos.com\/pt-pt\/news\/comunicado-sobre-acoes-para-combate-do-covid-19\/\" \/>\n<meta property=\"og:locale\" content=\"pt_PT\" \/>\n<meta property=\"og:type\" content=\"article\" \/>\n<meta property=\"og:title\" content=\"Comunicado global sobre a\u00e7\u00f5es para combate do Covid-19 - Brasil\" \/>\n<meta property=\"og:url\" content=\"https:\/\/br.tereos.com\/pt-pt\/news\/comunicado-sobre-acoes-para-combate-do-covid-19\/\" \/>\n<meta property=\"og:site_name\" content=\"Brasil\" \/>\n<meta property=\"article:modified_time\" content=\"2020-03-23T22:36:54+00:00\" \/>\n<meta name=\"twitter:card\" content=\"summary_large_image\" \/>\n<script type=\"application\/ld+json\" class=\"yoast-schema-graph\">{\"@context\":\"https:\/\/schema.org\",\"@graph\":[{\"@type\":\"WebPage\",\"@id\":\"https:\/\/br.tereos.com\/pt-pt\/news\/comunicado-sobre-acoes-para-combate-do-covid-19\/\",\"url\":\"https:\/\/br.tereos.com\/pt-pt\/news\/comunicado-sobre-acoes-para-combate-do-covid-19\/\",\"name\":\"Comunicado global sobre a\u00e7\u00f5es para combate do Covid-19 - Brasil\",\"isPartOf\":{\"@id\":\"https:\/\/br.tereos.com\/pt-pt\/#website\"},\"datePublished\":\"2020-03-19T16:08:44+00:00\",\"dateModified\":\"2020-03-23T22:36:54+00:00\",\"breadcrumb\":{\"@id\":\"https:\/\/br.tereos.com\/pt-pt\/news\/comunicado-sobre-acoes-para-combate-do-covid-19\/#breadcrumb\"},\"inLanguage\":\"pt-PT\",\"potentialAction\":[{\"@type\":\"ReadAction\",\"target\":[\"https:\/\/br.tereos.com\/pt-pt\/news\/comunicado-sobre-acoes-para-combate-do-covid-19\/\"]}]},{\"@type\":\"BreadcrumbList\",\"@id\":\"https:\/\/br.tereos.com\/pt-pt\/news\/comunicado-sobre-acoes-para-combate-do-covid-19\/#breadcrumb\",\"itemListElement\":[{\"@type\":\"ListItem\",\"position\":1,\"name\":\"Home\",\"item\":\"https:\/\/br.tereos.com\/pt-pt\/\"},{\"@type\":\"ListItem\",\"position\":2,\"name\":\"Comunicado global sobre a\u00e7\u00f5es para combate do Covid-19\"}]},{\"@type\":\"WebSite\",\"@id\":\"https:\/\/br.tereos.com\/pt-pt\/#website\",\"url\":\"https:\/\/br.tereos.com\/pt-pt\/\",\"name\":\"Brasil\",\"description\":\"Un site utilisant WordPress\",\"potentialAction\":[{\"@type\":\"SearchAction\",\"target\":{\"@type\":\"EntryPoint\",\"urlTemplate\":\"https:\/\/br.tereos.com\/pt-pt\/?s={search_term_string}\"},\"query-input\":{\"@type\":\"PropertyValueSpecification\",\"valueRequired\":true,\"valueName\":\"search_term_string\"}}],\"inLanguage\":\"pt-PT\"}]}<\/script>\n<!-- \/ Yoast SEO plugin. -->","yoast_head_json":{"title":"Comunicado global sobre a\u00e7\u00f5es para combate do Covid-19 - Brasil","robots":{"index":"index","follow":"follow","max-snippet":"max-snippet:-1","max-image-preview":"max-image-preview:large","max-video-preview":"max-video-preview:-1"},"canonical":"https:\/\/br.tereos.com\/pt-pt\/news\/comunicado-sobre-acoes-para-combate-do-covid-19\/","og_locale":"pt_PT","og_type":"article","og_title":"Comunicado global sobre a\u00e7\u00f5es para combate do Covid-19 - Brasil","og_url":"https:\/\/br.tereos.com\/pt-pt\/news\/comunicado-sobre-acoes-para-combate-do-covid-19\/","og_site_name":"Brasil","article_modified_time":"2020-03-23T22:36:54+00:00","twitter_card":"summary_large_image","schema":{"@context":"https:\/\/schema.org","@graph":[{"@type":"WebPage","@id":"https:\/\/br.tereos.com\/pt-pt\/news\/comunicado-sobre-acoes-para-combate-do-covid-19\/","url":"https:\/\/br.tereos.com\/pt-pt\/news\/comunicado-sobre-acoes-para-combate-do-covid-19\/","name":"Comunicado global sobre a\u00e7\u00f5es para combate do Covid-19 - Brasil","isPartOf":{"@id":"https:\/\/br.tereos.com\/pt-pt\/#website"},"datePublished":"2020-03-19T16:08:44+00:00","dateModified":"2020-03-23T22:36:54+00:00","breadcrumb":{"@id":"https:\/\/br.tereos.com\/pt-pt\/news\/comunicado-sobre-acoes-para-combate-do-covid-19\/#breadcrumb"},"inLanguage":"pt-PT","potentialAction":[{"@type":"ReadAction","target":["https:\/\/br.tereos.com\/pt-pt\/news\/comunicado-sobre-acoes-para-combate-do-covid-19\/"]}]},{"@type":"BreadcrumbList","@id":"https:\/\/br.tereos.com\/pt-pt\/news\/comunicado-sobre-acoes-para-combate-do-covid-19\/#breadcrumb","itemListElement":[{"@type":"ListItem","position":1,"name":"Home","item":"https:\/\/br.tereos.com\/pt-pt\/"},{"@type":"ListItem","position":2,"name":"Comunicado global sobre a\u00e7\u00f5es para combate do Covid-19"}]},{"@type":"WebSite","@id":"https:\/\/br.tereos.com\/pt-pt\/#website","url":"https:\/\/br.tereos.com\/pt-pt\/","name":"Brasil","description":"Un site utilisant WordPress","potentialAction":[{"@type":"SearchAction","target":{"@type":"EntryPoint","urlTemplate":"https:\/\/br.tereos.com\/pt-pt\/?s={search_term_string}"},"query-input":{"@type":"PropertyValueSpecification","valueRequired":true,"valueName":"search_term_string"}}],"inLanguage":"pt-PT"}]}},"featured_media_src":false,"date_formatted":"19 March 2020 ","_links":{"self":[{"href":"https:\/\/br.tereos.com\/pt-pt\/wp-json\/wp\/v2\/news\/7660"}],"collection":[{"href":"https:\/\/br.tereos.com\/pt-pt\/wp-json\/wp\/v2\/news"}],"about":[{"href":"https:\/\/br.tereos.com\/pt-pt\/wp-json\/wp\/v2\/types\/news"}],"author":[{"embeddable":true,"href":"https:\/\/br.tereos.com\/pt-pt\/wp-json\/wp\/v2\/users\/13"}],"version-history":[{"count":3,"href":"https:\/\/br.tereos.com\/pt-pt\/wp-json\/wp\/v2\/news\/7660\/revisions"}],"predecessor-version":[{"id":7673,"href":"https:\/\/br.tereos.com\/pt-pt\/wp-json\/wp\/v2\/news\/7660\/revisions\/7673"}],"wp:attachment":[{"href":"https:\/\/br.tereos.com\/pt-pt\/wp-json\/wp\/v2\/media?parent=7660"}],"wp:term":[{"taxonomy":"category","embeddable":true,"href":"https:\/\/br.tereos.com\/pt-pt\/wp-json\/wp\/v2\/categories?post=7660"}],"curies":[{"name":"wp","href":"https:\/\/api.w.org\/{rel}","templated":true}]}}