{"id":5563,"date":"2019-07-31T10:25:40","date_gmt":"2019-07-31T08:25:40","guid":{"rendered":"https:\/\/tereos.com\/news\/sucrerie-de-melnik-un-anniversaire-a-feter\/"},"modified":"2019-07-31T10:53:39","modified_gmt":"2019-07-31T08:53:39","slug":"sucrerie-de-melnik-un-anniversaire-a-feter","status":"publish","type":"news","link":"https:\/\/br.tereos.com\/pt-pt\/news\/sucrerie-de-melnik-un-anniversaire-a-feter\/","title":{"rendered":"Usina de Melnik: um anivers\u00e1rio que celebra uma grande hist\u00f3ria"},"author":9,"featured_media":5542,"template":"","categories":[],"class_list":["post-5563","news","type-news","status-publish","has-post-thumbnail","hentry"],"acf":{"cover_image":5542,"cover_clone":{"cover_image":5542},"headline":"\u00cdcone da ind\u00fastria a\u00e7ucareira na Rep\u00fablica Tcheca, a unidade da Tereos celebra 150 anos<br \/>\r\n","headline_clone":{"headline":"\u00cdcone da ind\u00fastria a\u00e7ucareira na Rep\u00fablica Tcheca, a unidade da Tereos celebra 150 anos<br \/>\r\n"},"sections":[{"acf_fc_layout":"rich_text","anchor_title":"","text":"<p><span style=\"font-weight: 400;\">Um \u00edcone da ind\u00fastria a\u00e7ucareira tcheca h\u00e1 um s\u00e9culo e meio! A usina ainda contribui para consolidar a fama do a\u00e7\u00facar tcheco exportado para o mundo todo. Embora a produ\u00e7\u00e3o de a\u00e7\u00facar tenha sido encerrada, a unidade continua ativa, realizando o empacotamento do produto no local.<\/span><\/p>\n<p><b>Um pouco de hist\u00f3ria<\/b><\/p>\n<p><span style=\"font-weight: 400;\">Foi o Conde de Lobkowicz que cedeu o terreno em que seria constru\u00edda a usina, e o Conselheiro Imperial Josef Victorin idealizou a obra. Um comit\u00ea fundador de personalidades locais foi constitu\u00eddo em 1869, e o estatuto social original da empresa, \u201cSpole\u010dn\u00e1 tov\u00e1rna na cukr u M\u011bln\u00edka\u201d, foi redigido. A primeira safra ocorreu no outono do mesmo ano, e cerca de 20.000 toneladas de beterrabas eram transformadas anualmente.<\/span><\/p>\n<p><span style=\"font-weight: 400;\">Em 1910, a usina foi vendida para \u201c\u010cesk\u00e1 spole\u010dnost pro pr\u016fmysl cukern\u00ed\u201d, uma empresa que buscava construir uma grande refinaria de a\u00e7\u00facar voltada para a exporta\u00e7\u00e3o, da qual se tornaria sua unidade de produ\u00e7\u00e3o principal. A empresa continuou sua expans\u00e3o, assumindo outras refinarias de a\u00e7\u00facar, e logo se tornou a maior produtora de a\u00e7\u00facar da ent\u00e3o Tchecoslov\u00e1quia.<\/span><\/p>\n<p><span style=\"font-weight: 400;\">Pouco tempo depois, uma usina constru\u00edda no local em 1913 iniciou um grande desenvolvimento: vender para mercados locais e internacionais. A\u00e7\u00facar de confeiteiro, em cubos, refinado e cristal foram acrescentados a uma vasta linha de produtos, o que permitiu \u00e0 empresa ampliar sua posi\u00e7\u00e3o no mercado.<\/span><\/p>\n<p><span style=\"font-weight: 400;\">Entre 1923 e 1928, a usina foi totalmente renovada e seu parque de m\u00e1quinas modernizado: todas as constru\u00e7\u00f5es originais foram refeitas; um novo local de armazenamento de a\u00e7\u00facar foi constru\u00eddo, para que os navios pudessem ser carregados diretamente. Melnik se tornou uma usina moderna e manteve esse status at\u00e9 o in\u00edcio dos anos 1990.<\/span><\/p>\n<p><span style=\"font-weight: 400;\">\u00a0<img loading=\"lazy\" decoding=\"async\" class=\"alignnone size-full wp-image-5545\" src=\"https:\/\/tereos.com\/app\/uploads\/2019\/07\/mel-1.png\" alt=\"\" width=\"1620\" height=\"725\" srcset=\"https:\/\/www.tereos.com\/app\/uploads\/sites\/7\/2019\/07\/mel-1.png 1620w, https:\/\/www.tereos.com\/app\/uploads\/sites\/7\/2019\/07\/mel-1-300x134.png 300w\" sizes=\"(max-width: 1620px) 100vw, 1620px\" \/><\/span><\/p>\n<p><b>Tempos dif\u00edceis para a produ\u00e7\u00e3o de a\u00e7\u00facar<\/b><\/p>\n<p><span style=\"font-weight: 400;\">Durante muitas d\u00e9cadas, Melnik continuou a ser a maior refinaria de a\u00e7\u00facar em termos de produ\u00e7\u00e3o. Contudo, no in\u00edcio dos anos 1960, o contexto geopol\u00edtico come\u00e7ou a dificultar os neg\u00f3cios com empresas fora da Cortina de Ferro. A qualidade do a\u00e7\u00facar se deteriorava e a usina se viu obrigada a trabalhar com beterrabas de baixa qualidade at\u00e9 os anos 1990. O que Melnik enfrentou ilustra o retrocesso da ind\u00fastria nacional de a\u00e7\u00facar.<\/span><\/p>\n<p><span style=\"font-weight: 400;\">No entanto, o novo contexto pol\u00edtico-econ\u00f4mico de 1989 transformou substancialmente a produ\u00e7\u00e3o de a\u00e7\u00facar. A privatiza\u00e7\u00e3o come\u00e7ou em 1991: a estatal \u201cPra\u017esk\u00e9 cukrovary\u201d se transformou em uma sociedade denominada \u201cPra\u017esk\u00e1 cukern\u00ed spole\u010dnost\u201d, da qual, a usina de Melnik era a principal estrutura.<\/span><\/p>\n<p><span style=\"font-weight: 400;\">Em 1996, a usina se especializou em embalagens ao consumidor e exporta\u00e7\u00e3o de a\u00e7\u00facar. No final do per\u00edodo, a refinaria processava cerca de 3.300 toneladas de beterraba por dia. A \u00faltima safra ocorreu em 2003-2004, depois que foi decida a transfer\u00eancia do processamento de beterraba de Melnik para Dobrovice; mais de 43.000 toneladas de a\u00e7\u00facar eram produzidas nessa \u00e9poca.<\/span><\/p>\n<p><span style=\"font-weight: 400;\">\u00a0<img loading=\"lazy\" decoding=\"async\" class=\"alignnone size-full wp-image-5548\" src=\"https:\/\/tereos.com\/app\/uploads\/2019\/07\/2-melnik.png\" alt=\"\" width=\"1620\" height=\"725\" srcset=\"https:\/\/www.tereos.com\/app\/uploads\/sites\/7\/2019\/07\/2-melnik.png 1620w, https:\/\/www.tereos.com\/app\/uploads\/sites\/7\/2019\/07\/2-melnik-300x134.png 300w\" sizes=\"(max-width: 1620px) 100vw, 1620px\" \/><\/span><\/p>\n<p><b>Hoje, a Tereos opera Melnik com muito sucesso<\/b><\/p>\n<p><span style=\"font-weight: 400;\">A unidade ainda continua muito ativa, gra\u00e7as \u00e0 opera\u00e7\u00e3o pela Tereos da usina, que desde 2004 funciona como um centro de embalagem. Todas as linhas de embalagem foram modernizadas e os silos de a\u00e7\u00facar e instala\u00e7\u00f5es de armazenamento ainda operam, tendo as partes de produ\u00e7\u00e3o mais antigas do pr\u00e9dio sido demolidas.<\/span><\/p>\n<p><span style=\"font-weight: 400;\">A maior parte do a\u00e7\u00facar \u00e9 destinada ao mercado local, mas os produtos s\u00e3o tamb\u00e9m enviados para outros pa\u00edses da Europa, como Fran\u00e7a, Eslov\u00e1quia, Alemanha, \u00c1ustria, Hungria, Rom\u00eania ou Espanha.<\/span><\/p>\n<p><span style=\"font-weight: 400;\">Atualmente, 70.000 toneladas de a\u00e7\u00facar s\u00e3o empacotadas anualmente! O recorde absoluto foi alcan\u00e7ado em 2011-2012, quando 100.000 toneladas de a\u00e7\u00facar foram embaladas em Melnik no per\u00edodo!<\/span><\/p>\n<p><span style=\"font-weight: 400;\">A Tereos se sente honrada por operar essa unidade com uma hist\u00f3ria t\u00e3o significativa, e aguarda com expectativa o novo s\u00e9culo de opera\u00e7\u00e3o.<\/span><\/p>\n<p><img loading=\"lazy\" decoding=\"async\" class=\"alignnone  wp-image-5572\" src=\"https:\/\/tereos.com\/app\/uploads\/2019\/07\/mel-pt.png\" alt=\"\" width=\"667\" height=\"134\" srcset=\"https:\/\/www.tereos.com\/app\/uploads\/sites\/7\/2019\/07\/mel-pt.png 1291w, https:\/\/www.tereos.com\/app\/uploads\/sites\/7\/2019\/07\/mel-pt-300x60.png 300w\" sizes=\"(max-width: 667px) 100vw, 667px\" \/><\/p>\n<p><span style=\"font-weight: 400;\"><img loading=\"lazy\" decoding=\"async\" class=\"alignnone size-full wp-image-5557\" src=\"https:\/\/tereos.com\/app\/uploads\/2019\/07\/3-melnik.png\" alt=\"\" width=\"1620\" height=\"725\" srcset=\"https:\/\/www.tereos.com\/app\/uploads\/sites\/7\/2019\/07\/3-melnik.png 1620w, https:\/\/www.tereos.com\/app\/uploads\/sites\/7\/2019\/07\/3-melnik-300x134.png 300w\" sizes=\"(max-width: 1620px) 100vw, 1620px\" \/>\u00a0<\/span><\/p>\n"}],"flexible_editorial_clone":{"has_anchors":false,"sections":[{"acf_fc_layout":"rich_text","anchor_title":"","text":"<p><span style=\"font-weight: 400;\">Um \u00edcone da ind\u00fastria a\u00e7ucareira tcheca h\u00e1 um s\u00e9culo e meio! A usina ainda contribui para consolidar a fama do a\u00e7\u00facar tcheco exportado para o mundo todo. Embora a produ\u00e7\u00e3o de a\u00e7\u00facar tenha sido encerrada, a unidade continua ativa, realizando o empacotamento do produto no local.<\/span><\/p>\n<p><b>Um pouco de hist\u00f3ria<\/b><\/p>\n<p><span style=\"font-weight: 400;\">Foi o Conde de Lobkowicz que cedeu o terreno em que seria constru\u00edda a usina, e o Conselheiro Imperial Josef Victorin idealizou a obra. Um comit\u00ea fundador de personalidades locais foi constitu\u00eddo em 1869, e o estatuto social original da empresa, \u201cSpole\u010dn\u00e1 tov\u00e1rna na cukr u M\u011bln\u00edka\u201d, foi redigido. A primeira safra ocorreu no outono do mesmo ano, e cerca de 20.000 toneladas de beterrabas eram transformadas anualmente.<\/span><\/p>\n<p><span style=\"font-weight: 400;\">Em 1910, a usina foi vendida para \u201c\u010cesk\u00e1 spole\u010dnost pro pr\u016fmysl cukern\u00ed\u201d, uma empresa que buscava construir uma grande refinaria de a\u00e7\u00facar voltada para a exporta\u00e7\u00e3o, da qual se tornaria sua unidade de produ\u00e7\u00e3o principal. A empresa continuou sua expans\u00e3o, assumindo outras refinarias de a\u00e7\u00facar, e logo se tornou a maior produtora de a\u00e7\u00facar da ent\u00e3o Tchecoslov\u00e1quia.<\/span><\/p>\n<p><span style=\"font-weight: 400;\">Pouco tempo depois, uma usina constru\u00edda no local em 1913 iniciou um grande desenvolvimento: vender para mercados locais e internacionais. A\u00e7\u00facar de confeiteiro, em cubos, refinado e cristal foram acrescentados a uma vasta linha de produtos, o que permitiu \u00e0 empresa ampliar sua posi\u00e7\u00e3o no mercado.<\/span><\/p>\n<p><span style=\"font-weight: 400;\">Entre 1923 e 1928, a usina foi totalmente renovada e seu parque de m\u00e1quinas modernizado: todas as constru\u00e7\u00f5es originais foram refeitas; um novo local de armazenamento de a\u00e7\u00facar foi constru\u00eddo, para que os navios pudessem ser carregados diretamente. Melnik se tornou uma usina moderna e manteve esse status at\u00e9 o in\u00edcio dos anos 1990.<\/span><\/p>\n<p><span style=\"font-weight: 400;\">\u00a0<img loading=\"lazy\" decoding=\"async\" class=\"alignnone size-full wp-image-5545\" src=\"https:\/\/tereos.com\/app\/uploads\/2019\/07\/mel-1.png\" alt=\"\" width=\"1620\" height=\"725\" srcset=\"https:\/\/www.tereos.com\/app\/uploads\/sites\/7\/2019\/07\/mel-1.png 1620w, https:\/\/www.tereos.com\/app\/uploads\/sites\/7\/2019\/07\/mel-1-300x134.png 300w\" sizes=\"(max-width: 1620px) 100vw, 1620px\" \/><\/span><\/p>\n<p><b>Tempos dif\u00edceis para a produ\u00e7\u00e3o de a\u00e7\u00facar<\/b><\/p>\n<p><span style=\"font-weight: 400;\">Durante muitas d\u00e9cadas, Melnik continuou a ser a maior refinaria de a\u00e7\u00facar em termos de produ\u00e7\u00e3o. Contudo, no in\u00edcio dos anos 1960, o contexto geopol\u00edtico come\u00e7ou a dificultar os neg\u00f3cios com empresas fora da Cortina de Ferro. A qualidade do a\u00e7\u00facar se deteriorava e a usina se viu obrigada a trabalhar com beterrabas de baixa qualidade at\u00e9 os anos 1990. O que Melnik enfrentou ilustra o retrocesso da ind\u00fastria nacional de a\u00e7\u00facar.<\/span><\/p>\n<p><span style=\"font-weight: 400;\">No entanto, o novo contexto pol\u00edtico-econ\u00f4mico de 1989 transformou substancialmente a produ\u00e7\u00e3o de a\u00e7\u00facar. A privatiza\u00e7\u00e3o come\u00e7ou em 1991: a estatal \u201cPra\u017esk\u00e9 cukrovary\u201d se transformou em uma sociedade denominada \u201cPra\u017esk\u00e1 cukern\u00ed spole\u010dnost\u201d, da qual, a usina de Melnik era a principal estrutura.<\/span><\/p>\n<p><span style=\"font-weight: 400;\">Em 1996, a usina se especializou em embalagens ao consumidor e exporta\u00e7\u00e3o de a\u00e7\u00facar. No final do per\u00edodo, a refinaria processava cerca de 3.300 toneladas de beterraba por dia. A \u00faltima safra ocorreu em 2003-2004, depois que foi decida a transfer\u00eancia do processamento de beterraba de Melnik para Dobrovice; mais de 43.000 toneladas de a\u00e7\u00facar eram produzidas nessa \u00e9poca.<\/span><\/p>\n<p><span style=\"font-weight: 400;\">\u00a0<img loading=\"lazy\" decoding=\"async\" class=\"alignnone size-full wp-image-5548\" src=\"https:\/\/tereos.com\/app\/uploads\/2019\/07\/2-melnik.png\" alt=\"\" width=\"1620\" height=\"725\" srcset=\"https:\/\/www.tereos.com\/app\/uploads\/sites\/7\/2019\/07\/2-melnik.png 1620w, https:\/\/www.tereos.com\/app\/uploads\/sites\/7\/2019\/07\/2-melnik-300x134.png 300w\" sizes=\"(max-width: 1620px) 100vw, 1620px\" \/><\/span><\/p>\n<p><b>Hoje, a Tereos opera Melnik com muito sucesso<\/b><\/p>\n<p><span style=\"font-weight: 400;\">A unidade ainda continua muito ativa, gra\u00e7as \u00e0 opera\u00e7\u00e3o pela Tereos da usina, que desde 2004 funciona como um centro de embalagem. Todas as linhas de embalagem foram modernizadas e os silos de a\u00e7\u00facar e instala\u00e7\u00f5es de armazenamento ainda operam, tendo as partes de produ\u00e7\u00e3o mais antigas do pr\u00e9dio sido demolidas.<\/span><\/p>\n<p><span style=\"font-weight: 400;\">A maior parte do a\u00e7\u00facar \u00e9 destinada ao mercado local, mas os produtos s\u00e3o tamb\u00e9m enviados para outros pa\u00edses da Europa, como Fran\u00e7a, Eslov\u00e1quia, Alemanha, \u00c1ustria, Hungria, Rom\u00eania ou Espanha.<\/span><\/p>\n<p><span style=\"font-weight: 400;\">Atualmente, 70.000 toneladas de a\u00e7\u00facar s\u00e3o empacotadas anualmente! O recorde absoluto foi alcan\u00e7ado em 2011-2012, quando 100.000 toneladas de a\u00e7\u00facar foram embaladas em Melnik no per\u00edodo!<\/span><\/p>\n<p><span style=\"font-weight: 400;\">A Tereos se sente honrada por operar essa unidade com uma hist\u00f3ria t\u00e3o significativa, e aguarda com expectativa o novo s\u00e9culo de opera\u00e7\u00e3o.<\/span><\/p>\n<p><img loading=\"lazy\" decoding=\"async\" class=\"alignnone  wp-image-5572\" src=\"https:\/\/tereos.com\/app\/uploads\/2019\/07\/mel-pt.png\" alt=\"\" width=\"667\" height=\"134\" srcset=\"https:\/\/www.tereos.com\/app\/uploads\/sites\/7\/2019\/07\/mel-pt.png 1291w, https:\/\/www.tereos.com\/app\/uploads\/sites\/7\/2019\/07\/mel-pt-300x60.png 300w\" sizes=\"(max-width: 667px) 100vw, 667px\" \/><\/p>\n<p><span style=\"font-weight: 400;\"><img loading=\"lazy\" decoding=\"async\" class=\"alignnone size-full wp-image-5557\" src=\"https:\/\/tereos.com\/app\/uploads\/2019\/07\/3-melnik.png\" alt=\"\" width=\"1620\" height=\"725\" srcset=\"https:\/\/www.tereos.com\/app\/uploads\/sites\/7\/2019\/07\/3-melnik.png 1620w, https:\/\/www.tereos.com\/app\/uploads\/sites\/7\/2019\/07\/3-melnik-300x134.png 300w\" sizes=\"(max-width: 1620px) 100vw, 1620px\" \/>\u00a0<\/span><\/p>\n"}]}},"yoast_head":"<!-- This site is optimized with the Yoast SEO plugin v23.7 - https:\/\/yoast.com\/wordpress\/plugins\/seo\/ -->\n<title>Usina de Melnik: um anivers\u00e1rio que celebra uma grande hist\u00f3ria - Brasil<\/title>\n<meta name=\"robots\" content=\"index, follow, max-snippet:-1, max-image-preview:large, max-video-preview:-1\" \/>\n<link rel=\"canonical\" href=\"https:\/\/br.tereos.com\/pt-pt\/news\/sucrerie-de-melnik-un-anniversaire-a-feter\/\" \/>\n<meta property=\"og:locale\" content=\"pt_PT\" \/>\n<meta property=\"og:type\" content=\"article\" \/>\n<meta property=\"og:title\" content=\"Usina de Melnik: um anivers\u00e1rio que celebra uma grande hist\u00f3ria - Brasil\" \/>\n<meta property=\"og:url\" content=\"https:\/\/br.tereos.com\/pt-pt\/news\/sucrerie-de-melnik-un-anniversaire-a-feter\/\" \/>\n<meta property=\"og:site_name\" content=\"Brasil\" \/>\n<meta property=\"article:modified_time\" content=\"2019-07-31T08:53:39+00:00\" \/>\n<meta property=\"og:image\" content=\"https:\/\/www.tereos.com\/app\/uploads\/sites\/7\/2019\/07\/header-melnik.jpg\" \/>\n\t<meta property=\"og:image:width\" content=\"3205\" \/>\n\t<meta property=\"og:image:height\" content=\"1440\" \/>\n\t<meta property=\"og:image:type\" content=\"image\/jpeg\" \/>\n<meta name=\"twitter:card\" content=\"summary_large_image\" \/>\n<script type=\"application\/ld+json\" class=\"yoast-schema-graph\">{\"@context\":\"https:\/\/schema.org\",\"@graph\":[{\"@type\":\"WebPage\",\"@id\":\"https:\/\/br.tereos.com\/pt-pt\/news\/sucrerie-de-melnik-un-anniversaire-a-feter\/\",\"url\":\"https:\/\/br.tereos.com\/pt-pt\/news\/sucrerie-de-melnik-un-anniversaire-a-feter\/\",\"name\":\"Usina de Melnik: um anivers\u00e1rio que celebra uma grande hist\u00f3ria - Brasil\",\"isPartOf\":{\"@id\":\"https:\/\/br.tereos.com\/pt-pt\/#website\"},\"primaryImageOfPage\":{\"@id\":\"https:\/\/br.tereos.com\/pt-pt\/news\/sucrerie-de-melnik-un-anniversaire-a-feter\/#primaryimage\"},\"image\":{\"@id\":\"https:\/\/br.tereos.com\/pt-pt\/news\/sucrerie-de-melnik-un-anniversaire-a-feter\/#primaryimage\"},\"thumbnailUrl\":\"https:\/\/www.tereos.com\/app\/uploads\/sites\/7\/2019\/07\/header-melnik.jpg\",\"datePublished\":\"2019-07-31T08:25:40+00:00\",\"dateModified\":\"2019-07-31T08:53:39+00:00\",\"breadcrumb\":{\"@id\":\"https:\/\/br.tereos.com\/pt-pt\/news\/sucrerie-de-melnik-un-anniversaire-a-feter\/#breadcrumb\"},\"inLanguage\":\"pt-PT\",\"potentialAction\":[{\"@type\":\"ReadAction\",\"target\":[\"https:\/\/br.tereos.com\/pt-pt\/news\/sucrerie-de-melnik-un-anniversaire-a-feter\/\"]}]},{\"@type\":\"ImageObject\",\"inLanguage\":\"pt-PT\",\"@id\":\"https:\/\/br.tereos.com\/pt-pt\/news\/sucrerie-de-melnik-un-anniversaire-a-feter\/#primaryimage\",\"url\":\"https:\/\/www.tereos.com\/app\/uploads\/sites\/7\/2019\/07\/header-melnik.jpg\",\"contentUrl\":\"https:\/\/www.tereos.com\/app\/uploads\/sites\/7\/2019\/07\/header-melnik.jpg\",\"width\":3205,\"height\":1440},{\"@type\":\"BreadcrumbList\",\"@id\":\"https:\/\/br.tereos.com\/pt-pt\/news\/sucrerie-de-melnik-un-anniversaire-a-feter\/#breadcrumb\",\"itemListElement\":[{\"@type\":\"ListItem\",\"position\":1,\"name\":\"Home\",\"item\":\"https:\/\/br.tereos.com\/pt-pt\/\"},{\"@type\":\"ListItem\",\"position\":2,\"name\":\"Usina de Melnik: um anivers\u00e1rio que celebra uma grande hist\u00f3ria\"}]},{\"@type\":\"WebSite\",\"@id\":\"https:\/\/br.tereos.com\/pt-pt\/#website\",\"url\":\"https:\/\/br.tereos.com\/pt-pt\/\",\"name\":\"Brasil\",\"description\":\"Un site utilisant WordPress\",\"potentialAction\":[{\"@type\":\"SearchAction\",\"target\":{\"@type\":\"EntryPoint\",\"urlTemplate\":\"https:\/\/br.tereos.com\/pt-pt\/?s={search_term_string}\"},\"query-input\":{\"@type\":\"PropertyValueSpecification\",\"valueRequired\":true,\"valueName\":\"search_term_string\"}}],\"inLanguage\":\"pt-PT\"}]}<\/script>\n<!-- \/ Yoast SEO plugin. -->","yoast_head_json":{"title":"Usina de Melnik: um anivers\u00e1rio que celebra uma grande hist\u00f3ria - Brasil","robots":{"index":"index","follow":"follow","max-snippet":"max-snippet:-1","max-image-preview":"max-image-preview:large","max-video-preview":"max-video-preview:-1"},"canonical":"https:\/\/br.tereos.com\/pt-pt\/news\/sucrerie-de-melnik-un-anniversaire-a-feter\/","og_locale":"pt_PT","og_type":"article","og_title":"Usina de Melnik: um anivers\u00e1rio que celebra uma grande hist\u00f3ria - Brasil","og_url":"https:\/\/br.tereos.com\/pt-pt\/news\/sucrerie-de-melnik-un-anniversaire-a-feter\/","og_site_name":"Brasil","article_modified_time":"2019-07-31T08:53:39+00:00","og_image":[{"width":3205,"height":1440,"url":"https:\/\/www.tereos.com\/app\/uploads\/sites\/7\/2019\/07\/header-melnik.jpg","type":"image\/jpeg"}],"twitter_card":"summary_large_image","schema":{"@context":"https:\/\/schema.org","@graph":[{"@type":"WebPage","@id":"https:\/\/br.tereos.com\/pt-pt\/news\/sucrerie-de-melnik-un-anniversaire-a-feter\/","url":"https:\/\/br.tereos.com\/pt-pt\/news\/sucrerie-de-melnik-un-anniversaire-a-feter\/","name":"Usina de Melnik: um anivers\u00e1rio que celebra uma grande hist\u00f3ria - Brasil","isPartOf":{"@id":"https:\/\/br.tereos.com\/pt-pt\/#website"},"primaryImageOfPage":{"@id":"https:\/\/br.tereos.com\/pt-pt\/news\/sucrerie-de-melnik-un-anniversaire-a-feter\/#primaryimage"},"image":{"@id":"https:\/\/br.tereos.com\/pt-pt\/news\/sucrerie-de-melnik-un-anniversaire-a-feter\/#primaryimage"},"thumbnailUrl":"https:\/\/www.tereos.com\/app\/uploads\/sites\/7\/2019\/07\/header-melnik.jpg","datePublished":"2019-07-31T08:25:40+00:00","dateModified":"2019-07-31T08:53:39+00:00","breadcrumb":{"@id":"https:\/\/br.tereos.com\/pt-pt\/news\/sucrerie-de-melnik-un-anniversaire-a-feter\/#breadcrumb"},"inLanguage":"pt-PT","potentialAction":[{"@type":"ReadAction","target":["https:\/\/br.tereos.com\/pt-pt\/news\/sucrerie-de-melnik-un-anniversaire-a-feter\/"]}]},{"@type":"ImageObject","inLanguage":"pt-PT","@id":"https:\/\/br.tereos.com\/pt-pt\/news\/sucrerie-de-melnik-un-anniversaire-a-feter\/#primaryimage","url":"https:\/\/www.tereos.com\/app\/uploads\/sites\/7\/2019\/07\/header-melnik.jpg","contentUrl":"https:\/\/www.tereos.com\/app\/uploads\/sites\/7\/2019\/07\/header-melnik.jpg","width":3205,"height":1440},{"@type":"BreadcrumbList","@id":"https:\/\/br.tereos.com\/pt-pt\/news\/sucrerie-de-melnik-un-anniversaire-a-feter\/#breadcrumb","itemListElement":[{"@type":"ListItem","position":1,"name":"Home","item":"https:\/\/br.tereos.com\/pt-pt\/"},{"@type":"ListItem","position":2,"name":"Usina de Melnik: um anivers\u00e1rio que celebra uma grande hist\u00f3ria"}]},{"@type":"WebSite","@id":"https:\/\/br.tereos.com\/pt-pt\/#website","url":"https:\/\/br.tereos.com\/pt-pt\/","name":"Brasil","description":"Un site utilisant WordPress","potentialAction":[{"@type":"SearchAction","target":{"@type":"EntryPoint","urlTemplate":"https:\/\/br.tereos.com\/pt-pt\/?s={search_term_string}"},"query-input":{"@type":"PropertyValueSpecification","valueRequired":true,"valueName":"search_term_string"}}],"inLanguage":"pt-PT"}]}},"featured_media_src":"https:\/\/www.tereos.com\/app\/uploads\/sites\/7\/2019\/07\/header-melnik-520x390-c-default.jpg","date_formatted":"31 July 2019 ","_links":{"self":[{"href":"https:\/\/br.tereos.com\/pt-pt\/wp-json\/wp\/v2\/news\/5563"}],"collection":[{"href":"https:\/\/br.tereos.com\/pt-pt\/wp-json\/wp\/v2\/news"}],"about":[{"href":"https:\/\/br.tereos.com\/pt-pt\/wp-json\/wp\/v2\/types\/news"}],"author":[{"embeddable":true,"href":"https:\/\/br.tereos.com\/pt-pt\/wp-json\/wp\/v2\/users\/9"}],"version-history":[{"count":0,"href":"https:\/\/br.tereos.com\/pt-pt\/wp-json\/wp\/v2\/news\/5563\/revisions"}],"wp:featuredmedia":[{"embeddable":true,"href":"https:\/\/br.tereos.com\/pt-pt\/wp-json\/wp\/v2\/media\/5542"}],"wp:attachment":[{"href":"https:\/\/br.tereos.com\/pt-pt\/wp-json\/wp\/v2\/media?parent=5563"}],"wp:term":[{"taxonomy":"category","embeddable":true,"href":"https:\/\/br.tereos.com\/pt-pt\/wp-json\/wp\/v2\/categories?post=5563"}],"curies":[{"name":"wp","href":"https:\/\/api.w.org\/{rel}","templated":true}]}}