{"id":5347,"date":"2019-07-30T11:04:17","date_gmt":"2019-07-30T09:04:17","guid":{"rendered":"https:\/\/tereos.com\/?post_type=news&#038;p=5347"},"modified":"2019-07-30T11:04:17","modified_gmt":"2019-07-30T09:04:17","slug":"a-tereos-se-torna-produtora-de-acucar-organico-na-franca","status":"publish","type":"news","link":"https:\/\/br.tereos.com\/pt-pt\/news\/a-tereos-se-torna-produtora-de-acucar-organico-na-franca\/","title":{"rendered":"A Tereos se torna produtora de a\u00e7\u00facar org\u00e2nico na Fran\u00e7a!"},"author":9,"featured_media":4604,"template":"","categories":[],"class_list":["post-5347","news","type-news","status-publish","has-post-thumbnail","hentry"],"acf":{"cover_image":4604,"cover_clone":{"cover_image":4604},"headline":"O Grupo prepara sua primeira safra de beterraba org\u00e2nica<br \/>\r\n","headline_clone":{"headline":"O Grupo prepara sua primeira safra de beterraba org\u00e2nica<br \/>\r\n"},"sections":[{"acf_fc_layout":"rich_text","anchor_title":"","text":"<p><span style=\"font-weight: 400;\">No in\u00edcio de julho, a equipe agr\u00edcola apresentou na propriedade de Arnaud e Sylvain Bailleul, em Troisvaux (regi\u00e3o de Hauts-de-France), um dos primeiros lotes de beterrabas org\u00e2nicas que ser\u00e3o transformados na usina de Attin na safra 2019\/2020.\u00a0<\/span><\/p>\n<p><span style=\"font-weight: 400;\">Ap\u00f3s os diversos testes agron\u00f4micos e industriais realizados em 2018, a Tereos est\u00e1 pronta para a primeira safra org\u00e2nica. <\/span><span style=\"font-weight: 400;\">O Grupo se associou <\/span><span style=\"font-weight: 400;\">a cerca de trinta <\/span><span style=\"font-weight: 400;\">produtores org\u00e2nicos e em convers\u00e3o para o sistema org\u00e2nico \u2013 dos quais, metade \u00e9 composta por cooperados \u2013<\/span><span style=\"font-weight: 400;\"> confirma<\/span><span style=\"font-weight: 400;\">ndo<\/span><span style=\"font-weight: 400;\"> o desejo de ampliar sua presen\u00e7a nesse mercado promissor. \u201c<\/span><i><span style=\"font-weight: 400;\">H\u00e1 mais de 15 anos, a Tereos j\u00e1 atua como um importante player na comercializa\u00e7\u00e3o de a\u00e7\u00facar de cana org\u00e2nico na Europa, por meio de sua subsidi\u00e1ria de distribui\u00e7\u00e3o Loiret &amp; Haentjens. O Grupo vai agora produzir seu pr\u00f3prio a\u00e7\u00facar org\u00e2nico de beterraba, atendendo a uma forte demanda dos consumidores por produtos org\u00e2nicos e locais<\/span><\/i><span style=\"font-weight: 400;\">\u201d, explica Philippe Huet, Diretor da Tereos Commodities, P&amp;D, Vendas e Marketing.<\/span><\/p>\n<table class=\"table\">\n<tbody>\n<tr>\n<td><span style=\"font-weight: 400;\">Cerca de 200 hectares de beterrabas foram semeados para esta safra.<\/span><\/td>\n<\/tr>\n<\/tbody>\n<\/table>\n<p>&nbsp;<\/p>\n<p><b>O desafio: adaptar o processo de produ\u00e7\u00e3o<\/b><\/p>\n<p><span style=\"font-weight: 400;\">Ap\u00f3s a etapa experimental realizada em 2018, com o objetivo de antever os desafios de uma produ\u00e7\u00e3o em escala industrial e adaptar os processos de produ\u00e7\u00e3o, as beterrabas org\u00e2nicas ser\u00e3o entregues e transformadas na refinaria de Attin, j\u00e1 no in\u00edcio da pr\u00f3xima safra, em setembro de 2019.<\/span><\/p>\n<p><span style=\"font-weight: 400;\">Do ponto de vista agron\u00f4mico, um acompanhamento espec\u00edfico foi organizado junto aos agricultores parceiros. A remo\u00e7\u00e3o mec\u00e2nica de ervas daninhas \u00e9 o principal desafio da convers\u00e3o da beterraba para o plantio org\u00e2nico. A t\u00edtulo de exemplo, alguns lotes de teste foram objeto de estudo por agricultores e diversas organiza\u00e7\u00f5es parceiras (C\u00e2maras de Agricultura, ITB, empresas de materiais agr\u00edcolas etc.), a fim de avaliar t\u00e9cnicas alternativas usadas em agricultura org\u00e2nica.<\/span><\/p>\n<p>&nbsp;<\/p>\n<p><i><span style=\"font-weight: 400;\">\u201cEm 4 de julho, a Tereos organizou uma coletiva de imprensa sobre o lan\u00e7amento de sua safra org\u00e2nica: Sylvain Bailleul, cooperado; Marie-Sophie Lesne, Vice-Presidente da Regi\u00e3o de Hauts-de-France, Respons\u00e1vel por Agricultura, Agroalimentar e Bioeconomia; Laura Loffler, Gerente de Desenvolvimento <\/span><\/i><i><span style=\"font-weight: 400;\">da Atividade Org\u00e2nica<\/span><\/i><i><span style=\"font-weight: 400;\"> e Marthe Crombez, Chefe de Projeto Agr\u00edcola <\/span><\/i><i><span style=\"font-weight: 400;\">no Setor de Beterraba <\/span><\/i><i><span style=\"font-weight: 400;\">Org\u00e2nic<\/span><\/i><i><span style=\"font-weight: 400;\">a<\/span><\/i><i><span style=\"font-weight: 400;\"> estavam presentes para <\/span><\/i><i><span style=\"font-weight: 400;\">apresentar o desenvolvimento da atividade org\u00e2nica do Grupo e <\/span><\/i><i><span style=\"font-weight: 400;\">explicar todo o caminho percorrido para lan\u00e7ar a produ\u00e7\u00e3o de a\u00e7\u00facar <\/span><\/i><i><span style=\"font-weight: 400;\">de beterraba <\/span><\/i><i><span style=\"font-weight: 400;\">org\u00e2nico.\u201d<\/span><\/i><\/p>\n<ul>\n<li style=\"font-weight: 400;\"><span style=\"font-weight: 400;\">Fa\u00e7a o download do press release <a href=\"https:\/\/tereos.com\/app\/uploads\/2019\/07\/cp-tereos-lancement-filiere-betterave-bio.pdf\" target=\"_blank\" rel=\"noopener\">(em franc\u00eas)<\/a><\/span><\/li>\n<\/ul>\n"}],"flexible_editorial_clone":{"has_anchors":false,"sections":[{"acf_fc_layout":"rich_text","anchor_title":"","text":"<p><span style=\"font-weight: 400;\">No in\u00edcio de julho, a equipe agr\u00edcola apresentou na propriedade de Arnaud e Sylvain Bailleul, em Troisvaux (regi\u00e3o de Hauts-de-France), um dos primeiros lotes de beterrabas org\u00e2nicas que ser\u00e3o transformados na usina de Attin na safra 2019\/2020.\u00a0<\/span><\/p>\n<p><span style=\"font-weight: 400;\">Ap\u00f3s os diversos testes agron\u00f4micos e industriais realizados em 2018, a Tereos est\u00e1 pronta para a primeira safra org\u00e2nica. <\/span><span style=\"font-weight: 400;\">O Grupo se associou <\/span><span style=\"font-weight: 400;\">a cerca de trinta <\/span><span style=\"font-weight: 400;\">produtores org\u00e2nicos e em convers\u00e3o para o sistema org\u00e2nico \u2013 dos quais, metade \u00e9 composta por cooperados \u2013<\/span><span style=\"font-weight: 400;\"> confirma<\/span><span style=\"font-weight: 400;\">ndo<\/span><span style=\"font-weight: 400;\"> o desejo de ampliar sua presen\u00e7a nesse mercado promissor. \u201c<\/span><i><span style=\"font-weight: 400;\">H\u00e1 mais de 15 anos, a Tereos j\u00e1 atua como um importante player na comercializa\u00e7\u00e3o de a\u00e7\u00facar de cana org\u00e2nico na Europa, por meio de sua subsidi\u00e1ria de distribui\u00e7\u00e3o Loiret &amp; Haentjens. O Grupo vai agora produzir seu pr\u00f3prio a\u00e7\u00facar org\u00e2nico de beterraba, atendendo a uma forte demanda dos consumidores por produtos org\u00e2nicos e locais<\/span><\/i><span style=\"font-weight: 400;\">\u201d, explica Philippe Huet, Diretor da Tereos Commodities, P&amp;D, Vendas e Marketing.<\/span><\/p>\n<table class=\"table\">\n<tbody>\n<tr>\n<td><span style=\"font-weight: 400;\">Cerca de 200 hectares de beterrabas foram semeados para esta safra.<\/span><\/td>\n<\/tr>\n<\/tbody>\n<\/table>\n<p>&nbsp;<\/p>\n<p><b>O desafio: adaptar o processo de produ\u00e7\u00e3o<\/b><\/p>\n<p><span style=\"font-weight: 400;\">Ap\u00f3s a etapa experimental realizada em 2018, com o objetivo de antever os desafios de uma produ\u00e7\u00e3o em escala industrial e adaptar os processos de produ\u00e7\u00e3o, as beterrabas org\u00e2nicas ser\u00e3o entregues e transformadas na refinaria de Attin, j\u00e1 no in\u00edcio da pr\u00f3xima safra, em setembro de 2019.<\/span><\/p>\n<p><span style=\"font-weight: 400;\">Do ponto de vista agron\u00f4mico, um acompanhamento espec\u00edfico foi organizado junto aos agricultores parceiros. A remo\u00e7\u00e3o mec\u00e2nica de ervas daninhas \u00e9 o principal desafio da convers\u00e3o da beterraba para o plantio org\u00e2nico. A t\u00edtulo de exemplo, alguns lotes de teste foram objeto de estudo por agricultores e diversas organiza\u00e7\u00f5es parceiras (C\u00e2maras de Agricultura, ITB, empresas de materiais agr\u00edcolas etc.), a fim de avaliar t\u00e9cnicas alternativas usadas em agricultura org\u00e2nica.<\/span><\/p>\n<p>&nbsp;<\/p>\n<p><i><span style=\"font-weight: 400;\">\u201cEm 4 de julho, a Tereos organizou uma coletiva de imprensa sobre o lan\u00e7amento de sua safra org\u00e2nica: Sylvain Bailleul, cooperado; Marie-Sophie Lesne, Vice-Presidente da Regi\u00e3o de Hauts-de-France, Respons\u00e1vel por Agricultura, Agroalimentar e Bioeconomia; Laura Loffler, Gerente de Desenvolvimento <\/span><\/i><i><span style=\"font-weight: 400;\">da Atividade Org\u00e2nica<\/span><\/i><i><span style=\"font-weight: 400;\"> e Marthe Crombez, Chefe de Projeto Agr\u00edcola <\/span><\/i><i><span style=\"font-weight: 400;\">no Setor de Beterraba <\/span><\/i><i><span style=\"font-weight: 400;\">Org\u00e2nic<\/span><\/i><i><span style=\"font-weight: 400;\">a<\/span><\/i><i><span style=\"font-weight: 400;\"> estavam presentes para <\/span><\/i><i><span style=\"font-weight: 400;\">apresentar o desenvolvimento da atividade org\u00e2nica do Grupo e <\/span><\/i><i><span style=\"font-weight: 400;\">explicar todo o caminho percorrido para lan\u00e7ar a produ\u00e7\u00e3o de a\u00e7\u00facar <\/span><\/i><i><span style=\"font-weight: 400;\">de beterraba <\/span><\/i><i><span style=\"font-weight: 400;\">org\u00e2nico.\u201d<\/span><\/i><\/p>\n<ul>\n<li style=\"font-weight: 400;\"><span style=\"font-weight: 400;\">Fa\u00e7a o download do press release <a href=\"https:\/\/tereos.com\/app\/uploads\/2019\/07\/cp-tereos-lancement-filiere-betterave-bio.pdf\" target=\"_blank\" rel=\"noopener\">(em franc\u00eas)<\/a><\/span><\/li>\n<\/ul>\n"}]}},"yoast_head":"<!-- This site is optimized with the Yoast SEO plugin v23.7 - https:\/\/yoast.com\/wordpress\/plugins\/seo\/ -->\n<title>A Tereos se torna produtora de a\u00e7\u00facar org\u00e2nico na Fran\u00e7a! - Brasil<\/title>\n<meta name=\"robots\" content=\"index, follow, max-snippet:-1, max-image-preview:large, max-video-preview:-1\" \/>\n<link rel=\"canonical\" href=\"https:\/\/br.tereos.com\/pt-pt\/news\/a-tereos-se-torna-produtora-de-acucar-organico-na-franca\/\" \/>\n<meta property=\"og:locale\" content=\"pt_PT\" \/>\n<meta property=\"og:type\" content=\"article\" \/>\n<meta property=\"og:title\" content=\"A Tereos se torna produtora de a\u00e7\u00facar org\u00e2nico na Fran\u00e7a! - Brasil\" \/>\n<meta property=\"og:url\" content=\"https:\/\/br.tereos.com\/pt-pt\/news\/a-tereos-se-torna-produtora-de-acucar-organico-na-franca\/\" \/>\n<meta property=\"og:site_name\" content=\"Brasil\" \/>\n<meta property=\"og:image\" content=\"https:\/\/www.tereos.com\/app\/uploads\/sites\/7\/2019\/02\/ter-02837.jpg\" \/>\n\t<meta property=\"og:image:width\" content=\"1024\" \/>\n\t<meta property=\"og:image:height\" content=\"768\" \/>\n\t<meta property=\"og:image:type\" content=\"image\/jpeg\" \/>\n<meta name=\"twitter:card\" content=\"summary_large_image\" \/>\n<script type=\"application\/ld+json\" class=\"yoast-schema-graph\">{\"@context\":\"https:\/\/schema.org\",\"@graph\":[{\"@type\":\"WebPage\",\"@id\":\"https:\/\/br.tereos.com\/pt-pt\/news\/a-tereos-se-torna-produtora-de-acucar-organico-na-franca\/\",\"url\":\"https:\/\/br.tereos.com\/pt-pt\/news\/a-tereos-se-torna-produtora-de-acucar-organico-na-franca\/\",\"name\":\"A Tereos se torna produtora de a\u00e7\u00facar org\u00e2nico na Fran\u00e7a! - Brasil\",\"isPartOf\":{\"@id\":\"https:\/\/br.tereos.com\/pt-pt\/#website\"},\"primaryImageOfPage\":{\"@id\":\"https:\/\/br.tereos.com\/pt-pt\/news\/a-tereos-se-torna-produtora-de-acucar-organico-na-franca\/#primaryimage\"},\"image\":{\"@id\":\"https:\/\/br.tereos.com\/pt-pt\/news\/a-tereos-se-torna-produtora-de-acucar-organico-na-franca\/#primaryimage\"},\"thumbnailUrl\":\"https:\/\/www.tereos.com\/app\/uploads\/sites\/7\/2019\/02\/ter-02837.jpg\",\"datePublished\":\"2019-07-30T09:04:17+00:00\",\"dateModified\":\"2019-07-30T09:04:17+00:00\",\"breadcrumb\":{\"@id\":\"https:\/\/br.tereos.com\/pt-pt\/news\/a-tereos-se-torna-produtora-de-acucar-organico-na-franca\/#breadcrumb\"},\"inLanguage\":\"pt-PT\",\"potentialAction\":[{\"@type\":\"ReadAction\",\"target\":[\"https:\/\/br.tereos.com\/pt-pt\/news\/a-tereos-se-torna-produtora-de-acucar-organico-na-franca\/\"]}]},{\"@type\":\"ImageObject\",\"inLanguage\":\"pt-PT\",\"@id\":\"https:\/\/br.tereos.com\/pt-pt\/news\/a-tereos-se-torna-produtora-de-acucar-organico-na-franca\/#primaryimage\",\"url\":\"https:\/\/www.tereos.com\/app\/uploads\/sites\/7\/2019\/02\/ter-02837.jpg\",\"contentUrl\":\"https:\/\/www.tereos.com\/app\/uploads\/sites\/7\/2019\/02\/ter-02837.jpg\",\"width\":3264,\"height\":2448},{\"@type\":\"BreadcrumbList\",\"@id\":\"https:\/\/br.tereos.com\/pt-pt\/news\/a-tereos-se-torna-produtora-de-acucar-organico-na-franca\/#breadcrumb\",\"itemListElement\":[{\"@type\":\"ListItem\",\"position\":1,\"name\":\"Home\",\"item\":\"https:\/\/br.tereos.com\/pt-pt\/\"},{\"@type\":\"ListItem\",\"position\":2,\"name\":\"A Tereos se torna produtora de a\u00e7\u00facar org\u00e2nico na Fran\u00e7a!\"}]},{\"@type\":\"WebSite\",\"@id\":\"https:\/\/br.tereos.com\/pt-pt\/#website\",\"url\":\"https:\/\/br.tereos.com\/pt-pt\/\",\"name\":\"Brasil\",\"description\":\"Un site utilisant WordPress\",\"potentialAction\":[{\"@type\":\"SearchAction\",\"target\":{\"@type\":\"EntryPoint\",\"urlTemplate\":\"https:\/\/br.tereos.com\/pt-pt\/?s={search_term_string}\"},\"query-input\":{\"@type\":\"PropertyValueSpecification\",\"valueRequired\":true,\"valueName\":\"search_term_string\"}}],\"inLanguage\":\"pt-PT\"}]}<\/script>\n<!-- \/ Yoast SEO plugin. -->","yoast_head_json":{"title":"A Tereos se torna produtora de a\u00e7\u00facar org\u00e2nico na Fran\u00e7a! - Brasil","robots":{"index":"index","follow":"follow","max-snippet":"max-snippet:-1","max-image-preview":"max-image-preview:large","max-video-preview":"max-video-preview:-1"},"canonical":"https:\/\/br.tereos.com\/pt-pt\/news\/a-tereos-se-torna-produtora-de-acucar-organico-na-franca\/","og_locale":"pt_PT","og_type":"article","og_title":"A Tereos se torna produtora de a\u00e7\u00facar org\u00e2nico na Fran\u00e7a! - Brasil","og_url":"https:\/\/br.tereos.com\/pt-pt\/news\/a-tereos-se-torna-produtora-de-acucar-organico-na-franca\/","og_site_name":"Brasil","og_image":[{"url":"https:\/\/www.tereos.com\/app\/uploads\/sites\/7\/2019\/02\/ter-02837.jpg","width":1024,"height":768,"type":"image\/jpeg"}],"twitter_card":"summary_large_image","schema":{"@context":"https:\/\/schema.org","@graph":[{"@type":"WebPage","@id":"https:\/\/br.tereos.com\/pt-pt\/news\/a-tereos-se-torna-produtora-de-acucar-organico-na-franca\/","url":"https:\/\/br.tereos.com\/pt-pt\/news\/a-tereos-se-torna-produtora-de-acucar-organico-na-franca\/","name":"A Tereos se torna produtora de a\u00e7\u00facar org\u00e2nico na Fran\u00e7a! - Brasil","isPartOf":{"@id":"https:\/\/br.tereos.com\/pt-pt\/#website"},"primaryImageOfPage":{"@id":"https:\/\/br.tereos.com\/pt-pt\/news\/a-tereos-se-torna-produtora-de-acucar-organico-na-franca\/#primaryimage"},"image":{"@id":"https:\/\/br.tereos.com\/pt-pt\/news\/a-tereos-se-torna-produtora-de-acucar-organico-na-franca\/#primaryimage"},"thumbnailUrl":"https:\/\/www.tereos.com\/app\/uploads\/sites\/7\/2019\/02\/ter-02837.jpg","datePublished":"2019-07-30T09:04:17+00:00","dateModified":"2019-07-30T09:04:17+00:00","breadcrumb":{"@id":"https:\/\/br.tereos.com\/pt-pt\/news\/a-tereos-se-torna-produtora-de-acucar-organico-na-franca\/#breadcrumb"},"inLanguage":"pt-PT","potentialAction":[{"@type":"ReadAction","target":["https:\/\/br.tereos.com\/pt-pt\/news\/a-tereos-se-torna-produtora-de-acucar-organico-na-franca\/"]}]},{"@type":"ImageObject","inLanguage":"pt-PT","@id":"https:\/\/br.tereos.com\/pt-pt\/news\/a-tereos-se-torna-produtora-de-acucar-organico-na-franca\/#primaryimage","url":"https:\/\/www.tereos.com\/app\/uploads\/sites\/7\/2019\/02\/ter-02837.jpg","contentUrl":"https:\/\/www.tereos.com\/app\/uploads\/sites\/7\/2019\/02\/ter-02837.jpg","width":3264,"height":2448},{"@type":"BreadcrumbList","@id":"https:\/\/br.tereos.com\/pt-pt\/news\/a-tereos-se-torna-produtora-de-acucar-organico-na-franca\/#breadcrumb","itemListElement":[{"@type":"ListItem","position":1,"name":"Home","item":"https:\/\/br.tereos.com\/pt-pt\/"},{"@type":"ListItem","position":2,"name":"A Tereos se torna produtora de a\u00e7\u00facar org\u00e2nico na Fran\u00e7a!"}]},{"@type":"WebSite","@id":"https:\/\/br.tereos.com\/pt-pt\/#website","url":"https:\/\/br.tereos.com\/pt-pt\/","name":"Brasil","description":"Un site utilisant WordPress","potentialAction":[{"@type":"SearchAction","target":{"@type":"EntryPoint","urlTemplate":"https:\/\/br.tereos.com\/pt-pt\/?s={search_term_string}"},"query-input":{"@type":"PropertyValueSpecification","valueRequired":true,"valueName":"search_term_string"}}],"inLanguage":"pt-PT"}]}},"featured_media_src":"https:\/\/www.tereos.com\/app\/uploads\/sites\/7\/2019\/02\/ter-02837-520x390-c-default.jpg","date_formatted":"30 July 2019 ","_links":{"self":[{"href":"https:\/\/br.tereos.com\/pt-pt\/wp-json\/wp\/v2\/news\/5347"}],"collection":[{"href":"https:\/\/br.tereos.com\/pt-pt\/wp-json\/wp\/v2\/news"}],"about":[{"href":"https:\/\/br.tereos.com\/pt-pt\/wp-json\/wp\/v2\/types\/news"}],"author":[{"embeddable":true,"href":"https:\/\/br.tereos.com\/pt-pt\/wp-json\/wp\/v2\/users\/9"}],"version-history":[{"count":0,"href":"https:\/\/br.tereos.com\/pt-pt\/wp-json\/wp\/v2\/news\/5347\/revisions"}],"wp:featuredmedia":[{"embeddable":true,"href":"https:\/\/br.tereos.com\/pt-pt\/wp-json\/wp\/v2\/media\/4604"}],"wp:attachment":[{"href":"https:\/\/br.tereos.com\/pt-pt\/wp-json\/wp\/v2\/media?parent=5347"}],"wp:term":[{"taxonomy":"category","embeddable":true,"href":"https:\/\/br.tereos.com\/pt-pt\/wp-json\/wp\/v2\/categories?post=5347"}],"curies":[{"name":"wp","href":"https:\/\/api.w.org\/{rel}","templated":true}]}}